{"id":91961,"date":"2024-12-08T15:56:11","date_gmt":"2024-12-08T19:56:11","guid":{"rendered":"https:\/\/lasprimeras.com.do\/?p=91961"},"modified":"2024-12-08T15:56:12","modified_gmt":"2024-12-08T19:56:12","slug":"hombre-asesina-su-pareja-en-las-charcas-azua","status":"publish","type":"post","link":"https:\/\/lasprimeras.com.do\/index.php\/2024\/12\/08\/hombre-asesina-su-pareja-en-las-charcas-azua\/","title":{"rendered":"Hombre asesina su pareja en Las Charcas, Azua"},"content":{"rendered":"\n<p>Por Rafael Suero<\/p>\n\n\n\n<p>Un hombre termin\u00f3 con la vida de su pareja en la comunidad de Las Charcas, provincia de Azua y luego huy\u00f3 del lugar, desconoci\u00e9ndose hasta el momento su paradero.<\/p>\n\n\n\n<p>La persona fallecida fue identificada como Yismeris S\u00e1nchez, residente en el sector Pueblo Nuevo de Las Charcas.<\/p>\n\n\n\n<p>Seg\u00fan reportes, S\u00e1nchez, fue atacada con un objeto cortante por su pareja, Edward, conocido como \u201cEl Carnicero\u201d, con quien enfrentaba conflictos personales.<\/p>\n\n\n\n<p>Las autoridades han informado que se encuentran activamente en su b\u00fasqueda para proceder seg\u00fan lo establece la ley.<\/p>\n","protected":false},"excerpt":{"rendered":"<p>Por Rafael Suero Un hombre termin\u00f3 con la vida de su pareja en la comunidad de Las Charcas, provincia de Azua y luego huy\u00f3 del lugar, desconoci\u00e9ndose hasta el momento&hellip;<\/p>\n","protected":false},"author":2,"featured_media":91962,"comment_status":"open","ping_status":"open","sticky":false,"template":"","format":"standard","meta":{"content-type":"","jetpack_post_was_ever_published":false,"_jetpack_newsletter_access":"","_jetpack_dont_email_post_to_subs":false,"_jetpack_newsletter_tier_id":0,"_jetpack_memberships_contains_paywalled_content":false,"_jetpack_memberships_contains_paid_content":false,"footnotes":""},"categories":[35,25],"tags":[3315,1296,46,16643,1311],"class_list":["post-91961","post","type-post","status-publish","format-standard","has-post-thumbnail","hentry","category-nacionales","category-portada","tag-asesina","tag-azua","tag-hombre","tag-las-charcas","tag-pareja"],"jetpack_featured_media_url":"https:\/\/lasprimeras.com.do\/wp-content\/uploads\/2024\/12\/Yismeris-Sanchez.jpg","jetpack-related-posts":[{"id":104536,"url":"https:\/\/lasprimeras.com.do\/index.php\/2025\/07\/24\/abinader-entregara-obras-hidraulicas-deportivas-energeticas-y-sociales-en-la-provincia-azua-este-sabado\/","url_meta":{"origin":91961,"position":0},"title":"Abinader entregar\u00e1 obras hidr\u00e1ulicas, deportivas, energ\u00e9ticas y sociales en la provincia Azua este s\u00e1bado","author":"Nelson Feliz","date":"24 de julio de 2025","format":false,"excerpt":"Este viernes el mandatario encabezar\u00e1 \"El Gobierno Contigo\", en el municipio de Guerra. El presidente Luis Abinader agotar\u00e1 una agenda de trabajo este s\u00e1bado en la provincia de Azua , donde dejar\u00e1 inauguradas importantes obras de infraestructuras, deportivas, hidr\u00e1ulica, y energ\u00e9tica, adem\u00e1s de encabezar encuentros con j\u00f3venes estudiantes y una\u2026","rel":"","context":"En \u00abNACIONALES\u00bb","block_context":{"text":"NACIONALES","link":"https:\/\/lasprimeras.com.do\/index.php\/category\/nacionales\/"},"img":{"alt_text":"","src":"https:\/\/i0.wp.com\/lasprimeras.com.do\/wp-content\/uploads\/2025\/07\/Luis-Abinader-2-1.jpg?resize=350%2C200&ssl=1","width":350,"height":200,"srcset":"https:\/\/i0.wp.com\/lasprimeras.com.do\/wp-content\/uploads\/2025\/07\/Luis-Abinader-2-1.jpg?resize=350%2C200&ssl=1 1x, https:\/\/i0.wp.com\/lasprimeras.com.do\/wp-content\/uploads\/2025\/07\/Luis-Abinader-2-1.jpg?resize=525%2C300&ssl=1 1.5x, https:\/\/i0.wp.com\/lasprimeras.com.do\/wp-content\/uploads\/2025\/07\/Luis-Abinader-2-1.jpg?resize=700%2C400&ssl=1 2x"},"classes":[]},{"id":108432,"url":"https:\/\/lasprimeras.com.do\/index.php\/2025\/09\/07\/francisco-javier-garcia-el-prm-inaugura-obras-incompletas-y-engana-al-pueblo-azuano\/","url_meta":{"origin":91961,"position":1},"title":"Francisco Javier Garc\u00eda: \u201cEl PRM inaugura obras incompletas y enga\u00f1a al pueblo Azuano\u201d","author":"Nelson Feliz","date":"7 de septiembre de 2025","format":false,"excerpt":"El aspirante presidencial por el Partido de la Liberaci\u00f3n Dominicana (PLD), Francisco Javier Garc\u00eda, afirm\u00f3 que el actual gobierno del Partido Revolucionario Moderno (PRM) \u201cse ha especializado en inaugurar obras que no ha terminado\u201d, al ser cuestionado por periodistas sobre el estado de la presa de Azua. \u201cLo que ocurre\u2026","rel":"","context":"En \u00abPOLITICA\u00bb","block_context":{"text":"POLITICA","link":"https:\/\/lasprimeras.com.do\/index.php\/category\/politica\/"},"img":{"alt_text":"","src":"https:\/\/i0.wp.com\/lasprimeras.com.do\/wp-content\/uploads\/2025\/09\/Francisco-Javier-Garcia.jpg?resize=350%2C200&ssl=1","width":350,"height":200,"srcset":"https:\/\/i0.wp.com\/lasprimeras.com.do\/wp-content\/uploads\/2025\/09\/Francisco-Javier-Garcia.jpg?resize=350%2C200&ssl=1 1x, https:\/\/i0.wp.com\/lasprimeras.com.do\/wp-content\/uploads\/2025\/09\/Francisco-Javier-Garcia.jpg?resize=525%2C300&ssl=1 1.5x, https:\/\/i0.wp.com\/lasprimeras.com.do\/wp-content\/uploads\/2025\/09\/Francisco-Javier-Garcia.jpg?resize=700%2C400&ssl=1 2x"},"classes":[]},{"id":88815,"url":"https:\/\/lasprimeras.com.do\/index.php\/2024\/09\/07\/arrestan-hombre-tras-asesinar-a-su-pareja-sentimental-en-navarrete\/","url_meta":{"origin":91961,"position":2},"title":"Arrestan hombre tras asesinar a su pareja sentimental en Navarrete","author":"Nelson Feliz","date":"7 de septiembre de 2024","format":false,"excerpt":"Agentes policiales arrestaron a Reiker Reyes de 31 a\u00f1os, acusado de herir de varias estocadas a su pareja sentimental en el municipio de Navarrete, provincia Santiago. Se trata de Mar\u00eda del Carmen Mat\u00edas P\u00e9rez, de 21 a\u00f1os, quien falleci\u00f3 mientras recib\u00eda atenciones m\u00e9dicas en un centro hospitalario de Navarrete. Seg\u00fan\u2026","rel":"","context":"En \u00abMILITARES\u00bb","block_context":{"text":"MILITARES","link":"https:\/\/lasprimeras.com.do\/index.php\/category\/militares\/"},"img":{"alt_text":"","src":"https:\/\/i0.wp.com\/lasprimeras.com.do\/wp-content\/uploads\/2024\/08\/preso.jpg?resize=350%2C200&ssl=1","width":350,"height":200},"classes":[]},{"id":104073,"url":"https:\/\/lasprimeras.com.do\/index.php\/2025\/07\/21\/hombre-que-asesino-pareja-en-bani-fue-deportado-recientemente-de-ee-uu\/","url_meta":{"origin":91961,"position":3},"title":"Hombre que asesin\u00f3 pareja en Ban\u00ed fue deportado recientemente de EE. UU.","author":"Nelson Feliz","date":"21 de julio de 2025","format":false,"excerpt":"El hombre, deportado recientemente desde EE.UU., merode\u00f3 la zona durante d\u00edas, bebi\u00f3 una cerveza frente a la vivienda y luego asesin\u00f3 a la mujer y su pareja. Una tragedia estremeci\u00f3 al sector Los Cajuilitos en Ban\u00ed, cuando Selis Mercedes S\u00e1nchez Germ\u00e1n, de 46 a\u00f1os, y su pareja, Luis Marino Caraballo,\u2026","rel":"","context":"En \u00abNACIONALES\u00bb","block_context":{"text":"NACIONALES","link":"https:\/\/lasprimeras.com.do\/index.php\/category\/nacionales\/"},"img":{"alt_text":"","src":"https:\/\/i0.wp.com\/lasprimeras.com.do\/wp-content\/uploads\/2025\/07\/bani-casa.jpg?resize=350%2C200&ssl=1","width":350,"height":200,"srcset":"https:\/\/i0.wp.com\/lasprimeras.com.do\/wp-content\/uploads\/2025\/07\/bani-casa.jpg?resize=350%2C200&ssl=1 1x, https:\/\/i0.wp.com\/lasprimeras.com.do\/wp-content\/uploads\/2025\/07\/bani-casa.jpg?resize=525%2C300&ssl=1 1.5x, https:\/\/i0.wp.com\/lasprimeras.com.do\/wp-content\/uploads\/2025\/07\/bani-casa.jpg?resize=700%2C400&ssl=1 2x"},"classes":[]},{"id":107183,"url":"https:\/\/lasprimeras.com.do\/index.php\/2025\/08\/24\/abinader-destaca-sus-raices-en-taveras-y-sabana-iglesia\/","url_meta":{"origin":91961,"position":4},"title":"Abinader destaca sus ra\u00edces en Taveras y Sabana Iglesia","author":"Nelson Feliz","date":"24 de agosto de 2025","format":false,"excerpt":"El presidente Luis Abinader inaugur\u00f3 varias carreteras y calles intercomunitarias en Tavera (La Vega), Sabana Iglesia (Santiago) y Las Charcas (Santiago), obras que impactar\u00e1n directamente en la conectividad, la econom\u00eda y la calidad de vida de miles de familias de estas comunidades con una inversi\u00f3n global de RD$ 1,025,073,394.94. Estas\u2026","rel":"","context":"En \u00abECONOM\u00cdA\u00bb","block_context":{"text":"ECONOM\u00cdA","link":"https:\/\/lasprimeras.com.do\/index.php\/category\/economia\/"},"img":{"alt_text":"","src":"https:\/\/i0.wp.com\/lasprimeras.com.do\/wp-content\/uploads\/2025\/08\/abina.jpg?resize=350%2C200&ssl=1","width":350,"height":200,"srcset":"https:\/\/i0.wp.com\/lasprimeras.com.do\/wp-content\/uploads\/2025\/08\/abina.jpg?resize=350%2C200&ssl=1 1x, https:\/\/i0.wp.com\/lasprimeras.com.do\/wp-content\/uploads\/2025\/08\/abina.jpg?resize=525%2C300&ssl=1 1.5x, https:\/\/i0.wp.com\/lasprimeras.com.do\/wp-content\/uploads\/2025\/08\/abina.jpg?resize=700%2C400&ssl=1 2x"},"classes":[]},{"id":55252,"url":"https:\/\/lasprimeras.com.do\/index.php\/2023\/07\/19\/condena-de-30-anos-a-hombre-que-violo-y-asesino-nina-de-4-anos-en-santiago\/","url_meta":{"origin":91961,"position":5},"title":"Condena de 30 a\u00f1os a hombre que viol\u00f3 y asesin\u00f3 ni\u00f1a de 4 a\u00f1os en Santiago","author":"Nelson Feliz","date":"19 de julio de 2023","format":false,"excerpt":"Familia de la v\u00edctima encuentra justicia en caso de violaci\u00f3n sexual y asesinato. Los jueces del Segundo Tribunal Colegiado del distrito judicial de Santiago condenaron a Franklin Fern\u00e1ndez Cruz (Gile), de 35 a\u00f1os, a 30 a\u00f1os de prisi\u00f3n por la violaci\u00f3n sexual y asesinato de una ni\u00f1a de 4 a\u00f1os\u2026","rel":"","context":"En \u00abJUSTICIA\u00bb","block_context":{"text":"JUSTICIA","link":"https:\/\/lasprimeras.com.do\/index.php\/category\/justicia\/"},"img":{"alt_text":"","src":"https:\/\/i0.wp.com\/lasprimeras.com.do\/wp-content\/uploads\/2023\/07\/Nina-asesinada.jpeg?resize=350%2C200&ssl=1","width":350,"height":200,"srcset":"https:\/\/i0.wp.com\/lasprimeras.com.do\/wp-content\/uploads\/2023\/07\/Nina-asesinada.jpeg?resize=350%2C200&ssl=1 1x, https:\/\/i0.wp.com\/lasprimeras.com.do\/wp-content\/uploads\/2023\/07\/Nina-asesinada.jpeg?resize=525%2C300&ssl=1 1.5x, https:\/\/i0.wp.com\/lasprimeras.com.do\/wp-content\/uploads\/2023\/07\/Nina-asesinada.jpeg?resize=700%2C400&ssl=1 2x"},"classes":[]}],"jetpack_sharing_enabled":true,"_links":{"self":[{"href":"https:\/\/lasprimeras.com.do\/index.php\/wp-json\/wp\/v2\/posts\/91961","targetHints":{"allow":["GET"]}}],"collection":[{"href":"https:\/\/lasprimeras.com.do\/index.php\/wp-json\/wp\/v2\/posts"}],"about":[{"href":"https:\/\/lasprimeras.com.do\/index.php\/wp-json\/wp\/v2\/types\/post"}],"author":[{"embeddable":true,"href":"https:\/\/lasprimeras.com.do\/index.php\/wp-json\/wp\/v2\/users\/2"}],"replies":[{"embeddable":true,"href":"https:\/\/lasprimeras.com.do\/index.php\/wp-json\/wp\/v2\/comments?post=91961"}],"version-history":[{"count":1,"href":"https:\/\/lasprimeras.com.do\/index.php\/wp-json\/wp\/v2\/posts\/91961\/revisions"}],"predecessor-version":[{"id":91963,"href":"https:\/\/lasprimeras.com.do\/index.php\/wp-json\/wp\/v2\/posts\/91961\/revisions\/91963"}],"wp:featuredmedia":[{"embeddable":true,"href":"https:\/\/lasprimeras.com.do\/index.php\/wp-json\/wp\/v2\/media\/91962"}],"wp:attachment":[{"href":"https:\/\/lasprimeras.com.do\/index.php\/wp-json\/wp\/v2\/media?parent=91961"}],"wp:term":[{"taxonomy":"category","embeddable":true,"href":"https:\/\/lasprimeras.com.do\/index.php\/wp-json\/wp\/v2\/categories?post=91961"},{"taxonomy":"post_tag","embeddable":true,"href":"https:\/\/lasprimeras.com.do\/index.php\/wp-json\/wp\/v2\/tags?post=91961"}],"curies":[{"name":"wp","href":"https:\/\/api.w.org\/{rel}","templated":true}]}}