{"id":91964,"date":"2024-12-08T16:08:44","date_gmt":"2024-12-08T20:08:44","guid":{"rendered":"https:\/\/lasprimeras.com.do\/?p=91964"},"modified":"2024-12-08T16:08:45","modified_gmt":"2024-12-08T20:08:45","slug":"joven-se-entrega-tras-incidente-con-arma-de-fuego-que-herir-a-su-padre-en-moca","status":"publish","type":"post","link":"https:\/\/lasprimeras.com.do\/index.php\/2024\/12\/08\/joven-se-entrega-tras-incidente-con-arma-de-fuego-que-herir-a-su-padre-en-moca\/","title":{"rendered":"Joven se entrega tras incidente con arma de fuego que herir a su padre en Moca"},"content":{"rendered":"\n<p>El joven Luis Antonio, acusado de herir de un disparo a su padre, Walter, se entreg\u00f3 a la Polic\u00eda Nacional en la subregional de Espaillat, seg\u00fan confirmaron las autoridades.<\/p>\n\n\n\n<p>El incidente ocurri\u00f3 en medio de una acalorada discusi\u00f3n familiar. Sin embargo, Luis Antonio niega que haya actuado intencionalmente y asegur\u00f3 que \u201cel rev\u00f3lver se dispar\u00f3\u201d de manera accidental, seg\u00fan sus declaraciones iniciales.<\/p>\n\n\n\n<p>La Polic\u00eda Nacional y el Ministerio P\u00fablico han iniciado una investigaci\u00f3n para esclarecer las circunstancias del hecho, mientras el padre se encuentra recibiendo atenciones m\u00e9dicas y su estado de salud se mantiene bajo reserva.<\/p>\n\n\n\n<p>El caso ha generado consternaci\u00f3n en Moca, Espaillat, que espera respuestas claras sobre lo sucedido.<\/p>\n","protected":false},"excerpt":{"rendered":"<p>El joven Luis Antonio, acusado de herir de un disparo a su padre, Walter, se entreg\u00f3 a la Polic\u00eda Nacional en la subregional de Espaillat, seg\u00fan confirmaron las autoridades. El&hellip;<\/p>\n","protected":false},"author":2,"featured_media":91965,"comment_status":"open","ping_status":"open","sticky":false,"template":"","format":"standard","meta":{"content-type":"","jetpack_post_was_ever_published":false,"_jetpack_newsletter_access":"","_jetpack_dont_email_post_to_subs":false,"_jetpack_newsletter_tier_id":0,"_jetpack_memberships_contains_paywalled_content":false,"_jetpack_memberships_contains_paid_content":false,"footnotes":""},"categories":[3057],"tags":[422,5309,1583,1127,2030,6446],"class_list":["post-91964","post","type-post","status-publish","format-standard","has-post-thumbnail","hentry","category-militares","tag-arma-de-fuego","tag-herir","tag-incidente","tag-joven","tag-moca","tag-padre"],"jetpack_featured_media_url":"https:\/\/lasprimeras.com.do\/wp-content\/uploads\/2024\/12\/Luis-Antonio.jpg","jetpack-related-posts":[{"id":50540,"url":"https:\/\/lasprimeras.com.do\/index.php\/2023\/05\/21\/varios-muertos-y-al-menos-un-herido-tras-tiroteo-en-punto-de-drogas-en-moca\/","url_meta":{"origin":91964,"position":0},"title":"Varios muertos y al menos un herido tras tiroteo en punto de drogas en Moca","author":"prenxa100","date":"21 de mayo de 2023","format":false,"excerpt":"El hecho habr\u00eda ocurrido en un supuesto punto de drogas. MIGUEL ANGEL ARROYO Moca, Espaillat, RD.-.Varias personas fallecieron y al menos una result\u00f3 herida en un confuso incidente en Moca, provincia Espaillat. Seg\u00fan informes preliminares, un tiroteo ocurri\u00f3 en un aparente punto de drogas ubicado en La Espa\u00f1ola, de la\u2026","rel":"","context":"En \u00abNACIONALES\u00bb","block_context":{"text":"NACIONALES","link":"https:\/\/lasprimeras.com.do\/index.php\/category\/nacionales\/"},"img":{"alt_text":"","src":"","width":0,"height":0},"classes":[]},{"id":91504,"url":"https:\/\/lasprimeras.com.do\/index.php\/2024\/11\/25\/joven-muerto-a-tiros-en-santiago-intento-asaltar-pareja\/","url_meta":{"origin":91964,"position":1},"title":"Joven muerto a tiros en Santiago intent\u00f3 asaltar pareja","author":"Nelson Feliz","date":"25 de noviembre de 2024","format":false,"excerpt":"Un joven que result\u00f3 muerto este lunes en el sector Sabaneta de Las Palomas, al este de Santiago, habr\u00eda sido herido mortalmente por un hombre de 75 a\u00f1os mientras el hoy occiso, cuchillo en mano, intent\u00f3 atracarlo junto a su esposa mientras se ejercitaban. Se trata de Jos\u00e9 Antonio Segura\u2026","rel":"","context":"En \u00abMILITARES\u00bb","block_context":{"text":"MILITARES","link":"https:\/\/lasprimeras.com.do\/index.php\/category\/militares\/"},"img":{"alt_text":"","src":"https:\/\/i0.wp.com\/lasprimeras.com.do\/wp-content\/uploads\/2024\/11\/ambulancia.jpg?resize=350%2C200&ssl=1","width":350,"height":200,"srcset":"https:\/\/i0.wp.com\/lasprimeras.com.do\/wp-content\/uploads\/2024\/11\/ambulancia.jpg?resize=350%2C200&ssl=1 1x, https:\/\/i0.wp.com\/lasprimeras.com.do\/wp-content\/uploads\/2024\/11\/ambulancia.jpg?resize=525%2C300&ssl=1 1.5x, https:\/\/i0.wp.com\/lasprimeras.com.do\/wp-content\/uploads\/2024\/11\/ambulancia.jpg?resize=700%2C400&ssl=1 2x"},"classes":[]},{"id":123095,"url":"https:\/\/lasprimeras.com.do\/index.php\/2026\/02\/25\/carlos-gomez-presenta-en-moca-la-nueva-franquicia-heroes-de-moca-equipo-que-representara-a-espaillat-en-la-lnb\/","url_meta":{"origin":91964,"position":2},"title":"Carlos G\u00f3mez presenta en Moca la nueva franquicia \u201cH\u00e9roes de Moca\u201d, equipo que representar\u00e1 a Espaillat en la LNB","author":"Nelson Feliz","date":"25 de febrero de 2026","format":false,"excerpt":"Por: Nicol\u00e1s Grull\u00f3n Ubinas El empresario y pol\u00edtico Carlos G\u00f3mez present\u00f3 oficialmente en Moca la nueva franquicia de la Liga Nacional de Baloncesto (LNB), denominada H\u00e9roes de Moca, equipo que representar\u00e1 con orgullo a la provincia Espaillat en el principal escenario del baloncesto profesional dominicano. Durante la rueda de prensa\u2026","rel":"","context":"En \u00abDEPORTES\u00bb","block_context":{"text":"DEPORTES","link":"https:\/\/lasprimeras.com.do\/index.php\/category\/deportes\/"},"img":{"alt_text":"","src":"https:\/\/i0.wp.com\/lasprimeras.com.do\/wp-content\/uploads\/2026\/02\/Carlos-Gomez.jpg?resize=350%2C200&ssl=1","width":350,"height":200,"srcset":"https:\/\/i0.wp.com\/lasprimeras.com.do\/wp-content\/uploads\/2026\/02\/Carlos-Gomez.jpg?resize=350%2C200&ssl=1 1x, https:\/\/i0.wp.com\/lasprimeras.com.do\/wp-content\/uploads\/2026\/02\/Carlos-Gomez.jpg?resize=525%2C300&ssl=1 1.5x, https:\/\/i0.wp.com\/lasprimeras.com.do\/wp-content\/uploads\/2026\/02\/Carlos-Gomez.jpg?resize=700%2C400&ssl=1 2x"},"classes":[]},{"id":95683,"url":"https:\/\/lasprimeras.com.do\/index.php\/2025\/03\/17\/joven-italiano-de-14-anos-se-ahorca-en-moca\/","url_meta":{"origin":91964,"position":3},"title":"Joven italiano de 14 a\u00f1os se ahorca en Moca","author":"Nelson Feliz","date":"17 de marzo de 2025","format":false,"excerpt":"Un menor identificado como Alessandro Salvatore Ravana Pimentel de 14 a\u00f1os, fue hallado muerto colgado dentro de su residencia en el municipio de Moca, provincia Espaillat. Su padre Calogeno Ravana de 50 a\u00f1os, quien es de origen italiano, a\u00fan no se ha referido al hecho ante la prensa. El m\u00e9dico\u2026","rel":"","context":"En \u00abNACIONALES\u00bb","block_context":{"text":"NACIONALES","link":"https:\/\/lasprimeras.com.do\/index.php\/category\/nacionales\/"},"img":{"alt_text":"","src":"https:\/\/i0.wp.com\/lasprimeras.com.do\/wp-content\/uploads\/2025\/03\/cadaver.png?resize=350%2C200&ssl=1","width":350,"height":200,"srcset":"https:\/\/i0.wp.com\/lasprimeras.com.do\/wp-content\/uploads\/2025\/03\/cadaver.png?resize=350%2C200&ssl=1 1x, https:\/\/i0.wp.com\/lasprimeras.com.do\/wp-content\/uploads\/2025\/03\/cadaver.png?resize=525%2C300&ssl=1 1.5x"},"classes":[]},{"id":57634,"url":"https:\/\/lasprimeras.com.do\/index.php\/2023\/08\/14\/apresa-hombre-por-incidente-de-herida-de-arma-de-fuego-en-el-fundo\/","url_meta":{"origin":91964,"position":4},"title":"Apresa hombre por incidente de herida de arma de fuego en El Fundo","author":"Nelson Feliz","date":"14 de agosto de 2023","format":false,"excerpt":"Por F\u00e9lix Julio Ramirez El pasado 29 de abril de 2023, Jos\u00e9 Antonio M\u00e9ndez Brito, de 34 a\u00f1os y residente del sector El Fundo, sufri\u00f3 una herida de arma de fuego en circunstancias que ahora han sido esclarecidas por las autoridades competentes. De acuerdo con el informe m\u00e9dico proporcionado por\u2026","rel":"","context":"En \u00abMILITARES\u00bb","block_context":{"text":"MILITARES","link":"https:\/\/lasprimeras.com.do\/index.php\/category\/militares\/"},"img":{"alt_text":"","src":"","width":0,"height":0},"classes":[]},{"id":103978,"url":"https:\/\/lasprimeras.com.do\/index.php\/2025\/07\/20\/al-menos-3-muertos-y-decenas-heridos-en-accidente-en-carretera-de-moca\/","url_meta":{"origin":91964,"position":5},"title":"Al menos 3 muertos y decenas heridos en accidente en carretera de Moca","author":"Nelson Feliz","date":"20 de julio de 2025","format":false,"excerpt":"Un autob\u00fas que regresaba de R\u00edo San Juan con destino a Esperanza sufri\u00f3 un accidente este domingo en la noche en la carretera de Jamao al Norte, en la provincia Espaillat. Seg\u00fan reportes preliminares, en el veh\u00edculo viajaban decenas de personas que compart\u00edan en una excursi\u00f3n. Se habla de tres\u2026","rel":"","context":"En \u00abNACIONALES\u00bb","block_context":{"text":"NACIONALES","link":"https:\/\/lasprimeras.com.do\/index.php\/category\/nacionales\/"},"img":{"alt_text":"","src":"https:\/\/i0.wp.com\/lasprimeras.com.do\/wp-content\/uploads\/2025\/07\/accide.jpeg?resize=350%2C200&ssl=1","width":350,"height":200,"srcset":"https:\/\/i0.wp.com\/lasprimeras.com.do\/wp-content\/uploads\/2025\/07\/accide.jpeg?resize=350%2C200&ssl=1 1x, https:\/\/i0.wp.com\/lasprimeras.com.do\/wp-content\/uploads\/2025\/07\/accide.jpeg?resize=525%2C300&ssl=1 1.5x, https:\/\/i0.wp.com\/lasprimeras.com.do\/wp-content\/uploads\/2025\/07\/accide.jpeg?resize=700%2C400&ssl=1 2x, https:\/\/i0.wp.com\/lasprimeras.com.do\/wp-content\/uploads\/2025\/07\/accide.jpeg?resize=1050%2C600&ssl=1 3x"},"classes":[]}],"jetpack_sharing_enabled":true,"_links":{"self":[{"href":"https:\/\/lasprimeras.com.do\/index.php\/wp-json\/wp\/v2\/posts\/91964","targetHints":{"allow":["GET"]}}],"collection":[{"href":"https:\/\/lasprimeras.com.do\/index.php\/wp-json\/wp\/v2\/posts"}],"about":[{"href":"https:\/\/lasprimeras.com.do\/index.php\/wp-json\/wp\/v2\/types\/post"}],"author":[{"embeddable":true,"href":"https:\/\/lasprimeras.com.do\/index.php\/wp-json\/wp\/v2\/users\/2"}],"replies":[{"embeddable":true,"href":"https:\/\/lasprimeras.com.do\/index.php\/wp-json\/wp\/v2\/comments?post=91964"}],"version-history":[{"count":1,"href":"https:\/\/lasprimeras.com.do\/index.php\/wp-json\/wp\/v2\/posts\/91964\/revisions"}],"predecessor-version":[{"id":91966,"href":"https:\/\/lasprimeras.com.do\/index.php\/wp-json\/wp\/v2\/posts\/91964\/revisions\/91966"}],"wp:featuredmedia":[{"embeddable":true,"href":"https:\/\/lasprimeras.com.do\/index.php\/wp-json\/wp\/v2\/media\/91965"}],"wp:attachment":[{"href":"https:\/\/lasprimeras.com.do\/index.php\/wp-json\/wp\/v2\/media?parent=91964"}],"wp:term":[{"taxonomy":"category","embeddable":true,"href":"https:\/\/lasprimeras.com.do\/index.php\/wp-json\/wp\/v2\/categories?post=91964"},{"taxonomy":"post_tag","embeddable":true,"href":"https:\/\/lasprimeras.com.do\/index.php\/wp-json\/wp\/v2\/tags?post=91964"}],"curies":[{"name":"wp","href":"https:\/\/api.w.org\/{rel}","templated":true}]}}