{"id":91982,"date":"2024-12-06T16:52:48","date_gmt":"2024-12-06T20:52:48","guid":{"rendered":"https:\/\/lasprimeras.com.do\/?p=91982"},"modified":"2024-12-08T16:56:25","modified_gmt":"2024-12-08T20:56:25","slug":"senador-gustavo-lara-sostiene-encuentros-con-la-comunidad-del-exterior","status":"publish","type":"post","link":"https:\/\/lasprimeras.com.do\/index.php\/2024\/12\/06\/senador-gustavo-lara-sostiene-encuentros-con-la-comunidad-del-exterior\/","title":{"rendered":"Senador Gustavo Lara sostiene encuentros con la comunidad del exterior"},"content":{"rendered":"\n<p>New York.- El senador de la provincia San Crist\u00f3bal por el Partido Revolucionario Moderno (PRM), Gustavo Lara Salazar, arrib\u00f3 a esta ciudad por la terminal del Aeropuerto Internacional John F. Kennedy para agotar una serie encuentros con autoridades, l\u00edderes, dirigentes y diversos representantes de la sociedad dominicana.<\/p>\n\n\n\n<p>La apretada agenda del senador sancristobalense, inici\u00f3 este s\u00e1bado a las 2:00 pm, donde particip\u00f3 como invitado del programa \u00abLo que debe saber\u00bb, por canal Am\u00e9rica, con el reverendo Rub\u00e9n D\u00edaz; seguido de una reuni\u00f3n con la legisladora Yudelka Tapia, asamble\u00edsta del distrito 86 de El Bronx, y a las 8:00 pm, participar\u00e1 de la Cena Gala Encuentro con Haineros en el Exterior en la Ciudad de New York.<\/p>\n\n\n\n<p>El domingo, tiene pautado un encuentro con los dirigentes del Partido Revolucionario Moderno en la ciudad de Elizabeth, Estado de New Jersey, y varios encuentros privados.<\/p>\n\n\n\n<p>La jornada del lunes del senador Lara Salazar inicia a las 09:00 am con una reuni\u00f3n en la oficina del legislador George \u00c1lvarez; luego, a las 11:00 am sostendr\u00e1 un encuentro con el C\u00f3nsul General de la Rep\u00fablica Dominicana, Jes\u00fas \u201cChu\u201d V\u00e1zquez en la sede consular de Nueva York, y en la noche, a las 7: 00 pm, sostendr\u00e1 una reuni\u00f3n en el local del PRM NY.<\/p>\n\n\n\n<p>\u201cHemos llegado a este pa\u00eds, donde m\u00e1s conciudadanos nuestros residen, para darnos ese abrazo de Navidad con cada uno de nuestros hermanos por esta parte del mundo\u201d, dijo el legislador al salir por la terminal aeroportuaria.<\/p>\n\n\n\n<p>El profesional de la ingenier\u00eda Lara Salazar valor\u00f3 la gran obra de gobierno que viene desarrollando desde el 2020 el presidente Luis Abinader, con ejecutorias que claramente ponen en el mapa y el camino del desarrollo de las diversas provincias de mujeres y hombres trabajadores.<\/p>\n\n\n\n<p>\u201cSeguiremos trabajando sin descanso con la finalidad de continuar impulsando y buscando materializar proyectos que hoy se concretizan, como la soluci\u00f3n al problema del drenaje pluvial del barrio Mosc\u00fa, el puente entre San Crist\u00f3bal y Cambita, la entrada a la ciudad desde la regi\u00f3n sur, los trabajos en el Instituto Reformatorio de Menores y el remozamiento del polideportivo\u201d, record\u00f3 el legislador.<\/p>\n\n\n\n<p>Aprovech\u00f3 la ocasi\u00f3n para resaltar las obras ejecutadas, gracias a la gesti\u00f3n de una dirigencia del PRM empoderada, como el asfaltado de m\u00faltiples barrios de los distintos municipios de la provincia y el acueducto de Haina.<\/p>\n\n\n\n<p>Al ser cuestionado sobre su labor desde que ocup\u00f3 un puesto en la administraci\u00f3n municipal, record\u00f3 que trabaj\u00f3 junto a los alcaldes y el liderazgo pol\u00edtico de toda la provincia gestionando proyectos que impactan la vida de los sancristobalenses, \u00abde los que puedo destacar en Haina, el malec\u00f3n, el parque recreativo y cultural de la zona industrial, el centro de formaci\u00f3n t\u00e9cnica de Infotep; en Nigua, el parque central, el mercado municipal y el matadero; en Palenque, el muelle de pescadores y la playa; en Yaguate, lo que ser\u00e1 la Ciudad la Salud\u00bb, entre otras.<\/p>\n\n\n\n<p>Agreg\u00f3 que incluir\u00e1 un hospital materno infantil, uno traumatol\u00f3gico y otro general, y que conllevar\u00e1 una inversi\u00f3n de m\u00e1s de RD$10,000.00 millones de pesos.<\/p>\n\n\n\n<p>Gustavo Lara Salazar resalt\u00f3 que mantiene su postura de impulsar desde el Senado un proyecto de ley para crear el Sistema Nacional de Bancos de Sangre, as\u00ed como una legislaci\u00f3n que exonere de impuestos la importaci\u00f3n de c\u00e1maras de vigilancia para contribuir con la pol\u00edtica de seguridad ciudadana.<\/p>\n","protected":false},"excerpt":{"rendered":"<p>New York.- El senador de la provincia San Crist\u00f3bal por el Partido Revolucionario Moderno (PRM), Gustavo Lara Salazar, arrib\u00f3 a esta ciudad por la terminal del Aeropuerto Internacional John F.&hellip;<\/p>\n","protected":false},"author":2,"featured_media":91983,"comment_status":"open","ping_status":"open","sticky":false,"template":"","format":"standard","meta":{"content-type":"","jetpack_post_was_ever_published":false,"_jetpack_newsletter_access":"","_jetpack_dont_email_post_to_subs":false,"_jetpack_newsletter_tier_id":0,"_jetpack_memberships_contains_paywalled_content":false,"_jetpack_memberships_contains_paid_content":false,"footnotes":""},"categories":[16559],"tags":[2152,2799,711,12485,1101],"class_list":["post-91982","post","type-post","status-publish","format-standard","has-post-thumbnail","hentry","category-politica","tag-comunidad","tag-encuentros","tag-exterior","tag-gustavo-lara","tag-senador"],"jetpack_featured_media_url":"https:\/\/lasprimeras.com.do\/wp-content\/uploads\/2024\/12\/Gustavo-Lara.jpg","jetpack-related-posts":[{"id":108186,"url":"https:\/\/lasprimeras.com.do\/index.php\/2025\/09\/03\/gustavo-lara-critica-legisladores-que-rechazan-proyectos-a-pesar-de-ausencia\/","url_meta":{"origin":91982,"position":0},"title":"Gustavo Lara critica legisladores que rechazan proyectos a pesar de ausencia","author":"Nelson Feliz","date":"3 de septiembre de 2025","format":false,"excerpt":"El Senador por la provincia de San Crist\u00f3bal, Gustavo Lara, critic\u00f3 la actitud la actitud de algunos legisladores que seg\u00fan dijo, s\u00f3lo se limitan a rechazar proyectos sin participar en los espacios donde se ofrecen explicaciones t\u00e9cnicas y se aclaran dudas. \u201cA veces a uno le cuesta entender la facilidad\u2026","rel":"","context":"En \u00abPOLITICA\u00bb","block_context":{"text":"POLITICA","link":"https:\/\/lasprimeras.com.do\/index.php\/category\/politica\/"},"img":{"alt_text":"","src":"https:\/\/i0.wp.com\/lasprimeras.com.do\/wp-content\/uploads\/2025\/09\/Gustavo-Lara.jpg?resize=350%2C200&ssl=1","width":350,"height":200,"srcset":"https:\/\/i0.wp.com\/lasprimeras.com.do\/wp-content\/uploads\/2025\/09\/Gustavo-Lara.jpg?resize=350%2C200&ssl=1 1x, https:\/\/i0.wp.com\/lasprimeras.com.do\/wp-content\/uploads\/2025\/09\/Gustavo-Lara.jpg?resize=525%2C300&ssl=1 1.5x, https:\/\/i0.wp.com\/lasprimeras.com.do\/wp-content\/uploads\/2025\/09\/Gustavo-Lara.jpg?resize=700%2C400&ssl=1 2x"},"classes":[]},{"id":119711,"url":"https:\/\/lasprimeras.com.do\/index.php\/2026\/01\/16\/senador-gustavo-lara-rinde-cuentas-y-destaca-agenda-legislativa-orientada-al-desarrollo-integral-de-san-cristobal\/","url_meta":{"origin":91982,"position":1},"title":"Senador Gustavo Lara rinde cuentas y destaca agenda legislativa orientada al desarrollo integral de San Crist\u00f3bal","author":"Nelson Feliz","date":"16 de enero de 2026","format":false,"excerpt":"Gustavo Lara","rel":"","context":"En \u00abPOLITICA\u00bb","block_context":{"text":"POLITICA","link":"https:\/\/lasprimeras.com.do\/index.php\/category\/politica\/"},"img":{"alt_text":"","src":"https:\/\/i0.wp.com\/lasprimeras.com.do\/wp-content\/uploads\/2026\/01\/IMG-20260115-WA0344-scaled.jpg?resize=350%2C200&ssl=1","width":350,"height":200,"srcset":"https:\/\/i0.wp.com\/lasprimeras.com.do\/wp-content\/uploads\/2026\/01\/IMG-20260115-WA0344-scaled.jpg?resize=350%2C200&ssl=1 1x, https:\/\/i0.wp.com\/lasprimeras.com.do\/wp-content\/uploads\/2026\/01\/IMG-20260115-WA0344-scaled.jpg?resize=525%2C300&ssl=1 1.5x, https:\/\/i0.wp.com\/lasprimeras.com.do\/wp-content\/uploads\/2026\/01\/IMG-20260115-WA0344-scaled.jpg?resize=700%2C400&ssl=1 2x, https:\/\/i0.wp.com\/lasprimeras.com.do\/wp-content\/uploads\/2026\/01\/IMG-20260115-WA0344-scaled.jpg?resize=1050%2C600&ssl=1 3x, https:\/\/i0.wp.com\/lasprimeras.com.do\/wp-content\/uploads\/2026\/01\/IMG-20260115-WA0344-scaled.jpg?resize=1400%2C800&ssl=1 4x"},"classes":[]},{"id":80797,"url":"https:\/\/lasprimeras.com.do\/index.php\/2024\/04\/12\/roberto-angel-recorre-san-cristobal-en-apoyo-a-gustavo-lara-y-reeleccion-de-abinader\/","url_meta":{"origin":91982,"position":2},"title":"Roberto \u00c1ngel recorre San Crist\u00f3bal en apoyo a Gustavo Lara y reelecci\u00f3n de Abinader","author":"Nelson Feliz","date":"12 de abril de 2024","format":false,"excerpt":"El miembro de la Direcci\u00f3n Ejecutiva del Partido Revolucionario Moderno (PRM), Roberto \u00c1ngel Salcedo, realiz\u00f3 este viernes junto al candidato a Senador, Gustavo Lara Salazar, un extenso recorrido por los territorios pertenecientes a las circunscripciones 1 y 2 de San Crist\u00f3bal, en apoyo a la reelecci\u00f3n del presidente Luis Abinader,\u2026","rel":"","context":"En \u00abPORTADA\u00bb","block_context":{"text":"PORTADA","link":"https:\/\/lasprimeras.com.do\/index.php\/category\/portada\/"},"img":{"alt_text":"Roberto \u00c1ngel Salcedo","src":"https:\/\/i0.wp.com\/lasprimeras.com.do\/wp-content\/uploads\/2024\/04\/Roberto-Angel-Salcedo-1.jpg?resize=350%2C200&ssl=1","width":350,"height":200,"srcset":"https:\/\/i0.wp.com\/lasprimeras.com.do\/wp-content\/uploads\/2024\/04\/Roberto-Angel-Salcedo-1.jpg?resize=350%2C200&ssl=1 1x, https:\/\/i0.wp.com\/lasprimeras.com.do\/wp-content\/uploads\/2024\/04\/Roberto-Angel-Salcedo-1.jpg?resize=525%2C300&ssl=1 1.5x, https:\/\/i0.wp.com\/lasprimeras.com.do\/wp-content\/uploads\/2024\/04\/Roberto-Angel-Salcedo-1.jpg?resize=700%2C400&ssl=1 2x"},"classes":[]},{"id":92617,"url":"https:\/\/lasprimeras.com.do\/index.php\/2025\/01\/08\/gustavo-lara-junto-a-carlos-valdez-presentan-proyecto-de-ley-para-el-desarrollo-laboral-juvenil\/","url_meta":{"origin":91982,"position":3},"title":"Gustavo Lara junto a Carlos Valdez presentan proyecto de ley para el desarrollo laboral juvenil","author":"Nelson Feliz","date":"8 de enero de 2025","format":false,"excerpt":"En un esfuerzo por transformar las oportunidades laborales de los j\u00f3venes dominicanos, el senador Gustavo Lara Salazar, como proponente, ha presentado ante el Congreso Nacional el proyecto de ley que crea el Programa para la Formaci\u00f3n Laboral Pr\u00e1ctica de J\u00f3venes Estudiantes T\u00e9cnicos y Universitarios, con el respaldo del Ministerio de\u2026","rel":"","context":"En \u00abNACIONALES\u00bb","block_context":{"text":"NACIONALES","link":"https:\/\/lasprimeras.com.do\/index.php\/category\/nacionales\/"},"img":{"alt_text":"","src":"https:\/\/i0.wp.com\/lasprimeras.com.do\/wp-content\/uploads\/2025\/01\/Gustavo-Lara-y-Carlos-Valdez-1.jpg?resize=350%2C200&ssl=1","width":350,"height":200,"srcset":"https:\/\/i0.wp.com\/lasprimeras.com.do\/wp-content\/uploads\/2025\/01\/Gustavo-Lara-y-Carlos-Valdez-1.jpg?resize=350%2C200&ssl=1 1x, https:\/\/i0.wp.com\/lasprimeras.com.do\/wp-content\/uploads\/2025\/01\/Gustavo-Lara-y-Carlos-Valdez-1.jpg?resize=525%2C300&ssl=1 1.5x"},"classes":[]},{"id":111569,"url":"https:\/\/lasprimeras.com.do\/index.php\/2025\/10\/10\/senador-de-sc-reconoce-esfuerzo-de-los-participantes-del-programa-labor-social-y-promocion-de-cultura-ciudadana\/","url_meta":{"origin":91982,"position":4},"title":"Senador de SC reconoce esfuerzo de los participantes del programa \u201cLabor Social y Promoci\u00f3n de Cultura Ciudadana\u201d","author":"Nelson Feliz","date":"10 de octubre de 2025","format":false,"excerpt":"El senador por la provincia de San Crist\u00f3bal, Gustavo Lara Salazar, encabez\u00f3 el acto de premiaci\u00f3n del programa \u201cLabor Social y Promoci\u00f3n de Cultura Ciudadana\u201d, lanzada en el Auditorio Mayor del Instituto Polit\u00e9cnico Loyola de San Crist\u00f3bal, con el prop\u00f3sito de fomentar la participaci\u00f3n juvenil en la transformaci\u00f3n social a\u2026","rel":"","context":"En \u00abECONOM\u00cdA\u00bb","block_context":{"text":"ECONOM\u00cdA","link":"https:\/\/lasprimeras.com.do\/index.php\/category\/economia\/"},"img":{"alt_text":"","src":"https:\/\/i0.wp.com\/lasprimeras.com.do\/wp-content\/uploads\/2025\/10\/Gustavo-Lara-Salazar-1.jpg?resize=350%2C200&ssl=1","width":350,"height":200,"srcset":"https:\/\/i0.wp.com\/lasprimeras.com.do\/wp-content\/uploads\/2025\/10\/Gustavo-Lara-Salazar-1.jpg?resize=350%2C200&ssl=1 1x, https:\/\/i0.wp.com\/lasprimeras.com.do\/wp-content\/uploads\/2025\/10\/Gustavo-Lara-Salazar-1.jpg?resize=525%2C300&ssl=1 1.5x, https:\/\/i0.wp.com\/lasprimeras.com.do\/wp-content\/uploads\/2025\/10\/Gustavo-Lara-Salazar-1.jpg?resize=700%2C400&ssl=1 2x"},"classes":[]},{"id":90468,"url":"https:\/\/lasprimeras.com.do\/index.php\/2024\/10\/22\/gustavo-lara-da-inicio-al-programa-de-labor-social-y-promocion-de-cultura-ciudadana\/","url_meta":{"origin":91982,"position":5},"title":"Gustavo Lara da inicio al &#8220;Programa de Labor Social y Promoci\u00f3n de Cultura Ciudadana&#8221;","author":"Nelson Feliz","date":"22 de octubre de 2024","format":false,"excerpt":"El senador Gustavo Lara Salazar encabez\u00f3 este lunes el lanzamiento del \"Programa de Labor Social y Promoci\u00f3n de Cultura Ciudadana\", concebido para ayudar a los j\u00f3venes a descubrir c\u00f3mo pueden hacer una diferencia en su comunidad. Lara Salazar destac\u00f3 que esta iniciativa facilitar\u00e1 a los j\u00f3venes de San Crist\u00f3bal ser\u2026","rel":"","context":"En \u00abSin categor\u00eda\u00bb","block_context":{"text":"Sin categor\u00eda","link":"https:\/\/lasprimeras.com.do\/index.php\/category\/sin-categoria\/"},"img":{"alt_text":"Gustavo Lara Salazar","src":"https:\/\/i0.wp.com\/lasprimeras.com.do\/wp-content\/uploads\/2024\/10\/Gustavo-Lara-Salazar.jpg?resize=350%2C200&ssl=1","width":350,"height":200,"srcset":"https:\/\/i0.wp.com\/lasprimeras.com.do\/wp-content\/uploads\/2024\/10\/Gustavo-Lara-Salazar.jpg?resize=350%2C200&ssl=1 1x, https:\/\/i0.wp.com\/lasprimeras.com.do\/wp-content\/uploads\/2024\/10\/Gustavo-Lara-Salazar.jpg?resize=525%2C300&ssl=1 1.5x, https:\/\/i0.wp.com\/lasprimeras.com.do\/wp-content\/uploads\/2024\/10\/Gustavo-Lara-Salazar.jpg?resize=700%2C400&ssl=1 2x"},"classes":[]}],"jetpack_sharing_enabled":true,"_links":{"self":[{"href":"https:\/\/lasprimeras.com.do\/index.php\/wp-json\/wp\/v2\/posts\/91982","targetHints":{"allow":["GET"]}}],"collection":[{"href":"https:\/\/lasprimeras.com.do\/index.php\/wp-json\/wp\/v2\/posts"}],"about":[{"href":"https:\/\/lasprimeras.com.do\/index.php\/wp-json\/wp\/v2\/types\/post"}],"author":[{"embeddable":true,"href":"https:\/\/lasprimeras.com.do\/index.php\/wp-json\/wp\/v2\/users\/2"}],"replies":[{"embeddable":true,"href":"https:\/\/lasprimeras.com.do\/index.php\/wp-json\/wp\/v2\/comments?post=91982"}],"version-history":[{"count":1,"href":"https:\/\/lasprimeras.com.do\/index.php\/wp-json\/wp\/v2\/posts\/91982\/revisions"}],"predecessor-version":[{"id":91984,"href":"https:\/\/lasprimeras.com.do\/index.php\/wp-json\/wp\/v2\/posts\/91982\/revisions\/91984"}],"wp:featuredmedia":[{"embeddable":true,"href":"https:\/\/lasprimeras.com.do\/index.php\/wp-json\/wp\/v2\/media\/91983"}],"wp:attachment":[{"href":"https:\/\/lasprimeras.com.do\/index.php\/wp-json\/wp\/v2\/media?parent=91982"}],"wp:term":[{"taxonomy":"category","embeddable":true,"href":"https:\/\/lasprimeras.com.do\/index.php\/wp-json\/wp\/v2\/categories?post=91982"},{"taxonomy":"post_tag","embeddable":true,"href":"https:\/\/lasprimeras.com.do\/index.php\/wp-json\/wp\/v2\/tags?post=91982"}],"curies":[{"name":"wp","href":"https:\/\/api.w.org\/{rel}","templated":true}]}}