{"id":91985,"date":"2024-12-08T17:04:06","date_gmt":"2024-12-08T21:04:06","guid":{"rendered":"https:\/\/lasprimeras.com.do\/?p=91985"},"modified":"2024-12-08T17:04:07","modified_gmt":"2024-12-08T21:04:07","slug":"el-senador-johnson-encarnacion-encabeza-operativo-medico-en-rio-limpio","status":"publish","type":"post","link":"https:\/\/lasprimeras.com.do\/index.php\/2024\/12\/08\/el-senador-johnson-encarnacion-encabeza-operativo-medico-en-rio-limpio\/","title":{"rendered":"El Senador Johnson Encarnaci\u00f3n encabeza operativo m\u00e9dico en R\u00edo Limpio"},"content":{"rendered":"\n<p>El senador de la provincia El\u00edas Pi\u00f1a, Johnson Encarnaci\u00f3n, llev\u00f3 a cabo un operativo m\u00e9dico en la localidad de R\u00edo Limpio., el cual tuvo como objetivo brindar atenci\u00f3n m\u00e9dica gratuita a sus residentes, asegurando as\u00ed el acceso a servicios esenciales de salud.<\/p>\n\n\n\n<p>Durante el operativo, se realizaron diversas consultas m\u00e9dicas y se distribuyeron medicamentos a los asistentes, destacando la importancia de la salud y el bienestar comunitario.<\/p>\n\n\n\n<p>El senador Encarnaci\u00f3n, expres\u00f3 su profundo agradecimiento a Dios por la oportunidad de servir a su comunidad, as\u00ed como a todo el equipo m\u00e9dico del Senado y a la Fundaci\u00f3n El Buen Samaritano por su destacada participaci\u00f3n en este evento crucial.<\/p>\n\n\n\n<p>&#8220;Este operativo es un testimonio del compromiso que tenemos con nuestros ciudadanos. Juntos, podemos hacer la diferencia en la vida de muchas personas&#8221;, declar\u00f3 el doctor Encarnaci\u00f3n.<\/p>\n\n\n\n<p>&#8220;Agradezco al equipo M\u00e9dico del Senado de la Rep\u00fablica encabezado por la doctora Keila De Los Santos, Encargada de la Unidad M\u00e9dica y a la Fundaci\u00f3n El Buen Samaritano por su invaluable apoyo&#8221;.<\/p>\n\n\n\n<p>El evento fue bien recibido por la comunidad, que mostr\u00f3 su gratitud por la atenci\u00f3n recibida y la importancia de iniciativas como estas que promueven la salud y el bienestar de todos sus habitantes.<\/p>\n\n\n\n<p>El senador Johnson Encarnaci\u00f3n reafirm\u00f3 su compromiso de seguir trabajando por el desarrollo y la mejora de la calidad de vida de los habitantes de El\u00edas Pi\u00f1a, y espera realizar m\u00e1s operativos m\u00e9dicos en el futuro.<\/p>\n","protected":false},"excerpt":{"rendered":"<p>El senador de la provincia El\u00edas Pi\u00f1a, Johnson Encarnaci\u00f3n, llev\u00f3 a cabo un operativo m\u00e9dico en la localidad de R\u00edo Limpio., el cual tuvo como objetivo brindar atenci\u00f3n m\u00e9dica gratuita&hellip;<\/p>\n","protected":false},"author":2,"featured_media":91986,"comment_status":"open","ping_status":"open","sticky":false,"template":"","format":"standard","meta":{"content-type":"","jetpack_post_was_ever_published":false,"_jetpack_newsletter_access":"","_jetpack_dont_email_post_to_subs":false,"_jetpack_newsletter_tier_id":0,"_jetpack_memberships_contains_paywalled_content":false,"_jetpack_memberships_contains_paid_content":false,"footnotes":""},"categories":[16558],"tags":[9734],"class_list":["post-91985","post","type-post","status-publish","format-standard","has-post-thumbnail","hentry","category-salud","tag-operativo-medico"],"jetpack_featured_media_url":"https:\/\/lasprimeras.com.do\/wp-content\/uploads\/2024\/12\/operativo-medico-1.jpg","jetpack-related-posts":[{"id":127914,"url":"https:\/\/lasprimeras.com.do\/index.php\/2026\/04\/17\/senador-jhonson-encarnacion-impulsa-centro-de-rehabilitacion-para-elias-pina\/","url_meta":{"origin":91985,"position":0},"title":"Senador Jhonson Encarnaci\u00f3n impulsa centro de rehabilitaci\u00f3n para El\u00edas Pi\u00f1a","author":"Nelson Feliz","date":"17 de abril de 2026","format":false,"excerpt":"El senador por la provincia El\u00edas Pi\u00f1a, Jhonson Encarnaci\u00f3n D\u00edaz, someti\u00f3 una iniciativa legislativa que busca la construcci\u00f3n de un centro de rehabilitaci\u00f3n en esa demarcaci\u00f3n, con el objetivo de garantizar atenci\u00f3n m\u00e9dica especializada a pacientes que actualmente deben trasladarse a otras provincias. La propuesta, identificada como la resoluci\u00f3n 01165,\u2026","rel":"","context":"En \u00abPOLITICA\u00bb","block_context":{"text":"POLITICA","link":"https:\/\/lasprimeras.com.do\/index.php\/category\/politica\/"},"img":{"alt_text":"","src":"https:\/\/i0.wp.com\/lasprimeras.com.do\/wp-content\/uploads\/2026\/04\/IMG-20260417-WA0471.jpg?resize=350%2C200&ssl=1","width":350,"height":200,"srcset":"https:\/\/i0.wp.com\/lasprimeras.com.do\/wp-content\/uploads\/2026\/04\/IMG-20260417-WA0471.jpg?resize=350%2C200&ssl=1 1x, https:\/\/i0.wp.com\/lasprimeras.com.do\/wp-content\/uploads\/2026\/04\/IMG-20260417-WA0471.jpg?resize=525%2C300&ssl=1 1.5x, https:\/\/i0.wp.com\/lasprimeras.com.do\/wp-content\/uploads\/2026\/04\/IMG-20260417-WA0471.jpg?resize=700%2C400&ssl=1 2x, https:\/\/i0.wp.com\/lasprimeras.com.do\/wp-content\/uploads\/2026\/04\/IMG-20260417-WA0471.jpg?resize=1050%2C600&ssl=1 3x, https:\/\/i0.wp.com\/lasprimeras.com.do\/wp-content\/uploads\/2026\/04\/IMG-20260417-WA0471.jpg?resize=1400%2C800&ssl=1 4x"},"classes":[]},{"id":92557,"url":"https:\/\/lasprimeras.com.do\/index.php\/2025\/01\/06\/senador-johnson-encarnacion-entrega-juguetes-a-ninos-de-bajos-recursos-en-hondo-valle\/","url_meta":{"origin":91985,"position":1},"title":"Senador Johnson Encarnaci\u00f3n entrega juguetes a ni\u00f1os de bajos recursos en Hondo Valle","author":"Nelson Feliz","date":"6 de enero de 2025","format":false,"excerpt":"Senador Johnson Encarnaci\u00f3n entrega juguetes a ni\u00f1os y ni\u00f1as de bajos recursos en Hondo Valle El senador Johnson Encarnaci\u00f3n realiz\u00f3 la entrega de juguetes a ni\u00f1os y ni\u00f1as de bajos recursos en las comunidades de El Barrero y El Junquito del Municipio de Hondo Valle Esta iniciativa, organizada por la\u2026","rel":"","context":"En \u00abNACIONALES\u00bb","block_context":{"text":"NACIONALES","link":"https:\/\/lasprimeras.com.do\/index.php\/category\/nacionales\/"},"img":{"alt_text":"","src":"https:\/\/i0.wp.com\/lasprimeras.com.do\/wp-content\/uploads\/2025\/01\/juguetes.jpg?resize=350%2C200&ssl=1","width":350,"height":200,"srcset":"https:\/\/i0.wp.com\/lasprimeras.com.do\/wp-content\/uploads\/2025\/01\/juguetes.jpg?resize=350%2C200&ssl=1 1x, https:\/\/i0.wp.com\/lasprimeras.com.do\/wp-content\/uploads\/2025\/01\/juguetes.jpg?resize=525%2C300&ssl=1 1.5x, https:\/\/i0.wp.com\/lasprimeras.com.do\/wp-content\/uploads\/2025\/01\/juguetes.jpg?resize=700%2C400&ssl=1 2x"},"classes":[]},{"id":81075,"url":"https:\/\/lasprimeras.com.do\/index.php\/2024\/04\/16\/fundacion-luis-cruz-realiza-operativo-medico-en-apoyo-a-guillermo-moreno\/","url_meta":{"origin":91985,"position":2},"title":"Fundaci\u00f3n Luis Cruz realiza operativo m\u00e9dico en apoyo a Guillermo Moreno","author":"Nelson Feliz","date":"16 de abril de 2024","format":false,"excerpt":"Por: Elena Acevedo R. La Fundaci\u00f3n Luis Cruz con tu Salud, que coordina el doctor Luis Antonio Cruz Camacho, realiz\u00f3 un operativo m\u00e9dico preventivo en el sector de Villa Juana, en apoyo al candidato a senador por el Distrito Nacional del Partido Revolucionario Moderno PRM, doctor Guillermo Moreno. Durante el\u2026","rel":"","context":"En \u00abSin categor\u00eda\u00bb","block_context":{"text":"Sin categor\u00eda","link":"https:\/\/lasprimeras.com.do\/index.php\/category\/sin-categoria\/"},"img":{"alt_text":"Fundaci\u00f3n Luis Cruz","src":"https:\/\/i0.wp.com\/lasprimeras.com.do\/wp-content\/uploads\/2024\/04\/Fundacion-Luis-Cruz-2.jpg?resize=350%2C200&ssl=1","width":350,"height":200,"srcset":"https:\/\/i0.wp.com\/lasprimeras.com.do\/wp-content\/uploads\/2024\/04\/Fundacion-Luis-Cruz-2.jpg?resize=350%2C200&ssl=1 1x, https:\/\/i0.wp.com\/lasprimeras.com.do\/wp-content\/uploads\/2024\/04\/Fundacion-Luis-Cruz-2.jpg?resize=525%2C300&ssl=1 1.5x"},"classes":[]},{"id":108457,"url":"https:\/\/lasprimeras.com.do\/index.php\/2025\/09\/07\/senador-moises-ayala-rinde-cuentas-de-su-primer-ano-de-gestion-2024-2025\/","url_meta":{"origin":91985,"position":3},"title":"Senador Mois\u00e9s Ayala rinde cuentas de su primer a\u00f1o de gesti\u00f3n 2024-2025","author":"Nelson Feliz","date":"7 de septiembre de 2025","format":false,"excerpt":"Por Ofra Rodr\u00edguez\u00a0Barahona.- Con el lema \u201cUn a\u00f1o de resultados\u201d, el senador Mois\u00e9s Ayala, representante de la provincia Barahona, realiz\u00f3 su rendici\u00f3n de cuentas correspondiente al primer a\u00f1o de gesti\u00f3n 2024-2025, en cumplimiento al art\u00edculo 92 de la Constituci\u00f3n Dominicana que establece que, los legisladores deber\u00e1n ofrecer cada a\u00f1o un\u2026","rel":"","context":"En \u00abPOLITICA\u00bb","block_context":{"text":"POLITICA","link":"https:\/\/lasprimeras.com.do\/index.php\/category\/politica\/"},"img":{"alt_text":"","src":"https:\/\/i0.wp.com\/lasprimeras.com.do\/wp-content\/uploads\/2025\/09\/Moises-Ayala.jpg?resize=350%2C200&ssl=1","width":350,"height":200,"srcset":"https:\/\/i0.wp.com\/lasprimeras.com.do\/wp-content\/uploads\/2025\/09\/Moises-Ayala.jpg?resize=350%2C200&ssl=1 1x, https:\/\/i0.wp.com\/lasprimeras.com.do\/wp-content\/uploads\/2025\/09\/Moises-Ayala.jpg?resize=525%2C300&ssl=1 1.5x, https:\/\/i0.wp.com\/lasprimeras.com.do\/wp-content\/uploads\/2025\/09\/Moises-Ayala.jpg?resize=700%2C400&ssl=1 2x"},"classes":[]},{"id":63276,"url":"https:\/\/lasprimeras.com.do\/index.php\/2023\/10\/11\/senado-realiza-operativo-medico-sobre-el-cancer-de-mama\/","url_meta":{"origin":91985,"position":4},"title":"Senado realiza operativo m\u00e9dico sobre el c\u00e1ncer de mama","author":"Nelson Feliz","date":"11 de octubre de 2023","format":false,"excerpt":"La jornada m\u00e9dica se llevar\u00e1 a cabo los d\u00edas 11, 12 y 13 de octubre y se ofrecer\u00e1n servicios de sonograf\u00eda, mamograf\u00eda, cosmiatr\u00eda, y odontolog\u00eda, y vacuna contra la influenza. El presidente del Senado de la Rep\u00fablica, Ricardo de Los Santos encabez\u00f3 este mi\u00e9rcoles, la apertura de un operativo m\u00e9dico\u2026","rel":"","context":"En \u00abPORTADA\u00bb","block_context":{"text":"PORTADA","link":"https:\/\/lasprimeras.com.do\/index.php\/category\/portada\/"},"img":{"alt_text":"Ricardo de Los Santos","src":"https:\/\/i0.wp.com\/lasprimeras.com.do\/wp-content\/uploads\/2023\/10\/Ricardo-de-Los-Santos-1-1.jpg?resize=350%2C200&ssl=1","width":350,"height":200,"srcset":"https:\/\/i0.wp.com\/lasprimeras.com.do\/wp-content\/uploads\/2023\/10\/Ricardo-de-Los-Santos-1-1.jpg?resize=350%2C200&ssl=1 1x, https:\/\/i0.wp.com\/lasprimeras.com.do\/wp-content\/uploads\/2023\/10\/Ricardo-de-Los-Santos-1-1.jpg?resize=525%2C300&ssl=1 1.5x, https:\/\/i0.wp.com\/lasprimeras.com.do\/wp-content\/uploads\/2023\/10\/Ricardo-de-Los-Santos-1-1.jpg?resize=700%2C400&ssl=1 2x"},"classes":[]},{"id":90851,"url":"https:\/\/lasprimeras.com.do\/index.php\/2024\/10\/30\/presidente-del-senado-llama-a-realizarse-chequeos-medicos-para-deteccion-temprana-de-enfermedades\/","url_meta":{"origin":91985,"position":5},"title":"Presidente del Senado llama a realizarse chequeos m\u00e9dicos para detecci\u00f3n temprana de enfermedades","author":"Nelson Feliz","date":"30 de octubre de 2024","format":false,"excerpt":"\u00a0En el marco de la conmemoraci\u00f3n por el mes de Sensibilizaci\u00f3n contra el C\u00e1ncer de Mam\u00e1 el presidente del Senado de la Rep\u00fablica hizo un llamado a mujeres y hombres a realizarse sus chequeos m\u00e9dicos de manera peri\u00f3dica, para la detecci\u00f3n temprana de enfermedades. Ricardo de los Santos habl\u00f3 durante\u2026","rel":"","context":"En \u00abSin categor\u00eda\u00bb","block_context":{"text":"Sin categor\u00eda","link":"https:\/\/lasprimeras.com.do\/index.php\/category\/sin-categoria\/"},"img":{"alt_text":"","src":"https:\/\/i0.wp.com\/lasprimeras.com.do\/wp-content\/uploads\/2024\/10\/senado-1.jpg?resize=350%2C200&ssl=1","width":350,"height":200,"srcset":"https:\/\/i0.wp.com\/lasprimeras.com.do\/wp-content\/uploads\/2024\/10\/senado-1.jpg?resize=350%2C200&ssl=1 1x, https:\/\/i0.wp.com\/lasprimeras.com.do\/wp-content\/uploads\/2024\/10\/senado-1.jpg?resize=525%2C300&ssl=1 1.5x, https:\/\/i0.wp.com\/lasprimeras.com.do\/wp-content\/uploads\/2024\/10\/senado-1.jpg?resize=700%2C400&ssl=1 2x"},"classes":[]}],"jetpack_sharing_enabled":true,"_links":{"self":[{"href":"https:\/\/lasprimeras.com.do\/index.php\/wp-json\/wp\/v2\/posts\/91985","targetHints":{"allow":["GET"]}}],"collection":[{"href":"https:\/\/lasprimeras.com.do\/index.php\/wp-json\/wp\/v2\/posts"}],"about":[{"href":"https:\/\/lasprimeras.com.do\/index.php\/wp-json\/wp\/v2\/types\/post"}],"author":[{"embeddable":true,"href":"https:\/\/lasprimeras.com.do\/index.php\/wp-json\/wp\/v2\/users\/2"}],"replies":[{"embeddable":true,"href":"https:\/\/lasprimeras.com.do\/index.php\/wp-json\/wp\/v2\/comments?post=91985"}],"version-history":[{"count":1,"href":"https:\/\/lasprimeras.com.do\/index.php\/wp-json\/wp\/v2\/posts\/91985\/revisions"}],"predecessor-version":[{"id":91987,"href":"https:\/\/lasprimeras.com.do\/index.php\/wp-json\/wp\/v2\/posts\/91985\/revisions\/91987"}],"wp:featuredmedia":[{"embeddable":true,"href":"https:\/\/lasprimeras.com.do\/index.php\/wp-json\/wp\/v2\/media\/91986"}],"wp:attachment":[{"href":"https:\/\/lasprimeras.com.do\/index.php\/wp-json\/wp\/v2\/media?parent=91985"}],"wp:term":[{"taxonomy":"category","embeddable":true,"href":"https:\/\/lasprimeras.com.do\/index.php\/wp-json\/wp\/v2\/categories?post=91985"},{"taxonomy":"post_tag","embeddable":true,"href":"https:\/\/lasprimeras.com.do\/index.php\/wp-json\/wp\/v2\/tags?post=91985"}],"curies":[{"name":"wp","href":"https:\/\/api.w.org\/{rel}","templated":true}]}}