{"id":91999,"date":"2024-12-11T23:03:19","date_gmt":"2024-12-12T03:03:19","guid":{"rendered":"https:\/\/lasprimeras.com.do\/?p=91999"},"modified":"2024-12-11T23:03:20","modified_gmt":"2024-12-12T03:03:20","slug":"le-decia-que-parara-y-actuo-como-si-nada-relata-una-de-las-victimas-de-sean-combs","status":"publish","type":"post","link":"https:\/\/lasprimeras.com.do\/index.php\/2024\/12\/11\/le-decia-que-parara-y-actuo-como-si-nada-relata-una-de-las-victimas-de-sean-combs\/","title":{"rendered":"&#8220;Le dec\u00eda que parara y actu\u00f3 como si nada&#8221;, relata una de las v\u00edctimas de Sean Combs"},"content":{"rendered":"\n<p>Los \u00c1ngeles (EE.UU.), (EFE).- Una de las v\u00edctimas de Sean &#8216;Diddy&#8217; Combs concedi\u00f3 por primera vez una entrevista para relatar su experiencia en una de las fiestas en las que el rapero estadounidense comet\u00eda las supuestas agresiones sexuales que denuncian centenares de personas.<\/p>\n\n\n\n<p>&#8220;Todav\u00eda recuerdo la gravedad de esto (\u2026) afecta a cada cosa que haces por el resto de tu vida&#8221;, afirm\u00f3 la v\u00edctima, escudada en el anonimato, en una entrevista con CNN.<\/p>\n\n\n\n<p>La v\u00edctima present\u00f3 una denuncia contra el rapero el pasado 14 de octubre, alegando que fue drogada y sodomizada en una de sus conocidas como &#8220;fiestas blancas&#8221; en 2007, y que ni siquiera fue capaz de cont\u00e1rselo a su entonces esposa por verg\u00fcenza.<\/p>\n\n\n\n<p>En la noche en la que se produjo la supuesta agresi\u00f3n, la v\u00edctima alega que recibi\u00f3 dos bebidas alcoh\u00f3licas por parte de Combs que deb\u00edan contener alg\u00fan tipo de \u00e9xtasis, ya que, tras consumirlas, comenz\u00f3 a sentirse &#8220;extremadamente enfermo&#8221;, seg\u00fan describe la demanda.<\/p>\n\n\n\n<p>&#8220;La primera bebida empez\u00f3 a tener alg\u00fan tipo de efecto en m\u00ed y pens\u00e9 &#8216;wow, estas bebidas est\u00e1n muy cargadas&#8217;. No fue hasta la segunda bebida cuando me di cuenta de que era demasiado tarde, que hab\u00eda algo malo con las bebidas&#8221;, precis\u00f3 a la periodista Elisabeth Wagmeister.<\/p>\n\n\n\n<p>&#8220;Desgraciadamente, Sean Combs estaba esperando entre bastidores. Estaba observando desde alg\u00fan punto estrat\u00e9gico, y una vez que estuve en una posici\u00f3n indefensa y \u00e9l estaba seguro de que estaba en una posici\u00f3n de poder, entonces se aprovech\u00f3 de la situaci\u00f3n&#8221;, dijo.<\/p>\n\n\n\n<p>Seg\u00fan la denuncia, Combs le empuj\u00f3 a la fuerza hacia un coche y, una vez dentro, lo sujet\u00f3 y lo sodomiz\u00f3 mientras la v\u00edctima luchaba por escapar.<\/p>\n\n\n\n<p>&#8220;Yo gritaba. Le dec\u00eda que parara. Fue incre\u00edblemente doloroso y \u00e9l actuaba como si no fuera nada y parece estar desconectado de eso, pero fue abusivo m\u00e1s all\u00e1 de lo cre\u00edble&#8221;, sentenci\u00f3.<\/p>\n\n\n\n<p>Combs, de 55 a\u00f1os, conocido musicalmente como Puff Daddy, se enfrenta actualmente a un proceso penal en Nueva York donde se ha declarado inocente de los cargos de coaccionar y abusar de mujeres y hombres durante a\u00f1os, supuestamente con la ayuda de sus empleados.<\/p>\n\n\n\n<p>La acusaci\u00f3n alega que silenci\u00f3 a las v\u00edctimas mediante chantaje y violencia, incluyendo secuestro, incendios provocados y palizas f\u00edsicas.<\/p>\n\n\n\n<p>Combs, cuyo juicio se celebrar\u00e1 en 2025, ha negado todos los cargos contra \u00e9l, calificando las acusaciones de &#8220;repugnantes&#8221; y el resultado de personas que buscan un &#8220;dinero r\u00e1pido&#8221;.<\/p>\n\n\n\n<p>Dos jueces han rechazado conceder la libertad bajo fianza del rapero, la \u00faltima el pasado septiembre, advirtiendo sobre una posible manipulaci\u00f3n de testigos.<\/p>\n\n\n\n<p>Agencia EFE<\/p>\n","protected":false},"excerpt":{"rendered":"<p>Los \u00c1ngeles (EE.UU.), (EFE).- Una de las v\u00edctimas de Sean &#8216;Diddy&#8217; Combs concedi\u00f3 por primera vez una entrevista para relatar su experiencia en una de las fiestas en las que&hellip;<\/p>\n","protected":false},"author":2,"featured_media":92000,"comment_status":"open","ping_status":"open","sticky":false,"template":"","format":"standard","meta":{"content-type":"","jetpack_post_was_ever_published":false,"_jetpack_newsletter_access":"","_jetpack_dont_email_post_to_subs":false,"_jetpack_newsletter_tier_id":0,"_jetpack_memberships_contains_paywalled_content":false,"_jetpack_memberships_contains_paid_content":false,"footnotes":""},"categories":[16289],"tags":[13024,4051,4409,110,16651,2034],"class_list":["post-91999","post","type-post","status-publish","format-standard","has-post-thumbnail","hentry","category-internacionales","tag-agresiones-sexuales","tag-estadounidense","tag-los-angeles","tag-rapero","tag-sean-combs","tag-victimas"],"jetpack_featured_media_url":"https:\/\/lasprimeras.com.do\/wp-content\/uploads\/2024\/12\/Elisabeth-Wagmeister.jpg","jetpack-related-posts":[{"id":58755,"url":"https:\/\/lasprimeras.com.do\/index.php\/2023\/08\/28\/jovenes-denunciaron-al-comunicador-de-puerto-plata-por-abuso-sexual\/","url_meta":{"origin":91999,"position":0},"title":"J\u00f3venes denunciaron al comunicador de Puerto Plata por abuso sexual","author":"Nelson Feliz","date":"28 de agosto de 2023","format":false,"excerpt":"Con este testimonio, otras v\u00edctimas del acusado han salido a contar sus versiones en torno a agresiones sufridas por parte del implicado. Tras las declaraciones p\u00fablicas de la joven Keiddy Santos sobre el abuso sexual que cometi\u00f3 en su contra el comunicador radicado en Sos\u00faa, Puerto Plata, Eddy Gabriel Dom\u00ednguez,\u2026","rel":"","context":"En \u00abJUSTICIA\u00bb","block_context":{"text":"JUSTICIA","link":"https:\/\/lasprimeras.com.do\/index.php\/category\/justicia\/"},"img":{"alt_text":"Eddy Gabriel Dom\u00ednguez, comunicador arrestado por abuso sexual y denunciado por acoso a tras jovenes.FOTO EXTERNA","src":"https:\/\/i0.wp.com\/lasprimeras.com.do\/wp-content\/uploads\/2023\/08\/Eddy-Gabriel-Dominguez.jpg?resize=350%2C200&ssl=1","width":350,"height":200,"srcset":"https:\/\/i0.wp.com\/lasprimeras.com.do\/wp-content\/uploads\/2023\/08\/Eddy-Gabriel-Dominguez.jpg?resize=350%2C200&ssl=1 1x, https:\/\/i0.wp.com\/lasprimeras.com.do\/wp-content\/uploads\/2023\/08\/Eddy-Gabriel-Dominguez.jpg?resize=525%2C300&ssl=1 1.5x"},"classes":[]},{"id":99065,"url":"https:\/\/lasprimeras.com.do\/index.php\/2025\/05\/16\/justin-bieber-aclara-que-no-fue-victima-de-sean-diddy-combs\/","url_meta":{"origin":91999,"position":1},"title":"Justin Bieber aclara que no fue v\u00edctima de Sean \u2018Diddy\u2018 Combs","author":"Nelson Feliz","date":"16 de mayo de 2025","format":false,"excerpt":"Un representante de Justin Bieber aclar\u00f3 que el cantante canadiense no fue v\u00edctima de Sean 'Diddy' Combs, quien est\u00e1 en medio de un juicio por delitos sexuales. Por Sarah\u00ed G\u00f3mez Esaa En medio del juicio que enfrenta el rapero y productor musical Sean \u2018Diddy\u2019 Combs por delitos de tr\u00e1fico sexual\u2026","rel":"","context":"En \u00abENTRETENIMIENTO\u00bb","block_context":{"text":"ENTRETENIMIENTO","link":"https:\/\/lasprimeras.com.do\/index.php\/category\/entretenimiento\/"},"img":{"alt_text":"","src":"https:\/\/i0.wp.com\/lasprimeras.com.do\/wp-content\/uploads\/2025\/05\/Justin-Bieber.jpg?resize=350%2C200&ssl=1","width":350,"height":200,"srcset":"https:\/\/i0.wp.com\/lasprimeras.com.do\/wp-content\/uploads\/2025\/05\/Justin-Bieber.jpg?resize=350%2C200&ssl=1 1x, https:\/\/i0.wp.com\/lasprimeras.com.do\/wp-content\/uploads\/2025\/05\/Justin-Bieber.jpg?resize=525%2C300&ssl=1 1.5x, https:\/\/i0.wp.com\/lasprimeras.com.do\/wp-content\/uploads\/2025\/05\/Justin-Bieber.jpg?resize=700%2C400&ssl=1 2x"},"classes":[]},{"id":79323,"url":"https:\/\/lasprimeras.com.do\/index.php\/2024\/03\/26\/allanan-mansiones-del-rapero-sean-diddy-combs-en-los-angeles-y-miami\/","url_meta":{"origin":91999,"position":2},"title":"Allanan mansiones del rapero Sean &#8220;Diddy&#8221; Combs en Los \u00c1ngeles y Miami","author":"BIMARY DE JES\u00daS Matos","date":"26 de marzo de 2024","format":false,"excerpt":"Miami.-Agentes de Investigaciones de Seguridad Nacional (HSI) allanaron este lunes mansiones en Los \u00c1ngeles y Miami asociadas con el magnate del rap Sean \u2018Diddy\u2019 Combs y su productora, como parte de una investigaci\u00f3n federal al parecer vinculada al tr\u00e1fico de personas, seg\u00fan informaron medios estadounidenses. Una lujosa vivienda de Holmby\u2026","rel":"","context":"En \u00abENTRETENIMIENTO\u00bb","block_context":{"text":"ENTRETENIMIENTO","link":"https:\/\/lasprimeras.com.do\/index.php\/category\/entretenimiento\/"},"img":{"alt_text":"","src":"https:\/\/i0.wp.com\/lasprimeras.com.do\/wp-content\/uploads\/2024\/03\/1-millon-de-jovenes-votaran-en-las-elecciones-municipales-2-12.jpg?resize=350%2C200&ssl=1","width":350,"height":200,"srcset":"https:\/\/i0.wp.com\/lasprimeras.com.do\/wp-content\/uploads\/2024\/03\/1-millon-de-jovenes-votaran-en-las-elecciones-municipales-2-12.jpg?resize=350%2C200&ssl=1 1x, https:\/\/i0.wp.com\/lasprimeras.com.do\/wp-content\/uploads\/2024\/03\/1-millon-de-jovenes-votaran-en-las-elecciones-municipales-2-12.jpg?resize=525%2C300&ssl=1 1.5x, https:\/\/i0.wp.com\/lasprimeras.com.do\/wp-content\/uploads\/2024\/03\/1-millon-de-jovenes-votaran-en-las-elecciones-municipales-2-12.jpg?resize=700%2C400&ssl=1 2x"},"classes":[]},{"id":68357,"url":"https:\/\/lasprimeras.com.do\/index.php\/2023\/11\/23\/demandan-al-actor-jamie-foxx-por-una-supuesta-agresion-sexual-ocurrida-en-2015\/","url_meta":{"origin":91999,"position":3},"title":"Demandan al actor Jamie Foxx por una supuesta agresi\u00f3n sexual ocurrida en 2015","author":"Nelson Feliz","date":"23 de noviembre de 2023","format":false,"excerpt":"La demandante acusa a Foxx de haberla tocado sin su consentimiento. El actor Jamie Foxx fue demandado este mi\u00e9rcoles ante la Corte Suprema de Nueva York por una supuesta agresi\u00f3n sexual ocurrida en una terraza de dicha ciudad durante 2015, informaron medios estadounidenses especializados. La demandante acusa a Foxx de\u2026","rel":"","context":"En \u00abENTRETENIMIENTO\u00bb","block_context":{"text":"ENTRETENIMIENTO","link":"https:\/\/lasprimeras.com.do\/index.php\/category\/entretenimiento\/"},"img":{"alt_text":"Jamie Foxx","src":"https:\/\/i0.wp.com\/lasprimeras.com.do\/wp-content\/uploads\/2023\/11\/Jamie-Foxx.jpeg?resize=350%2C200&ssl=1","width":350,"height":200,"srcset":"https:\/\/i0.wp.com\/lasprimeras.com.do\/wp-content\/uploads\/2023\/11\/Jamie-Foxx.jpeg?resize=350%2C200&ssl=1 1x, https:\/\/i0.wp.com\/lasprimeras.com.do\/wp-content\/uploads\/2023\/11\/Jamie-Foxx.jpeg?resize=525%2C300&ssl=1 1.5x, https:\/\/i0.wp.com\/lasprimeras.com.do\/wp-content\/uploads\/2023\/11\/Jamie-Foxx.jpeg?resize=700%2C400&ssl=1 2x"},"classes":[]},{"id":105511,"url":"https:\/\/lasprimeras.com.do\/index.php\/2025\/08\/04\/niegan-la-libertad-bajo-fianza-a-sean-diddy-combs\/","url_meta":{"origin":91999,"position":4},"title":"Niegan la libertad bajo fianza a Sean &#8216;Diddy&#8217; Combs","author":"Nelson Feliz","date":"4 de agosto de 2025","format":false,"excerpt":"Combs ha estado tras las rejas desde su arresto en septiembre Sean \u201cDiddy\u201d Combs no puede volver a casa desde la c\u00e1rcel para esperar la sentencia por su condena relacionada con la prostituci\u00f3n, dijo un juez este lunes, negando la \u00faltima solicitud de libertad bajo fianza del magnate del rap\u2026","rel":"","context":"En \u00abINTERNACIONALES\u00bb","block_context":{"text":"INTERNACIONALES","link":"https:\/\/lasprimeras.com.do\/index.php\/category\/sin-categoria\/internacionales\/"},"img":{"alt_text":"","src":"https:\/\/i0.wp.com\/lasprimeras.com.do\/wp-content\/uploads\/2025\/08\/niegan-la-libertad-bajo-fianza-a-sean-diddy-combs.jpg?resize=350%2C200&ssl=1","width":350,"height":200,"srcset":"https:\/\/i0.wp.com\/lasprimeras.com.do\/wp-content\/uploads\/2025\/08\/niegan-la-libertad-bajo-fianza-a-sean-diddy-combs.jpg?resize=350%2C200&ssl=1 1x, https:\/\/i0.wp.com\/lasprimeras.com.do\/wp-content\/uploads\/2025\/08\/niegan-la-libertad-bajo-fianza-a-sean-diddy-combs.jpg?resize=525%2C300&ssl=1 1.5x, https:\/\/i0.wp.com\/lasprimeras.com.do\/wp-content\/uploads\/2025\/08\/niegan-la-libertad-bajo-fianza-a-sean-diddy-combs.jpg?resize=700%2C400&ssl=1 2x"},"classes":[]},{"id":105290,"url":"https:\/\/lasprimeras.com.do\/index.php\/2025\/08\/01\/fiscalia-pide-condena-elevada-para-sean-diddy-combs-y-se-opone-a-su-libertad-bajo-fianza\/","url_meta":{"origin":91999,"position":5},"title":"Fiscal\u00eda pide condena elevada para Sean \u2018Diddy\u2019 Combs y se opone a su libertad bajo fianza","author":"Nelson Feliz","date":"1 de agosto de 2025","format":false,"excerpt":"POR LARRY NEUMEISTER NUEVA YORK (AP) \u2014 La fiscal\u00eda inst\u00f3 a un juez a rechazar la nueva solicitud de libertad bajo fianza presentada esta semana para el magnate del hip-hop Sean \u201cDiddy\u201d Combs, y alega que nada ha cambiado desde su condena el mes pasado por cargos relacionados con prostituci\u00f3n\u2026","rel":"","context":"En \u00abJUSTICIA\u00bb","block_context":{"text":"JUSTICIA","link":"https:\/\/lasprimeras.com.do\/index.php\/category\/justicia\/"},"img":{"alt_text":"","src":"https:\/\/i0.wp.com\/lasprimeras.com.do\/wp-content\/uploads\/2025\/08\/niega.jpg?resize=350%2C200&ssl=1","width":350,"height":200,"srcset":"https:\/\/i0.wp.com\/lasprimeras.com.do\/wp-content\/uploads\/2025\/08\/niega.jpg?resize=350%2C200&ssl=1 1x, https:\/\/i0.wp.com\/lasprimeras.com.do\/wp-content\/uploads\/2025\/08\/niega.jpg?resize=525%2C300&ssl=1 1.5x, https:\/\/i0.wp.com\/lasprimeras.com.do\/wp-content\/uploads\/2025\/08\/niega.jpg?resize=700%2C400&ssl=1 2x"},"classes":[]}],"jetpack_sharing_enabled":true,"_links":{"self":[{"href":"https:\/\/lasprimeras.com.do\/index.php\/wp-json\/wp\/v2\/posts\/91999","targetHints":{"allow":["GET"]}}],"collection":[{"href":"https:\/\/lasprimeras.com.do\/index.php\/wp-json\/wp\/v2\/posts"}],"about":[{"href":"https:\/\/lasprimeras.com.do\/index.php\/wp-json\/wp\/v2\/types\/post"}],"author":[{"embeddable":true,"href":"https:\/\/lasprimeras.com.do\/index.php\/wp-json\/wp\/v2\/users\/2"}],"replies":[{"embeddable":true,"href":"https:\/\/lasprimeras.com.do\/index.php\/wp-json\/wp\/v2\/comments?post=91999"}],"version-history":[{"count":1,"href":"https:\/\/lasprimeras.com.do\/index.php\/wp-json\/wp\/v2\/posts\/91999\/revisions"}],"predecessor-version":[{"id":92001,"href":"https:\/\/lasprimeras.com.do\/index.php\/wp-json\/wp\/v2\/posts\/91999\/revisions\/92001"}],"wp:featuredmedia":[{"embeddable":true,"href":"https:\/\/lasprimeras.com.do\/index.php\/wp-json\/wp\/v2\/media\/92000"}],"wp:attachment":[{"href":"https:\/\/lasprimeras.com.do\/index.php\/wp-json\/wp\/v2\/media?parent=91999"}],"wp:term":[{"taxonomy":"category","embeddable":true,"href":"https:\/\/lasprimeras.com.do\/index.php\/wp-json\/wp\/v2\/categories?post=91999"},{"taxonomy":"post_tag","embeddable":true,"href":"https:\/\/lasprimeras.com.do\/index.php\/wp-json\/wp\/v2\/tags?post=91999"}],"curies":[{"name":"wp","href":"https:\/\/api.w.org\/{rel}","templated":true}]}}