{"id":92011,"date":"2024-12-11T23:32:51","date_gmt":"2024-12-12T03:32:51","guid":{"rendered":"https:\/\/lasprimeras.com.do\/?p=92011"},"modified":"2024-12-11T23:32:53","modified_gmt":"2024-12-12T03:32:53","slug":"peralta-aclara-aspectos-sobre-sentencia-del-tc-que-anulo-la-ley-1-24","status":"publish","type":"post","link":"https:\/\/lasprimeras.com.do\/index.php\/2024\/12\/11\/peralta-aclara-aspectos-sobre-sentencia-del-tc-que-anulo-la-ley-1-24\/","title":{"rendered":"Peralta aclara aspectos sobre sentencia del TC que anul\u00f3 la Ley 1-24"},"content":{"rendered":"\n<p><strong>Antoliano Peralta reafirm\u00f3 el compromiso del Poder Ejecutivo con el fortalecimiento de las instituciones democr\u00e1ticas y la protecci\u00f3n de los intereses de la ciudadan\u00eda en el \u00e1mbito de la seguridad nacional.<\/strong><\/p>\n\n\n\n<p>El consultor jur\u00eddico del Poder Ejecutivo, Antoliano Peralta, emiti\u00f3 una declaraci\u00f3n oficial en relaci\u00f3n con la reciente sentencia del Tribunal Constitucional (TC\/0767\/24), que declar\u00f3 no conforme con la Constituci\u00f3n la Ley n\u00fam. 1-24, normativa que creaba y regulaba la Direcci\u00f3n Nacional de Inteligencia (DNI).<\/p>\n\n\n\n<p>\u201cEl Tribunal Constitucional fundament\u00f3 su decisi\u00f3n en un error procedimental durante el tr\u00e1mite legislativo de la norma, sin cuestionar su contenido ni identificar violaciones a derechos fundamentales. Seg\u00fan el fallo, la ley fue aprobada en ambas c\u00e1maras con las mayor\u00edas necesarias, pero sin cumplir con las formalidades requeridas para su convocatoria y tratamiento como ley org\u00e1nica\u201d, explic\u00f3.<\/p>\n\n\n\n<p>En lo relativo al vicio de procedimiento esgrimido en la sentencia, el funcionario dijo que el \u201cTribunal concluy\u00f3 que el Congreso no convoc\u00f3 expresamente las sesiones como correspond\u00eda para tratar una ley org\u00e1nica, aunque esta obtuvo amplias mayor\u00edas: 125 de 126 votos en la C\u00e1mara de Diputados y 21 de 25 en el Senado. Este incumplimiento vicia la validez de la ley, dado que las normas org\u00e1nicas requieren procedimientos espec\u00edficos seg\u00fan la Constituci\u00f3n y los reglamentos legislativos\u201d.<\/p>\n\n\n\n<p>Explic\u00f3 que, en cuanto a la naturaleza org\u00e1nica de la legislaci\u00f3n, \u201cla sentencia afirm\u00f3 que la Ley n\u00fam. 1-24 est\u00e1 vinculada al \u00e1mbito de la seguridad y defensa nacional, lo que le confiere car\u00e1cter org\u00e1nico, pero no regulaba directamente derechos fundamentales como alegaban algunos accionantes\u201d.<\/p>\n\n\n\n<p>Con respecto a la observaci\u00f3n formal, no material, plante\u00f3 que \u201cel Tribunal Constitucional subray\u00f3 que la nulidad responde exclusivamente a un aspecto formal, ya que no se respetaron las reglas de convocatoria para su tratamiento. Este fallo pone \u00e9nfasis en la necesidad de seguir los procedimientos legislativos con rigor\u201d.<\/p>\n\n\n\n<p>El Poder Ejecutivo expres\u00f3 su respeto y acogida al criterio del Tribunal Constitucional, resaltando su compromiso con el cumplimiento estricto de las disposiciones constitucionales y legislativas.<\/p>\n\n\n\n<p>\u201cSaludamos el empe\u00f1o del Tribunal en garantizar el cumplimiento del procedimiento legislativo en todos sus detalles, lo que fortalece nuestra institucionalidad. El Gobierno est\u00e1 comprometido a seguir impulsando iniciativas que cumplan a cabalidad con el marco jur\u00eddico establecido\u201d, expres\u00f3 el consultor jur\u00eddico.<\/p>\n\n\n\n<p>Expres\u00f3 que, aunque la sentencia no las se\u00f1ala expl\u00edcitamente, las irregularidades mencionadas pueden ser subsanadas mediante el cumplimiento del procedimiento correspondiente en el Congreso Nacional.<\/p>\n\n\n\n<p>Antoliano Peralta record\u00f3 que el Poder Legislativo analiza una propuesta de reforma de la Ley n\u00fam. 1-24, fruto del consenso entre el gobierno y diversos actores de la sociedad civil.<\/p>\n\n\n\n<p>El consultor jur\u00eddico reafirm\u00f3 el compromiso del Poder Ejecutivo con el fortalecimiento de las instituciones democr\u00e1ticas y la protecci\u00f3n de los intereses de la ciudadan\u00eda en el \u00e1mbito de la seguridad nacional.<\/p>\n","protected":false},"excerpt":{"rendered":"<p>Antoliano Peralta reafirm\u00f3 el compromiso del Poder Ejecutivo con el fortalecimiento de las instituciones democr\u00e1ticas y la protecci\u00f3n de los intereses de la ciudadan\u00eda en el \u00e1mbito de la seguridad&hellip;<\/p>\n","protected":false},"author":2,"featured_media":92012,"comment_status":"open","ping_status":"open","sticky":false,"template":"","format":"standard","meta":{"content-type":"","jetpack_post_was_ever_published":false,"_jetpack_newsletter_access":"","_jetpack_dont_email_post_to_subs":false,"_jetpack_newsletter_tier_id":0,"_jetpack_memberships_contains_paywalled_content":false,"_jetpack_memberships_contains_paid_content":false,"footnotes":""},"categories":[35],"tags":[441,6228,6229,11199,445,2304,2523],"class_list":["post-92011","post","type-post","status-publish","format-standard","has-post-thumbnail","hentry","category-nacionales","tag-antoliano-peralta","tag-consultor","tag-juridico","tag-ley-1-24","tag-poder-ejecutivo","tag-sentencia","tag-tribunal-constitucional"],"jetpack_featured_media_url":"https:\/\/lasprimeras.com.do\/wp-content\/uploads\/2024\/12\/Antoliano-Peralta.jpg","jetpack-related-posts":[{"id":59272,"url":"https:\/\/lasprimeras.com.do\/index.php\/2023\/09\/01\/antoliano-peralta-aclara-el-cumplimiento-de-las-sentencias-del-tribunal-constitucional\/","url_meta":{"origin":92011,"position":0},"title":"Antoliano Peralta aclara el cumplimiento de las sentencias del Tribunal Constitucional","author":"Nelson Feliz","date":"1 de septiembre de 2023","format":false,"excerpt":"El Consultor Jur\u00eddico del Poder Ejecutivo, Antoliano Peralta, aclar\u00f3 hoy la din\u00e1mica de cumplimiento de las sentencias del Tribunal Constitucional, al ser abordado por los representantes de los medios de comunicaci\u00f3n que cubren la Casa de Gobierno. Al referirse a los cuestionamientos que se han emitido en diferentes \u00e1mbitos luego\u2026","rel":"","context":"En \u00abNACIONALES\u00bb","block_context":{"text":"NACIONALES","link":"https:\/\/lasprimeras.com.do\/index.php\/category\/nacionales\/"},"img":{"alt_text":"Antoliano Peralta","src":"https:\/\/i0.wp.com\/lasprimeras.com.do\/wp-content\/uploads\/2023\/09\/Antoliano-Peralta.jpg?resize=350%2C200&ssl=1","width":350,"height":200,"srcset":"https:\/\/i0.wp.com\/lasprimeras.com.do\/wp-content\/uploads\/2023\/09\/Antoliano-Peralta.jpg?resize=350%2C200&ssl=1 1x, https:\/\/i0.wp.com\/lasprimeras.com.do\/wp-content\/uploads\/2023\/09\/Antoliano-Peralta.jpg?resize=525%2C300&ssl=1 1.5x, https:\/\/i0.wp.com\/lasprimeras.com.do\/wp-content\/uploads\/2023\/09\/Antoliano-Peralta.jpg?resize=700%2C400&ssl=1 2x"},"classes":[]},{"id":57307,"url":"https:\/\/lasprimeras.com.do\/index.php\/2023\/08\/10\/consultor-juridico-reafirma-la-sujecion-total-del-gobierno-al-orden-constitucional\/","url_meta":{"origin":92011,"position":1},"title":"Consultor Jur\u00eddico reafirma la sujeci\u00f3n total del gobierno al orden constitucional","author":"Nelson Feliz","date":"10 de agosto de 2023","format":false,"excerpt":"El consultor jur\u00eddico del Poder Ejecutivo, Doctor Antoliano Peralta Romero, se refiri\u00f3 a la situaci\u00f3n de las sentencias emitidas por el Tribunal Constitucional pendientes de ejecuci\u00f3n por parte de \u00f3rganos de la Administraci\u00f3n P\u00fablica. Al ser abordado por periodistas que cubren la fuente del Palacio Nacional, el funcionario sostuvo \u201cque\u2026","rel":"","context":"En \u00abNACIONALES\u00bb","block_context":{"text":"NACIONALES","link":"https:\/\/lasprimeras.com.do\/index.php\/category\/nacionales\/"},"img":{"alt_text":"Antoliano Peralta Romero","src":"https:\/\/i0.wp.com\/lasprimeras.com.do\/wp-content\/uploads\/2023\/08\/Antoliano-Peralta-Romero.jpg?resize=350%2C200&ssl=1","width":350,"height":200,"srcset":"https:\/\/i0.wp.com\/lasprimeras.com.do\/wp-content\/uploads\/2023\/08\/Antoliano-Peralta-Romero.jpg?resize=350%2C200&ssl=1 1x, https:\/\/i0.wp.com\/lasprimeras.com.do\/wp-content\/uploads\/2023\/08\/Antoliano-Peralta-Romero.jpg?resize=525%2C300&ssl=1 1.5x, https:\/\/i0.wp.com\/lasprimeras.com.do\/wp-content\/uploads\/2023\/08\/Antoliano-Peralta-Romero.jpg?resize=700%2C400&ssl=1 2x"},"classes":[]},{"id":115363,"url":"https:\/\/lasprimeras.com.do\/index.php\/2025\/11\/21\/antoliano-peralta-revela-que-abogados-intimaron-al-poder-ejecutivo-para-sustituir-al-director-de-la-pn\/","url_meta":{"origin":92011,"position":2},"title":"Antoliano Peralta revela que abogados intimaron al Poder Ejecutivo para sustituir al director de la PN","author":"Nelson Feliz","date":"21 de noviembre de 2025","format":false,"excerpt":"El consultor jur\u00eddico del Poder Ejecutivo, Antoliano Peralta, revel\u00f3 este viernes que cuatro abogados, identificados como Manny Sierra, Jhon Guilliani y otras dos personas, han notificado formalmente al Gobierno con una intimaci\u00f3n para que proceda con la sustituci\u00f3n del actual director de la Polic\u00eda Nacional, Mayor General Lic. Ramon Antonio\u2026","rel":"","context":"En \u00abNACIONALES\u00bb","block_context":{"text":"NACIONALES","link":"https:\/\/lasprimeras.com.do\/index.php\/category\/nacionales\/"},"img":{"alt_text":"Antoliano Peralta","src":"https:\/\/i0.wp.com\/lasprimeras.com.do\/wp-content\/uploads\/2025\/02\/Antoliano-Peralta.jpg?resize=350%2C200&ssl=1","width":350,"height":200,"srcset":"https:\/\/i0.wp.com\/lasprimeras.com.do\/wp-content\/uploads\/2025\/02\/Antoliano-Peralta.jpg?resize=350%2C200&ssl=1 1x, https:\/\/i0.wp.com\/lasprimeras.com.do\/wp-content\/uploads\/2025\/02\/Antoliano-Peralta.jpg?resize=525%2C300&ssl=1 1.5x, https:\/\/i0.wp.com\/lasprimeras.com.do\/wp-content\/uploads\/2025\/02\/Antoliano-Peralta.jpg?resize=700%2C400&ssl=1 2x"},"classes":[]},{"id":119022,"url":"https:\/\/lasprimeras.com.do\/index.php\/2026\/01\/06\/abinader-designa-a-jorge-subero-isa-como-consultor-juridico-del-poder-ejecutivo\/","url_meta":{"origin":92011,"position":3},"title":"Abinader designa a Jorge Subero Isa como consultor jur\u00eddico del Poder Ejecutivo","author":"Nelson Feliz","date":"6 de enero de 2026","format":false,"excerpt":"Jorge Subero Isa","rel":"","context":"En \u00abNACIONALES\u00bb","block_context":{"text":"NACIONALES","link":"https:\/\/lasprimeras.com.do\/index.php\/category\/nacionales\/"},"img":{"alt_text":"Jorge Subero Isa","src":"https:\/\/i0.wp.com\/lasprimeras.com.do\/wp-content\/uploads\/2023\/08\/Jorge-Subero-Isa.jpg?resize=350%2C200&ssl=1","width":350,"height":200,"srcset":"https:\/\/i0.wp.com\/lasprimeras.com.do\/wp-content\/uploads\/2023\/08\/Jorge-Subero-Isa.jpg?resize=350%2C200&ssl=1 1x, https:\/\/i0.wp.com\/lasprimeras.com.do\/wp-content\/uploads\/2023\/08\/Jorge-Subero-Isa.jpg?resize=525%2C300&ssl=1 1.5x"},"classes":[]},{"id":67091,"url":"https:\/\/lasprimeras.com.do\/index.php\/2023\/11\/13\/consultor-juridico-favorece-jueces-sin-militancia-pero-con-experiencia-politica\/","url_meta":{"origin":92011,"position":4},"title":"Consultor jur\u00eddico favorece jueces sin militancia pero con experiencia pol\u00edtica","author":"Nelson Feliz","date":"13 de noviembre de 2023","format":false,"excerpt":"El consultor jur\u00eddico del Poder Ejecutivo, Antoliano Peralta, declar\u00f3 que aunque desde el gobierno se favorece que los nuevos jueces del Tribunal Constitucional a elegirse pr\u00f3ximamente no sean militantes partidarios, consider\u00f3 que conviene que sean juristas con conocimiento de la pol\u00edtica. \u201cQue los jueces sean abogados que tengan sentido de\u2026","rel":"","context":"En \u00abNACIONALES\u00bb","block_context":{"text":"NACIONALES","link":"https:\/\/lasprimeras.com.do\/index.php\/category\/nacionales\/"},"img":{"alt_text":"Antoliano Peralta Romero","src":"https:\/\/i0.wp.com\/lasprimeras.com.do\/wp-content\/uploads\/2023\/08\/Antoliano-Peralta-Romero.jpg?resize=350%2C200&ssl=1","width":350,"height":200,"srcset":"https:\/\/i0.wp.com\/lasprimeras.com.do\/wp-content\/uploads\/2023\/08\/Antoliano-Peralta-Romero.jpg?resize=350%2C200&ssl=1 1x, https:\/\/i0.wp.com\/lasprimeras.com.do\/wp-content\/uploads\/2023\/08\/Antoliano-Peralta-Romero.jpg?resize=525%2C300&ssl=1 1.5x, https:\/\/i0.wp.com\/lasprimeras.com.do\/wp-content\/uploads\/2023\/08\/Antoliano-Peralta-Romero.jpg?resize=700%2C400&ssl=1 2x"},"classes":[]},{"id":54492,"url":"https:\/\/lasprimeras.com.do\/index.php\/2023\/07\/11\/juez-aplaza-para-septiembre-demanda-interpretacion-de-sentencia-definitiva-del-tc\/","url_meta":{"origin":92011,"position":5},"title":"Juez aplaza para septiembre demanda interpretaci\u00f3n de sentencia definitiva del TC","author":"Nelson Feliz","date":"11 de julio de 2023","format":false,"excerpt":"\u00a0Evaluar\u00e1 si procede fusi\u00f3n expediente con liquidaci\u00f3n astreinte de 508 millones. La juez de la Segunda Sala de la C\u00e1mara Civil y Comercial del Distrito Nacional aplaz\u00f3 para el martes 19 de septiembre audiencia para evaluar si procede la solicitud de fusi\u00f3n expediente de interpretaci\u00f3n de sentencia del Tribunal Constitucional\u2026","rel":"","context":"En \u00abJUSTICIA\u00bb","block_context":{"text":"JUSTICIA","link":"https:\/\/lasprimeras.com.do\/index.php\/category\/justicia\/"},"img":{"alt_text":"","src":"https:\/\/i0.wp.com\/lasprimeras.com.do\/wp-content\/uploads\/2023\/07\/Ramon-Emilio-tribunal-.jpg?resize=350%2C200&ssl=1","width":350,"height":200,"srcset":"https:\/\/i0.wp.com\/lasprimeras.com.do\/wp-content\/uploads\/2023\/07\/Ramon-Emilio-tribunal-.jpg?resize=350%2C200&ssl=1 1x, https:\/\/i0.wp.com\/lasprimeras.com.do\/wp-content\/uploads\/2023\/07\/Ramon-Emilio-tribunal-.jpg?resize=525%2C300&ssl=1 1.5x, https:\/\/i0.wp.com\/lasprimeras.com.do\/wp-content\/uploads\/2023\/07\/Ramon-Emilio-tribunal-.jpg?resize=700%2C400&ssl=1 2x"},"classes":[]}],"jetpack_sharing_enabled":true,"_links":{"self":[{"href":"https:\/\/lasprimeras.com.do\/index.php\/wp-json\/wp\/v2\/posts\/92011","targetHints":{"allow":["GET"]}}],"collection":[{"href":"https:\/\/lasprimeras.com.do\/index.php\/wp-json\/wp\/v2\/posts"}],"about":[{"href":"https:\/\/lasprimeras.com.do\/index.php\/wp-json\/wp\/v2\/types\/post"}],"author":[{"embeddable":true,"href":"https:\/\/lasprimeras.com.do\/index.php\/wp-json\/wp\/v2\/users\/2"}],"replies":[{"embeddable":true,"href":"https:\/\/lasprimeras.com.do\/index.php\/wp-json\/wp\/v2\/comments?post=92011"}],"version-history":[{"count":1,"href":"https:\/\/lasprimeras.com.do\/index.php\/wp-json\/wp\/v2\/posts\/92011\/revisions"}],"predecessor-version":[{"id":92013,"href":"https:\/\/lasprimeras.com.do\/index.php\/wp-json\/wp\/v2\/posts\/92011\/revisions\/92013"}],"wp:featuredmedia":[{"embeddable":true,"href":"https:\/\/lasprimeras.com.do\/index.php\/wp-json\/wp\/v2\/media\/92012"}],"wp:attachment":[{"href":"https:\/\/lasprimeras.com.do\/index.php\/wp-json\/wp\/v2\/media?parent=92011"}],"wp:term":[{"taxonomy":"category","embeddable":true,"href":"https:\/\/lasprimeras.com.do\/index.php\/wp-json\/wp\/v2\/categories?post=92011"},{"taxonomy":"post_tag","embeddable":true,"href":"https:\/\/lasprimeras.com.do\/index.php\/wp-json\/wp\/v2\/tags?post=92011"}],"curies":[{"name":"wp","href":"https:\/\/api.w.org\/{rel}","templated":true}]}}