{"id":92017,"date":"2024-12-11T23:49:24","date_gmt":"2024-12-12T03:49:24","guid":{"rendered":"https:\/\/lasprimeras.com.do\/?p=92017"},"modified":"2024-12-11T23:49:26","modified_gmt":"2024-12-12T03:49:26","slug":"inespre-beneficia-a-mas-de-45-millones-de-visitantes-con-ventas-de-alimentos-a-bajos-costos","status":"publish","type":"post","link":"https:\/\/lasprimeras.com.do\/index.php\/2024\/12\/11\/inespre-beneficia-a-mas-de-45-millones-de-visitantes-con-ventas-de-alimentos-a-bajos-costos\/","title":{"rendered":"Inespre beneficia a m\u00e1s de 45 millones de visitantes con ventas de alimentos a bajos costos"},"content":{"rendered":"\n<p><strong>El director de la entidad hizo un llamado a la poblaci\u00f3n a acudir masivamente a las seis grandes Ferias Navidad del Cambio con el Inespre<\/strong><\/p>\n\n\n\n<p>M\u00e1s de 45 millones de visitantes han sido beneficiados con los programas del Inespre de mercado de productores, bodegas m\u00f3viles, ventas de combos en los Supermercados y ferias en cuatro a\u00f1os y cuatro meses de gesti\u00f3n encabezada por su director Iv\u00e1n Hern\u00e1ndez Guzm\u00e1n.<\/p>\n\n\n\n<p>La informaci\u00f3n fue dada a conocer por Hern\u00e1ndez Guzm\u00e1n al culminar una misa por el 55 aniversario de la instituci\u00f3n realizada en la Catedral Primada de Am\u00e9rica a la que asistieron el director del Instituto Agrario Dominicano, Francisco Garc\u00eda; la integrante del Consejo del Banco de Reservas, Betsayda Manola Santana; as\u00ed como los subdirectores de la instituci\u00f3n Eudy Collado, Lino Fulgencio, Obispo de los Santos y otros funcionarios.<\/p>\n\n\n\n<p>El director del Inespre agradeci\u00f3 al pueblo dominicana por la confianza depositada en los productos y servicios de la entidad, la cual juega un rol fundamental de facilitar el acceso de alimentos a precios justos a la poblaci\u00f3n.<\/p>\n\n\n\n<p>Iv\u00e1n Hern\u00e1ndez Guzm\u00e1n indic\u00f3 que gracias al respaldo recibido por el presidente Luis Abinader la instituci\u00f3n ha podido beneficiar a 45 millones 981 mil 730 visitantes de distintas clases sociales y ha logrado llegar a toda la geograf\u00eda nacional.<\/p>\n\n\n\n<p>Hern\u00e1ndez Guzm\u00e1n dijo que en su gesti\u00f3n han realizado 18,373 bodegas m\u00f3viles impactando a 7 millones 826 mil 212 visitantes y 14,038 mercados de productores favoreciendo a 20 millones 338 mil 700 visitantes.<\/p>\n\n\n\n<p>El funcionario destac\u00f3 que con el programa de \u201cCompra a Precios del Inespre en el Supermercado\u201d comercializaron 2 millones siete mil 551 combos alimenticios beneficiando a 9 millones 33 mil 818 visitantes.<\/p>\n\n\n\n<p>Asimismo, realiz\u00f3 28 grandes ferias impactando a 2 millones 136 mil 250 asistentes y ha participado como invitada en 48 ferias agropecuarias supliendo de alimentos de calidad y a bajos costos a 6 millones 641 mil 750 personas.<\/p>\n\n\n\n<p>Capacitaci\u00f3n de Agricultores<\/p>\n\n\n\n<p>Otro proyecto desarrollado en la actual gesti\u00f3n dirigida por Iv\u00e1n Hern\u00e1ndez Guzm\u00e1n son las capacitaciones agr\u00edcolas, han realizado 112 jornadas que han favorecido a 4,438 agricultores.<\/p>\n\n\n\n<p>Reconocimientos y Evaluaciones<\/p>\n\n\n\n<p>El Inespre obtuvo una puntuaci\u00f3n de 99 por ciento en cumplimiento a la Ley 200-4 de Libre Acceso a la Informaci\u00f3n P\u00fablica, en el Sistema de Monitoreo de la Administraci\u00f3n P\u00fablica (SISMAP) obtuvo 91.50%, en el \u00cdndice de Uso de la Tecnolog\u00eda de la Informaci\u00f3n y Comunicaci\u00f3n (ITICG) 50.88% y en el Sistema Nacional de Contrataciones P\u00fablicas (SISCOMPRAS) 90.60%.<\/p>\n\n\n\n<p>La instituci\u00f3n tambi\u00e9n ha recibido varios reconocimientos por satisfacci\u00f3n ciudadana, niveles de transparencia, capacitaci\u00f3n de servidores y compras verdes. Adem\u00e1s, ha firmado 30 acuerdos interinstitucionales.<\/p>\n\n\n\n<p>Ferias de Navidad 2024<\/p>\n\n\n\n<p>Las seis ferias Navidad del Cambio con el Inespre iniciaron en Azua el 29 y 30 de noviembre, luego en San Crist\u00f3bal el 6 y 7 de diciembre; esta semana se desarrollar\u00e1 en Santo Domingo Este el 13 y 14 de diciembre en el Complejo Deportivo Mar\u00eda del Mar en Los Frailes; luego en Los Alcarrizos el 18 y 19 de diciembre en la Cancha de Los Americanos; en Santo Domingo el viernes 20, s\u00e1bado 21 y domingo 22 de diciembre en la Ciudad Ganadera y culminar\u00e1 el viernes 27 y s\u00e1bado 28 de diciembre en el Parque Central de Santiago. Los detalles de productos y servicios est\u00e1n disponibles en las redes sociales @inesprerd y en la p\u00e1gina institucional www.inespre.gob.do.<\/p>\n\n\n\n<p>\u201cDar gracias a Dios por este a\u00f1o que va a culminar, pero sobre todo, por esa esperanza de un mejor a\u00f1o 2025, por el cual el presidente Luis Abinader y todos nosotros estamos trabajando para garantizar de que cada dominicano y dominicana puedan tener un mejor porvenir\u201d, agreg\u00f3 la vicemandataria.<\/p>\n\n\n\n<p>Para esta jornada, que empez\u00f3 en Santo Domingo Este, continu\u00f3 en San Pedro de Macor\u00eds y finaliz\u00f3 en La Romana, la vicepresidenta se hizo acompa\u00f1ar de las gobernadoras Ivelisse Mercedes M\u00e9ndez y Lucrecia Leyba; Angel de La Cruz, presidente de la CPADP; y del mayor general Ram\u00f3n Antonio Guzman Peralta, director general de la Polic\u00eda Nacional.<\/p>\n\n\n\n<p>Asimismo, Francisco D\u2019Oleo Ramirez, viceministro de Acreditaci\u00f3n y Certificaci\u00f3n Docente del Ministro de Educaci\u00f3n; Aracelis Villanueva, senadora por la provincia de San Pedro de Macor\u00eds; y otras autoridades del gobierno central, municipales, comunitarias y policiales.<\/p>\n","protected":false},"excerpt":{"rendered":"<p>El director de la entidad hizo un llamado a la poblaci\u00f3n a acudir masivamente a las seis grandes Ferias Navidad del Cambio con el Inespre M\u00e1s de 45 millones de&hellip;<\/p>\n","protected":false},"author":2,"featured_media":92018,"comment_status":"open","ping_status":"open","sticky":false,"template":"","format":"standard","meta":{"content-type":"","jetpack_post_was_ever_published":false,"_jetpack_newsletter_access":"","_jetpack_dont_email_post_to_subs":false,"_jetpack_newsletter_tier_id":0,"_jetpack_memberships_contains_paywalled_content":false,"_jetpack_memberships_contains_paid_content":false,"footnotes":""},"categories":[39,25],"tags":[1598,14260,535,8629,11372,1198],"class_list":["post-92017","post","type-post","status-publish","format-standard","has-post-thumbnail","hentry","category-economia","category-portada","tag-alimentos","tag-bajos-costos","tag-inespre","tag-ivan-hernandez-guzman","tag-ventas","tag-visitantes"],"jetpack_featured_media_url":"https:\/\/lasprimeras.com.do\/wp-content\/uploads\/2024\/12\/inespre-1-1.jpg","jetpack-related-posts":[{"id":86407,"url":"https:\/\/lasprimeras.com.do\/index.php\/2024\/07\/24\/mas-de-44-millones-de-visitantes-con-ventas-de-alimentos-a-bajos-costos-en-inespre\/","url_meta":{"origin":92017,"position":0},"title":"M\u00e1s de 44 millones de visitantes con ventas de alimentos a bajos costos en Inespre","author":"Nelson Feliz","date":"24 de julio de 2024","format":false,"excerpt":"El Instituto de Estabilizaci\u00f3n de Precios (Inespre) ha beneficiado a m\u00e1s de 44 millones de visitantes a nivel nacional con las ventas de alimentos a bajos costos en casi cuatro a\u00f1os de gesti\u00f3n, a trav\u00e9s de sus programas de bodegas m\u00f3viles, mercados de productores, ventas de combos en los supermercados\u2026","rel":"","context":"En \u00abECONOM\u00cdA\u00bb","block_context":{"text":"ECONOM\u00cdA","link":"https:\/\/lasprimeras.com.do\/index.php\/category\/economia\/"},"img":{"alt_text":"","src":"https:\/\/i0.wp.com\/lasprimeras.com.do\/wp-content\/uploads\/2024\/07\/Inespre-1.jpg?resize=350%2C200&ssl=1","width":350,"height":200,"srcset":"https:\/\/i0.wp.com\/lasprimeras.com.do\/wp-content\/uploads\/2024\/07\/Inespre-1.jpg?resize=350%2C200&ssl=1 1x, https:\/\/i0.wp.com\/lasprimeras.com.do\/wp-content\/uploads\/2024\/07\/Inespre-1.jpg?resize=525%2C300&ssl=1 1.5x, https:\/\/i0.wp.com\/lasprimeras.com.do\/wp-content\/uploads\/2024\/07\/Inespre-1.jpg?resize=700%2C400&ssl=1 2x"},"classes":[]},{"id":72939,"url":"https:\/\/lasprimeras.com.do\/index.php\/2024\/01\/04\/inespre-beneficia-mas-de-39-millones-de-visitantes-en-tres-anos-y-medio-de-gestion\/","url_meta":{"origin":92017,"position":1},"title":"Inespre beneficia m\u00e1s de 39 millones de visitantes en tres a\u00f1os y medio de gesti\u00f3n","author":"Nelson Feliz","date":"4 de enero de 2024","format":false,"excerpt":"M\u00e1s de 140 mil personas aprovecharon las ofertas en las ferias \u201cNavidad del Cambio con el Inespre 2023\u201d El Instituto de Estabilizaci\u00f3n de Precios (Inespre) ha impactado m\u00e1s de 39 millones de visitantes a nivel nacional con las ventas de alimentos a bajos costos a trav\u00e9s de los programas de\u2026","rel":"","context":"En \u00abECONOM\u00cdA\u00bb","block_context":{"text":"ECONOM\u00cdA","link":"https:\/\/lasprimeras.com.do\/index.php\/category\/economia\/"},"img":{"alt_text":"Iv\u00e1n Hern\u00e1ndez Guzm\u00e1n","src":"https:\/\/i0.wp.com\/lasprimeras.com.do\/wp-content\/uploads\/2023\/09\/Ivan-Hernandez-Guzman-1.jpg?resize=350%2C200&ssl=1","width":350,"height":200,"srcset":"https:\/\/i0.wp.com\/lasprimeras.com.do\/wp-content\/uploads\/2023\/09\/Ivan-Hernandez-Guzman-1.jpg?resize=350%2C200&ssl=1 1x, https:\/\/i0.wp.com\/lasprimeras.com.do\/wp-content\/uploads\/2023\/09\/Ivan-Hernandez-Guzman-1.jpg?resize=525%2C300&ssl=1 1.5x, https:\/\/i0.wp.com\/lasprimeras.com.do\/wp-content\/uploads\/2023\/09\/Ivan-Hernandez-Guzman-1.jpg?resize=700%2C400&ssl=1 2x"},"classes":[]},{"id":51887,"url":"https:\/\/lasprimeras.com.do\/index.php\/2023\/06\/04\/las-ferias-inespre-esta-de-madre-impactan-a-mas-120-mil-personas\/","url_meta":{"origin":92017,"position":2},"title":"Las ferias \u201cInespre Est\u00e1 de Madre\u201d impactan a m\u00e1s 120 mil personas","author":"prenxa100","date":"4 de junio de 2023","format":false,"excerpt":"Las ferias culminaron este fin de semana Azua con las ventas de miles de productos frescos y a bajos costos. M\u00e1s 120 mil personas compraron alimentos a bajos costos en las ferias \u201cInespre Est\u00e1 de Madre\u201d que fueron realizadas en San Crist\u00f3bal, Santiago, Santo Domingo Este, el Distrito Nacional todos\u2026","rel":"","context":"En \u00abECONOM\u00cdA\u00bb","block_context":{"text":"ECONOM\u00cdA","link":"https:\/\/lasprimeras.com.do\/index.php\/category\/economia\/"},"img":{"alt_text":"","src":"","width":0,"height":0},"classes":[]},{"id":56267,"url":"https:\/\/lasprimeras.com.do\/index.php\/2023\/07\/30\/miles-de-personas-se-beneficiaron-de-la-feria-inespre-esta-padrisimo-en-santo-domingo-este\/","url_meta":{"origin":92017,"position":3},"title":"Miles de personas se beneficiaron de la feria \u201cInespre Est\u00e1 Padr\u00edsimo\u201d en Santo Domingo Este","author":"Nelson Feliz","date":"30 de julio de 2023","format":false,"excerpt":"Hubo animaci\u00f3n, concursos y rifas de alimentos para gran parte de los padres participantes. Miles de personas aprovecharon las grandes ofertas de alimentos en la feria \u201cInespre Est\u00e1 Padr\u00edsimo\u201d realizada en el parqueo del Club de los Billeteros en Santo Domingo Este durante dos d\u00edas, con motivo del D\u00eda de\u2026","rel":"","context":"En \u00abECONOM\u00cdA\u00bb","block_context":{"text":"ECONOM\u00cdA","link":"https:\/\/lasprimeras.com.do\/index.php\/category\/economia\/"},"img":{"alt_text":"Iv\u00e1n Hern\u00e1ndez Guzm\u00e1n","src":"https:\/\/i0.wp.com\/lasprimeras.com.do\/wp-content\/uploads\/2023\/07\/Inespre-3.jpg?resize=350%2C200&ssl=1","width":350,"height":200,"srcset":"https:\/\/i0.wp.com\/lasprimeras.com.do\/wp-content\/uploads\/2023\/07\/Inespre-3.jpg?resize=350%2C200&ssl=1 1x, https:\/\/i0.wp.com\/lasprimeras.com.do\/wp-content\/uploads\/2023\/07\/Inespre-3.jpg?resize=525%2C300&ssl=1 1.5x, https:\/\/i0.wp.com\/lasprimeras.com.do\/wp-content\/uploads\/2023\/07\/Inespre-3.jpg?resize=700%2C400&ssl=1 2x"},"classes":[]},{"id":92117,"url":"https:\/\/lasprimeras.com.do\/index.php\/2024\/12\/29\/mas-de-500-mil-personas-fueron-beneficiadas-en-las-ferias-navidad-del-cambio-con-el-inespre\/","url_meta":{"origin":92017,"position":4},"title":"M\u00e1s de 500 mil personas fueron beneficiadas en las Ferias Navidad del Cambio con el Inespre","author":"Nelson Feliz","date":"29 de diciembre de 2024","format":false,"excerpt":"Los asistentes tuvieron acceso a m\u00e1s de 50 productos de calidad y a bajos costos, as\u00ed como de dos combos especiales. El director del Inespre destac\u00f3 que la subalimentaci\u00f3n en RD baj\u00f3 de 8.7 a 4.7, seg\u00fan la Fao. M\u00e1s de 500 mil personas fueron beneficiadas con ventas de alimentos\u2026","rel":"","context":"En \u00abECONOM\u00cdA\u00bb","block_context":{"text":"ECONOM\u00cdA","link":"https:\/\/lasprimeras.com.do\/index.php\/category\/economia\/"},"img":{"alt_text":"","src":"https:\/\/i0.wp.com\/lasprimeras.com.do\/wp-content\/uploads\/2024\/12\/ivan-guzman.jpg?resize=350%2C200&ssl=1","width":350,"height":200,"srcset":"https:\/\/i0.wp.com\/lasprimeras.com.do\/wp-content\/uploads\/2024\/12\/ivan-guzman.jpg?resize=350%2C200&ssl=1 1x, https:\/\/i0.wp.com\/lasprimeras.com.do\/wp-content\/uploads\/2024\/12\/ivan-guzman.jpg?resize=525%2C300&ssl=1 1.5x, https:\/\/i0.wp.com\/lasprimeras.com.do\/wp-content\/uploads\/2024\/12\/ivan-guzman.jpg?resize=700%2C400&ssl=1 2x"},"classes":[]},{"id":49745,"url":"https:\/\/lasprimeras.com.do\/index.php\/2023\/05\/14\/mas-de-45-mil-personas-se-benefician-con-las-ferias-inespre-esta-de-madre-en-santiago-y-san-cristobal\/","url_meta":{"origin":92017,"position":5},"title":"M\u00e1s de 45 mil personas se benefician con las ferias \u201cInespre Est\u00e1 de Madre\u201d en Santiago y San Crist\u00f3bal","author":"prenxa100","date":"14 de mayo de 2023","format":false,"excerpt":"Iv\u00e1n Hern\u00e1ndez Guzm\u00e1n anuncia el relanzamiento del programa \u201cCompra a Precio de INESPRE en el Supermercado\u201d SANTIAGO, RD. M\u00e1s de 45 mil personas se han beneficiado comprando productos a bajos costos en las ferias \u201cInespre Est\u00e1 de Madre\u201d realizadas en Santiago y San Crist\u00f3bal. As\u00ed lo inform\u00f3 el director del\u2026","rel":"","context":"En \u00abECONOM\u00cdA\u00bb","block_context":{"text":"ECONOM\u00cdA","link":"https:\/\/lasprimeras.com.do\/index.php\/category\/economia\/"},"img":{"alt_text":"","src":"","width":0,"height":0},"classes":[]}],"jetpack_sharing_enabled":true,"_links":{"self":[{"href":"https:\/\/lasprimeras.com.do\/index.php\/wp-json\/wp\/v2\/posts\/92017","targetHints":{"allow":["GET"]}}],"collection":[{"href":"https:\/\/lasprimeras.com.do\/index.php\/wp-json\/wp\/v2\/posts"}],"about":[{"href":"https:\/\/lasprimeras.com.do\/index.php\/wp-json\/wp\/v2\/types\/post"}],"author":[{"embeddable":true,"href":"https:\/\/lasprimeras.com.do\/index.php\/wp-json\/wp\/v2\/users\/2"}],"replies":[{"embeddable":true,"href":"https:\/\/lasprimeras.com.do\/index.php\/wp-json\/wp\/v2\/comments?post=92017"}],"version-history":[{"count":1,"href":"https:\/\/lasprimeras.com.do\/index.php\/wp-json\/wp\/v2\/posts\/92017\/revisions"}],"predecessor-version":[{"id":92019,"href":"https:\/\/lasprimeras.com.do\/index.php\/wp-json\/wp\/v2\/posts\/92017\/revisions\/92019"}],"wp:featuredmedia":[{"embeddable":true,"href":"https:\/\/lasprimeras.com.do\/index.php\/wp-json\/wp\/v2\/media\/92018"}],"wp:attachment":[{"href":"https:\/\/lasprimeras.com.do\/index.php\/wp-json\/wp\/v2\/media?parent=92017"}],"wp:term":[{"taxonomy":"category","embeddable":true,"href":"https:\/\/lasprimeras.com.do\/index.php\/wp-json\/wp\/v2\/categories?post=92017"},{"taxonomy":"post_tag","embeddable":true,"href":"https:\/\/lasprimeras.com.do\/index.php\/wp-json\/wp\/v2\/tags?post=92017"}],"curies":[{"name":"wp","href":"https:\/\/api.w.org\/{rel}","templated":true}]}}