{"id":92042,"date":"2024-12-13T00:03:56","date_gmt":"2024-12-13T04:03:56","guid":{"rendered":"https:\/\/lasprimeras.com.do\/?p=92042"},"modified":"2024-12-13T00:03:57","modified_gmt":"2024-12-13T04:03:57","slug":"impacto-economico-y-oportunidad-para-haiti","status":"publish","type":"post","link":"https:\/\/lasprimeras.com.do\/index.php\/2024\/12\/13\/impacto-economico-y-oportunidad-para-haiti\/","title":{"rendered":"Impacto econ\u00f3mico y oportunidad para Hait\u00ed"},"content":{"rendered":"\n<p>Por: Guillermo Juli\u00e1n Jim\u00e9nez<br>Ex presidente de la ANJE<\/p>\n\n\n\n<p>Los Programas Hemispheric Opportunity through Partnership Encouragement (HOPE) y Economic Lift Program (HELP), el primero implementado en 2006 para reducir las barreras comerciales entre Hait\u00ed y los Estados Unidos, permitiendo que los productos dise\u00f1ados en este pa\u00eds se exportaran libre de aranceles bajo ciertas condiciones.<\/p>\n\n\n\n<p>Este incentivo ha generado un aumento en las exportaciones de textiles haitianos, especialmente en sectores como la confecci\u00f3n de ropa. Por otro lado, el programa HELP, lanzado en 2010, tiene como objetivo fomentar el crecimiento econ\u00f3mico sostenible a trav\u00e9s de reformas en la infraestructura, la inversi\u00f3n extranjera y el sector privado.<\/p>\n\n\n\n<p>Los programas HOPE y HELP son iniciativas fundamentales que implementan los Estados Unidos en Am\u00e9rica Latina y Centroam\u00e9rica con la finalidad de incentivar y fomentar el desarrollo econ\u00f3mico y social.<\/p>\n\n\n\n<p>En el caso de Hait\u00ed, en el a\u00f1o 2022 se estimaba en 11.584.996 habitantes, seg\u00fan el Banco Mundial. En 2021, la poblaci\u00f3n era de 11.447.569 personas, con una densidad de 413 habitantes por kil\u00f3metro cuadrado.<\/p>\n\n\n\n<p>Hait\u00ed es considerado el pa\u00eds m\u00e1s pobre del hemisferio occidental, de manera c\u00edclica ha tenido crisis que han frenado su desarrollo; este pa\u00eds tiene problemas sist\u00e9mico end\u00e9mico de pobreza, crisis pol\u00edtica constante, gobernabilidad, falta de institucionalidad, corrupci\u00f3n, hambre, conflictos internos, desastres naturales, criminalidad, entre otros males que afectan a la poblaci\u00f3n y limitan su desarrollo.<\/p>\n\n\n\n<p>En ese sentido, el Congreso de los Estados Unidos tiene ahora una gran oportunidad de proporcionar mayor estabilidad econ\u00f3mica, pol\u00edtica, social e institucional que tanto necesita Hait\u00ed, aprobando una legislaci\u00f3n para la renovaci\u00f3n a largo plazo de los programas HOPE Y HELP, que tanto han incidido de manera positiva al pueblo haitiano.<\/p>\n\n\n\n<p>La idea es que estos programas perduren en el tiempo y que a trav\u00e9s de ellos se continue brindado la oportunidad a Hait\u00ed, para que de manera paulatina vayan trillando el camino del progreso y el desarrollo para beneficio de la poblaci\u00f3n.<\/p>\n\n\n\n<p>En s\u00edntesis, hay que destacar que los programas HOPE y HELP han aportado beneficios tangibles en aspectos fundamentales, tales como: incremento de las exportaciones y la creaci\u00f3n de empleos en sectores espec\u00edficos.<\/p>\n\n\n\n<p>En esas atenciones, estos programas han significado una esperanza para el pueblo haitiano, pero se requiere que su ejecuci\u00f3n sea a largo plazo, estableciendo estrategias que los conviertan en programas y proyectos autosustentable a largo plazo.<\/p>\n\n\n\n<p>En adicci\u00f3n a esto, la Rep\u00fablica Dominicana como parte de su pol\u00edtica internacional y gestiones realizadas ante la comunidad internacional, alertando sobre la urgencia de ir en auxilio de Hait\u00ed, deber\u00eda encaminar acciones a trav\u00e9s de la Canciller\u00eda, para el anhelo de extender los programas HOPE y HELP a largo plazo mediante una nueva legislaci\u00f3n en el Congreso de los Estados Unidos.<\/p>\n","protected":false},"excerpt":{"rendered":"<p>Por: Guillermo Juli\u00e1n Jim\u00e9nezEx presidente de la ANJE Los Programas Hemispheric Opportunity through Partnership Encouragement (HOPE) y Economic Lift Program (HELP), el primero implementado en 2006 para reducir las barreras&hellip;<\/p>\n","protected":false},"author":2,"featured_media":92043,"comment_status":"open","ping_status":"open","sticky":false,"template":"","format":"standard","meta":{"content-type":"","jetpack_post_was_ever_published":false,"_jetpack_newsletter_access":"","_jetpack_dont_email_post_to_subs":false,"_jetpack_newsletter_tier_id":0,"_jetpack_memberships_contains_paywalled_content":false,"_jetpack_memberships_contains_paid_content":false,"footnotes":""},"categories":[95],"tags":[1410,217,16674,16673,3510,13023,11039,555],"class_list":["post-92042","post","type-post","status-publish","format-standard","has-post-thumbnail","hentry","category-opinion","tag-economico","tag-haiti","tag-help","tag-hope","tag-impacto","tag-legislacion","tag-oportunidad","tag-programas"],"jetpack_featured_media_url":"https:\/\/lasprimeras.com.do\/wp-content\/uploads\/2024\/12\/Guillermo-Julian-Jimenez.jpg","jetpack-related-posts":[{"id":110936,"url":"https:\/\/lasprimeras.com.do\/index.php\/2025\/10\/02\/legisladores-expresan-preocupacion-por-fin-de-la-ley-hope-en-haiti\/","url_meta":{"origin":92042,"position":0},"title":"Legisladores expresan preocupaci\u00f3n por fin de la ley Hope en Hait\u00ed","author":"Nelson Feliz","date":"2 de octubre de 2025","format":false,"excerpt":"Los acuerdos con Estados Unidos crearon miles de empleos en zonas francas de Hait\u00ed El senador Omar Fern\u00e1ndez advierte que podr\u00eda incrementar la migraci\u00f3n hacia la Rep\u00fablica Dominicana- El vencimiento de los programas estadounidenses HOPE y HELP, que durante 19 a\u00f1os permitieron a Hait\u00ed exportar prendas de vestir libres de\u2026","rel":"","context":"En \u00abPOLITICA\u00bb","block_context":{"text":"POLITICA","link":"https:\/\/lasprimeras.com.do\/index.php\/category\/politica\/"},"img":{"alt_text":"","src":"https:\/\/i0.wp.com\/lasprimeras.com.do\/wp-content\/uploads\/2025\/10\/Omar-Fenrandez.jpg?resize=350%2C200&ssl=1","width":350,"height":200,"srcset":"https:\/\/i0.wp.com\/lasprimeras.com.do\/wp-content\/uploads\/2025\/10\/Omar-Fenrandez.jpg?resize=350%2C200&ssl=1 1x, https:\/\/i0.wp.com\/lasprimeras.com.do\/wp-content\/uploads\/2025\/10\/Omar-Fenrandez.jpg?resize=525%2C300&ssl=1 1.5x, https:\/\/i0.wp.com\/lasprimeras.com.do\/wp-content\/uploads\/2025\/10\/Omar-Fenrandez.jpg?resize=700%2C400&ssl=1 2x"},"classes":[]},{"id":104395,"url":"https:\/\/lasprimeras.com.do\/index.php\/2025\/07\/23\/exportaciones-de-republica-dominicana-hacia-haiti-crecieron-30-en-el-semestre\/","url_meta":{"origin":92042,"position":1},"title":"Exportaciones de Rep\u00fablica Dominicana hacia Hait\u00ed crecieron 30% en el semestre","author":"Nelson Feliz","date":"23 de julio de 2025","format":false,"excerpt":"En el semestre se exportaron 1,482 productos desde 20 provincias dominicanas y v\u00eda 794 exportadores. A pesar de la situaci\u00f3n social y pol\u00edtica que atraviesa Hait\u00ed, las exportaciones dominicanas hacia el vecino pa\u00eds ascendieron a US$555.46 millones en el primer semestre de este a\u00f1o, equivalentes a un aumento de 30%\u2026","rel":"","context":"En \u00abECONOM\u00cdA\u00bb","block_context":{"text":"ECONOM\u00cdA","link":"https:\/\/lasprimeras.com.do\/index.php\/category\/economia\/"},"img":{"alt_text":"","src":"https:\/\/i0.wp.com\/lasprimeras.com.do\/wp-content\/uploads\/2025\/07\/comercio.jpeg?resize=350%2C200&ssl=1","width":350,"height":200,"srcset":"https:\/\/i0.wp.com\/lasprimeras.com.do\/wp-content\/uploads\/2025\/07\/comercio.jpeg?resize=350%2C200&ssl=1 1x, https:\/\/i0.wp.com\/lasprimeras.com.do\/wp-content\/uploads\/2025\/07\/comercio.jpeg?resize=525%2C300&ssl=1 1.5x, https:\/\/i0.wp.com\/lasprimeras.com.do\/wp-content\/uploads\/2025\/07\/comercio.jpeg?resize=700%2C400&ssl=1 2x"},"classes":[]},{"id":63497,"url":"https:\/\/lasprimeras.com.do\/index.php\/2023\/10\/12\/haiti-se-propone-dejar-importar-productos-alimenticios-desde-rd\/","url_meta":{"origin":92042,"position":2},"title":"Hait\u00ed se propone dejar importar productos alimenticios desde RD","author":"BIMARY DE JES\u00daS Matos","date":"12 de octubre de 2023","format":false,"excerpt":"PUERTO PRINCIPE.- Hait\u00ed se ha embarcado en la b\u00fasqueda de soluciones a su dependencia de productos importados desde la Rep\u00fablica Dominicana. Planea comenzar con los huevos, aumentando la producci\u00f3n local y exigiendo que las exportaciones av\u00edcolas dominicanas se ajusten a las reglamentaciones internacionales. Michel Chancy, ex secretario de Estado de\u2026","rel":"","context":"En \u00abPORTADA\u00bb","block_context":{"text":"PORTADA","link":"https:\/\/lasprimeras.com.do\/index.php\/category\/portada\/"},"img":{"alt_text":"","src":"https:\/\/i0.wp.com\/lasprimeras.com.do\/wp-content\/uploads\/2023\/10\/WhatsApp-Image-2023-10-12-at-2.44.32-PM-4.jpeg?resize=350%2C200&ssl=1","width":350,"height":200,"srcset":"https:\/\/i0.wp.com\/lasprimeras.com.do\/wp-content\/uploads\/2023\/10\/WhatsApp-Image-2023-10-12-at-2.44.32-PM-4.jpeg?resize=350%2C200&ssl=1 1x, https:\/\/i0.wp.com\/lasprimeras.com.do\/wp-content\/uploads\/2023\/10\/WhatsApp-Image-2023-10-12-at-2.44.32-PM-4.jpeg?resize=525%2C300&ssl=1 1.5x, https:\/\/i0.wp.com\/lasprimeras.com.do\/wp-content\/uploads\/2023\/10\/WhatsApp-Image-2023-10-12-at-2.44.32-PM-4.jpeg?resize=700%2C400&ssl=1 2x, https:\/\/i0.wp.com\/lasprimeras.com.do\/wp-content\/uploads\/2023\/10\/WhatsApp-Image-2023-10-12-at-2.44.32-PM-4.jpeg?resize=1050%2C600&ssl=1 3x"},"classes":[]},{"id":129092,"url":"https:\/\/lasprimeras.com.do\/index.php\/2026\/04\/29\/prodominicana-y-aliados-impulsan-la-competitividad-exportadora-con-enfoque-en-diversificacion-de-mercados\/","url_meta":{"origin":92042,"position":3},"title":"ProDominicana y aliados impulsan la competitividad exportadora con enfoque en diversificaci\u00f3n de mercados","author":"Nelson Feliz","date":"29 de abril de 2026","format":false,"excerpt":"El Centro de Exportaci\u00f3n e Inversi\u00f3n de la Rep\u00fablica Dominicana (ProDominicana) en conjunto con Banco Popular Dominicano y la Red Global de Exportaci\u00f3n (RGX) realizaron el encuentro \u201cCompetitividad Exportadora: C\u00f3mo diversificar mercados y competir globalmente\u201d, un espacio orientado a fortalecer las capacidades del sector exportador dominicano frente a los retos\u2026","rel":"","context":"En \u00abECONOM\u00cdA\u00bb","block_context":{"text":"ECONOM\u00cdA","link":"https:\/\/lasprimeras.com.do\/index.php\/category\/economia\/"},"img":{"alt_text":"","src":"https:\/\/i0.wp.com\/lasprimeras.com.do\/wp-content\/uploads\/2026\/04\/IMG-20260429-WA0799.jpg?resize=350%2C200&ssl=1","width":350,"height":200,"srcset":"https:\/\/i0.wp.com\/lasprimeras.com.do\/wp-content\/uploads\/2026\/04\/IMG-20260429-WA0799.jpg?resize=350%2C200&ssl=1 1x, https:\/\/i0.wp.com\/lasprimeras.com.do\/wp-content\/uploads\/2026\/04\/IMG-20260429-WA0799.jpg?resize=525%2C300&ssl=1 1.5x, https:\/\/i0.wp.com\/lasprimeras.com.do\/wp-content\/uploads\/2026\/04\/IMG-20260429-WA0799.jpg?resize=700%2C400&ssl=1 2x, https:\/\/i0.wp.com\/lasprimeras.com.do\/wp-content\/uploads\/2026\/04\/IMG-20260429-WA0799.jpg?resize=1050%2C600&ssl=1 3x"},"classes":[]},{"id":77525,"url":"https:\/\/lasprimeras.com.do\/index.php\/2024\/02\/21\/copardom-empresas-sostenibles-generan-trabajo-decente-e-inclusion\/","url_meta":{"origin":92042,"position":4},"title":"Copardom: empresas sostenibles generan trabajo decente e inclusi\u00f3n","author":"Nelson Feliz","date":"21 de febrero de 2024","format":false,"excerpt":"La presidenta del gremio empresarial Laura Pe\u00f1a Izquierdo destaca que en la mayor\u00eda de los pa\u00edses son las empresas privadas las que crean el mayor n\u00famero de empleos, y es el sector privado el que m\u00e1s contribuye con el crecimiento y la reducci\u00f3n de la pobreza. La presidenta de la\u2026","rel":"","context":"En \u00abECONOM\u00cdA\u00bb","block_context":{"text":"ECONOM\u00cdA","link":"https:\/\/lasprimeras.com.do\/index.php\/category\/economia\/"},"img":{"alt_text":"La presidente de la Copardom, Laura Pe\u00f1a Izquierdo, habla en la sesi\u00f3n tripartita de la OIT sobre trabajo decente.","src":"https:\/\/i0.wp.com\/lasprimeras.com.do\/wp-content\/uploads\/2024\/02\/Directivos-de-la-OIT-con-representantes-de-los-sectores-oficiales-empresariales-y-trabajadores-del-pais.jpg?resize=350%2C200&ssl=1","width":350,"height":200,"srcset":"https:\/\/i0.wp.com\/lasprimeras.com.do\/wp-content\/uploads\/2024\/02\/Directivos-de-la-OIT-con-representantes-de-los-sectores-oficiales-empresariales-y-trabajadores-del-pais.jpg?resize=350%2C200&ssl=1 1x, https:\/\/i0.wp.com\/lasprimeras.com.do\/wp-content\/uploads\/2024\/02\/Directivos-de-la-OIT-con-representantes-de-los-sectores-oficiales-empresariales-y-trabajadores-del-pais.jpg?resize=525%2C300&ssl=1 1.5x, https:\/\/i0.wp.com\/lasprimeras.com.do\/wp-content\/uploads\/2024\/02\/Directivos-de-la-OIT-con-representantes-de-los-sectores-oficiales-empresariales-y-trabajadores-del-pais.jpg?resize=700%2C400&ssl=1 2x"},"classes":[]},{"id":119653,"url":"https:\/\/lasprimeras.com.do\/index.php\/2026\/01\/15\/exportaciones-dominicanas-rompen-record-en-2025-y-superan-los-usd-14600-millones\/","url_meta":{"origin":92042,"position":5},"title":"Exportaciones dominicanas rompen r\u00e9cord en 2025 y superan los USD 14,600 millones","author":"Nelson Feliz","date":"15 de enero de 2026","format":false,"excerpt":"Registran un crecimiento interanual de 13.4%, para consolidar el posicionamiento del pa\u00eds en los mercados internacionales. El\u00a0sector agropecuarioalcanz\u00f3 en 2025 un\u00a0r\u00e9cord hist\u00f3rico en exportaciones, al superar los USD 3,596.8 millones, lo que representa un crecimiento de\u00a010.1 %y un\u00a0aumento absoluto de USD 329.1 millones,adem\u00e1s de un incremento de 55.1 % en\u2026","rel":"","context":"En \u00abECONOM\u00cdA\u00bb","block_context":{"text":"ECONOM\u00cdA","link":"https:\/\/lasprimeras.com.do\/index.php\/category\/economia\/"},"img":{"alt_text":"","src":"https:\/\/i0.wp.com\/lasprimeras.com.do\/wp-content\/uploads\/2026\/01\/Biviana-Riveiro-Disla-directora-ejecutiva-de-ProDominicana.jpg-conferencia.jpg?resize=350%2C200&ssl=1","width":350,"height":200,"srcset":"https:\/\/i0.wp.com\/lasprimeras.com.do\/wp-content\/uploads\/2026\/01\/Biviana-Riveiro-Disla-directora-ejecutiva-de-ProDominicana.jpg-conferencia.jpg?resize=350%2C200&ssl=1 1x, https:\/\/i0.wp.com\/lasprimeras.com.do\/wp-content\/uploads\/2026\/01\/Biviana-Riveiro-Disla-directora-ejecutiva-de-ProDominicana.jpg-conferencia.jpg?resize=525%2C300&ssl=1 1.5x, https:\/\/i0.wp.com\/lasprimeras.com.do\/wp-content\/uploads\/2026\/01\/Biviana-Riveiro-Disla-directora-ejecutiva-de-ProDominicana.jpg-conferencia.jpg?resize=700%2C400&ssl=1 2x, https:\/\/i0.wp.com\/lasprimeras.com.do\/wp-content\/uploads\/2026\/01\/Biviana-Riveiro-Disla-directora-ejecutiva-de-ProDominicana.jpg-conferencia.jpg?resize=1050%2C600&ssl=1 3x"},"classes":[]}],"jetpack_sharing_enabled":true,"_links":{"self":[{"href":"https:\/\/lasprimeras.com.do\/index.php\/wp-json\/wp\/v2\/posts\/92042","targetHints":{"allow":["GET"]}}],"collection":[{"href":"https:\/\/lasprimeras.com.do\/index.php\/wp-json\/wp\/v2\/posts"}],"about":[{"href":"https:\/\/lasprimeras.com.do\/index.php\/wp-json\/wp\/v2\/types\/post"}],"author":[{"embeddable":true,"href":"https:\/\/lasprimeras.com.do\/index.php\/wp-json\/wp\/v2\/users\/2"}],"replies":[{"embeddable":true,"href":"https:\/\/lasprimeras.com.do\/index.php\/wp-json\/wp\/v2\/comments?post=92042"}],"version-history":[{"count":1,"href":"https:\/\/lasprimeras.com.do\/index.php\/wp-json\/wp\/v2\/posts\/92042\/revisions"}],"predecessor-version":[{"id":92044,"href":"https:\/\/lasprimeras.com.do\/index.php\/wp-json\/wp\/v2\/posts\/92042\/revisions\/92044"}],"wp:featuredmedia":[{"embeddable":true,"href":"https:\/\/lasprimeras.com.do\/index.php\/wp-json\/wp\/v2\/media\/92043"}],"wp:attachment":[{"href":"https:\/\/lasprimeras.com.do\/index.php\/wp-json\/wp\/v2\/media?parent=92042"}],"wp:term":[{"taxonomy":"category","embeddable":true,"href":"https:\/\/lasprimeras.com.do\/index.php\/wp-json\/wp\/v2\/categories?post=92042"},{"taxonomy":"post_tag","embeddable":true,"href":"https:\/\/lasprimeras.com.do\/index.php\/wp-json\/wp\/v2\/tags?post=92042"}],"curies":[{"name":"wp","href":"https:\/\/api.w.org\/{rel}","templated":true}]}}