{"id":92053,"date":"2024-12-14T23:20:18","date_gmt":"2024-12-15T03:20:18","guid":{"rendered":"https:\/\/lasprimeras.com.do\/?p=92053"},"modified":"2024-12-14T23:20:19","modified_gmt":"2024-12-15T03:20:19","slug":"arrestan-exministro-defensa-gobierno-de-bolsonaro","status":"publish","type":"post","link":"https:\/\/lasprimeras.com.do\/index.php\/2024\/12\/14\/arrestan-exministro-defensa-gobierno-de-bolsonaro\/","title":{"rendered":"Arrestan exministro Defensa gobierno de Bolsonaro"},"content":{"rendered":"\n<p>R\u00edo de Janeiro (EFE).- El general retirado Walter Braga Neto, arrestado este s\u00e1bado por obstruir las investigaciones sobre el supuesto intento de golpe de Estado en Brasil en 2022, se le considera por los investigadores como el principal l\u00edder en la trama para impedir la investidura de Luiz In\u00e1cio Lula da Silva.<\/p>\n\n\n\n<p>Braga Neto, uno de los principales hombres de confianza del expresidente Jair Bolsonaro y que fue ministro de Defensa y de la Presidencia en el Gobierno del l\u00edder ultraderechista, fue detenido en su residencia en R\u00edo de Janeiro por orden de la Corte Suprema y luego de que la Polic\u00eda Federal lo acusara de maniobras para obstruir las investigaciones y la recopilaci\u00f3n de pruebas.<\/p>\n\n\n\n<p>El general de la reserva, que tambi\u00e9n fue candidato a vicepresidente como compa\u00f1ero de Bolsonaro en las elecciones de 2022, se le llev\u00f3 a la sede de la Primera Divisi\u00f3n del Ej\u00e9rcito, en la llamada \u2018Villa Militar\u2019 de R\u00edo de Janeiro, donde se le puso bajo custodia de las Fuerzas Armadas por tener derecho a permanecer en una celda especial en un cuartel militar.<\/p>\n\n\n\n<p>El exministro se le se\u00f1ala como uno de los l\u00edderes de la trama golpista tanto en la investigaci\u00f3n de la Polic\u00eda Federal que concluy\u00f3 con la petici\u00f3n de cargos contra 37 acusados, incluyendo a Bolsonaro, como en la sentencia en que se orden\u00f3 su arresto.<\/p>\n\n\n\n<p>El magistrado Alexandre de Moraes, miembro del Supremo Tribunal Federal responsable por la investigaci\u00f3n y por la orden de detenci\u00f3n, asegur\u00f3 en su sentencia que Braga Netto intent\u00f3 obtener informaciones sigilosas del testimonio rendido por el teniente coronel Mauro Cid, edec\u00e1n de Bolsonaro y quien se acogi\u00f3 a un acuerdo para colaborar con la investigaci\u00f3n.<\/p>\n\n\n\n<p>El papel de Walter Braga Neto<\/p>\n\n\n\n<p>Las investigaciones \u201crevelaron la grav\u00edsima participaci\u00f3n de Walter Braga Neto en los hechos investigados y su verdadero papel de l\u00edder, organizador y financiador\u201d, seg\u00fan la sentencia del magistrado.<\/p>\n\n\n\n<p>De Moraes agreg\u00f3 que la Polic\u00eda Federal recogi\u00f3 \u201crelevantes indicios\u201d de que el general retirado \u201cactu\u00f3 reiteradamente para dificultar las investigaciones\u201d.<\/p>\n\n\n\n<p>Para los responsables por la investigaci\u00f3n sobre el intento de golpe, el exministro era \u201cla cabeza, el mentor del golpe, aunque bajo comando de Bolsonaro\u201d, que ser\u00eda el principal beneficiado.<\/p>\n\n\n\n<p>Los investigadores se\u00f1alan en su informe a Braga Netto no solo como el principal instigador del golpe sino tambi\u00e9n como la principal autoridad en su planificaci\u00f3n y quien daba respaldo y credibilidad entre los miembros de las Fuerzas Armadas.<\/p>\n\n\n\n<p>Su nombre aparece en varios de los apartes del informe policial como coordinador de las acciones il\u00edcitas realizadas por militares con formaci\u00f3n en Fuerzas Especiales.<\/p>\n\n\n\n<p>El informe se\u00f1ala igualmente que el general le entreg\u00f3 dinero a estos militares para financiar sus acciones.<\/p>\n\n\n\n<p>Igualmente que intent\u00f3 \u201ccontrolar las informaciones ofrecidas y alinear las versiones entre los investigados\u201d.<\/p>\n\n\n\n<p>Los acusados<\/p>\n\n\n\n<p>La investigaci\u00f3n tambi\u00e9n indic\u00f3 que tuvo un papel importante en la organizaci\u00f3n de una supuesta operaci\u00f3n clandestina para intentar arrestar y asesinar a De Moraes, que en la \u00e9poca era el presidente del Supremo Tribunal Electoral.<\/p>\n","protected":false},"excerpt":{"rendered":"<p>R\u00edo de Janeiro (EFE).- El general retirado Walter Braga Neto, arrestado este s\u00e1bado por obstruir las investigaciones sobre el supuesto intento de golpe de Estado en Brasil en 2022, se&hellip;<\/p>\n","protected":false},"author":2,"featured_media":92054,"comment_status":"open","ping_status":"open","sticky":false,"template":"","format":"standard","meta":{"content-type":"","jetpack_post_was_ever_published":false,"_jetpack_newsletter_access":"","_jetpack_dont_email_post_to_subs":false,"_jetpack_newsletter_tier_id":0,"_jetpack_memberships_contains_paywalled_content":false,"_jetpack_memberships_contains_paid_content":false,"footnotes":""},"categories":[16289],"tags":[399,353,1028,171,16167,16675],"class_list":["post-92053","post","type-post","status-publish","format-standard","has-post-thumbnail","hentry","category-internacionales","tag-arrestan","tag-defensa","tag-exministro","tag-gobierno","tag-jair-bolsonaro","tag-walter-braga-neto"],"jetpack_featured_media_url":"https:\/\/lasprimeras.com.do\/wp-content\/uploads\/2024\/12\/Walter-Braga-Neto.jpg","jetpack-related-posts":[{"id":96179,"url":"https:\/\/lasprimeras.com.do\/index.php\/2025\/03\/26\/supremo-tribunal-de-brasil-inicia-segundo-dia-de-juicio-a-bolsonaro-por-intento-de-golpe-de-estado\/","url_meta":{"origin":92053,"position":0},"title":"Supremo Tribunal de Brasil inicia segundo d\u00eda de juicio a Bolsonaro por intento de golpe de Estado","author":"Nelson Feliz","date":"26 de marzo de 2025","format":false,"excerpt":"POR EL\u00c9ONORE HUGHES R\u00cdO DE JANEIRO (AP) \u2014 Un panel del Supremo Tribunal Federal de Brasil se reuni\u00f3 el mi\u00e9rcoles por segundo d\u00eda consecutivo para decidir si el expresidente Jair Bolsonaro y varios de sus aliados ser\u00e1n juzgados por cinco cargos, incluido el intento de realizar un golpe de Estado.\u2026","rel":"","context":"En \u00abINTERNACIONALES\u00bb","block_context":{"text":"INTERNACIONALES","link":"https:\/\/lasprimeras.com.do\/index.php\/category\/sin-categoria\/internacionales\/"},"img":{"alt_text":"","src":"https:\/\/i0.wp.com\/lasprimeras.com.do\/wp-content\/uploads\/2025\/03\/Jair-Bolsonaro.jpg?resize=350%2C200&ssl=1","width":350,"height":200,"srcset":"https:\/\/i0.wp.com\/lasprimeras.com.do\/wp-content\/uploads\/2025\/03\/Jair-Bolsonaro.jpg?resize=350%2C200&ssl=1 1x, https:\/\/i0.wp.com\/lasprimeras.com.do\/wp-content\/uploads\/2025\/03\/Jair-Bolsonaro.jpg?resize=525%2C300&ssl=1 1.5x, https:\/\/i0.wp.com\/lasprimeras.com.do\/wp-content\/uploads\/2025\/03\/Jair-Bolsonaro.jpg?resize=700%2C400&ssl=1 2x"},"classes":[]},{"id":107977,"url":"https:\/\/lasprimeras.com.do\/index.php\/2025\/09\/02\/comienza-la-fase-de-veredicto-y-sentencia-del-historico-juicio-por-conspiracion-electoral-contra-bolsonaro-en-brasil\/","url_meta":{"origin":92053,"position":1},"title":"Comienza la fase de veredicto y sentencia del &#8216;hist\u00f3rico&#8217; juicio por conspiraci\u00f3n electoral contra Bolsonaro en Brasil","author":"Nelson Feliz","date":"2 de septiembre de 2025","format":false,"excerpt":"Por EL\u00c9ONORE HUGHES R\u00cdO DE JANEIRO (AP) \u2014 El destino del expresidente brasile\u00f1o Jair Bolsonaro pend\u00eda de un hilo el martes cuando estaba a punto de comenzar la fase de veredicto y sentencia de su juicio por presuntamente liderar una conspiraci\u00f3n para permanecer en el poder. Un panel de la\u2026","rel":"","context":"En \u00abINTERNACIONALES\u00bb","block_context":{"text":"INTERNACIONALES","link":"https:\/\/lasprimeras.com.do\/index.php\/category\/sin-categoria\/internacionales\/"},"img":{"alt_text":"","src":"https:\/\/i0.wp.com\/lasprimeras.com.do\/wp-content\/uploads\/2025\/09\/bolso.jpg?resize=350%2C200&ssl=1","width":350,"height":200,"srcset":"https:\/\/i0.wp.com\/lasprimeras.com.do\/wp-content\/uploads\/2025\/09\/bolso.jpg?resize=350%2C200&ssl=1 1x, https:\/\/i0.wp.com\/lasprimeras.com.do\/wp-content\/uploads\/2025\/09\/bolso.jpg?resize=525%2C300&ssl=1 1.5x, https:\/\/i0.wp.com\/lasprimeras.com.do\/wp-content\/uploads\/2025\/09\/bolso.jpg?resize=700%2C400&ssl=1 2x"},"classes":[]},{"id":115856,"url":"https:\/\/lasprimeras.com.do\/index.php\/2025\/11\/25\/brasil-el-expresidente-bolsonaro-inicia-su-condena-de-27-anos-de-prision-por-plan-golpista\/","url_meta":{"origin":92053,"position":2},"title":"Brasil: El expresidente Bolsonaro inicia su condena de 27 a\u00f1os de prisi\u00f3n por plan golpista","author":"Nelson Feliz","date":"25 de noviembre de 2025","format":false,"excerpt":"POR MAURICIO SAVARESE BRASILIA, Brasil (AP) \u2014 El expresidente brasile\u00f1o Jair Bolsonaro comenz\u00f3 el martes a cumplir su condena de 27 a\u00f1os de prisi\u00f3n por liderar un intento de golpe de Estado, para sorpresa de muchos en la naci\u00f3n sudamericana que dudaban que alguna vez terminar\u00eda tras las rejas. El\u2026","rel":"","context":"En \u00abINTERNACIONALES\u00bb","block_context":{"text":"INTERNACIONALES","link":"https:\/\/lasprimeras.com.do\/index.php\/category\/sin-categoria\/internacionales\/"},"img":{"alt_text":"","src":"https:\/\/i0.wp.com\/lasprimeras.com.do\/wp-content\/uploads\/2025\/11\/Jair-Bolsonaro.jpg?resize=350%2C200&ssl=1","width":350,"height":200,"srcset":"https:\/\/i0.wp.com\/lasprimeras.com.do\/wp-content\/uploads\/2025\/11\/Jair-Bolsonaro.jpg?resize=350%2C200&ssl=1 1x, https:\/\/i0.wp.com\/lasprimeras.com.do\/wp-content\/uploads\/2025\/11\/Jair-Bolsonaro.jpg?resize=525%2C300&ssl=1 1.5x, https:\/\/i0.wp.com\/lasprimeras.com.do\/wp-content\/uploads\/2025\/11\/Jair-Bolsonaro.jpg?resize=700%2C400&ssl=1 2x"},"classes":[]},{"id":108166,"url":"https:\/\/lasprimeras.com.do\/index.php\/2025\/09\/03\/abogado-defensor-dice-que-no-hay-pruebas-de-que-bolsonaro-intentara-llevar-a-cabo-golpe\/","url_meta":{"origin":92053,"position":3},"title":"Abogado defensor dice que no hay pruebas de que Bolsonaro intentara llevar a cabo golpe","author":"Nelson Feliz","date":"3 de septiembre de 2025","format":false,"excerpt":"POR EL\u00c9ONORE HUGHES and LUCAS DUMPHREYS BRASILIA (AP) \u2014 Los abogados del expresidente brasile\u00f1o Jair Bolsonaro declararon el mi\u00e9rcoles en un \u00faltimo esfuerzo por defenderlo en la corte que no hay evidencia de que intentara llevar a cabo un golpe de Estado. En el segundo d\u00eda de la fase de\u2026","rel":"","context":"En \u00abINTERNACIONALES\u00bb","block_context":{"text":"INTERNACIONALES","link":"https:\/\/lasprimeras.com.do\/index.php\/category\/sin-categoria\/internacionales\/"},"img":{"alt_text":"","src":"https:\/\/i0.wp.com\/lasprimeras.com.do\/wp-content\/uploads\/2025\/09\/bolsonaro.jpg?resize=350%2C200&ssl=1","width":350,"height":200,"srcset":"https:\/\/i0.wp.com\/lasprimeras.com.do\/wp-content\/uploads\/2025\/09\/bolsonaro.jpg?resize=350%2C200&ssl=1 1x, https:\/\/i0.wp.com\/lasprimeras.com.do\/wp-content\/uploads\/2025\/09\/bolsonaro.jpg?resize=525%2C300&ssl=1 1.5x, https:\/\/i0.wp.com\/lasprimeras.com.do\/wp-content\/uploads\/2025\/09\/bolsonaro.jpg?resize=700%2C400&ssl=1 2x"},"classes":[]},{"id":108650,"url":"https:\/\/lasprimeras.com.do\/index.php\/2025\/09\/09\/la-corte-suprema-de-brasil-se-acerca-a-un-veredicto-en-el-juicio-por-complot-golpista-contra-el-expresidente-jair-bolsonaro\/","url_meta":{"origin":92053,"position":4},"title":"La Corte Suprema de Brasil se acerca a un veredicto en el juicio por complot golpista contra el expresidente Jair Bolsonaro","author":"Nelson Feliz","date":"9 de septiembre de 2025","format":false,"excerpt":"Por EL\u00c9ONORE HUGHES y MAURICIO SAVARESE BRASILIA, Brasil (AP) \u2014 Un panel de jueces de la Corte Suprema decidir\u00e1 esta semana si el expresidente Jair Bolsonaro es culpable o no de conspirar para derrocar la democracia de Brasil y aferrarse al poder ilegalmente despu\u00e9s de su derrota electoral de 2022\u2026","rel":"","context":"En \u00abINTERNACIONALES\u00bb","block_context":{"text":"INTERNACIONALES","link":"https:\/\/lasprimeras.com.do\/index.php\/category\/sin-categoria\/internacionales\/"},"img":{"alt_text":"","src":"https:\/\/i0.wp.com\/lasprimeras.com.do\/wp-content\/uploads\/2025\/03\/Jair-Bolsonaro.jpg?resize=350%2C200&ssl=1","width":350,"height":200,"srcset":"https:\/\/i0.wp.com\/lasprimeras.com.do\/wp-content\/uploads\/2025\/03\/Jair-Bolsonaro.jpg?resize=350%2C200&ssl=1 1x, https:\/\/i0.wp.com\/lasprimeras.com.do\/wp-content\/uploads\/2025\/03\/Jair-Bolsonaro.jpg?resize=525%2C300&ssl=1 1.5x, https:\/\/i0.wp.com\/lasprimeras.com.do\/wp-content\/uploads\/2025\/03\/Jair-Bolsonaro.jpg?resize=700%2C400&ssl=1 2x"},"classes":[]},{"id":108497,"url":"https:\/\/lasprimeras.com.do\/index.php\/2025\/09\/07\/miles-marchan-en-brasil-en-apoyo-a-bolsonaro-lula-pide-soberania-frente-a-trump\/","url_meta":{"origin":92053,"position":5},"title":"Miles marchan en Brasil en apoyo a Bolsonaro; Lula pide soberan\u00eda frente a Trump","author":"Nelson Feliz","date":"7 de septiembre de 2025","format":false,"excerpt":"POREL\u00c9ONORE HUGHES and MAURICIO SAVARESE R\u00cdO DE JANEIRO (AP) \u2014 Miles de seguidores del expresidente de Brasil, Jair Bolsonaro, salieron a las calles el domingo, en el D\u00eda de la Independencia, para manifestarse contra el Tribunal Supremo antes de su veredicto esta semana en el juicio contra su l\u00edder, quien\u2026","rel":"","context":"En \u00abINTERNACIONALES\u00bb","block_context":{"text":"INTERNACIONALES","link":"https:\/\/lasprimeras.com.do\/index.php\/category\/sin-categoria\/internacionales\/"},"img":{"alt_text":"","src":"https:\/\/i0.wp.com\/lasprimeras.com.do\/wp-content\/uploads\/2025\/09\/bolso-1.jpg?resize=350%2C200&ssl=1","width":350,"height":200,"srcset":"https:\/\/i0.wp.com\/lasprimeras.com.do\/wp-content\/uploads\/2025\/09\/bolso-1.jpg?resize=350%2C200&ssl=1 1x, https:\/\/i0.wp.com\/lasprimeras.com.do\/wp-content\/uploads\/2025\/09\/bolso-1.jpg?resize=525%2C300&ssl=1 1.5x, https:\/\/i0.wp.com\/lasprimeras.com.do\/wp-content\/uploads\/2025\/09\/bolso-1.jpg?resize=700%2C400&ssl=1 2x"},"classes":[]}],"jetpack_sharing_enabled":true,"_links":{"self":[{"href":"https:\/\/lasprimeras.com.do\/index.php\/wp-json\/wp\/v2\/posts\/92053","targetHints":{"allow":["GET"]}}],"collection":[{"href":"https:\/\/lasprimeras.com.do\/index.php\/wp-json\/wp\/v2\/posts"}],"about":[{"href":"https:\/\/lasprimeras.com.do\/index.php\/wp-json\/wp\/v2\/types\/post"}],"author":[{"embeddable":true,"href":"https:\/\/lasprimeras.com.do\/index.php\/wp-json\/wp\/v2\/users\/2"}],"replies":[{"embeddable":true,"href":"https:\/\/lasprimeras.com.do\/index.php\/wp-json\/wp\/v2\/comments?post=92053"}],"version-history":[{"count":1,"href":"https:\/\/lasprimeras.com.do\/index.php\/wp-json\/wp\/v2\/posts\/92053\/revisions"}],"predecessor-version":[{"id":92055,"href":"https:\/\/lasprimeras.com.do\/index.php\/wp-json\/wp\/v2\/posts\/92053\/revisions\/92055"}],"wp:featuredmedia":[{"embeddable":true,"href":"https:\/\/lasprimeras.com.do\/index.php\/wp-json\/wp\/v2\/media\/92054"}],"wp:attachment":[{"href":"https:\/\/lasprimeras.com.do\/index.php\/wp-json\/wp\/v2\/media?parent=92053"}],"wp:term":[{"taxonomy":"category","embeddable":true,"href":"https:\/\/lasprimeras.com.do\/index.php\/wp-json\/wp\/v2\/categories?post=92053"},{"taxonomy":"post_tag","embeddable":true,"href":"https:\/\/lasprimeras.com.do\/index.php\/wp-json\/wp\/v2\/tags?post=92053"}],"curies":[{"name":"wp","href":"https:\/\/api.w.org\/{rel}","templated":true}]}}