{"id":92059,"date":"2024-12-14T23:33:35","date_gmt":"2024-12-15T03:33:35","guid":{"rendered":"https:\/\/lasprimeras.com.do\/?p=92059"},"modified":"2024-12-14T23:37:37","modified_gmt":"2024-12-15T03:37:37","slug":"jeidel-kairo-y-daniela-murieron-calcinados-en-un-incendio-en-san-cristobal","status":"publish","type":"post","link":"https:\/\/lasprimeras.com.do\/index.php\/2024\/12\/14\/jeidel-kairo-y-daniela-murieron-calcinados-en-un-incendio-en-san-cristobal\/","title":{"rendered":"Jeidel, Kairo y Daniela murieron calcinados en un incendio en San Crist\u00f3bal"},"content":{"rendered":"\n<p><strong>El fuego arras\u00f3 su humilde vivienda mientras la abuela hab\u00eda salido brevemente a comprarles la cena<\/strong><\/p>\n\n\n\n<p>Jusety P\u00e9rez<\/p>\n\n\n\n<p>Una tragedia conmocion\u00f3 a la comunidad de Los Toros, en el municipio de Cambita Garabitos, provincia San Crist\u00f3bal: tres hermanos, de 4 a\u00f1os, 2 a\u00f1os y 9 meses, murieron calcinados en un incendio que arras\u00f3 la vivienda donde resid\u00edan junto a su abuela, quien en ese momento hab\u00eda salido a un colmado para comprarles la cena.<\/p>\n\n\n\n<p>La humilde casa, construida con zinc y madera, qued\u00f3 completamente destruida por las llamas, que seg\u00fan las investigaciones preliminares, habr\u00edan sido causadas por un cortocircuito. Solo qued\u00f3 parte de una estufa y el juguete de uno de los infantes.<\/p>\n\n\n\n<p>Los vecinos se\u00f1alaron que intentaron sofocar el incendio con cubetas de agua y arena, pero las llamas avanzaron con rapidez, impidiendo el acceso a la vivienda para rescatar a los peque\u00f1os.<\/p>\n\n\n\n<p>Nelly Hern\u00e1ndez Rosario, la abuela de los ni\u00f1os, regres\u00f3 a la vivienda y la encontr\u00f3 envuelta en llamas. Aunque intent\u00f3 ingresar para salvar a sus nietos, los comunitarios la detuvieron al darse cuenta de que ya era demasiado tarde.<\/p>\n\n\n\n<p>Los hermanos Jeidel, Kairo y Daniela Hern\u00e1ndez eran ni\u00f1os muy alegres y se &#8220;cuidaban mutuamente&#8221;, seg\u00fan expres\u00f3 su t\u00eda, Marilenny Hern\u00e1ndez.<\/p>\n\n\n\n<p>&#8220;A esos ni\u00f1os todo el mundo los quer\u00eda, todo el mundo los llamaba. Justamente una vecina, ah\u00ed al frente, cada vez que ellos pasaban, los llamaban y ellos se cuidaban entre s\u00ed. Eran tres ni\u00f1os muy alegres&#8221;, expres\u00f3.<\/p>\n\n\n\n<p>Agreg\u00f3 que no existen palabras para describir el dolor que siente la familia por la p\u00e9rdida de los peque\u00f1os y que solo Dios podr\u00e1 brindarles la fortaleza necesaria para superar esta tragedia.<\/p>\n\n\n\n<p>Los familiares se\u00f1alaron que los socorristas del Cuerpo de Bomberos de San Crist\u00f3bal llegaron aproximadamente media hora despu\u00e9s de haber solicitado ayuda a trav\u00e9s del Sistema Nacional de Emergencias 9-1-1. Sin embargo, consideraron que la respuesta fue r\u00e1pida, dado lo dif\u00edcil que resulta acceder a la vivienda, ubicada en una zona monta\u00f1osa.<\/p>\n\n\n\n<p>La madre est\u00e1 detenida<\/p>\n\n\n\n<p>Las autoridades tiene detenida a la madre de los ni\u00f1os. Martha Hern\u00e1ndez fue detenida la noche del viernes y permanece en el Departamento Regional de la Polic\u00eda Nacional, mejor conocido como el destacamento &#8220;La 17&#8221;. La abuela tambi\u00e9n ofreci\u00f3 declaraciones a las autoridades.<\/p>\n\n\n\n<p>De acuerdo con una t\u00eda de los menores, Martha trabaja en un bar, lo que la obligaba a dejar a sus hijos bajo la supervisi\u00f3n de su madre durante las noches para poder sustentar a la familia.<\/p>\n\n\n\n<p>Personal de Edesur realiza levantamiento<\/p>\n\n\n\n<p>Un equipo de la Empresa Distribuidora de Electricidad del Sur (Edesur) se present\u00f3 la ma\u00f1ana de este s\u00e1bado en el lugar para realizar un levantamiento, ya que, supuestamente, el incendio habr\u00eda sido provocado por un cortocircuito.<\/p>\n\n\n\n<p>Hasta el momento, se desconoce la causa exacta. No obstante, los t\u00e9cnicos informaron a Diario Libre que las conexiones el\u00e9ctricas de la vivienda eran irregulares. Los menores ser\u00e1n sepultados en el cementerio municipal de Las Guamas.<\/p>\n\n\n\n<p>DL<\/p>\n","protected":false},"excerpt":{"rendered":"<p>El fuego arras\u00f3 su humilde vivienda mientras la abuela hab\u00eda salido brevemente a comprarles la cena Jusety P\u00e9rez Una tragedia conmocion\u00f3 a la comunidad de Los Toros, en el municipio&hellip;<\/p>\n","protected":false},"author":2,"featured_media":92060,"comment_status":"open","ping_status":"open","sticky":false,"template":"","format":"standard","meta":{"content-type":"","jetpack_post_was_ever_published":false,"_jetpack_newsletter_access":"","_jetpack_dont_email_post_to_subs":false,"_jetpack_newsletter_tier_id":0,"_jetpack_memberships_contains_paywalled_content":false,"_jetpack_memberships_contains_paid_content":false,"footnotes":""},"categories":[35,25],"tags":[16680,16679,1399,16678,16677,57,651],"class_list":["post-92059","post","type-post","status-publish","format-standard","has-post-thumbnail","hentry","category-nacionales","category-portada","tag-calcinados","tag-daniela","tag-incendio","tag-jeidel","tag-kairo","tag-murieron","tag-san-cristobal"],"jetpack_featured_media_url":"https:\/\/lasprimeras.com.do\/wp-content\/uploads\/2024\/12\/INCENDIO.jpg","jetpack-related-posts":[{"id":48457,"url":"https:\/\/lasprimeras.com.do\/index.php\/2023\/05\/01\/dos-ninos-murieron-en-un-fuego-en-la-casa-donde-residian-en-sfm\/","url_meta":{"origin":92059,"position":0},"title":"Dos ni\u00f1os murieron en un fuego en la casa donde resid\u00edan en SFM","author":"prenxa100","date":"1 de mayo de 2023","format":false,"excerpt":"SAN FRANCISCO DE MACORIS.- Dos ni\u00f1os fallecieron calcinados y otro result\u00f3 herido al incendiarse la vivienda donde resid\u00edan en el sector Los Jardines, de este municipio. Los muertos son Wandaly Rivera Castro, de un a\u00f1o, y su hermano Wilfry Rivera Castro, de tres. El nombre del herido no fue revelado\u2026","rel":"","context":"En \u00abNACIONALES\u00bb","block_context":{"text":"NACIONALES","link":"https:\/\/lasprimeras.com.do\/index.php\/category\/nacionales\/"},"img":{"alt_text":"","src":"","width":0,"height":0},"classes":[]},{"id":78497,"url":"https:\/\/lasprimeras.com.do\/index.php\/2024\/03\/17\/hombre-de-71-anos-muere-calcinado-en-un-incendio-en-la-romana\/","url_meta":{"origin":92059,"position":1},"title":"Hombre de 71 a\u00f1os muere calcinado en un incendio en La Romana","author":"Nelson Feliz","date":"17 de marzo de 2024","format":false,"excerpt":"Un hombre muri\u00f3 calcinado tras registrarse un incendio en la vivienda donde resid\u00eda en Los Altos\u00a0 de R\u00edo Dulce en La Romana. El lamentable hecho ocurri\u00f3 en la noche del pasado viernes. El siniestro se produjo en una vivienda de zinc y de\u00a0 madera ubicada en el Callej\u00f3n # 1\u2026","rel":"","context":"En \u00abNACIONALES\u00bb","block_context":{"text":"NACIONALES","link":"https:\/\/lasprimeras.com.do\/index.php\/category\/nacionales\/"},"img":{"alt_text":"Pedro Garc\u00eda","src":"https:\/\/i0.wp.com\/lasprimeras.com.do\/wp-content\/uploads\/2024\/03\/Pedro-Garcia.jpg?resize=350%2C200&ssl=1","width":350,"height":200},"classes":[]},{"id":84533,"url":"https:\/\/lasprimeras.com.do\/index.php\/2024\/06\/10\/muere-mujer-calcinada-al-incendiarse-vivienda-en-monte-plata\/","url_meta":{"origin":92059,"position":2},"title":"Muere mujer calcinada al incendiarse vivienda en Monte Plata","author":"Nelson Feliz","date":"10 de junio de 2024","format":false,"excerpt":"Por Roberto Rodr\u00edguez Una mujer muri\u00f3calcinada al incendiarse su casa al mediod\u00eda de este domingo, en la comunidad Buena Vista del municipio Sabana Grande de Boy\u00e1, en la provincia de Monte Plata. De acuerdo a informaciones preliminares, el fallecimiento de la mujer a quien todav\u00eda no han podido identificar, fue\u2026","rel":"","context":"En \u00abNACIONALES\u00bb","block_context":{"text":"NACIONALES","link":"https:\/\/lasprimeras.com.do\/index.php\/category\/nacionales\/"},"img":{"alt_text":"","src":"https:\/\/i0.wp.com\/lasprimeras.com.do\/wp-content\/uploads\/2024\/06\/vivienda.jpeg?resize=350%2C200&ssl=1","width":350,"height":200,"srcset":"https:\/\/i0.wp.com\/lasprimeras.com.do\/wp-content\/uploads\/2024\/06\/vivienda.jpeg?resize=350%2C200&ssl=1 1x, https:\/\/i0.wp.com\/lasprimeras.com.do\/wp-content\/uploads\/2024\/06\/vivienda.jpeg?resize=525%2C300&ssl=1 1.5x, https:\/\/i0.wp.com\/lasprimeras.com.do\/wp-content\/uploads\/2024\/06\/vivienda.jpeg?resize=700%2C400&ssl=1 2x, https:\/\/i0.wp.com\/lasprimeras.com.do\/wp-content\/uploads\/2024\/06\/vivienda.jpeg?resize=1050%2C600&ssl=1 3x"},"classes":[]},{"id":80257,"url":"https:\/\/lasprimeras.com.do\/index.php\/2024\/04\/05\/nino-de-12-anos-muere-calcinado-al-incendiarse-vivienda-en-monte-plata\/","url_meta":{"origin":92059,"position":3},"title":"Ni\u00f1o de 12 a\u00f1os muere calcinado al incendiarse vivienda en Monte Plata","author":"BIMARY DE JES\u00daS Matos","date":"5 de abril de 2024","format":false,"excerpt":"Yamas\u00e1.- Monte Plata.-Un ni\u00f1o de 12 a\u00f1os muri\u00f3 calcinado la ma\u00f1ana de este viernes, al incendiarse su vivienda en el sector El Mango del distrito municipal de Los Botados, perteneciente al municipio Yamas\u00e1, en la provincia Monte Plata. El fallecido fue identificado como Fabi\u00e1n Bello Ram\u00edrez, de 12 a\u00f1os. Seg\u00fan\u2026","rel":"","context":"En \u00abPORTADA\u00bb","block_context":{"text":"PORTADA","link":"https:\/\/lasprimeras.com.do\/index.php\/category\/portada\/"},"img":{"alt_text":"","src":"https:\/\/i0.wp.com\/lasprimeras.com.do\/wp-content\/uploads\/2024\/04\/WhatsApp-Image-2024-01-26-at-12.10.49-PM-10.jpeg?resize=350%2C200&ssl=1","width":350,"height":200,"srcset":"https:\/\/i0.wp.com\/lasprimeras.com.do\/wp-content\/uploads\/2024\/04\/WhatsApp-Image-2024-01-26-at-12.10.49-PM-10.jpeg?resize=350%2C200&ssl=1 1x, https:\/\/i0.wp.com\/lasprimeras.com.do\/wp-content\/uploads\/2024\/04\/WhatsApp-Image-2024-01-26-at-12.10.49-PM-10.jpeg?resize=525%2C300&ssl=1 1.5x, https:\/\/i0.wp.com\/lasprimeras.com.do\/wp-content\/uploads\/2024\/04\/WhatsApp-Image-2024-01-26-at-12.10.49-PM-10.jpeg?resize=700%2C400&ssl=1 2x"},"classes":[]},{"id":83948,"url":"https:\/\/lasprimeras.com.do\/index.php\/2024\/05\/28\/mueren-tres-personas-calcinadas-en-un-accidente-de-transito-en-guerra-cntu-lamenta\/","url_meta":{"origin":92059,"position":4},"title":"Mueren tres personas calcinadas en un accidente de tr\u00e1nsito en Guerra; CNTU lamenta","author":"Nelson Feliz","date":"28 de mayo de 2024","format":false,"excerpt":"El presidente de la Central Nacional de Transportistas Unificados (CNTU), William P\u00e9rez Figuereo, lament\u00f3 la tragedia ocurrida este domingo, donde tres personas fallecieron en un accidente de tr\u00e1nsito cuando el veh\u00edculo en que viajaban impact\u00f3 un poste del tendido el\u00e9ctrico y se incendio, muriendo calcinados los ocupantes. El presidente de\u2026","rel":"","context":"En \u00abNACIONALES\u00bb","block_context":{"text":"NACIONALES","link":"https:\/\/lasprimeras.com.do\/index.php\/category\/nacionales\/"},"img":{"alt_text":"William P\u00e9rez Figuereo","src":"https:\/\/i0.wp.com\/lasprimeras.com.do\/wp-content\/uploads\/2024\/01\/William-Perez-Figuereo-1.jpg?resize=350%2C200&ssl=1","width":350,"height":200,"srcset":"https:\/\/i0.wp.com\/lasprimeras.com.do\/wp-content\/uploads\/2024\/01\/William-Perez-Figuereo-1.jpg?resize=350%2C200&ssl=1 1x, https:\/\/i0.wp.com\/lasprimeras.com.do\/wp-content\/uploads\/2024\/01\/William-Perez-Figuereo-1.jpg?resize=525%2C300&ssl=1 1.5x, https:\/\/i0.wp.com\/lasprimeras.com.do\/wp-content\/uploads\/2024\/01\/William-Perez-Figuereo-1.jpg?resize=700%2C400&ssl=1 2x"},"classes":[]},{"id":96825,"url":"https:\/\/lasprimeras.com.do\/index.php\/2025\/04\/08\/la-tragedia-del-jet-set-es-hasta-ahora-la-segunda-mas-mortal-de-su-tipo-en-los-ultimos-20-anos\/","url_meta":{"origin":92059,"position":5},"title":"La tragedia del Jet Set es, hasta ahora, la segunda m\u00e1s mortal de su tipo en los \u00faltimos 20 a\u00f1os","author":"Nelson Feliz","date":"8 de abril de 2025","format":false,"excerpt":"La cantidad de v\u00edctimas mortales solo es superada por un incendio en la c\u00e1rcel de Hig\u00fcey. La tragedia ocurrida en la madrugada de hoy en la discoteca Jet Set se coloca como la segunda m\u00e1s mort\u00edfera ocurrida en los \u00faltimos 20 a\u00f1os en la Rep\u00fablica Dominicana dentro de los sucesos\u2026","rel":"","context":"En \u00abNACIONALES\u00bb","block_context":{"text":"NACIONALES","link":"https:\/\/lasprimeras.com.do\/index.php\/category\/nacionales\/"},"img":{"alt_text":"","src":"https:\/\/i0.wp.com\/lasprimeras.com.do\/wp-content\/uploads\/2025\/04\/buscan.jpg?resize=350%2C200&ssl=1","width":350,"height":200,"srcset":"https:\/\/i0.wp.com\/lasprimeras.com.do\/wp-content\/uploads\/2025\/04\/buscan.jpg?resize=350%2C200&ssl=1 1x, https:\/\/i0.wp.com\/lasprimeras.com.do\/wp-content\/uploads\/2025\/04\/buscan.jpg?resize=525%2C300&ssl=1 1.5x, https:\/\/i0.wp.com\/lasprimeras.com.do\/wp-content\/uploads\/2025\/04\/buscan.jpg?resize=700%2C400&ssl=1 2x"},"classes":[]}],"jetpack_sharing_enabled":true,"_links":{"self":[{"href":"https:\/\/lasprimeras.com.do\/index.php\/wp-json\/wp\/v2\/posts\/92059","targetHints":{"allow":["GET"]}}],"collection":[{"href":"https:\/\/lasprimeras.com.do\/index.php\/wp-json\/wp\/v2\/posts"}],"about":[{"href":"https:\/\/lasprimeras.com.do\/index.php\/wp-json\/wp\/v2\/types\/post"}],"author":[{"embeddable":true,"href":"https:\/\/lasprimeras.com.do\/index.php\/wp-json\/wp\/v2\/users\/2"}],"replies":[{"embeddable":true,"href":"https:\/\/lasprimeras.com.do\/index.php\/wp-json\/wp\/v2\/comments?post=92059"}],"version-history":[{"count":2,"href":"https:\/\/lasprimeras.com.do\/index.php\/wp-json\/wp\/v2\/posts\/92059\/revisions"}],"predecessor-version":[{"id":92063,"href":"https:\/\/lasprimeras.com.do\/index.php\/wp-json\/wp\/v2\/posts\/92059\/revisions\/92063"}],"wp:featuredmedia":[{"embeddable":true,"href":"https:\/\/lasprimeras.com.do\/index.php\/wp-json\/wp\/v2\/media\/92060"}],"wp:attachment":[{"href":"https:\/\/lasprimeras.com.do\/index.php\/wp-json\/wp\/v2\/media?parent=92059"}],"wp:term":[{"taxonomy":"category","embeddable":true,"href":"https:\/\/lasprimeras.com.do\/index.php\/wp-json\/wp\/v2\/categories?post=92059"},{"taxonomy":"post_tag","embeddable":true,"href":"https:\/\/lasprimeras.com.do\/index.php\/wp-json\/wp\/v2\/tags?post=92059"}],"curies":[{"name":"wp","href":"https:\/\/api.w.org\/{rel}","templated":true}]}}