{"id":92064,"date":"2024-12-14T23:44:07","date_gmt":"2024-12-15T03:44:07","guid":{"rendered":"https:\/\/lasprimeras.com.do\/?p=92064"},"modified":"2024-12-27T13:41:02","modified_gmt":"2024-12-27T17:41:02","slug":"matan-en-plena-calle-a-agente-del-dicrim-en-bani","status":"publish","type":"post","link":"https:\/\/lasprimeras.com.do\/index.php\/2024\/12\/14\/matan-en-plena-calle-a-agente-del-dicrim-en-bani\/","title":{"rendered":"Matan en plena calle a agente del Dicrim en Ban\u00ed"},"content":{"rendered":"\n<p>Un agente de la Direcci\u00f3n Central de Investigaci\u00f3n de la Polic\u00eda Nacional (Dicrim), fue acribillado en una calle del municipio de Ban\u00ed, provincia Peravia.<\/p>\n\n\n\n<p>Seg\u00fan se muestra en varios videos difundidos a trav\u00e9s de las redes sociales, el oficial fue asesinado en un intercambio de disparos, al tratar de evitar lo que parec\u00eda ser un asalto a mano armada a una banca de loter\u00eda.<\/p>\n\n\n\n<p>En las im\u00e1genes se muestra al polic\u00eda llegar al lugar del delito, cuando fue sorprendido por el criminal que le seg\u00f3 la vida.<\/p>\n\n\n\n<p>Hasta el momento, se desconoce la identidad del agente o la del delincuente implicado en el homicidio.<\/p>\n\n\n\n<p>Las autoridades se encuentran investigando el hecho para ofrecer m\u00e1s detalles sobre el incidente.<\/p>\n","protected":false},"excerpt":{"rendered":"<p>Un agente de la Direcci\u00f3n Central de Investigaci\u00f3n de la Polic\u00eda Nacional (Dicrim), fue acribillado en una calle del municipio de Ban\u00ed, provincia Peravia. Seg\u00fan se muestra en varios videos&hellip;<\/p>\n","protected":false},"author":2,"featured_media":92073,"comment_status":"open","ping_status":"open","sticky":false,"template":"","format":"standard","meta":{"content-type":"","jetpack_post_was_ever_published":false,"_jetpack_newsletter_access":"","_jetpack_dont_email_post_to_subs":false,"_jetpack_newsletter_tier_id":0,"_jetpack_memberships_contains_paywalled_content":false,"_jetpack_memberships_contains_paid_content":false,"footnotes":""},"categories":[35,25],"tags":[1261,963,2318,2823],"class_list":["post-92064","post","type-post","status-publish","format-standard","has-post-thumbnail","hentry","category-nacionales","category-portada","tag-agente","tag-bani","tag-dicrim","tag-matan"],"jetpack_featured_media_url":"https:\/\/lasprimeras.com.do\/wp-content\/uploads\/2024\/12\/matan-en-plena-calle-a-agente-del-dicrim-en-bani.jpg","jetpack-related-posts":[{"id":67167,"url":"https:\/\/lasprimeras.com.do\/index.php\/2023\/11\/13\/policia-mata-a-balazos-a-colombiano-secuestro-2-personas-en-bani\/","url_meta":{"origin":92064,"position":0},"title":"Polic\u00eda mata a balazos a colombiano secuestr\u00f3 2 personas en Ban\u00ed","author":"Nelson Feliz","date":"13 de noviembre de 2023","format":false,"excerpt":"La Polic\u00eda abati\u00f3 este lunes en Ban\u00ed a un colombiano que presuntamente mantuvo secuestradas a dos personas durante cuatro d\u00edas, informaron las fuerzas del orden. En un comunicado, la Polic\u00eda indic\u00f3 que las v\u00edctimas, un hombre y una adolescente, fueron rescatadas sanas y salvas. De acuerdo con la nota, John\u2026","rel":"","context":"En \u00abMILITARES\u00bb","block_context":{"text":"MILITARES","link":"https:\/\/lasprimeras.com.do\/index.php\/category\/militares\/"},"img":{"alt_text":"Polic\u00eda-Ban\u00ed","src":"https:\/\/i0.wp.com\/lasprimeras.com.do\/wp-content\/uploads\/2023\/11\/Policia-Bani.jpg?resize=350%2C200&ssl=1","width":350,"height":200,"srcset":"https:\/\/i0.wp.com\/lasprimeras.com.do\/wp-content\/uploads\/2023\/11\/Policia-Bani.jpg?resize=350%2C200&ssl=1 1x, https:\/\/i0.wp.com\/lasprimeras.com.do\/wp-content\/uploads\/2023\/11\/Policia-Bani.jpg?resize=525%2C300&ssl=1 1.5x, https:\/\/i0.wp.com\/lasprimeras.com.do\/wp-content\/uploads\/2023\/11\/Policia-Bani.jpg?resize=700%2C400&ssl=1 2x"},"classes":[]},{"id":58134,"url":"https:\/\/lasprimeras.com.do\/index.php\/2023\/08\/20\/matan-un-hombre-y-una-mujer-a-tiros-en-bani\/","url_meta":{"origin":92064,"position":1},"title":"Matan un hombre y una mujer a tiros en Ban\u00ed","author":"Nelson Feliz","date":"20 de agosto de 2023","format":false,"excerpt":"La Polic\u00eda Nacional inform\u00f3 que persigue a varios desconocidos que la madrugada de este domingo ultimaron a una mujer de 24 a\u00f1os y un joven de 21, tras disparar sin mediar palabras contra un grupo de personas que se encontraban en el \"Chimi El Compa\", ubicado en la calle Fabio\u2026","rel":"","context":"En \u00abMILITARES\u00bb","block_context":{"text":"MILITARES","link":"https:\/\/lasprimeras.com.do\/index.php\/category\/militares\/"},"img":{"alt_text":"","src":"","width":0,"height":0},"classes":[]},{"id":74964,"url":"https:\/\/lasprimeras.com.do\/index.php\/2024\/01\/28\/dicrim-instruye-personal-sobre-lineamientos-y-fortalecimiento-de-sus-labores\/","url_meta":{"origin":92064,"position":2},"title":"DICRIM instruye personal sobre lineamientos y fortalecimiento de sus labores","author":"Nelson Feliz","date":"28 de enero de 2024","format":false,"excerpt":"Por Martin Restituyo El director Central de Investigaci\u00f3n (DICRIM), general Pedro Ignacio Matos P\u00e9rez, se reuni\u00f3 con el personal de investigaciones a quienes explic\u00f3 los lineamientos estrat\u00e9gicos para fortalecimiento de sus labores. Matos P\u00e9rez, instruyo al personal investigativo a seguir fortalecimiento la eficiencia del trabajo de los directores y encargados\u2026","rel":"","context":"En \u00abMILITARES\u00bb","block_context":{"text":"MILITARES","link":"https:\/\/lasprimeras.com.do\/index.php\/category\/militares\/"},"img":{"alt_text":"Pedro Ignacio Matos P\u00e9rez","src":"https:\/\/i0.wp.com\/lasprimeras.com.do\/wp-content\/uploads\/2024\/01\/Pedro-Ignacio-Matos-Perez.jpg?resize=350%2C200&ssl=1","width":350,"height":200,"srcset":"https:\/\/i0.wp.com\/lasprimeras.com.do\/wp-content\/uploads\/2024\/01\/Pedro-Ignacio-Matos-Perez.jpg?resize=350%2C200&ssl=1 1x, https:\/\/i0.wp.com\/lasprimeras.com.do\/wp-content\/uploads\/2024\/01\/Pedro-Ignacio-Matos-Perez.jpg?resize=525%2C300&ssl=1 1.5x, https:\/\/i0.wp.com\/lasprimeras.com.do\/wp-content\/uploads\/2024\/01\/Pedro-Ignacio-Matos-Perez.jpg?resize=700%2C400&ssl=1 2x"},"classes":[]},{"id":70756,"url":"https:\/\/lasprimeras.com.do\/index.php\/2023\/12\/14\/agentes-del-dicrim-asesinan-dos-presuntos-delincuentes-al-enfrentar-patrulla\/","url_meta":{"origin":92064,"position":3},"title":"Agentes del DICRIM asesinan dos presuntos delincuentes al enfrentar patrulla","author":"Nelson Feliz","date":"14 de diciembre de 2023","format":false,"excerpt":"Por Martin Restituyo Dos reconocidos delincuentes murieron esta noche al enfrentar una patrulla de la Direcci\u00f3n Central de Investigaciones de la Polic\u00eda Nacional (DICRIM) que daban seguimiento por escaparse el pasado 29 de agosto del presente a\u00f1o, cuando eran trasladados desde la c\u00e1rcel La Victoria hacia el Palacio de Justicia\u2026","rel":"","context":"En \u00abMILITARES\u00bb","block_context":{"text":"MILITARES","link":"https:\/\/lasprimeras.com.do\/index.php\/category\/militares\/"},"img":{"alt_text":"dicrim","src":"https:\/\/i0.wp.com\/lasprimeras.com.do\/wp-content\/uploads\/2023\/12\/dicrim.jpeg?resize=350%2C200&ssl=1","width":350,"height":200,"srcset":"https:\/\/i0.wp.com\/lasprimeras.com.do\/wp-content\/uploads\/2023\/12\/dicrim.jpeg?resize=350%2C200&ssl=1 1x, https:\/\/i0.wp.com\/lasprimeras.com.do\/wp-content\/uploads\/2023\/12\/dicrim.jpeg?resize=525%2C300&ssl=1 1.5x, https:\/\/i0.wp.com\/lasprimeras.com.do\/wp-content\/uploads\/2023\/12\/dicrim.jpeg?resize=700%2C400&ssl=1 2x"},"classes":[]},{"id":75047,"url":"https:\/\/lasprimeras.com.do\/index.php\/2024\/01\/29\/personal-del-dicrim-del-distrito-nacional-es-instruido-sobre-los-lineamientos-estrategicos\/","url_meta":{"origin":92064,"position":4},"title":"Personal del DICRIM del Distrito Nacional es instruido sobre los lineamientos estrat\u00e9gicos","author":"BIMARY DE JES\u00daS Matos","date":"29 de enero de 2024","format":false,"excerpt":"Martin Restituyo Santo Domingo.-El director Central de Investigaci\u00f3n (DICRIM), general Pedro Ignacio Matos P\u00e9rez, en cumplimiento de las instrucciones dadas por el mayor general Ram\u00f3n Antonio Guzm\u00e1n Peralta, director de la Polic\u00eda Nacional, se reuni\u00f3 este s\u00e1bado con el personal de investigaciones, a quienes explic\u00f3 los lineamientos estrat\u00e9gicos a seguir\u2026","rel":"","context":"En \u00abNACIONALES\u00bb","block_context":{"text":"NACIONALES","link":"https:\/\/lasprimeras.com.do\/index.php\/category\/nacionales\/"},"img":{"alt_text":"","src":"https:\/\/i0.wp.com\/lasprimeras.com.do\/wp-content\/uploads\/2024\/01\/WhatsApp-Image-2024-01-29-at-5.44.27-AM.jpeg?resize=350%2C200&ssl=1","width":350,"height":200,"srcset":"https:\/\/i0.wp.com\/lasprimeras.com.do\/wp-content\/uploads\/2024\/01\/WhatsApp-Image-2024-01-29-at-5.44.27-AM.jpeg?resize=350%2C200&ssl=1 1x, https:\/\/i0.wp.com\/lasprimeras.com.do\/wp-content\/uploads\/2024\/01\/WhatsApp-Image-2024-01-29-at-5.44.27-AM.jpeg?resize=525%2C300&ssl=1 1.5x, https:\/\/i0.wp.com\/lasprimeras.com.do\/wp-content\/uploads\/2024\/01\/WhatsApp-Image-2024-01-29-at-5.44.27-AM.jpeg?resize=700%2C400&ssl=1 2x"},"classes":[]},{"id":74892,"url":"https:\/\/lasprimeras.com.do\/index.php\/2024\/01\/27\/desmantelan-punto-de-droga-en-operativos-policiales-de-bani\/","url_meta":{"origin":92064,"position":5},"title":"Desmantelan punto de droga en Operativos policiales de Ban\u00ed","author":"BIMARY DE JES\u00daS Matos","date":"27 de enero de 2024","format":false,"excerpt":"Martin Restituyo Ban\u00ed.- En una ardua labor encabezada por nuestra Directora Regional, la coronel Juana Yudith Almonte Mart\u00ednez, P.N., en coordinaci\u00f3n con el Departamento de Investigaciones, DICRIM y la Polic\u00eda Preventiva, se llevaron a cabo una serie de operativos en la provincia Peravia, resultando en el desmantelamiento de un punto\u2026","rel":"","context":"En \u00abPORTADA\u00bb","block_context":{"text":"PORTADA","link":"https:\/\/lasprimeras.com.do\/index.php\/category\/portada\/"},"img":{"alt_text":"","src":"https:\/\/i0.wp.com\/lasprimeras.com.do\/wp-content\/uploads\/2024\/01\/WhatsApp-Image-2024-01-26-at-2.54.22-PM-1-2.jpeg?resize=350%2C200&ssl=1","width":350,"height":200,"srcset":"https:\/\/i0.wp.com\/lasprimeras.com.do\/wp-content\/uploads\/2024\/01\/WhatsApp-Image-2024-01-26-at-2.54.22-PM-1-2.jpeg?resize=350%2C200&ssl=1 1x, https:\/\/i0.wp.com\/lasprimeras.com.do\/wp-content\/uploads\/2024\/01\/WhatsApp-Image-2024-01-26-at-2.54.22-PM-1-2.jpeg?resize=525%2C300&ssl=1 1.5x"},"classes":[]}],"jetpack_sharing_enabled":true,"_links":{"self":[{"href":"https:\/\/lasprimeras.com.do\/index.php\/wp-json\/wp\/v2\/posts\/92064","targetHints":{"allow":["GET"]}}],"collection":[{"href":"https:\/\/lasprimeras.com.do\/index.php\/wp-json\/wp\/v2\/posts"}],"about":[{"href":"https:\/\/lasprimeras.com.do\/index.php\/wp-json\/wp\/v2\/types\/post"}],"author":[{"embeddable":true,"href":"https:\/\/lasprimeras.com.do\/index.php\/wp-json\/wp\/v2\/users\/2"}],"replies":[{"embeddable":true,"href":"https:\/\/lasprimeras.com.do\/index.php\/wp-json\/wp\/v2\/comments?post=92064"}],"version-history":[{"count":1,"href":"https:\/\/lasprimeras.com.do\/index.php\/wp-json\/wp\/v2\/posts\/92064\/revisions"}],"predecessor-version":[{"id":92065,"href":"https:\/\/lasprimeras.com.do\/index.php\/wp-json\/wp\/v2\/posts\/92064\/revisions\/92065"}],"wp:featuredmedia":[{"embeddable":true,"href":"https:\/\/lasprimeras.com.do\/index.php\/wp-json\/wp\/v2\/media\/92073"}],"wp:attachment":[{"href":"https:\/\/lasprimeras.com.do\/index.php\/wp-json\/wp\/v2\/media?parent=92064"}],"wp:term":[{"taxonomy":"category","embeddable":true,"href":"https:\/\/lasprimeras.com.do\/index.php\/wp-json\/wp\/v2\/categories?post=92064"},{"taxonomy":"post_tag","embeddable":true,"href":"https:\/\/lasprimeras.com.do\/index.php\/wp-json\/wp\/v2\/tags?post=92064"}],"curies":[{"name":"wp","href":"https:\/\/api.w.org\/{rel}","templated":true}]}}