{"id":92083,"date":"2024-12-27T22:14:52","date_gmt":"2024-12-28T02:14:52","guid":{"rendered":"https:\/\/lasprimeras.com.do\/?p=92083"},"modified":"2024-12-27T22:14:52","modified_gmt":"2024-12-28T02:14:52","slug":"comedores-economicos-acude-en-auxilio-de-familias-afectadas-por-aguaceros-en-samana-puerto-plata-y-moca","status":"publish","type":"post","link":"https:\/\/lasprimeras.com.do\/index.php\/2024\/12\/27\/comedores-economicos-acude-en-auxilio-de-familias-afectadas-por-aguaceros-en-samana-puerto-plata-y-moca\/","title":{"rendered":"Comedores Econ\u00f3micos acude en auxilio de familias afectadas por aguaceros en Saman\u00e1, Puerto Plata y Moca"},"content":{"rendered":"\n<p><strong>Durante los operativos de asistencia social se entregaron raciones crudas y cocidas en comunidades afectadas por inundaciones.<\/strong><\/p>\n\n\n\n<p>Miles de afectados por los torrenciales aguaceros ca\u00eddos los \u00faltimos d\u00edas, en las ciudades de Puerto Plata, Saman\u00e1 y Moca, fueron beneficiados en operativos de asistencia social de Comedores Econ\u00f3micos del Estado Dominicano (CEED).<\/p>\n\n\n\n<p>Por expresa instrucci\u00f3n de su director general, Edgar Augusto F\u00e9liz M\u00e9ndez, la instituci\u00f3n oficial se ha mantenido en sesi\u00f3n permanente para prestar atenci\u00f3n a las urgencias de las familias afectadas por las lluvias.<\/p>\n\n\n\n<p>En el marco de su jornada social, Comedores Econ\u00f3micos ha desplegado sus Cocinas M\u00f3viles, hacia los lugares m\u00e1s castigados por los torrenciales aguaceros de los \u00faltimos d\u00edas.<\/p>\n\n\n\n<p>Las familias damnificadas han recibido la entrega de alimentos crudos y cocidos por las brigadas de los Comedores Econ\u00f3micos.<\/p>\n\n\n\n<p>Un operativo casa a casa fue desarrollado este viernes en las comunidades del Cascabel; Mar\u00eda Luisa; La Bastida; Los Algarrobos; &nbsp;Villa Clara; Tes\u00f3n; Majagualito, El Caimito y Barrio Wilmorey entre otros barrios y parajes de la provincia de&nbsp; Saman\u00e1.<\/p>\n\n\n\n<p>En Saman\u00e1 y Puerto Plata, fueron entregadas a trav\u00e9s del Ministerio de la Presidencia y las gobernaciones locales unas ocho mil raciones crudas, cuatro mil en cada comunidad.<\/p>\n\n\n\n<p>Como prevenci\u00f3n a eventualidades climatol\u00f3gicas, Comedores Econ\u00f3micos mantiene&nbsp; instaladas cinco Cocinas M\u00f3viles, cuatro en Puerto Plata y una en Moca.<\/p>\n\n\n\n<p>La direcci\u00f3n general de Comedores Econ\u00f3micos del Estado Dominicano (CEED), inform\u00f3 que, atendiendo a las instrucciones del presidente Luis Abinader, se mantiene atenta a la situaci\u00f3n de las comunidades afectadas por las lluvias y presta para asistir a sus moradores en todo momento.<\/p>\n","protected":false},"excerpt":{"rendered":"<p>Durante los operativos de asistencia social se entregaron raciones crudas y cocidas en comunidades afectadas por inundaciones. Miles de afectados por los torrenciales aguaceros ca\u00eddos los \u00faltimos d\u00edas, en las&hellip;<\/p>\n","protected":false},"author":2,"featured_media":92084,"comment_status":"open","ping_status":"open","sticky":false,"template":"","format":"standard","meta":{"content-type":"","jetpack_post_was_ever_published":false,"_jetpack_newsletter_access":"","_jetpack_dont_email_post_to_subs":false,"_jetpack_newsletter_tier_id":0,"_jetpack_memberships_contains_paywalled_content":false,"_jetpack_memberships_contains_paid_content":false,"footnotes":""},"categories":[35,25],"tags":[2375,2000,9438,1061,2030,687,4233],"class_list":["post-92083","post","type-post","status-publish","format-standard","has-post-thumbnail","hentry","category-nacionales","category-portada","tag-aguaceros","tag-auxilio","tag-comedores-economicos","tag-familias","tag-moca","tag-puerto-plata","tag-samana"],"jetpack_featured_media_url":"https:\/\/lasprimeras.com.do\/wp-content\/uploads\/2024\/12\/Comedores-Economicos-1.jpg","jetpack-related-posts":[{"id":81176,"url":"https:\/\/lasprimeras.com.do\/index.php\/2024\/04\/17\/gobierno-inicia-distribucion-de-ayudas-a-familias-afectadas-por-las-lluvias-en-samana-y-puerto-plata\/","url_meta":{"origin":92083,"position":0},"title":"Gobierno inicia distribuci\u00f3n de ayudas a familias afectadas por las lluvias en Saman\u00e1 y Puerto Plata","author":"BIMARY DE JES\u00daS Matos","date":"17 de abril de 2024","format":false,"excerpt":"Puerto Plata. - El Ministro Administrativo de la Presidencia, Igor Rodr\u00edguez Dur\u00e1n, visit\u00f3 este mi\u00e9rcoles las zonas afectadas en las provincias de Saman\u00e1 y Puerto Plata para iniciar a distribuir las ayudas a las familias afectadas por la vaguada que desde el pasado lunes ha generado cantidades extraordinarias de lluvia.\u2026","rel":"","context":"En \u00abNACIONALES\u00bb","block_context":{"text":"NACIONALES","link":"https:\/\/lasprimeras.com.do\/index.php\/category\/nacionales\/"},"img":{"alt_text":"","src":"https:\/\/i0.wp.com\/lasprimeras.com.do\/wp-content\/uploads\/2024\/04\/IMG-20240417-WA0029.jpg?resize=350%2C200&ssl=1","width":350,"height":200,"srcset":"https:\/\/i0.wp.com\/lasprimeras.com.do\/wp-content\/uploads\/2024\/04\/IMG-20240417-WA0029.jpg?resize=350%2C200&ssl=1 1x, https:\/\/i0.wp.com\/lasprimeras.com.do\/wp-content\/uploads\/2024\/04\/IMG-20240417-WA0029.jpg?resize=525%2C300&ssl=1 1.5x, https:\/\/i0.wp.com\/lasprimeras.com.do\/wp-content\/uploads\/2024\/04\/IMG-20240417-WA0029.jpg?resize=700%2C400&ssl=1 2x, https:\/\/i0.wp.com\/lasprimeras.com.do\/wp-content\/uploads\/2024\/04\/IMG-20240417-WA0029.jpg?resize=1050%2C600&ssl=1 3x, https:\/\/i0.wp.com\/lasprimeras.com.do\/wp-content\/uploads\/2024\/04\/IMG-20240417-WA0029.jpg?resize=1400%2C800&ssl=1 4x"},"classes":[]},{"id":91357,"url":"https:\/\/lasprimeras.com.do\/index.php\/2024\/11\/18\/comedores-economicos-continua-dando-asistencia-a-comunidades-afectadas-por-lluvias\/","url_meta":{"origin":92083,"position":1},"title":"Comedores Econ\u00f3micos contin\u00faa dando asistencia a comunidades afectadas por lluvias","author":"Nelson Feliz","date":"18 de noviembre de 2024","format":false,"excerpt":"Las cocinas m\u00f3viles de la instituci\u00f3n fueron instaladas en las zonas de Hig\u00fcey, Bajo Yuna, Cabarete, Puerto Plata y Las Terrenas, Saman\u00e1. Los Comedores Econ\u00f3micos del Estado Dominicano (CEED), se mantiene dando asistencia alimentaria a la poblaci\u00f3n que reside en las zonas que en los \u00faltimos d\u00edas se han visto\u2026","rel":"","context":"En \u00abNACIONALES\u00bb","block_context":{"text":"NACIONALES","link":"https:\/\/lasprimeras.com.do\/index.php\/category\/nacionales\/"},"img":{"alt_text":"","src":"https:\/\/i0.wp.com\/lasprimeras.com.do\/wp-content\/uploads\/2024\/11\/ayuda-1.jpg?resize=350%2C200&ssl=1","width":350,"height":200,"srcset":"https:\/\/i0.wp.com\/lasprimeras.com.do\/wp-content\/uploads\/2024\/11\/ayuda-1.jpg?resize=350%2C200&ssl=1 1x, https:\/\/i0.wp.com\/lasprimeras.com.do\/wp-content\/uploads\/2024\/11\/ayuda-1.jpg?resize=525%2C300&ssl=1 1.5x, https:\/\/i0.wp.com\/lasprimeras.com.do\/wp-content\/uploads\/2024\/11\/ayuda-1.jpg?resize=700%2C400&ssl=1 2x"},"classes":[]},{"id":99044,"url":"https:\/\/lasprimeras.com.do\/index.php\/2025\/05\/16\/comedores-economicos-activa-comite-de-emergencia-ante-posible-impacto-de-vaguada\/","url_meta":{"origin":92083,"position":2},"title":"Comedores Econ\u00f3micos activa Comit\u00e9 de Emergencia ante posible impacto de vaguada","author":"Nelson Feliz","date":"16 de mayo de 2025","format":false,"excerpt":"El director general del organismo de asistencia social garantiz\u00f3 que est\u00e1n preparados para dar respuesta inmediata a cualquier eventualidad y para ello se tiene lista una programaci\u00f3n que involucra todos los comedores de todo el pa\u00eds y las cocinas m\u00f3viles. La Direcci\u00f3n General de Comedores Econ\u00f3micos del Estado Dominicano (CEED),\u2026","rel":"","context":"En \u00abNACIONALES\u00bb","block_context":{"text":"NACIONALES","link":"https:\/\/lasprimeras.com.do\/index.php\/category\/nacionales\/"},"img":{"alt_text":"Comedores Econ\u00f3micos","src":"https:\/\/i0.wp.com\/lasprimeras.com.do\/wp-content\/uploads\/2025\/05\/Comedores-Economicos.jpg?resize=350%2C200&ssl=1","width":350,"height":200,"srcset":"https:\/\/i0.wp.com\/lasprimeras.com.do\/wp-content\/uploads\/2025\/05\/Comedores-Economicos.jpg?resize=350%2C200&ssl=1 1x, https:\/\/i0.wp.com\/lasprimeras.com.do\/wp-content\/uploads\/2025\/05\/Comedores-Economicos.jpg?resize=525%2C300&ssl=1 1.5x, https:\/\/i0.wp.com\/lasprimeras.com.do\/wp-content\/uploads\/2025\/05\/Comedores-Economicos.jpg?resize=700%2C400&ssl=1 2x"},"classes":[]},{"id":123172,"url":"https:\/\/lasprimeras.com.do\/index.php\/2026\/02\/26\/dasac-asiste-a-familias-afectadas-por-inundaciones-en-las-provincias-pp-maria-trinidad-sanchez-espaillat-y-samana\/","url_meta":{"origin":92083,"position":3},"title":"DASAC asiste a familias afectadas por inundaciones en las provincias PP, Mar\u00eda Trinidad S\u00e1nchez, Espaillat y Saman\u00e1","author":"Nelson Feliz","date":"26 de febrero de 2026","format":false,"excerpt":"El director general, Edgar Augusto Feliz Arbona, indic\u00f3 que la instituci\u00f3n se mantiene en sesi\u00f3n permanente, dando seguimiento a la situaci\u00f3n en coordinaci\u00f3n con el Centro de Operaciones de Emergencias (COE), a fin de continuar llevando asistencia oportuna a las familias afectadas. Equipos de la direcci\u00f3n de Asistencia Social y\u2026","rel":"","context":"En \u00abNACIONALES\u00bb","block_context":{"text":"NACIONALES","link":"https:\/\/lasprimeras.com.do\/index.php\/category\/nacionales\/"},"img":{"alt_text":"","src":"https:\/\/i0.wp.com\/lasprimeras.com.do\/wp-content\/uploads\/2026\/02\/dasac-1.jpg?resize=350%2C200&ssl=1","width":350,"height":200,"srcset":"https:\/\/i0.wp.com\/lasprimeras.com.do\/wp-content\/uploads\/2026\/02\/dasac-1.jpg?resize=350%2C200&ssl=1 1x, https:\/\/i0.wp.com\/lasprimeras.com.do\/wp-content\/uploads\/2026\/02\/dasac-1.jpg?resize=525%2C300&ssl=1 1.5x, https:\/\/i0.wp.com\/lasprimeras.com.do\/wp-content\/uploads\/2026\/02\/dasac-1.jpg?resize=700%2C400&ssl=1 2x"},"classes":[]},{"id":83083,"url":"https:\/\/lasprimeras.com.do\/index.php\/2024\/05\/11\/gobierno-lleva-ayudas-a-familias-afectadas-por-lluvias\/","url_meta":{"origin":92083,"position":4},"title":"Gobierno lleva ayudas a familias afectadas por lluvias","author":"BIMARY DE JES\u00daS Matos","date":"11 de mayo de 2024","format":false,"excerpt":"Saman\u00e1.- Las familias que resultaron afectas por las lluvias acaecidas el pasado fin de semana recibieron este viernes ayudas otorgadas por instituciones gubernamentales. El ministro administrativo de la Presidencia, Igor Rodr\u00edguez Dur\u00e1n, viaj\u00f3 este viernes a los municipios de Nagua e Imbert, y los distritos municipales Las Galeras y Veragua.\u2026","rel":"","context":"En \u00abPORTADA\u00bb","block_context":{"text":"PORTADA","link":"https:\/\/lasprimeras.com.do\/index.php\/category\/portada\/"},"img":{"alt_text":"","src":"https:\/\/i0.wp.com\/lasprimeras.com.do\/wp-content\/uploads\/2024\/05\/homicidio-exdirector-de-pn-impactado-por-muerte-a-tiros-de-su-tio-focus-min0.43-0.39-608-342.webp?resize=350%2C200&ssl=1","width":350,"height":200,"srcset":"https:\/\/i0.wp.com\/lasprimeras.com.do\/wp-content\/uploads\/2024\/05\/homicidio-exdirector-de-pn-impactado-por-muerte-a-tiros-de-su-tio-focus-min0.43-0.39-608-342.webp?resize=350%2C200&ssl=1 1x, https:\/\/i0.wp.com\/lasprimeras.com.do\/wp-content\/uploads\/2024\/05\/homicidio-exdirector-de-pn-impactado-por-muerte-a-tiros-de-su-tio-focus-min0.43-0.39-608-342.webp?resize=525%2C300&ssl=1 1.5x, https:\/\/i0.wp.com\/lasprimeras.com.do\/wp-content\/uploads\/2024\/05\/homicidio-exdirector-de-pn-impactado-por-muerte-a-tiros-de-su-tio-focus-min0.43-0.39-608-342.webp?resize=700%2C400&ssl=1 2x, https:\/\/i0.wp.com\/lasprimeras.com.do\/wp-content\/uploads\/2024\/05\/homicidio-exdirector-de-pn-impactado-por-muerte-a-tiros-de-su-tio-focus-min0.43-0.39-608-342.webp?resize=1050%2C600&ssl=1 3x, https:\/\/i0.wp.com\/lasprimeras.com.do\/wp-content\/uploads\/2024\/05\/homicidio-exdirector-de-pn-impactado-por-muerte-a-tiros-de-su-tio-focus-min0.43-0.39-608-342.webp?resize=1400%2C800&ssl=1 4x"},"classes":[]},{"id":85779,"url":"https:\/\/lasprimeras.com.do\/index.php\/2024\/07\/08\/comedores-economicos-entregan-raciones-crudas-y-cocidas-en-montecristi\/","url_meta":{"origin":92083,"position":5},"title":"Comedores Econ\u00f3micos entregan raciones crudas y cocidas en Montecristi","author":"Nelson Feliz","date":"8 de julio de 2024","format":false,"excerpt":"Por Martin Restituyo El director general de los Comedores Econ\u00f3micos del Estado (CEED), Edgar Augusto F\u00e9liz M\u00e9ndez realiz\u00f3 un amplio operativo de entrega de raciones cocidas y crudas a los moradores de diferentes sectores del municipio de\u00a0 Villa V\u00e1squez, provincia Monte Cristi. F\u00e9liz M\u00e9ndez, entreg\u00f3 raciones cocidas y crudas a\u2026","rel":"","context":"En \u00abNACIONALES\u00bb","block_context":{"text":"NACIONALES","link":"https:\/\/lasprimeras.com.do\/index.php\/category\/nacionales\/"},"img":{"alt_text":"","src":"https:\/\/i0.wp.com\/lasprimeras.com.do\/wp-content\/uploads\/2024\/07\/comedores-1.jpg?resize=350%2C200&ssl=1","width":350,"height":200,"srcset":"https:\/\/i0.wp.com\/lasprimeras.com.do\/wp-content\/uploads\/2024\/07\/comedores-1.jpg?resize=350%2C200&ssl=1 1x, https:\/\/i0.wp.com\/lasprimeras.com.do\/wp-content\/uploads\/2024\/07\/comedores-1.jpg?resize=525%2C300&ssl=1 1.5x, https:\/\/i0.wp.com\/lasprimeras.com.do\/wp-content\/uploads\/2024\/07\/comedores-1.jpg?resize=700%2C400&ssl=1 2x"},"classes":[]}],"jetpack_sharing_enabled":true,"_links":{"self":[{"href":"https:\/\/lasprimeras.com.do\/index.php\/wp-json\/wp\/v2\/posts\/92083","targetHints":{"allow":["GET"]}}],"collection":[{"href":"https:\/\/lasprimeras.com.do\/index.php\/wp-json\/wp\/v2\/posts"}],"about":[{"href":"https:\/\/lasprimeras.com.do\/index.php\/wp-json\/wp\/v2\/types\/post"}],"author":[{"embeddable":true,"href":"https:\/\/lasprimeras.com.do\/index.php\/wp-json\/wp\/v2\/users\/2"}],"replies":[{"embeddable":true,"href":"https:\/\/lasprimeras.com.do\/index.php\/wp-json\/wp\/v2\/comments?post=92083"}],"version-history":[{"count":1,"href":"https:\/\/lasprimeras.com.do\/index.php\/wp-json\/wp\/v2\/posts\/92083\/revisions"}],"predecessor-version":[{"id":92085,"href":"https:\/\/lasprimeras.com.do\/index.php\/wp-json\/wp\/v2\/posts\/92083\/revisions\/92085"}],"wp:featuredmedia":[{"embeddable":true,"href":"https:\/\/lasprimeras.com.do\/index.php\/wp-json\/wp\/v2\/media\/92084"}],"wp:attachment":[{"href":"https:\/\/lasprimeras.com.do\/index.php\/wp-json\/wp\/v2\/media?parent=92083"}],"wp:term":[{"taxonomy":"category","embeddable":true,"href":"https:\/\/lasprimeras.com.do\/index.php\/wp-json\/wp\/v2\/categories?post=92083"},{"taxonomy":"post_tag","embeddable":true,"href":"https:\/\/lasprimeras.com.do\/index.php\/wp-json\/wp\/v2\/tags?post=92083"}],"curies":[{"name":"wp","href":"https:\/\/api.w.org\/{rel}","templated":true}]}}