{"id":92086,"date":"2024-12-27T22:28:37","date_gmt":"2024-12-28T02:28:37","guid":{"rendered":"https:\/\/lasprimeras.com.do\/?p=92086"},"modified":"2024-12-27T22:28:39","modified_gmt":"2024-12-28T02:28:39","slug":"inicia-con-exito-ferias-navidad-del-cambio-con-el-inespre-en-santiago","status":"publish","type":"post","link":"https:\/\/lasprimeras.com.do\/index.php\/2024\/12\/27\/inicia-con-exito-ferias-navidad-del-cambio-con-el-inespre-en-santiago\/","title":{"rendered":"Inicia con \u00e9xito Ferias Navidad del Cambio con el Inespre en Santiago"},"content":{"rendered":"\n<p>El Instituto de Estabilizaci\u00f3n de Precios (INESPRE) inici\u00f3 con \u00e9xito la Feria Navidad del Cambio en Santiago en donde fueron ofertados m\u00e1s de 50 productos a bajos costos y dos combos especiales en Santiago.<\/p>\n\n\n\n<p>Miles de personas asistieron al primer d\u00eda del evento, cuyo acto de inicio estuvo encabezado por el director del organismo, Iv\u00e1n Hern\u00e1ndez Guzm\u00e1n; el senador de Santiago, Daniel Rivera; el encargado provincial del Inespre, Nelson Billini; el encargado regional, Randy Rodr\u00edguez y otras autoridades.<\/p>\n\n\n\n<p>Los visitantes tuvieron a piernas de cerdo a $1,500, media pierna a $850, saco de arroz selecto de 25 libras a $600, de 10 libras a $250, pollos a $150, cart\u00f3n de huevos a $120, pl\u00e1tanos a $3 y guineitos a $2; as\u00ed como manzanas, peras, vinos y todo tipo de vegetales.<\/p>\n\n\n\n<p>De igual forma fueron vendidos combos de alimentos a $650, compuestos por 12 productos de la canasta b\u00e1sica como son 5 libras de arroz selecto tipo B, un frasco de aceite de 16 onzas, una caja de chocolates de 10 unidades, una funda de espaguetis de 400 gramos, una funda de harina de ma\u00edz de 14 onzas,454 gramos de sal molida, una lata de 15 onzas de sardinas en salsa de tomate,8 onzas de saz\u00f3n en polvo, 16 onzas de Vinagre Dorado Natural, 5 onzas de at\u00fan en trozos en aceite, media libra de caf\u00e9 molido, 2 libras y media de az\u00facar crema y una bolsa transparente.<\/p>\n\n\n\n<p>De igual forma el Inespre puso a disposici\u00f3n de los consumidores un segundo combo con cinco sazones a tan s\u00f3lo 200 pesos conteniendo saz\u00f3n en polvo 8 onzas, saz\u00f3n l\u00edquido 15.5 onzas, or\u00e9gano constanza 3.2 Onzas, un frasco de vinagre blanco y un frasco de vinagre dorado.<\/p>\n\n\n\n<p>Iv\u00e1n Hern\u00e1ndez Guzm\u00e1n, director del Inespre, manifest\u00f3 satisfacci\u00f3n de haber podido esta feria de navidad en Santiago su ciudad natal y as\u00ed cerrar con broche de oro las seis ferias Navidad del Cambio con el Inespre 2024.<\/p>\n\n\n\n<p>Hern\u00e1ndez Guzm\u00e1n agradeci\u00f3 la confianza depositada por miles de personas que asistieron a las ferias, realizadas por disposici\u00f3n de la Presidencia de la Rep\u00fablica.<\/p>\n\n\n\n<p>Dichas ferias fueron realizadas en Azua, San Crist\u00f3bal, en los Frailes en Santo Domingo Este, Los Alcarrizos, el Distrito Nacional y Santiago.<\/p>\n\n\n\n<p>Instituciones p\u00fablicas y privadas apoyaron la actividad con las ventas de sus productos y servicios como fueron la Omsa, Comedores Econ\u00f3micos, Senasa, Banco de Reservas, Baltimore Dominicana, S. A. (BALDOM), MercaSID, Industrias Banilejas (INDUBAN), Grupo Alonzo, Productos del Cerro, R. J. Rafael N\u00fa\u00f1ez, Dulces Yohanny Cornielle, Productos de Pelo Eridania y Helados Alkay.<\/p>\n","protected":false},"excerpt":{"rendered":"<p>El Instituto de Estabilizaci\u00f3n de Precios (INESPRE) inici\u00f3 con \u00e9xito la Feria Navidad del Cambio en Santiago en donde fueron ofertados m\u00e1s de 50 productos a bajos costos y dos&hellip;<\/p>\n","protected":false},"author":2,"featured_media":92087,"comment_status":"open","ping_status":"open","sticky":false,"template":"","format":"standard","meta":{"content-type":"","jetpack_post_was_ever_published":false,"_jetpack_newsletter_access":"","_jetpack_dont_email_post_to_subs":false,"_jetpack_newsletter_tier_id":0,"_jetpack_memberships_contains_paywalled_content":false,"_jetpack_memberships_contains_paid_content":false,"footnotes":""},"categories":[39,25],"tags":[533,535,10010,1049],"class_list":["post-92086","post","type-post","status-publish","format-standard","has-post-thumbnail","hentry","category-economia","category-portada","tag-ferias","tag-inespre","tag-navidad-del-cambio","tag-santiago"],"jetpack_featured_media_url":"https:\/\/lasprimeras.com.do\/wp-content\/uploads\/2024\/12\/ivan-guzman.jpg","jetpack-related-posts":[{"id":92117,"url":"https:\/\/lasprimeras.com.do\/index.php\/2024\/12\/29\/mas-de-500-mil-personas-fueron-beneficiadas-en-las-ferias-navidad-del-cambio-con-el-inespre\/","url_meta":{"origin":92086,"position":0},"title":"M\u00e1s de 500 mil personas fueron beneficiadas en las Ferias Navidad del Cambio con el Inespre","author":"Nelson Feliz","date":"29 de diciembre de 2024","format":false,"excerpt":"Los asistentes tuvieron acceso a m\u00e1s de 50 productos de calidad y a bajos costos, as\u00ed como de dos combos especiales. El director del Inespre destac\u00f3 que la subalimentaci\u00f3n en RD baj\u00f3 de 8.7 a 4.7, seg\u00fan la Fao. M\u00e1s de 500 mil personas fueron beneficiadas con ventas de alimentos\u2026","rel":"","context":"En \u00abECONOM\u00cdA\u00bb","block_context":{"text":"ECONOM\u00cdA","link":"https:\/\/lasprimeras.com.do\/index.php\/category\/economia\/"},"img":{"alt_text":"","src":"https:\/\/i0.wp.com\/lasprimeras.com.do\/wp-content\/uploads\/2024\/12\/ivan-guzman.jpg?resize=350%2C200&ssl=1","width":350,"height":200,"srcset":"https:\/\/i0.wp.com\/lasprimeras.com.do\/wp-content\/uploads\/2024\/12\/ivan-guzman.jpg?resize=350%2C200&ssl=1 1x, https:\/\/i0.wp.com\/lasprimeras.com.do\/wp-content\/uploads\/2024\/12\/ivan-guzman.jpg?resize=525%2C300&ssl=1 1.5x, https:\/\/i0.wp.com\/lasprimeras.com.do\/wp-content\/uploads\/2024\/12\/ivan-guzman.jpg?resize=700%2C400&ssl=1 2x"},"classes":[]},{"id":91690,"url":"https:\/\/lasprimeras.com.do\/index.php\/2024\/12\/01\/inespre-beneficia-a-mas-de-70-mil-personas-en-feria-la-navidad-del-cambio-en-azua\/","url_meta":{"origin":92086,"position":1},"title":"Inespre beneficia a m\u00e1s de 70 mil personas en Feria \u201cLa Navidad del Cambio\u201d en Azua","author":"Nelson Feliz","date":"1 de diciembre de 2024","format":false,"excerpt":"M\u00e1s de 70 mil personas de la regi\u00f3n sur del pa\u00eds fueron beneficiadas con ventas de alimentos a bajos costos a trav\u00e9s de la Feria Navidad del Cambio con el Inespre que se llev\u00f3 a cabo este fin de semana en el Polideportivo de Azua, seg\u00fan inform\u00f3 la instituci\u00f3n. Fueron\u2026","rel":"","context":"En \u00abECONOM\u00cdA\u00bb","block_context":{"text":"ECONOM\u00cdA","link":"https:\/\/lasprimeras.com.do\/index.php\/category\/economia\/"},"img":{"alt_text":"","src":"https:\/\/i0.wp.com\/lasprimeras.com.do\/wp-content\/uploads\/2024\/12\/inespre.jpg?resize=350%2C200&ssl=1","width":350,"height":200,"srcset":"https:\/\/i0.wp.com\/lasprimeras.com.do\/wp-content\/uploads\/2024\/12\/inespre.jpg?resize=350%2C200&ssl=1 1x, https:\/\/i0.wp.com\/lasprimeras.com.do\/wp-content\/uploads\/2024\/12\/inespre.jpg?resize=525%2C300&ssl=1 1.5x, https:\/\/i0.wp.com\/lasprimeras.com.do\/wp-content\/uploads\/2024\/12\/inespre.jpg?resize=700%2C400&ssl=1 2x"},"classes":[]},{"id":91967,"url":"https:\/\/lasprimeras.com.do\/index.php\/2024\/12\/08\/mas-82-mil-personas-aprovechan-ofertas-en-feria-navidad-del-cambio-en-san-cristobal\/","url_meta":{"origin":92086,"position":2},"title":"M\u00e1s 82 mil personas aprovechan ofertas en Feria Navidad del Cambio en San Crist\u00f3bal","author":"Nelson Feliz","date":"8 de diciembre de 2024","format":false,"excerpt":"M\u00e1s de 50 variedad de productos y dos combos especiales fueron vendidos en la feria \u201cNavidad del Cambio con el Inespre 2024\u201d, realizada este fin de semana en el Estadio Tem\u00edstocles Metz de San Crist\u00f3bal por disposici\u00f3n de la Presidencia de la Rep\u00fablica. Las ventas fueron supervisadas por el director\u2026","rel":"","context":"En \u00abECONOM\u00cdA\u00bb","block_context":{"text":"ECONOM\u00cdA","link":"https:\/\/lasprimeras.com.do\/index.php\/category\/economia\/"},"img":{"alt_text":"","src":"https:\/\/i0.wp.com\/lasprimeras.com.do\/wp-content\/uploads\/2024\/12\/INESPRE-1.jpg?resize=350%2C200&ssl=1","width":350,"height":200,"srcset":"https:\/\/i0.wp.com\/lasprimeras.com.do\/wp-content\/uploads\/2024\/12\/INESPRE-1.jpg?resize=350%2C200&ssl=1 1x, https:\/\/i0.wp.com\/lasprimeras.com.do\/wp-content\/uploads\/2024\/12\/INESPRE-1.jpg?resize=525%2C300&ssl=1 1.5x, https:\/\/i0.wp.com\/lasprimeras.com.do\/wp-content\/uploads\/2024\/12\/INESPRE-1.jpg?resize=700%2C400&ssl=1 2x"},"classes":[]},{"id":69242,"url":"https:\/\/lasprimeras.com.do\/index.php\/2023\/11\/30\/inespre-inicia-navidad-del-cambio-con-seis-grandes-ferias\/","url_meta":{"origin":92086,"position":3},"title":"Inespre inicia \u201cNavidad del Cambio\u201d con seis grandes ferias","author":"Nelson Feliz","date":"30 de noviembre de 2023","format":false,"excerpt":"El Instituto de Estabilizaci\u00f3n de Precios (INESPRE) inici\u00f3 formalmente \u201cLa Navidad del Cambio\u201d, con seis grandes ferias que se realizar\u00e1n todos los fines de semana de diciembre en distintos puntos del pa\u00eds, como parte del programa de la Brisita Navide\u00f1a que desarrolla la Presidencia de la Rep\u00fablica. En estos eventos\u2026","rel":"","context":"En \u00abECONOM\u00cdA\u00bb","block_context":{"text":"ECONOM\u00cdA","link":"https:\/\/lasprimeras.com.do\/index.php\/category\/economia\/"},"img":{"alt_text":"INESPRE","src":"https:\/\/i0.wp.com\/lasprimeras.com.do\/wp-content\/uploads\/2023\/11\/INESPRE-1.jpg?resize=350%2C200&ssl=1","width":350,"height":200,"srcset":"https:\/\/i0.wp.com\/lasprimeras.com.do\/wp-content\/uploads\/2023\/11\/INESPRE-1.jpg?resize=350%2C200&ssl=1 1x, https:\/\/i0.wp.com\/lasprimeras.com.do\/wp-content\/uploads\/2023\/11\/INESPRE-1.jpg?resize=525%2C300&ssl=1 1.5x, https:\/\/i0.wp.com\/lasprimeras.com.do\/wp-content\/uploads\/2023\/11\/INESPRE-1.jpg?resize=700%2C400&ssl=1 2x"},"classes":[]},{"id":91620,"url":"https:\/\/lasprimeras.com.do\/index.php\/2024\/11\/28\/este-viernes-inician-las-grandes-ferias-navidad-del-cambio-con-el-inespre-en-azua\/","url_meta":{"origin":92086,"position":4},"title":"Este viernes inician las Grandes Ferias Navidad del Cambio con el Inespre en Azua","author":"Nelson Feliz","date":"28 de noviembre de 2024","format":false,"excerpt":"M\u00e1s de 50 productos y dos combos especiales estar\u00e1n disponibles para el p\u00fablico. El Instituto de Estabilizaci\u00f3n de Precios iniciar\u00e1 este viernes 29 de noviembre sus Grandes Ferias Navidad del Cambio con el Inespre en el Polideportivo de Azua, que operar\u00e1n de 9 de la ma\u00f1ana a 6 de la\u2026","rel":"","context":"En \u00abECONOM\u00cdA\u00bb","block_context":{"text":"ECONOM\u00cdA","link":"https:\/\/lasprimeras.com.do\/index.php\/category\/economia\/"},"img":{"alt_text":"Grandes Ferias Navidad del Cambio","src":"https:\/\/i0.wp.com\/lasprimeras.com.do\/wp-content\/uploads\/2024\/11\/Grandes-Ferias-Navidad-del-Cambio-1.jpg?resize=350%2C200&ssl=1","width":350,"height":200,"srcset":"https:\/\/i0.wp.com\/lasprimeras.com.do\/wp-content\/uploads\/2024\/11\/Grandes-Ferias-Navidad-del-Cambio-1.jpg?resize=350%2C200&ssl=1 1x, https:\/\/i0.wp.com\/lasprimeras.com.do\/wp-content\/uploads\/2024\/11\/Grandes-Ferias-Navidad-del-Cambio-1.jpg?resize=525%2C300&ssl=1 1.5x, https:\/\/i0.wp.com\/lasprimeras.com.do\/wp-content\/uploads\/2024\/11\/Grandes-Ferias-Navidad-del-Cambio-1.jpg?resize=700%2C400&ssl=1 2x"},"classes":[]},{"id":70274,"url":"https:\/\/lasprimeras.com.do\/index.php\/2023\/12\/10\/mas-de-65-mil-personas-beneficiadas-en-ferias-navidad-del-cambio-con-el-inespre-2023\/","url_meta":{"origin":92086,"position":5},"title":"M\u00e1s de 65 mil personas beneficiadas en ferias \u201cNavidad del Cambio con el Inespre 2023\u201d","author":"Nelson Feliz","date":"10 de diciembre de 2023","format":false,"excerpt":"M\u00e1s de 65 mil personas han sido beneficiadas con las ventas de alimentos a bajos costos en las tres primeras ferias \u201cNavidad del Cambio con el Inespre 2023\u201d, realizadas en Azua el 24 y 25 de noviembre, Los Frailes en Santo Domingo Este el 1 y 2 de diciembre y\u2026","rel":"","context":"En \u00abECONOM\u00cdA\u00bb","block_context":{"text":"ECONOM\u00cdA","link":"https:\/\/lasprimeras.com.do\/index.php\/category\/economia\/"},"img":{"alt_text":"Iv\u00e1n Hern\u00e1ndez Guzm\u00e1n","src":"https:\/\/i0.wp.com\/lasprimeras.com.do\/wp-content\/uploads\/2023\/12\/Ivan-Hernandez-Guzman-1.jpg?resize=350%2C200&ssl=1","width":350,"height":200,"srcset":"https:\/\/i0.wp.com\/lasprimeras.com.do\/wp-content\/uploads\/2023\/12\/Ivan-Hernandez-Guzman-1.jpg?resize=350%2C200&ssl=1 1x, https:\/\/i0.wp.com\/lasprimeras.com.do\/wp-content\/uploads\/2023\/12\/Ivan-Hernandez-Guzman-1.jpg?resize=525%2C300&ssl=1 1.5x, https:\/\/i0.wp.com\/lasprimeras.com.do\/wp-content\/uploads\/2023\/12\/Ivan-Hernandez-Guzman-1.jpg?resize=700%2C400&ssl=1 2x"},"classes":[]}],"jetpack_sharing_enabled":true,"_links":{"self":[{"href":"https:\/\/lasprimeras.com.do\/index.php\/wp-json\/wp\/v2\/posts\/92086","targetHints":{"allow":["GET"]}}],"collection":[{"href":"https:\/\/lasprimeras.com.do\/index.php\/wp-json\/wp\/v2\/posts"}],"about":[{"href":"https:\/\/lasprimeras.com.do\/index.php\/wp-json\/wp\/v2\/types\/post"}],"author":[{"embeddable":true,"href":"https:\/\/lasprimeras.com.do\/index.php\/wp-json\/wp\/v2\/users\/2"}],"replies":[{"embeddable":true,"href":"https:\/\/lasprimeras.com.do\/index.php\/wp-json\/wp\/v2\/comments?post=92086"}],"version-history":[{"count":1,"href":"https:\/\/lasprimeras.com.do\/index.php\/wp-json\/wp\/v2\/posts\/92086\/revisions"}],"predecessor-version":[{"id":92088,"href":"https:\/\/lasprimeras.com.do\/index.php\/wp-json\/wp\/v2\/posts\/92086\/revisions\/92088"}],"wp:featuredmedia":[{"embeddable":true,"href":"https:\/\/lasprimeras.com.do\/index.php\/wp-json\/wp\/v2\/media\/92087"}],"wp:attachment":[{"href":"https:\/\/lasprimeras.com.do\/index.php\/wp-json\/wp\/v2\/media?parent=92086"}],"wp:term":[{"taxonomy":"category","embeddable":true,"href":"https:\/\/lasprimeras.com.do\/index.php\/wp-json\/wp\/v2\/categories?post=92086"},{"taxonomy":"post_tag","embeddable":true,"href":"https:\/\/lasprimeras.com.do\/index.php\/wp-json\/wp\/v2\/tags?post=92086"}],"curies":[{"name":"wp","href":"https:\/\/api.w.org\/{rel}","templated":true}]}}