{"id":92089,"date":"2024-12-27T22:38:03","date_gmt":"2024-12-28T02:38:03","guid":{"rendered":"https:\/\/lasprimeras.com.do\/?p=92089"},"modified":"2024-12-27T22:38:04","modified_gmt":"2024-12-28T02:38:04","slug":"apordom-entregara-bonos-navidenos-a-mas-de-30-mil-trabajadores-portuarios-de-rd","status":"publish","type":"post","link":"https:\/\/lasprimeras.com.do\/index.php\/2024\/12\/27\/apordom-entregara-bonos-navidenos-a-mas-de-30-mil-trabajadores-portuarios-de-rd\/","title":{"rendered":"APORDOM entregar\u00e1 bonos navide\u00f1os a m\u00e1s de 30 mil trabajadores portuarios de RD"},"content":{"rendered":"\n<p>La Autoridad Portuaria Dominicana (APORDOM), iniciar\u00e1 a partir de este s\u00e1bado 28 de diciembre el pago de un bono navide\u00f1o a m\u00e1s de 30 mil trabajadores de este sector, afiliados a unos 150 sindicatos, como gratificaci\u00f3n por la labor rendida en los muelles del pa\u00eds.<\/p>\n\n\n\n<p>A trav\u00e9s de Banreservas, mediante pago electr\u00f3nico a los distintos sindicatos, APORDOM tiene destinado m\u00e1s de 300 millones de pesos<br>para los colaboradores de los puertos.<\/p>\n\n\n\n<p>El director ejecutivo de APORDOM, Jean Luis Rodr\u00edguez, resalt\u00f3 el compromiso que a\u00f1o tras a\u00f1o tiene la instituci\u00f3n para contribuir con la calidad de vida de todos los que intervienen en el sistema portuario nacional, incluyendo a los trabajadores que son el alma de los 18 puertos que tiene el pa\u00eds.<\/p>\n\n\n\n<p>\u201cNo hemos olvidado nuestra responsabilidad para la entrega de estos bonos de manera que se haga r\u00e1pida y lleguen a todos, para que el beneficio llegue cuando realmente el trabajador lo necesita.\u201d, afirm\u00f3 Rodr\u00edguez.<\/p>\n\n\n\n<p>Los bonos oscilan entre RD$ 7,676.25 y 10, 235.50 por trabajador afiliado a unos de los 150 sindicatos registrados y avalados por el Ministerio de Trabajo y el Ministerio de Hacienda.<\/p>\n\n\n\n<p>De acuerdo a la ley 199-02, se establece un bono navide\u00f1o cada a\u00f1o para todos los trabajadores portuarios, como gratificaci\u00f3n a la labor rendida en los muelles, estos fondos salen de un porcentaje que se les cobra a las navieras por cada tonelada que entran al territorio dominicano.<\/p>\n\n\n\n<p>En ese contexto, seg\u00fan la ley las personas que pertenezcan a varios sindicatos de trabajadores portuarios recibir\u00e1n el pago del bono navide\u00f1o por un solo sindicato.<\/p>\n\n\n\n<p>Al anuncio de entrega, asistieron Joaquin Fern\u00e1ndez, Subdirector de APORDOM, Jos\u00e9 Luis Rom\u00e1n, director Financiero junto a otros colaboradores.<\/p>\n","protected":false},"excerpt":{"rendered":"<p>La Autoridad Portuaria Dominicana (APORDOM), iniciar\u00e1 a partir de este s\u00e1bado 28 de diciembre el pago de un bono navide\u00f1o a m\u00e1s de 30 mil trabajadores de este sector, afiliados&hellip;<\/p>\n","protected":false},"author":2,"featured_media":92090,"comment_status":"open","ping_status":"open","sticky":false,"template":"","format":"standard","meta":{"content-type":"","jetpack_post_was_ever_published":false,"_jetpack_newsletter_access":"","_jetpack_dont_email_post_to_subs":false,"_jetpack_newsletter_tier_id":0,"_jetpack_memberships_contains_paywalled_content":false,"_jetpack_memberships_contains_paid_content":false,"footnotes":""},"categories":[39],"tags":[4611,14475,10272,549,6276,16495,127,156],"class_list":["post-92089","post","type-post","status-publish","format-standard","has-post-thumbnail","hentry","category-economia","tag-apordom","tag-autoridad","tag-bonos-navidenos","tag-dominicana","tag-portuaria","tag-portuarios","tag-rd","tag-trabajadores"],"jetpack_featured_media_url":"https:\/\/lasprimeras.com.do\/wp-content\/uploads\/2024\/12\/Jean-Luis-Rodriguez-2.jpg","jetpack-related-posts":[{"id":72225,"url":"https:\/\/lasprimeras.com.do\/index.php\/2023\/12\/27\/inician-entrega-bonos-navidenos-a-37-mil-trabajadores-portuarios-rd\/","url_meta":{"origin":92089,"position":0},"title":"Inician entrega bonos navide\u00f1os a 37 mil trabajadores portuarios RD","author":"BIMARY DE JES\u00daS Matos","date":"27 de diciembre de 2023","format":false,"excerpt":"SANTO DOMINGO.- La Autoridad Portuaria Dominicana (APORDOM) inici\u00f3 este mi\u00e9rcoles la entrega del bono navide\u00f1o a 37 mil trabajadores afiliados a 150 sindicatos. Jean Luis Rodr\u00edguez, director de APORDOM, dijo que con esto la instituci\u00f3n da cumplimento a la ley 199-02 sobre dicho pago a favor de los trabajadores portuarios\u2026","rel":"","context":"En \u00abNACIONALES\u00bb","block_context":{"text":"NACIONALES","link":"https:\/\/lasprimeras.com.do\/index.php\/category\/nacionales\/"},"img":{"alt_text":"","src":"https:\/\/i0.wp.com\/lasprimeras.com.do\/wp-content\/uploads\/2023\/12\/El-texto-del-parrafo-1.jpg?resize=350%2C200&ssl=1","width":350,"height":200,"srcset":"https:\/\/i0.wp.com\/lasprimeras.com.do\/wp-content\/uploads\/2023\/12\/El-texto-del-parrafo-1.jpg?resize=350%2C200&ssl=1 1x, https:\/\/i0.wp.com\/lasprimeras.com.do\/wp-content\/uploads\/2023\/12\/El-texto-del-parrafo-1.jpg?resize=525%2C300&ssl=1 1.5x"},"classes":[]},{"id":101563,"url":"https:\/\/lasprimeras.com.do\/index.php\/2025\/06\/23\/abinader-presenta-inversion-en-infraestructura-portuaria-entre-sectores-publico-y-privado\/","url_meta":{"origin":92089,"position":1},"title":"Abinader presenta inversi\u00f3n en infraestructura portuaria entre sectores p\u00fablico y privado","author":"Nelson Feliz","date":"23 de junio de 2025","format":false,"excerpt":"El presidente Luis Abinader defini\u00f3 la Autoridad Portuaria Dominicana (APORDOM), como eficiente y rentable y explic\u00f3 que en este Gobierno ha habido mayor solidez financiera, sald\u00e1ndose deudas por los RD$1,300 millones, un aumento de ingresos de 2.5 veces m\u00e1s, con un crecimiento mensual de RD$56 millones a RD$140 millones. El\u2026","rel":"","context":"En \u00abECONOM\u00cdA\u00bb","block_context":{"text":"ECONOM\u00cdA","link":"https:\/\/lasprimeras.com.do\/index.php\/category\/economia\/"},"img":{"alt_text":"","src":"https:\/\/i0.wp.com\/lasprimeras.com.do\/wp-content\/uploads\/2025\/06\/Luis-Abinader-1-1.jpg?resize=350%2C200&ssl=1","width":350,"height":200,"srcset":"https:\/\/i0.wp.com\/lasprimeras.com.do\/wp-content\/uploads\/2025\/06\/Luis-Abinader-1-1.jpg?resize=350%2C200&ssl=1 1x, https:\/\/i0.wp.com\/lasprimeras.com.do\/wp-content\/uploads\/2025\/06\/Luis-Abinader-1-1.jpg?resize=525%2C300&ssl=1 1.5x, https:\/\/i0.wp.com\/lasprimeras.com.do\/wp-content\/uploads\/2025\/06\/Luis-Abinader-1-1.jpg?resize=700%2C400&ssl=1 2x"},"classes":[]},{"id":91384,"url":"https:\/\/lasprimeras.com.do\/index.php\/2024\/11\/20\/apordom-repara-muelle-turistico-y-pesquero-de-rio-san-juan-tras-fenomeno-atmosferico\/","url_meta":{"origin":92089,"position":2},"title":"APORDOM repara muelle tur\u00edstico y pesquero de R\u00edo San Juan tras fen\u00f3meno atmosf\u00e9rico","author":"Nelson Feliz","date":"20 de noviembre de 2024","format":false,"excerpt":"La Autoridad Portuaria Dominicana (APORDOM) ha iniciado con rapidez los trabajos de reparaci\u00f3n del muelle tur\u00edstico y pesquero de R\u00edo San Juan, luego de que el fuerte oleaje causado por recientes condiciones clim\u00e1ticas desplazara parcialmente el rompeolas. La instituci\u00f3n ha asegurado que el n\u00facleo de la estructura del muelle permanece\u2026","rel":"","context":"En \u00abNACIONALES\u00bb","block_context":{"text":"NACIONALES","link":"https:\/\/lasprimeras.com.do\/index.php\/category\/nacionales\/"},"img":{"alt_text":"","src":"https:\/\/i0.wp.com\/lasprimeras.com.do\/wp-content\/uploads\/2024\/11\/muelle.jpg?resize=350%2C200&ssl=1","width":350,"height":200,"srcset":"https:\/\/i0.wp.com\/lasprimeras.com.do\/wp-content\/uploads\/2024\/11\/muelle.jpg?resize=350%2C200&ssl=1 1x, https:\/\/i0.wp.com\/lasprimeras.com.do\/wp-content\/uploads\/2024\/11\/muelle.jpg?resize=525%2C300&ssl=1 1.5x, https:\/\/i0.wp.com\/lasprimeras.com.do\/wp-content\/uploads\/2024\/11\/muelle.jpg?resize=700%2C400&ssl=1 2x"},"classes":[]},{"id":122433,"url":"https:\/\/lasprimeras.com.do\/index.php\/2026\/02\/17\/camara-de-cuentas-inicia-2026-con-auditoria-a-edeeste-superintendencia-de-seguros-y-apordom\/","url_meta":{"origin":92089,"position":3},"title":"C\u00e1mara de Cuentas inicia 2026 con auditor\u00eda a EDEESTE, Superintendencia de Seguros y APORDOM","author":"Nelson Feliz","date":"17 de febrero de 2026","format":false,"excerpt":"El Pleno de la C\u00e1mara de Cuentas de la Rep\u00fablica Dominicana (CCRD) aprob\u00f3 tres nuevos informes de auditor\u00eda durante la segunda y tercera sesiones ordinarias correspondientes al a\u00f1o 2026, celebradas los d\u00edas 29 de enero y 5 de febrero, respectivamente. \u00a0Con estas decisiones, el \u00f3rgano reafirma su compromiso con la\u2026","rel":"","context":"En \u00abECONOM\u00cdA\u00bb","block_context":{"text":"ECONOM\u00cdA","link":"https:\/\/lasprimeras.com.do\/index.php\/category\/economia\/"},"img":{"alt_text":"C\u00e1mara de Cuentas","src":"https:\/\/i0.wp.com\/lasprimeras.com.do\/wp-content\/uploads\/2026\/02\/Camara-de-Cuentas.jpg?resize=350%2C200&ssl=1","width":350,"height":200,"srcset":"https:\/\/i0.wp.com\/lasprimeras.com.do\/wp-content\/uploads\/2026\/02\/Camara-de-Cuentas.jpg?resize=350%2C200&ssl=1 1x, https:\/\/i0.wp.com\/lasprimeras.com.do\/wp-content\/uploads\/2026\/02\/Camara-de-Cuentas.jpg?resize=525%2C300&ssl=1 1.5x, https:\/\/i0.wp.com\/lasprimeras.com.do\/wp-content\/uploads\/2026\/02\/Camara-de-Cuentas.jpg?resize=700%2C400&ssl=1 2x"},"classes":[]},{"id":91557,"url":"https:\/\/lasprimeras.com.do\/index.php\/2024\/11\/26\/trabajadores-portuarios-exigen-pago-del-bono-navideno\/","url_meta":{"origin":92089,"position":4},"title":"Trabajadores portuarios exigen pago del bono navide\u00f1o","author":"Nelson Feliz","date":"26 de noviembre de 2024","format":false,"excerpt":"\u00a0La Federaci\u00f3n Dominicana de Trabajadores Portuarios y sus organizaciones afiliadas demandan el cumplimiento de la Ley 199-02 a beneficio de los m\u00e1s de 30 mil trabajadores portuarios afiliados. El Secretario General de la FDTP, Silvio Ure\u00f1a Mendoza, precis\u00f3 que esa ley especifica los valores que deben percibir los trabajadores portuarios,\u2026","rel":"","context":"En \u00abECONOM\u00cdA\u00bb","block_context":{"text":"ECONOM\u00cdA","link":"https:\/\/lasprimeras.com.do\/index.php\/category\/economia\/"},"img":{"alt_text":"","src":"https:\/\/i0.wp.com\/lasprimeras.com.do\/wp-content\/uploads\/2024\/11\/trabajdores.jpg?resize=350%2C200&ssl=1","width":350,"height":200,"srcset":"https:\/\/i0.wp.com\/lasprimeras.com.do\/wp-content\/uploads\/2024\/11\/trabajdores.jpg?resize=350%2C200&ssl=1 1x, https:\/\/i0.wp.com\/lasprimeras.com.do\/wp-content\/uploads\/2024\/11\/trabajdores.jpg?resize=525%2C300&ssl=1 1.5x"},"classes":[]},{"id":108785,"url":"https:\/\/lasprimeras.com.do\/index.php\/2025\/09\/10\/camara-de-cuentas-destapa-irregularidades-millonarias-en-apordom-durante-gestion-2015-2016\/","url_meta":{"origin":92089,"position":5},"title":"C\u00e1mara de Cuentas destapa irregularidades millonarias en Apordom durante gesti\u00f3n 2015-2016","author":"Nelson Feliz","date":"10 de septiembre de 2025","format":false,"excerpt":"La C\u00e1mara de Cuentas de la Rep\u00fablica Dominicana (CCRD) revel\u00f3 graves irregularidades financieras en la Autoridad Portuaria Dominicana (Apordom) correspondientes al per\u00edodo 2015-2016, bajo la gesti\u00f3n de V\u00edctor G\u00f3mez Casanova, comprometiendo cientos de millones de pesos del erario. El informe de auditor\u00eda, presentado el 5 de septiembre de 2025, concluye\u2026","rel":"","context":"En \u00abECONOM\u00cdA\u00bb","block_context":{"text":"ECONOM\u00cdA","link":"https:\/\/lasprimeras.com.do\/index.php\/category\/economia\/"},"img":{"alt_text":"","src":"https:\/\/i0.wp.com\/lasprimeras.com.do\/wp-content\/uploads\/2025\/09\/APORDOM-2.jpg?resize=350%2C200&ssl=1","width":350,"height":200,"srcset":"https:\/\/i0.wp.com\/lasprimeras.com.do\/wp-content\/uploads\/2025\/09\/APORDOM-2.jpg?resize=350%2C200&ssl=1 1x, https:\/\/i0.wp.com\/lasprimeras.com.do\/wp-content\/uploads\/2025\/09\/APORDOM-2.jpg?resize=525%2C300&ssl=1 1.5x, https:\/\/i0.wp.com\/lasprimeras.com.do\/wp-content\/uploads\/2025\/09\/APORDOM-2.jpg?resize=700%2C400&ssl=1 2x"},"classes":[]}],"jetpack_sharing_enabled":true,"_links":{"self":[{"href":"https:\/\/lasprimeras.com.do\/index.php\/wp-json\/wp\/v2\/posts\/92089","targetHints":{"allow":["GET"]}}],"collection":[{"href":"https:\/\/lasprimeras.com.do\/index.php\/wp-json\/wp\/v2\/posts"}],"about":[{"href":"https:\/\/lasprimeras.com.do\/index.php\/wp-json\/wp\/v2\/types\/post"}],"author":[{"embeddable":true,"href":"https:\/\/lasprimeras.com.do\/index.php\/wp-json\/wp\/v2\/users\/2"}],"replies":[{"embeddable":true,"href":"https:\/\/lasprimeras.com.do\/index.php\/wp-json\/wp\/v2\/comments?post=92089"}],"version-history":[{"count":1,"href":"https:\/\/lasprimeras.com.do\/index.php\/wp-json\/wp\/v2\/posts\/92089\/revisions"}],"predecessor-version":[{"id":92091,"href":"https:\/\/lasprimeras.com.do\/index.php\/wp-json\/wp\/v2\/posts\/92089\/revisions\/92091"}],"wp:featuredmedia":[{"embeddable":true,"href":"https:\/\/lasprimeras.com.do\/index.php\/wp-json\/wp\/v2\/media\/92090"}],"wp:attachment":[{"href":"https:\/\/lasprimeras.com.do\/index.php\/wp-json\/wp\/v2\/media?parent=92089"}],"wp:term":[{"taxonomy":"category","embeddable":true,"href":"https:\/\/lasprimeras.com.do\/index.php\/wp-json\/wp\/v2\/categories?post=92089"},{"taxonomy":"post_tag","embeddable":true,"href":"https:\/\/lasprimeras.com.do\/index.php\/wp-json\/wp\/v2\/tags?post=92089"}],"curies":[{"name":"wp","href":"https:\/\/api.w.org\/{rel}","templated":true}]}}