{"id":92094,"date":"2024-12-27T23:32:47","date_gmt":"2024-12-28T03:32:47","guid":{"rendered":"https:\/\/lasprimeras.com.do\/?p=92094"},"modified":"2024-12-27T23:32:49","modified_gmt":"2024-12-28T03:32:49","slug":"latinobarometro-situa-a-la-jce-entre-las-instituciones-electorales-con-mas-confianza-en-latinoamerica","status":"publish","type":"post","link":"https:\/\/lasprimeras.com.do\/index.php\/2024\/12\/27\/latinobarometro-situa-a-la-jce-entre-las-instituciones-electorales-con-mas-confianza-en-latinoamerica\/","title":{"rendered":"Latinobar\u00f3metro sit\u00faa a la JCE entre las instituciones electorales con m\u00e1s confianza en Latinoam\u00e9rica"},"content":{"rendered":"\n<p>El informe de Latinobar\u00f3metro 2006-2024 sit\u00faa a la Junta Central Electoral (JCE) de Rep\u00fablica Dominicana como la quinta instituci\u00f3n electoral de la regi\u00f3n en donde hay m\u00e1s confianza y la sexta entre los que piensan que las elecciones son limpias.<\/p>\n\n\n\n<p>El primer lugar lo ocupa Chile; el segundo, Uruguay, el tercero M\u00e9xico; el cuarto, Costa Rica; el quinto, Rep\u00fablica Dominicana, seguido de El Salvador, Panam\u00e1, Brasil, Per\u00fa, Argentina, Paraguay, Guatemala, Ecuador y otras naciones de Latinoam\u00e9rica.<\/p>\n\n\n\n<p>El estudio midi\u00f3 las opiniones, actitudes y comportamiento de los ciudadanos hacia la pol\u00edtica desde su autoposicionamiento hasta el inter\u00e9s que la gente tiene en ella, el voto y su comportamiento, as\u00ed como su valor para la ciudadan\u00eda, y la integridad de las elecciones.<\/p>\n\n\n\n<p>La instituci\u00f3n describe que en el a\u00f1o 2006 empez\u00f3 a medir lo relativo a entidades electorales de los pa\u00edses de la regi\u00f3n, principalmente por los reclamos en algunos Estados, respecto de la integridad del proceso electoral.<\/p>\n\n\n\n<p>Sobre Latinobar\u00f3metro<\/p>\n\n\n\n<p>El informe es producido por la Corporaci\u00f3n Latinobar\u00f3metro, de derecho privado sin fines de lucro con sede en Santiago de Chile, la \u00fanica responsable de los datos.<\/p>\n\n\n\n<p>El estudio se aplic\u00f3 en 17 pa\u00edses entre el 23 de agosto al 9 de octubre de 2024 en Argentina, Bolivia, Brasil, Chile, Colombia, Ecuador, M\u00e9xico, Per\u00fa, Uruguay, Venezuela, Costa Rica, El Salvador, Guatemala, Honduras, Panam\u00e1, Paraguay y Rep\u00fablica Dominicana.<\/p>\n\n\n\n<p>En diez pa\u00edses de Sudam\u00e9rica y M\u00e9xico se aplicaron muestras de 1,200 casos representativas de cada pa\u00eds a los ciudadanos de 18 a\u00f1os y m\u00e1s (16 a\u00f1os en Brasil), y 1,000 casos en los cinco pa\u00edses de Centroam\u00e9rica y en Rep\u00fablica Dominicana.<\/p>\n\n\n\n<p>En total se aplicaron 19,214 entrevistas en 17 pa\u00edses con un nivel de confianza de 95 %, el margen de error de las muestras nacionales es de entre +\/-2.8 y +\/-3.1% y de +\/- 6.0% en Colombia.<\/p>\n","protected":false},"excerpt":{"rendered":"<p>El informe de Latinobar\u00f3metro 2006-2024 sit\u00faa a la Junta Central Electoral (JCE) de Rep\u00fablica Dominicana como la quinta instituci\u00f3n electoral de la regi\u00f3n en donde hay m\u00e1s confianza y la&hellip;<\/p>\n","protected":false},"author":2,"featured_media":92095,"comment_status":"open","ping_status":"open","sticky":false,"template":"","format":"standard","meta":{"content-type":"","jetpack_post_was_ever_published":false,"_jetpack_newsletter_access":"","_jetpack_dont_email_post_to_subs":false,"_jetpack_newsletter_tier_id":0,"_jetpack_memberships_contains_paywalled_content":false,"_jetpack_memberships_contains_paid_content":false,"footnotes":""},"categories":[35,25],"tags":[2005,2988,1053,183,337,16686],"class_list":["post-92094","post","type-post","status-publish","format-standard","has-post-thumbnail","hentry","category-nacionales","category-portada","tag-confianza","tag-electorales","tag-instituciones","tag-jce","tag-latinoamerica","tag-latinobarometro"],"jetpack_featured_media_url":"https:\/\/lasprimeras.com.do\/wp-content\/uploads\/2024\/12\/WhatsApp-Image-2024-12-27-at-4.31.50-PM.jpeg","jetpack-related-posts":[{"id":110823,"url":"https:\/\/lasprimeras.com.do\/index.php\/2025\/10\/01\/presidente-de-la-jce-la-observacion-electoral-debe-ser-cuidada-profundizada-y-profesionalizada\/","url_meta":{"origin":92094,"position":0},"title":"Presidente de la JCE: \u201cLa observaci\u00f3n electoral debe ser cuidada, profundizada y profesionalizada\u201d","author":"Nelson Feliz","date":"1 de octubre de 2025","format":false,"excerpt":"El presidente de la Junta Central Electoral, Rom\u00e1n Andr\u00e9s J\u00e1quez Liranzo, particip\u00f3 este mi\u00e9rcoles en el conversatorio \u201cProcesos electorales: la experiencia de los pa\u00edses de la Comunidad de Estados Independientes (CEI) y Am\u00e9rica Latina\u201d con su conferencia titulada \u201cAspectos importantes de la observaci\u00f3n electoral\u201d, espacio en donde llam\u00f3 a cuidar\u2026","rel":"","context":"En \u00abNACIONALES\u00bb","block_context":{"text":"NACIONALES","link":"https:\/\/lasprimeras.com.do\/index.php\/category\/nacionales\/"},"img":{"alt_text":"Rom\u00e1n Andr\u00e9s J\u00e1quez Liranzo","src":"https:\/\/i0.wp.com\/lasprimeras.com.do\/wp-content\/uploads\/2025\/08\/Roman-Andres-Jaquez-Liranzo.jpg?resize=350%2C200&ssl=1","width":350,"height":200,"srcset":"https:\/\/i0.wp.com\/lasprimeras.com.do\/wp-content\/uploads\/2025\/08\/Roman-Andres-Jaquez-Liranzo.jpg?resize=350%2C200&ssl=1 1x, https:\/\/i0.wp.com\/lasprimeras.com.do\/wp-content\/uploads\/2025\/08\/Roman-Andres-Jaquez-Liranzo.jpg?resize=525%2C300&ssl=1 1.5x, https:\/\/i0.wp.com\/lasprimeras.com.do\/wp-content\/uploads\/2025\/08\/Roman-Andres-Jaquez-Liranzo.jpg?resize=700%2C400&ssl=1 2x"},"classes":[]},{"id":106438,"url":"https:\/\/lasprimeras.com.do\/index.php\/2025\/08\/15\/jce-y-la-unificacion-de-las-actas\/","url_meta":{"origin":92094,"position":1},"title":"JCE y la unificaci\u00f3n de las actas","author":"Nelson Feliz","date":"15 de agosto de 2025","format":false,"excerpt":"Por Pablo Vicente El 1 de julio de 2025 marcar\u00e1 un cambio significativo en la gesti\u00f3n documental de la Rep\u00fablica Dominicana. La Junta Central Electoral (JCE) implementar\u00e1 la Resoluci\u00f3n 9-2025, que establece la unificaci\u00f3n de las actas del estado civil en un \u00fanico formato est\u00e1ndar, eliminando las versiones de \u201cextracto\u201d\u2026","rel":"","context":"En \u00abOPINI\u00d3N\u00bb","block_context":{"text":"OPINI\u00d3N","link":"https:\/\/lasprimeras.com.do\/index.php\/category\/opinion\/"},"img":{"alt_text":"Pablo Vicente","src":"https:\/\/i0.wp.com\/lasprimeras.com.do\/wp-content\/uploads\/2025\/04\/Pablo-Vicente.jpg?resize=350%2C200&ssl=1","width":350,"height":200,"srcset":"https:\/\/i0.wp.com\/lasprimeras.com.do\/wp-content\/uploads\/2025\/04\/Pablo-Vicente.jpg?resize=350%2C200&ssl=1 1x, https:\/\/i0.wp.com\/lasprimeras.com.do\/wp-content\/uploads\/2025\/04\/Pablo-Vicente.jpg?resize=525%2C300&ssl=1 1.5x"},"classes":[]},{"id":122699,"url":"https:\/\/lasprimeras.com.do\/index.php\/2026\/02\/20\/pleno-de-la-camara-de-cuentas-obtiene-nueva-cedula-de-identidad-y-electoral-en-la-jce\/","url_meta":{"origin":92094,"position":2},"title":"Pleno de la C\u00e1mara de Cuentas obtiene nueva c\u00e9dula de identidad y electoral en la JCE","author":"Nelson Feliz","date":"20 de febrero de 2026","format":false,"excerpt":"La presidenta y los miembros del Pleno de la C\u00e1mara de Cuentas de la Rep\u00fablica Dominicana (CCRD) realizaron el proceso de renovaci\u00f3n de la c\u00e9dula de identidad y electoral en la sede central de la Junta Central Electoral (JCE). Emma Polanco y los dem\u00e1s ejecutivos de la CCRD completaron los\u2026","rel":"","context":"En \u00abNACIONALES\u00bb","block_context":{"text":"NACIONALES","link":"https:\/\/lasprimeras.com.do\/index.php\/category\/nacionales\/"},"img":{"alt_text":"","src":"https:\/\/i0.wp.com\/lasprimeras.com.do\/wp-content\/uploads\/2026\/02\/IMG-20260220-WA0314-scaled.jpg?resize=350%2C200&ssl=1","width":350,"height":200,"srcset":"https:\/\/i0.wp.com\/lasprimeras.com.do\/wp-content\/uploads\/2026\/02\/IMG-20260220-WA0314-scaled.jpg?resize=350%2C200&ssl=1 1x, https:\/\/i0.wp.com\/lasprimeras.com.do\/wp-content\/uploads\/2026\/02\/IMG-20260220-WA0314-scaled.jpg?resize=525%2C300&ssl=1 1.5x, https:\/\/i0.wp.com\/lasprimeras.com.do\/wp-content\/uploads\/2026\/02\/IMG-20260220-WA0314-scaled.jpg?resize=700%2C400&ssl=1 2x, https:\/\/i0.wp.com\/lasprimeras.com.do\/wp-content\/uploads\/2026\/02\/IMG-20260220-WA0314-scaled.jpg?resize=1050%2C600&ssl=1 3x, https:\/\/i0.wp.com\/lasprimeras.com.do\/wp-content\/uploads\/2026\/02\/IMG-20260220-WA0314-scaled.jpg?resize=1400%2C800&ssl=1 4x"},"classes":[]},{"id":101489,"url":"https:\/\/lasprimeras.com.do\/index.php\/2025\/06\/22\/jce-firma-acuerdo-con-la-oea-y-otro-con-ifes-para-el-plan-estrategico-2024-2028\/","url_meta":{"origin":92094,"position":3},"title":"JCE firma acuerdo con la OEA y otro con IFES para el Plan Estrat\u00e9gico 2024-2028","author":"Nelson Feliz","date":"22 de junio de 2025","format":false,"excerpt":"JCE firma acuerdo con la OEA para la norma ISO Antisoborno y otro con IFES para el Plan Estrat\u00e9gico 2024-2028 Una comisi\u00f3n de la Junta Central Electoral (JCE), encabezada por su presidente, Rom\u00e1n Andr\u00e9s J\u00e1quez Liranzo e integrada por la miembro titular del Pleno Hirayda Marcelle Fern\u00e1ndez Guzm\u00e1n y por\u2026","rel":"","context":"En \u00abNACIONALES\u00bb","block_context":{"text":"NACIONALES","link":"https:\/\/lasprimeras.com.do\/index.php\/category\/nacionales\/"},"img":{"alt_text":"","src":"https:\/\/i0.wp.com\/lasprimeras.com.do\/wp-content\/uploads\/2025\/06\/jce.jpg?resize=350%2C200&ssl=1","width":350,"height":200,"srcset":"https:\/\/i0.wp.com\/lasprimeras.com.do\/wp-content\/uploads\/2025\/06\/jce.jpg?resize=350%2C200&ssl=1 1x, https:\/\/i0.wp.com\/lasprimeras.com.do\/wp-content\/uploads\/2025\/06\/jce.jpg?resize=525%2C300&ssl=1 1.5x, https:\/\/i0.wp.com\/lasprimeras.com.do\/wp-content\/uploads\/2025\/06\/jce.jpg?resize=700%2C400&ssl=1 2x"},"classes":[]},{"id":101251,"url":"https:\/\/lasprimeras.com.do\/index.php\/2025\/06\/17\/jce-firmara-acuerdo-con-la-oea-de-cara-a-implementar-norma-iso-antisoborno\/","url_meta":{"origin":92094,"position":4},"title":"JCE firmar\u00e1 acuerdo con la OEA de cara a implementar norma ISO Antisoborno","author":"Nelson Feliz","date":"17 de junio de 2025","format":false,"excerpt":"Una misi\u00f3n de la Junta Central Electoral se reunir\u00e1 este viernes con el nuevo secretario general de la Organizaci\u00f3n de Estados Americanos (OEA), Albert Ramdin, con la finalidad de firmar un acuerdo de entendimiento que tiene por objeto establecer un marco regulatorio con respecto a la implementaci\u00f3n de la norma\u2026","rel":"","context":"En \u00abNACIONALES\u00bb","block_context":{"text":"NACIONALES","link":"https:\/\/lasprimeras.com.do\/index.php\/category\/nacionales\/"},"img":{"alt_text":"","src":"https:\/\/i0.wp.com\/lasprimeras.com.do\/wp-content\/uploads\/2025\/02\/Fachada-JCE.jpg?resize=350%2C200&ssl=1","width":350,"height":200,"srcset":"https:\/\/i0.wp.com\/lasprimeras.com.do\/wp-content\/uploads\/2025\/02\/Fachada-JCE.jpg?resize=350%2C200&ssl=1 1x, https:\/\/i0.wp.com\/lasprimeras.com.do\/wp-content\/uploads\/2025\/02\/Fachada-JCE.jpg?resize=525%2C300&ssl=1 1.5x, https:\/\/i0.wp.com\/lasprimeras.com.do\/wp-content\/uploads\/2025\/02\/Fachada-JCE.jpg?resize=700%2C400&ssl=1 2x"},"classes":[]},{"id":113541,"url":"https:\/\/lasprimeras.com.do\/index.php\/2025\/11\/03\/jce-recibe-propuestas-de-aspirantes-a-miembros-de-las-oclee-en-pr-orlando-y-miami\/","url_meta":{"origin":92094,"position":5},"title":"JCE recibe propuestas de aspirantes a miembros de las OCLEE en PR, Orlando y Miami","author":"Nelson Feliz","date":"3 de noviembre de 2025","format":false,"excerpt":"Sugieren estrategia integral para enfrentar abstenci\u00f3n en el exterior Estados Unidos.- Una delegaci\u00f3n de la Junta Central Electoral (JCE) se traslad\u00f3 desde el 29 de octubre hasta el 3 de noviembre a Puerto Rico, Orlando y Miami para recibir las propuestas de los aspirantes a miembros de las Oficina de\u2026","rel":"","context":"En \u00abNACIONALES\u00bb","block_context":{"text":"NACIONALES","link":"https:\/\/lasprimeras.com.do\/index.php\/category\/nacionales\/"},"img":{"alt_text":"","src":"https:\/\/i0.wp.com\/lasprimeras.com.do\/wp-content\/uploads\/2025\/11\/JCE-1.jpg?resize=350%2C200&ssl=1","width":350,"height":200,"srcset":"https:\/\/i0.wp.com\/lasprimeras.com.do\/wp-content\/uploads\/2025\/11\/JCE-1.jpg?resize=350%2C200&ssl=1 1x, https:\/\/i0.wp.com\/lasprimeras.com.do\/wp-content\/uploads\/2025\/11\/JCE-1.jpg?resize=525%2C300&ssl=1 1.5x, https:\/\/i0.wp.com\/lasprimeras.com.do\/wp-content\/uploads\/2025\/11\/JCE-1.jpg?resize=700%2C400&ssl=1 2x"},"classes":[]}],"jetpack_sharing_enabled":true,"_links":{"self":[{"href":"https:\/\/lasprimeras.com.do\/index.php\/wp-json\/wp\/v2\/posts\/92094","targetHints":{"allow":["GET"]}}],"collection":[{"href":"https:\/\/lasprimeras.com.do\/index.php\/wp-json\/wp\/v2\/posts"}],"about":[{"href":"https:\/\/lasprimeras.com.do\/index.php\/wp-json\/wp\/v2\/types\/post"}],"author":[{"embeddable":true,"href":"https:\/\/lasprimeras.com.do\/index.php\/wp-json\/wp\/v2\/users\/2"}],"replies":[{"embeddable":true,"href":"https:\/\/lasprimeras.com.do\/index.php\/wp-json\/wp\/v2\/comments?post=92094"}],"version-history":[{"count":1,"href":"https:\/\/lasprimeras.com.do\/index.php\/wp-json\/wp\/v2\/posts\/92094\/revisions"}],"predecessor-version":[{"id":92096,"href":"https:\/\/lasprimeras.com.do\/index.php\/wp-json\/wp\/v2\/posts\/92094\/revisions\/92096"}],"wp:featuredmedia":[{"embeddable":true,"href":"https:\/\/lasprimeras.com.do\/index.php\/wp-json\/wp\/v2\/media\/92095"}],"wp:attachment":[{"href":"https:\/\/lasprimeras.com.do\/index.php\/wp-json\/wp\/v2\/media?parent=92094"}],"wp:term":[{"taxonomy":"category","embeddable":true,"href":"https:\/\/lasprimeras.com.do\/index.php\/wp-json\/wp\/v2\/categories?post=92094"},{"taxonomy":"post_tag","embeddable":true,"href":"https:\/\/lasprimeras.com.do\/index.php\/wp-json\/wp\/v2\/tags?post=92094"}],"curies":[{"name":"wp","href":"https:\/\/api.w.org\/{rel}","templated":true}]}}