{"id":92099,"date":"2024-12-29T11:05:03","date_gmt":"2024-12-29T15:05:03","guid":{"rendered":"https:\/\/lasprimeras.com.do\/?p=92099"},"modified":"2024-12-29T11:05:05","modified_gmt":"2024-12-29T15:05:05","slug":"accidente-aereo-en-corea-del-sur-deja-179-muertos","status":"publish","type":"post","link":"https:\/\/lasprimeras.com.do\/index.php\/2024\/12\/29\/accidente-aereo-en-corea-del-sur-deja-179-muertos\/","title":{"rendered":"Accidente a\u00e9reo en Corea del Sur deja 179 muertos"},"content":{"rendered":"\n<p>By HYUNG-JIN KIM and KIM TONG-HYUNG<\/p>\n\n\n\n<p>SE\u00daL, Corea del Sur (AP) \u2014 Un avi\u00f3n de pasajeros se incendi\u00f3 el domingo tras salirse de la pista en un aeropuerto surcoreano y chocar contra un muro de concreto luego de que su tren de aterrizaje delantero aparentemente no se despleg\u00f3: 179 de las 181 personas a bordo murieron en el desastre a\u00e9reo, uno de los peores en la historia del pa\u00eds.<\/p>\n\n\n\n<p>El avi\u00f3n de pasajeros de Jeju Air se estrell\u00f3 al aterrizar en la localidad de Muan, a unos 290 kil\u00f3metros (180 millas) al sur de Se\u00fal. El Ministerio de Transporte inform\u00f3 que el avi\u00f3n era un Boeing 737-800 de 15 a\u00f1os de antig\u00fcedad que volv\u00eda de Bangkok y que el accidente ocurri\u00f3 a las 9:03 de la ma\u00f1ana.<\/p>\n\n\n\n<p>Se confirm\u00f3 el deceso de 179 personas \u201485 mujeres, 84 hombres y otras 10 personas cuyo g\u00e9nero no fue posible identificar de momento\u2014 perdieron la vida en el fuego, inform\u00f3 la agencia de bomberos de Corea del Sur. <\/p>\n\n\n\n<p>Los socorristas sacaron a dos tripulantes. Funcionarios de salud dijeron que est\u00e1n conscientes y que su vida no corre peligro.<\/p>\n\n\n\n<p>Entre los 177 cad\u00e1veres encontrados, las autoridades han identificado hasta ahora a 88, seg\u00fan inform\u00f3 el servicio de bomberos. Los pasajeros eran en su mayor\u00eda surcoreanos, as\u00ed como dos ciudadanos tailandeses.<\/p>\n\n\n\n<p>La agencia despleg\u00f3 32 camiones de bomberos y varios helic\u00f3pteros para contener las llamas. Unos 1.570 bomberos, polic\u00edas, soldados y otros funcionarios tambi\u00e9n fueron enviados al sitio, seg\u00fan la agencia de bomberos y el Ministerio de Transporte.<\/p>\n\n\n\n<p>Tomas del accidente difundidas por las cadenas de televisi\u00f3n de Corea del Sur mostraron el momento en que el avi\u00f3n de Jeju Air se deslizaba por la pista, aparentemente con su tren de aterrizaje a\u00fan cerrado, sali\u00e9ndose de ella y chocando de frente contra un muro de concreto en la periferia del aeropuerto, lo que desencaden\u00f3 una explosi\u00f3n.<\/p>\n\n\n\n<p>Otras estaciones de televisi\u00f3n locales transmitieron im\u00e1genes que mostraban densas columnas de humo negro elev\u00e1ndose del avi\u00f3n envuelto en llamas.<\/p>\n\n\n\n<p>Lee Jeong-hyeon, jefe de la estaci\u00f3n de bomberos de Muan, dijo en una sesi\u00f3n informativa televisada que el avi\u00f3n qued\u00f3 completamente destruido; s\u00f3lo la cola era reconocible.<\/p>\n\n\n\n<p>Lee a\u00f1adi\u00f3 que los trabajadores estaban examinando varias posibilidades en torno a qu\u00e9 caus\u00f3 el choque, incluida la posibilidad de que el avi\u00f3n se haya topado con p\u00e1jaros.<\/p>\n\n\n\n<p>Posteriormente, funcionarios del Ministerio de Transporte dijeron que sus evaluaciones iniciales de los registros de comunicaci\u00f3n muestran que la torre de control del aeropuerto emiti\u00f3 una advertencia de impacto con p\u00e1jaros al avi\u00f3n poco antes de que intentara aterrizar y le dio permiso al piloto para aterrizar en una zona diferente.<\/p>\n\n\n\n<p>El piloto envi\u00f3 una se\u00f1al de socorro poco antes de que la aeronave se saliera de la pista y se deslizara a trav\u00e9s de una zona de amortiguamiento antes de chocar contra el muro, indicaron los funcionarios.<\/p>\n\n\n\n<p>Joo Jong-wan, un alto funcionario del Ministerio de Transporte, les dijo por separado a los periodistas que los trabajadores han recuperado las grabadoras de datos de vuelo y de voz de la cabina del avi\u00f3n, las cuales ser\u00e1n examinadas por expertos del gobierno que investigan la causa del choque y el incendio.<\/p>\n\n\n\n<p>Joo inform\u00f3 que la pista del aeropuerto de Muan estar\u00e1 cerrada hasta el 1 de enero.<\/p>\n","protected":false},"excerpt":{"rendered":"<p>By HYUNG-JIN KIM and KIM TONG-HYUNG SE\u00daL, Corea del Sur (AP) \u2014 Un avi\u00f3n de pasajeros se incendi\u00f3 el domingo tras salirse de la pista en un aeropuerto surcoreano y&hellip;<\/p>\n","protected":false},"author":2,"featured_media":92100,"comment_status":"open","ping_status":"open","sticky":false,"template":"","format":"standard","meta":{"content-type":"","jetpack_post_was_ever_published":false,"_jetpack_newsletter_access":"","_jetpack_dont_email_post_to_subs":false,"_jetpack_newsletter_tier_id":0,"_jetpack_memberships_contains_paywalled_content":false,"_jetpack_memberships_contains_paid_content":false,"footnotes":""},"categories":[16289],"tags":[16687,6607,1723],"class_list":["post-92099","post","type-post","status-publish","format-standard","has-post-thumbnail","hentry","category-internacionales","tag-179-muertos","tag-accidente-aereo","tag-corea-del-sur"],"jetpack_featured_media_url":"https:\/\/lasprimeras.com.do\/wp-content\/uploads\/2024\/12\/Accidente-aereo.png","jetpack-related-posts":[{"id":92128,"url":"https:\/\/lasprimeras.com.do\/index.php\/2024\/12\/29\/rd-expresa-condolencias-a-corea-del-sur-por-accidente-aereo\/","url_meta":{"origin":92099,"position":0},"title":"RD expresa condolencias a Corea del Sur por accidente a\u00e9reo","author":"Nelson Feliz","date":"29 de diciembre de 2024","format":false,"excerpt":"La Rep\u00fablica Dominicana expres\u00f3 este domingo sus condolencias a Corea del Sur por el accidente a\u00e9reo que dej\u00f3 179 muertos despu\u00e9s de que un avi\u00f3n estall\u00f3 tras salirse de pista y chocar contra un muro en el aeropuerto de Muan, a 290 kil\u00f3metros al suroeste de Se\u00fal. \u00abEl Gobierno dominicano\u2026","rel":"","context":"En \u00abNACIONALES\u00bb","block_context":{"text":"NACIONALES","link":"https:\/\/lasprimeras.com.do\/index.php\/category\/nacionales\/"},"img":{"alt_text":"","src":"https:\/\/i0.wp.com\/lasprimeras.com.do\/wp-content\/uploads\/2024\/12\/Accidente-aereo.png?resize=350%2C200&ssl=1","width":350,"height":200,"srcset":"https:\/\/i0.wp.com\/lasprimeras.com.do\/wp-content\/uploads\/2024\/12\/Accidente-aereo.png?resize=350%2C200&ssl=1 1x, https:\/\/i0.wp.com\/lasprimeras.com.do\/wp-content\/uploads\/2024\/12\/Accidente-aereo.png?resize=525%2C300&ssl=1 1.5x, https:\/\/i0.wp.com\/lasprimeras.com.do\/wp-content\/uploads\/2024\/12\/Accidente-aereo.png?resize=700%2C400&ssl=1 2x"},"classes":[]},{"id":92140,"url":"https:\/\/lasprimeras.com.do\/index.php\/2024\/12\/29\/identifican-a-140-de-las-179-victimas-del-accidente-de-jeju-air-en-corea-del-sur\/","url_meta":{"origin":92099,"position":1},"title":"Identifican a 140 de las 179 victimas del accidente de Jeju Air en Corea del Sur","author":"Nelson Feliz","date":"29 de diciembre de 2024","format":false,"excerpt":"Las pertenencias de las v\u00edctimas se est\u00e1n recogiendo de la pista y la zona se conservar\u00e1 intacta a la espera de que las autoridades investiguen la causa exacta del accidente. Se\u00fal,EFE - Las autoridades surcoreanas anunciaron este lunes que han identificado a 140 de las 179 v\u00edctimas que perdieron la\u2026","rel":"","context":"En \u00abINTERNACIONALES\u00bb","block_context":{"text":"INTERNACIONALES","link":"https:\/\/lasprimeras.com.do\/index.php\/category\/sin-categoria\/internacionales\/"},"img":{"alt_text":"","src":"https:\/\/i0.wp.com\/lasprimeras.com.do\/wp-content\/uploads\/2024\/12\/Accidente-aereo.png?resize=350%2C200&ssl=1","width":350,"height":200,"srcset":"https:\/\/i0.wp.com\/lasprimeras.com.do\/wp-content\/uploads\/2024\/12\/Accidente-aereo.png?resize=350%2C200&ssl=1 1x, https:\/\/i0.wp.com\/lasprimeras.com.do\/wp-content\/uploads\/2024\/12\/Accidente-aereo.png?resize=525%2C300&ssl=1 1.5x, https:\/\/i0.wp.com\/lasprimeras.com.do\/wp-content\/uploads\/2024\/12\/Accidente-aereo.png?resize=700%2C400&ssl=1 2x"},"classes":[]},{"id":99934,"url":"https:\/\/lasprimeras.com.do\/index.php\/2025\/05\/29\/avion-de-patrulla-de-la-marina-surcoreana-se-estrella-en-el-sur-del-pais-y-causa-cuatro-muertos\/","url_meta":{"origin":92099,"position":2},"title":"Avi\u00f3n de patrulla de la Marina surcoreana se estrella en el sur del pa\u00eds y causa cuatro muertos","author":"Nelson Feliz","date":"29 de mayo de 2025","format":false,"excerpt":"POR HYUNG-JIN KIM and KIM TONG-HYUNG SE\u00daL, Corea del Sur (AP) \u2014 Un avi\u00f3n de la Marina de Corea del Sur se estrell\u00f3 durante un vuelo de entrenamiento el jueves y sus cuatro tripulantes fallecieron, se\u00f1al\u00f3 el departamento. El avi\u00f3n de patrulla P-3 sali\u00f3 de su base en la ciudad\u2026","rel":"","context":"En \u00abINTERNACIONALES\u00bb","block_context":{"text":"INTERNACIONALES","link":"https:\/\/lasprimeras.com.do\/index.php\/category\/sin-categoria\/internacionales\/"},"img":{"alt_text":"","src":"https:\/\/i0.wp.com\/lasprimeras.com.do\/wp-content\/uploads\/2025\/05\/aVION.jpg?resize=350%2C200&ssl=1","width":350,"height":200,"srcset":"https:\/\/i0.wp.com\/lasprimeras.com.do\/wp-content\/uploads\/2025\/05\/aVION.jpg?resize=350%2C200&ssl=1 1x, https:\/\/i0.wp.com\/lasprimeras.com.do\/wp-content\/uploads\/2025\/05\/aVION.jpg?resize=525%2C300&ssl=1 1.5x, https:\/\/i0.wp.com\/lasprimeras.com.do\/wp-content\/uploads\/2025\/05\/aVION.jpg?resize=700%2C400&ssl=1 2x"},"classes":[]},{"id":95110,"url":"https:\/\/lasprimeras.com.do\/index.php\/2025\/03\/10\/norcorea-lanza-misiles-balisticos-tras-inicio-de-maniobras-de-eeuu-con-fuerzas-surcoreanas\/","url_meta":{"origin":92099,"position":3},"title":"Norcorea lanza misiles bal\u00edsticos tras inicio de maniobras de EEUU con fuerzas surcoreanas","author":"Nelson Feliz","date":"10 de marzo de 2025","format":false,"excerpt":"POR KIM TONG-HYUNG SE\u00daL, Corea del Sur (AP) \u2014 Corea del Norte dispar\u00f3 varios misiles bal\u00edsticos hacia el mar el lunes, seg\u00fan indic\u00f3 el Ej\u00e9rcito surcoreano, horas despu\u00e9s de que los ej\u00e9rcitos de Corea del Sur y Estados Unidos comenzaran sus grandes ejercicios anuales combinados, que Pyongyang considera un ensayo\u2026","rel":"","context":"En \u00abINTERNACIONALES\u00bb","block_context":{"text":"INTERNACIONALES","link":"https:\/\/lasprimeras.com.do\/index.php\/category\/sin-categoria\/internacionales\/"},"img":{"alt_text":"","src":"https:\/\/i0.wp.com\/lasprimeras.com.do\/wp-content\/uploads\/2025\/03\/misiles.png?resize=350%2C200&ssl=1","width":350,"height":200,"srcset":"https:\/\/i0.wp.com\/lasprimeras.com.do\/wp-content\/uploads\/2025\/03\/misiles.png?resize=350%2C200&ssl=1 1x, https:\/\/i0.wp.com\/lasprimeras.com.do\/wp-content\/uploads\/2025\/03\/misiles.png?resize=525%2C300&ssl=1 1.5x, https:\/\/i0.wp.com\/lasprimeras.com.do\/wp-content\/uploads\/2025\/03\/misiles.png?resize=700%2C400&ssl=1 2x"},"classes":[]},{"id":63092,"url":"https:\/\/lasprimeras.com.do\/index.php\/2023\/10\/10\/el-ataque-de-hamas-a-israel-lleva-a-corea-del-sur-a-considerar-suspender-el-acuerdo-militar-con-corea-del-norte\/","url_meta":{"origin":92099,"position":4},"title":"El ataque de Ham\u00e1s a Israel lleva a Corea del Sur a considerar suspender el acuerdo militar con Corea del Norte","author":"Nelson Feliz","date":"10 de octubre de 2023","format":false,"excerpt":"POR KIM TONG-HYUNG SE\u00daL, Corea del Sur (AP) \u2014 El ministro de Defensa de Corea del Sur dijo el martes que presionar\u00eda para suspender un acuerdo militar intercoreano de 2018 para reanudar la vigilancia de primera l\u00ednea sobre su rival Corea del Norte, mientras el ataque sorpresa a Israel por\u2026","rel":"","context":"En \u00abSin categor\u00eda\u00bb","block_context":{"text":"Sin categor\u00eda","link":"https:\/\/lasprimeras.com.do\/index.php\/category\/sin-categoria\/"},"img":{"alt_text":"Ataque","src":"https:\/\/i0.wp.com\/lasprimeras.com.do\/wp-content\/uploads\/2023\/10\/Ataque-2.jpg?resize=350%2C200&ssl=1","width":350,"height":200,"srcset":"https:\/\/i0.wp.com\/lasprimeras.com.do\/wp-content\/uploads\/2023\/10\/Ataque-2.jpg?resize=350%2C200&ssl=1 1x, https:\/\/i0.wp.com\/lasprimeras.com.do\/wp-content\/uploads\/2023\/10\/Ataque-2.jpg?resize=525%2C300&ssl=1 1.5x, https:\/\/i0.wp.com\/lasprimeras.com.do\/wp-content\/uploads\/2023\/10\/Ataque-2.jpg?resize=700%2C400&ssl=1 2x"},"classes":[]},{"id":101222,"url":"https:\/\/lasprimeras.com.do\/index.php\/2025\/06\/17\/norcorea-planea-enviar-trabajadores-militares-de-construccion-y-desminadores-a-rusia\/","url_meta":{"origin":92099,"position":5},"title":"Norcorea planea enviar trabajadores militares de construcci\u00f3n y desminadores a Rusia","author":"Nelson Feliz","date":"17 de junio de 2025","format":false,"excerpt":"POR HYUNG-JIN KIM, KIM TONG-HYUNG, KATIE MARIE DAVIES and ASSOCIATED PRESS SE\u00daL, Corea del Sur (AP) \u2014 Corea del Norte enviar\u00e1 miles de trabajadores de construcci\u00f3n militar y desminadores para apoyar los trabajos de reconstrucci\u00f3n en la regi\u00f3n rusa de Kursk, inform\u00f3 el martes un alto funcionario ruso, la \u00faltima\u2026","rel":"","context":"En \u00abINTERNACIONALES\u00bb","block_context":{"text":"INTERNACIONALES","link":"https:\/\/lasprimeras.com.do\/index.php\/category\/sin-categoria\/internacionales\/"},"img":{"alt_text":"","src":"https:\/\/i0.wp.com\/lasprimeras.com.do\/wp-content\/uploads\/2025\/06\/im-Jong-Un-vs-Serguei-Shoigu.jpg?resize=350%2C200&ssl=1","width":350,"height":200,"srcset":"https:\/\/i0.wp.com\/lasprimeras.com.do\/wp-content\/uploads\/2025\/06\/im-Jong-Un-vs-Serguei-Shoigu.jpg?resize=350%2C200&ssl=1 1x, https:\/\/i0.wp.com\/lasprimeras.com.do\/wp-content\/uploads\/2025\/06\/im-Jong-Un-vs-Serguei-Shoigu.jpg?resize=525%2C300&ssl=1 1.5x, https:\/\/i0.wp.com\/lasprimeras.com.do\/wp-content\/uploads\/2025\/06\/im-Jong-Un-vs-Serguei-Shoigu.jpg?resize=700%2C400&ssl=1 2x"},"classes":[]}],"jetpack_sharing_enabled":true,"_links":{"self":[{"href":"https:\/\/lasprimeras.com.do\/index.php\/wp-json\/wp\/v2\/posts\/92099","targetHints":{"allow":["GET"]}}],"collection":[{"href":"https:\/\/lasprimeras.com.do\/index.php\/wp-json\/wp\/v2\/posts"}],"about":[{"href":"https:\/\/lasprimeras.com.do\/index.php\/wp-json\/wp\/v2\/types\/post"}],"author":[{"embeddable":true,"href":"https:\/\/lasprimeras.com.do\/index.php\/wp-json\/wp\/v2\/users\/2"}],"replies":[{"embeddable":true,"href":"https:\/\/lasprimeras.com.do\/index.php\/wp-json\/wp\/v2\/comments?post=92099"}],"version-history":[{"count":1,"href":"https:\/\/lasprimeras.com.do\/index.php\/wp-json\/wp\/v2\/posts\/92099\/revisions"}],"predecessor-version":[{"id":92101,"href":"https:\/\/lasprimeras.com.do\/index.php\/wp-json\/wp\/v2\/posts\/92099\/revisions\/92101"}],"wp:featuredmedia":[{"embeddable":true,"href":"https:\/\/lasprimeras.com.do\/index.php\/wp-json\/wp\/v2\/media\/92100"}],"wp:attachment":[{"href":"https:\/\/lasprimeras.com.do\/index.php\/wp-json\/wp\/v2\/media?parent=92099"}],"wp:term":[{"taxonomy":"category","embeddable":true,"href":"https:\/\/lasprimeras.com.do\/index.php\/wp-json\/wp\/v2\/categories?post=92099"},{"taxonomy":"post_tag","embeddable":true,"href":"https:\/\/lasprimeras.com.do\/index.php\/wp-json\/wp\/v2\/tags?post=92099"}],"curies":[{"name":"wp","href":"https:\/\/api.w.org\/{rel}","templated":true}]}}