{"id":92105,"date":"2024-12-29T11:17:20","date_gmt":"2024-12-29T15:17:20","guid":{"rendered":"https:\/\/lasprimeras.com.do\/?p=92105"},"modified":"2024-12-29T11:17:22","modified_gmt":"2024-12-29T15:17:22","slug":"netanyahu-sera-operado-de-la-prostata-mientras-gestiona-multiples-crisis","status":"publish","type":"post","link":"https:\/\/lasprimeras.com.do\/index.php\/2024\/12\/29\/netanyahu-sera-operado-de-la-prostata-mientras-gestiona-multiples-crisis\/","title":{"rendered":"Netanyahu ser\u00e1 operado de la pr\u00f3stata mientras gestiona m\u00faltiples crisis"},"content":{"rendered":"\n<p>By TIA GOLDENBERG<\/p>\n\n\n\n<p>TEL AVIV, Israel (AP) \u2014 El primer ministro israel\u00ed, Benjamin Netanyahu, ser\u00e1 operado de la pr\u00f3stata el domingo, inform\u00f3 su oficina, un procedimiento que se lleva a cabo mientras gestiona m\u00faltiples crisis, incluyendo la guerra en Gaza y un juicio por presunta corrupci\u00f3n.<\/p>\n\n\n\n<p>Netanyahu, de 75 a\u00f1os, forma parte de un grupo de l\u00edderes mundiales de edad avanzada \u2014incluyendo al presidente de Estados Unidos, Joe Biden, de 82 a\u00f1os, y al mandatario electo Donald Trump, de 78\u2014 cuya salud y condici\u00f3n f\u00edsica est\u00e1n siendo profundamente escrutadas tanto en su pa\u00eds como en el extranjero debido a su avanzada edad y el efecto que esto podr\u00eda tener en su liderazgo.<\/p>\n\n\n\n<p>Netanyahu, quien ha tenido varios problemas de salud en los \u00faltimos a\u00f1os, ha hecho grandes esfuerzos para fomentar una imagen p\u00fablica como un l\u00edder saludable y en\u00e9rgico. Durante su juicio este mes, se jact\u00f3 de trabajar 18 horas al d\u00eda, incluso si esas largas jornadas est\u00e1n acompa\u00f1adas de un habano.<\/p>\n\n\n\n<p>Pero como el l\u00edder con m\u00e1s tiempo en el cargo en la historia de Israel, una carga de trabajo tan extenuante durante 17 a\u00f1os tambi\u00e9n podr\u00eda pasar factura a su bienestar.<\/p>\n\n\n\n<p>El abogado de Netanyahu, Amit Hadad, dijo en una carta al tribunal que el primer ministro estar\u00eda completamente sedado para el procedimiento y permanecer\u00eda hospitalizado \u201cvarios d\u00edas\u201d, solicitando que se cancelaran sus tres d\u00edas de testimonio esta semana. La corte accedi\u00f3.<\/p>\n\n\n\n<p>La oficina de Netanyahu dijo que el ministro de Justicia, Yariv Levin, aliado de Netanyahu, actuar\u00eda como primer ministro interino durante este momento.<\/p>\n\n\n\n<p>Con tanto en juego en la turbulenta regi\u00f3n, la salud de Netanyahu en tiempos de guerra es motivo de preocupaci\u00f3n tanto para los israel\u00edes como para el mundo en general.<\/p>\n\n\n\n<p>Los problemas de pr\u00f3stata son comunes en hombres mayores, y la recuperaci\u00f3n puede ser r\u00e1pida. Seg\u00fan la oficina de Netanyahu, el l\u00edder israel\u00ed fue diagnosticado con una infecci\u00f3n del tracto urinario el mi\u00e9rcoles, derivada de un agrandamiento benigno de su pr\u00f3stata.<\/p>\n\n\n\n<p>La infecci\u00f3n fue tratada exitosamente con antibi\u00f3ticos, pero en el procedimiento del domingo se le retirar\u00e1 la pr\u00f3stata.<\/p>\n\n\n\n<p>Las complicaciones por agrandamiento de la pr\u00f3stata son comunes en hombres de 70 y 80 a\u00f1os, dijo el doctor Shay Golan, jefe del servicio de urolog\u00eda oncol\u00f3gica en el Centro M\u00e9dico Rabin de Israel, a la Radio del Ej\u00e9rcito Israel\u00ed. Golan habl\u00f3 en t\u00e9rminos generales sobre el procedimiento y no estaba involucrado en el tratamiento de Netanyahu.<\/p>\n\n\n\n<p>Netanyahu ha tenido otros problemas de salud antes, incluyendo arritmia card\u00edaca. El a\u00f1o pasado, fue hospitalizado de urgencia por posible deshidrataci\u00f3n, seg\u00fan los m\u00e9dicos. A principios de este a\u00f1o, fue operado de una hernia.<\/p>\n\n\n\n<p>La cirug\u00eda llega en un momento turbulento en la regi\u00f3n. Como l\u00edder de Israel, Netanyahu est\u00e1 en el centro de importantes eventos globales.<\/p>\n\n\n\n<p>Estar\u00e1 en el hospital mientras los mediadores internacionales est\u00e1n presionando a Israel y a Ham\u00e1s para alcanzar un alto al fuego en Gaza, y los combates entre Israel y los rebeldes hut\u00edes respaldados por Ir\u00e1n en Yemen se intensifican.<\/p>\n","protected":false},"excerpt":{"rendered":"<p>By TIA GOLDENBERG TEL AVIV, Israel (AP) \u2014 El primer ministro israel\u00ed, Benjamin Netanyahu, ser\u00e1 operado de la pr\u00f3stata el domingo, inform\u00f3 su oficina, un procedimiento que se lleva a&hellip;<\/p>\n","protected":false},"author":2,"featured_media":92106,"comment_status":"open","ping_status":"open","sticky":false,"template":"","format":"standard","meta":{"content-type":"","jetpack_post_was_ever_published":false,"_jetpack_newsletter_access":"","_jetpack_dont_email_post_to_subs":false,"_jetpack_newsletter_tier_id":0,"_jetpack_memberships_contains_paywalled_content":false,"_jetpack_memberships_contains_paid_content":false,"footnotes":""},"categories":[16289],"tags":[7692,216,3499,3626,9970,16689],"class_list":["post-92105","post","type-post","status-publish","format-standard","has-post-thumbnail","hentry","category-internacionales","tag-benjamin-netanyahu","tag-crisis","tag-israel","tag-multiples","tag-prostata","tag-sera-operado"],"jetpack_featured_media_url":"https:\/\/lasprimeras.com.do\/wp-content\/uploads\/2024\/12\/Benjamin-Netanyahu.png","jetpack-related-posts":[{"id":62770,"url":"https:\/\/lasprimeras.com.do\/index.php\/2023\/10\/07\/netanyahu-llama-a-los-palestinos-a-salir-de-gaza-ante-inminente-ofensiva-contra-hamas\/","url_meta":{"origin":92105,"position":0},"title":"Netanyahu llama a los palestinos a salir de Gaza ante inminente ofensiva contra Ham\u00e1s","author":"Nelson Feliz","date":"7 de octubre de 2023","format":false,"excerpt":"El primer ministro de Israel, Benjam\u00edn Netanyahu, afirm\u00f3 este s\u00e1bado que el Ej\u00e9rcito de su pa\u00eds utilizar\u00e1 \"todo su poder\" para destruir a Ham\u00e1s. El primer ministro de Israel, Benjam\u00edn Netanyahu, afirm\u00f3 este s\u00e1bado que el Ej\u00e9rcito de su pa\u00eds utilizar\u00e1 \"todo su poder\" para destruir a Ham\u00e1s, e inst\u00f3\u2026","rel":"","context":"En \u00abSin categor\u00eda\u00bb","block_context":{"text":"Sin categor\u00eda","link":"https:\/\/lasprimeras.com.do\/index.php\/category\/sin-categoria\/"},"img":{"alt_text":"Palestinos se alejan del kibbutz de Kfar Azza, Israel, cerca de la valla fronteriza de la Franja de Gaza, el 7 de octubre de 2023. (AP)","src":"https:\/\/i0.wp.com\/lasprimeras.com.do\/wp-content\/uploads\/2023\/10\/Palestinos-se-alejan-del-kibbutz-de-Kfar-Azza-Israel.jpg?resize=350%2C200&ssl=1","width":350,"height":200,"srcset":"https:\/\/i0.wp.com\/lasprimeras.com.do\/wp-content\/uploads\/2023\/10\/Palestinos-se-alejan-del-kibbutz-de-Kfar-Azza-Israel.jpg?resize=350%2C200&ssl=1 1x, https:\/\/i0.wp.com\/lasprimeras.com.do\/wp-content\/uploads\/2023\/10\/Palestinos-se-alejan-del-kibbutz-de-Kfar-Azza-Israel.jpg?resize=525%2C300&ssl=1 1.5x, https:\/\/i0.wp.com\/lasprimeras.com.do\/wp-content\/uploads\/2023\/10\/Palestinos-se-alejan-del-kibbutz-de-Kfar-Azza-Israel.jpg?resize=700%2C400&ssl=1 2x"},"classes":[]},{"id":98892,"url":"https:\/\/lasprimeras.com.do\/index.php\/2025\/05\/14\/ataques-israelies-en-gaza-matan-a-60-personas-incluidos-22-ninos-segun-el-ministerio-de-salud\/","url_meta":{"origin":92105,"position":1},"title":"Ataques israel\u00edes en Gaza matan a 60 personas, incluidos 22 ni\u00f1os, seg\u00fan el Ministerio de Salud","author":"Nelson Feliz","date":"14 de mayo de 2025","format":false,"excerpt":"POR WAFAA SHURAFA and MELANIE LIDMAN DEIR AL-BALAH, Franja de Gaza (AP) \u2014 Al menos 22 ni\u00f1os murieron en Gaza la madrugada del mi\u00e9rcoles en una serie devastadora de ataques a\u00e9reos israel\u00edes sobre Gaza, seg\u00fan informaron hospitales locales y funcionarios de salud. El Ministerio de Salud de Gaza report\u00f3 que\u2026","rel":"","context":"En \u00abINTERNACIONALES\u00bb","block_context":{"text":"INTERNACIONALES","link":"https:\/\/lasprimeras.com.do\/index.php\/category\/sin-categoria\/internacionales\/"},"img":{"alt_text":"","src":"https:\/\/i0.wp.com\/lasprimeras.com.do\/wp-content\/uploads\/2025\/05\/palestinos.jpg?resize=350%2C200&ssl=1","width":350,"height":200,"srcset":"https:\/\/i0.wp.com\/lasprimeras.com.do\/wp-content\/uploads\/2025\/05\/palestinos.jpg?resize=350%2C200&ssl=1 1x, https:\/\/i0.wp.com\/lasprimeras.com.do\/wp-content\/uploads\/2025\/05\/palestinos.jpg?resize=525%2C300&ssl=1 1.5x, https:\/\/i0.wp.com\/lasprimeras.com.do\/wp-content\/uploads\/2025\/05\/palestinos.jpg?resize=700%2C400&ssl=1 2x"},"classes":[]},{"id":63420,"url":"https:\/\/lasprimeras.com.do\/index.php\/2023\/10\/12\/trump-dice-que-netanyahu-nos-decepciono-antes-del-ataque-aereo-de-2020-que-mato-a-un-alto-general-irani\/","url_meta":{"origin":92105,"position":2},"title":"Trump dice que Netanyahu &#8216;nos decepcion\u00f3&#8217; antes del ataque a\u00e9reo de 2020 que mat\u00f3 a un alto general iran\u00ed","author":"Nelson Feliz","date":"12 de octubre de 2023","format":false,"excerpt":"POR ADRIANA G\u00d3MEZ LIC\u00d3N MIAMI (AP) \u2014 El expresidente Donald Trump acus\u00f3 al primer ministro israel\u00ed, Benjamin Netanyahu, de traicionarlo justo antes de que Estados Unidos matara a un alto general iran\u00ed en 2020, rompiendo con el apoyo uniforme de las primarias presidenciales republicanas a Israel en respuesta al ataque\u2026","rel":"","context":"En \u00abSin categor\u00eda\u00bb","block_context":{"text":"Sin categor\u00eda","link":"https:\/\/lasprimeras.com.do\/index.php\/category\/sin-categoria\/"},"img":{"alt_text":"Donald Trump","src":"https:\/\/i0.wp.com\/lasprimeras.com.do\/wp-content\/uploads\/2023\/10\/Donald-Trump-1-1.jpg?resize=350%2C200&ssl=1","width":350,"height":200,"srcset":"https:\/\/i0.wp.com\/lasprimeras.com.do\/wp-content\/uploads\/2023\/10\/Donald-Trump-1-1.jpg?resize=350%2C200&ssl=1 1x, https:\/\/i0.wp.com\/lasprimeras.com.do\/wp-content\/uploads\/2023\/10\/Donald-Trump-1-1.jpg?resize=525%2C300&ssl=1 1.5x, https:\/\/i0.wp.com\/lasprimeras.com.do\/wp-content\/uploads\/2023\/10\/Donald-Trump-1-1.jpg?resize=700%2C400&ssl=1 2x"},"classes":[]},{"id":83490,"url":"https:\/\/lasprimeras.com.do\/index.php\/2024\/05\/18\/un-miembro-del-gabinete-de-guerra-de-israel-dice-que-dejara-el-gobierno-el-8-de-junio\/","url_meta":{"origin":92105,"position":3},"title":"Un miembro del Gabinete de Guerra de Israel dice que dejar\u00e1 el gobierno el 8 de junio","author":"Nelson Feliz","date":"18 de mayo de 2024","format":false,"excerpt":"POR WAFAA SHURAFA, JACK JEFFERY Y JOE KRAUSS DEIR AL-BALAH, Franja de Gaza (AP) \u2014 Benny Gantz , un popular miembro centrista del gabinete de guerra de tres miembros de Israel, amenaz\u00f3 el s\u00e1bado con renunciar al gobierno si no adopta un nuevo plan dentro de tres semanas para la\u2026","rel":"","context":"En \u00abSin categor\u00eda\u00bb","block_context":{"text":"Sin categor\u00eda","link":"https:\/\/lasprimeras.com.do\/index.php\/category\/sin-categoria\/"},"img":{"alt_text":"","src":"https:\/\/i0.wp.com\/lasprimeras.com.do\/wp-content\/uploads\/2024\/05\/Miembro-de-Guerra.jpg?resize=350%2C200&ssl=1","width":350,"height":200,"srcset":"https:\/\/i0.wp.com\/lasprimeras.com.do\/wp-content\/uploads\/2024\/05\/Miembro-de-Guerra.jpg?resize=350%2C200&ssl=1 1x, https:\/\/i0.wp.com\/lasprimeras.com.do\/wp-content\/uploads\/2024\/05\/Miembro-de-Guerra.jpg?resize=525%2C300&ssl=1 1.5x, https:\/\/i0.wp.com\/lasprimeras.com.do\/wp-content\/uploads\/2024\/05\/Miembro-de-Guerra.jpg?resize=700%2C400&ssl=1 2x"},"classes":[]},{"id":83499,"url":"https:\/\/lasprimeras.com.do\/index.php\/2024\/05\/18\/un-ultimatum-aumenta-la-presion-sobre-netanyahu-para-que-elabore-planes-de-posguerra-para-gaza\/","url_meta":{"origin":92105,"position":4},"title":"Un ultim\u00e1tum aumenta la presi\u00f3n sobre Netanyahu para que elabore planes de posguerra para Gaza","author":"Nelson Feliz","date":"18 de mayo de 2024","format":false,"excerpt":"POR JOSEPH KRAUSS JERUSAL\u00c9N (AP) \u2014 El primer ministro israel\u00ed, Benjam\u00edn Netanyahu, est\u00e1 bajo una creciente presi\u00f3n de su propio gabinete de guerra y del aliado m\u00e1s cercano de su pa\u00eds por los planes de posguerra para Gaza, incluso cuando la guerra con Hamas no muestra se\u00f1ales de terminar. El\u2026","rel":"","context":"En \u00abSin categor\u00eda\u00bb","block_context":{"text":"Sin categor\u00eda","link":"https:\/\/lasprimeras.com.do\/index.php\/category\/sin-categoria\/"},"img":{"alt_text":"","src":"https:\/\/i0.wp.com\/lasprimeras.com.do\/wp-content\/uploads\/2024\/05\/guerra-Gaza.jpg?resize=350%2C200&ssl=1","width":350,"height":200,"srcset":"https:\/\/i0.wp.com\/lasprimeras.com.do\/wp-content\/uploads\/2024\/05\/guerra-Gaza.jpg?resize=350%2C200&ssl=1 1x, https:\/\/i0.wp.com\/lasprimeras.com.do\/wp-content\/uploads\/2024\/05\/guerra-Gaza.jpg?resize=525%2C300&ssl=1 1.5x, https:\/\/i0.wp.com\/lasprimeras.com.do\/wp-content\/uploads\/2024\/05\/guerra-Gaza.jpg?resize=700%2C400&ssl=1 2x"},"classes":[]},{"id":99194,"url":"https:\/\/lasprimeras.com.do\/index.php\/2025\/05\/19\/el-primer-ministro-de-israel-reconoce-presion-de-sus-aliados-para-reanudar-la-ayuda-a-gaza\/","url_meta":{"origin":92105,"position":5},"title":"El primer ministro de Israel reconoce presi\u00f3n de sus aliados para reanudar la ayuda a Gaza","author":"Nelson Feliz","date":"19 de mayo de 2025","format":false,"excerpt":"POR TIA GOLDENBERG, SAMY MAGDY and WAFA SHURAFAA TEL AVIV, Israel (AP) \u2014 El primer ministro israel\u00ed, Benjamin Netanyahu, dijo el lunes que su decisi\u00f3n de reanudar la ayuda a Gaza despu\u00e9s de un bloqueo de varias semanas se debi\u00f3 a la presi\u00f3n de sus aliados, quienes afirmaron que no\u2026","rel":"","context":"En \u00abINTERNACIONALES\u00bb","block_context":{"text":"INTERNACIONALES","link":"https:\/\/lasprimeras.com.do\/index.php\/category\/sin-categoria\/internacionales\/"},"img":{"alt_text":"","src":"https:\/\/i0.wp.com\/lasprimeras.com.do\/wp-content\/uploads\/2025\/05\/ayuda.jpg?resize=350%2C200&ssl=1","width":350,"height":200,"srcset":"https:\/\/i0.wp.com\/lasprimeras.com.do\/wp-content\/uploads\/2025\/05\/ayuda.jpg?resize=350%2C200&ssl=1 1x, https:\/\/i0.wp.com\/lasprimeras.com.do\/wp-content\/uploads\/2025\/05\/ayuda.jpg?resize=525%2C300&ssl=1 1.5x, https:\/\/i0.wp.com\/lasprimeras.com.do\/wp-content\/uploads\/2025\/05\/ayuda.jpg?resize=700%2C400&ssl=1 2x"},"classes":[]}],"jetpack_sharing_enabled":true,"_links":{"self":[{"href":"https:\/\/lasprimeras.com.do\/index.php\/wp-json\/wp\/v2\/posts\/92105","targetHints":{"allow":["GET"]}}],"collection":[{"href":"https:\/\/lasprimeras.com.do\/index.php\/wp-json\/wp\/v2\/posts"}],"about":[{"href":"https:\/\/lasprimeras.com.do\/index.php\/wp-json\/wp\/v2\/types\/post"}],"author":[{"embeddable":true,"href":"https:\/\/lasprimeras.com.do\/index.php\/wp-json\/wp\/v2\/users\/2"}],"replies":[{"embeddable":true,"href":"https:\/\/lasprimeras.com.do\/index.php\/wp-json\/wp\/v2\/comments?post=92105"}],"version-history":[{"count":1,"href":"https:\/\/lasprimeras.com.do\/index.php\/wp-json\/wp\/v2\/posts\/92105\/revisions"}],"predecessor-version":[{"id":92107,"href":"https:\/\/lasprimeras.com.do\/index.php\/wp-json\/wp\/v2\/posts\/92105\/revisions\/92107"}],"wp:featuredmedia":[{"embeddable":true,"href":"https:\/\/lasprimeras.com.do\/index.php\/wp-json\/wp\/v2\/media\/92106"}],"wp:attachment":[{"href":"https:\/\/lasprimeras.com.do\/index.php\/wp-json\/wp\/v2\/media?parent=92105"}],"wp:term":[{"taxonomy":"category","embeddable":true,"href":"https:\/\/lasprimeras.com.do\/index.php\/wp-json\/wp\/v2\/categories?post=92105"},{"taxonomy":"post_tag","embeddable":true,"href":"https:\/\/lasprimeras.com.do\/index.php\/wp-json\/wp\/v2\/tags?post=92105"}],"curies":[{"name":"wp","href":"https:\/\/api.w.org\/{rel}","templated":true}]}}