{"id":92108,"date":"2024-12-29T11:25:08","date_gmt":"2024-12-29T15:25:08","guid":{"rendered":"https:\/\/lasprimeras.com.do\/?p=92108"},"modified":"2024-12-29T11:25:09","modified_gmt":"2024-12-29T15:25:09","slug":"si-planeas-recibir-el-ano-nuevo-tranquilamente-en-casa-no-estas-solo","status":"publish","type":"post","link":"https:\/\/lasprimeras.com.do\/index.php\/2024\/12\/29\/si-planeas-recibir-el-ano-nuevo-tranquilamente-en-casa-no-estas-solo\/","title":{"rendered":"Si planeas recibir el A\u00f1o Nuevo tranquilamente en casa, no est\u00e1s solo"},"content":{"rendered":"\n<p>By MARK KENNEDY and LINLEY SANDERS<\/p>\n\n\n\n<p>NUEVA YORK (AP) \u2014 Si planeas recibir el A\u00f1o Nuevo tranquilamente en casa, no est\u00e1s solo. La mayor\u00eda de los adultos en Estados Unidos tiene la intenci\u00f3n de celebrar la Nochevieja en casa, seg\u00fan una encuesta del Centro de Investigaci\u00f3n de Asuntos P\u00fablicos de The Associated Press-NORC.<\/p>\n\n\n\n<p>\u201cConforme he envejecido en los \u00faltimos a\u00f1os, me di cuenta de que llegar a la medianoche no es la gran cosa, \u00bfsabes?\u201d, dice Carla Woods, de 70 a\u00f1os, de Vinton, Iowa.<\/p>\n\n\n\n<p>Casi 2 de cada 10 celebrar\u00e1n en la casa de un amigo o familiar, y solo el 5% planea celebrar en un bar, restaurante o evento organizado, seg\u00fan la encuesta.<\/p>\n\n\n\n<p>Pero muchos adultos en Estados Unidos celebrar\u00e1n el a\u00f1o nuevo de una manera diferente: haciendo un prop\u00f3sito. M\u00e1s de la mitad dice que har\u00e1n al menos uno para 2025.<\/p>\n\n\n\n<p>Hay cierto optimismo sobre el a\u00f1o venidero, aunque m\u00e1s de la mitad no espera un cambio positivo: 4 de cada 10 dicen que 2025 ser\u00e1 un mejor a\u00f1o para ellos personalmente; un tercio no espera mucha diferencia entre 2024 y 2025, y un cuarto piensa que 2025 ser\u00e1 un a\u00f1o peor que 2024.<\/p>\n\n\n\n<p>Planes relajados para la Nochevieja para muchos<\/p>\n\n\n\n<p>Kourtney Kershaw, una bartender de 32 a\u00f1os en Chicago, a menudo recibe preguntas de clientes y amigos sobre los pr\u00f3ximos eventos para la Nochevieja. Ella dijo que este a\u00f1o parece ser de bajo perfil.<\/p>\n\n\n\n<p>\u201cLa mayor\u00eda con los que he hablado en mi rango de edad, quieren salir, pero no saben qu\u00e9 van a hacer porque no han encontrado nada o las cosas son simplemente muy caras\u201d, dijo.<\/p>\n\n\n\n<p>\u201cLos paquetes de fiesta o una tarifa de entrada desaniman, especialmente con el clima del mundo y con lo que cuestan las cosas\u201d.<\/p>\n\n\n\n<p>Como se esperaba, los j\u00f3venes est\u00e1n m\u00e1s interesados en recibir el a\u00f1o nuevo en un bar o evento organizado: 1 de cada 10 adultos estadounidenses menores de 30 a\u00f1os planean hacer eso. Pero 3 de cada 10 adultos mayores \u2014de 60 a\u00f1os en adelante\u2014 dicen que no celebrar\u00e1n nada.<\/p>\n\n\n\n<p>Anthony Tremblay, de 35 a\u00f1os, de Pittsburgh, no suele salir a brindar por la llegada del a\u00f1o nuevo, pero este a\u00f1o tiene algo especial preparado: \u00e9l y su esposa estar\u00e1n viajando por Irlanda.<\/p>\n\n\n\n<p>\u201cNormalmente no hago nada demasiado loco para A\u00f1o Nuevo. As\u00ed que esto definitivamente es un cambio\u201d, dijo. \u201cQuer\u00eda hacer algo \u00fanico este a\u00f1o, as\u00ed que lo hice\u201d.<\/p>\n\n\n\n<p>Woods estar\u00e1 trabajando en Nochevieja y el D\u00eda de A\u00f1o Nuevo. Ella responde llamadas en The Iowa Warmline, una l\u00ednea de escucha confidencial y no crisis para personas que tienen problemas de salud mental o de consumo de sustancias.<\/p>\n\n\n\n<p>\u201cLas fiestas son realmente dif\u00edciles para las personas, as\u00ed que no me importa trabajar\u201d, dijo. \u201cMe apasiona porque tengo problemas de salud mental en la familia y poder ayudar a las personas es gratificante para m\u00ed\u201d.<\/p>\n\n\n\n<p>Los m\u00e1s j\u00f3venes son m\u00e1s propensos a hacer un prop\u00f3sito<\/p>\n\n\n\n<p>Cada A\u00f1o Nuevo tambi\u00e9n desencadena el eterno debate sobre los prop\u00f3sitos. La mayor\u00eda de los adultos en Estados Unidos dice que tiene la intenci\u00f3n de hacer un prop\u00f3sito de A\u00f1o Nuevo de alg\u00fan tipo, pero los millennials y la Generaci\u00f3n Z son especialmente propensos a hacerlo: alrededor de dos tercios esperan hacerlo, en comparaci\u00f3n con aproximadamente la mitad de los adultos mayores. Las mujeres tambi\u00e9n son m\u00e1s propensas que los hombres a decir que establecer\u00e1n una meta para 2025.<\/p>\n\n\n\n<p>Tremblay espera perder algo de peso y concentrarse m\u00e1s en el autocuidado: m\u00e1s sue\u00f1o, meditaci\u00f3n y ejercicios de respiraci\u00f3n. \u201cTal vez sea un buen a\u00f1o para concentrarse en la salud mental\u201d, dijo.<\/p>\n\n\n\n<p>Muchos otros est\u00e1n de acuerdo. Alrededor de 3 de cada 10 adultos eligen prop\u00f3sitos que involucran ejercicio o comer m\u00e1s saludable. Alrededor de un cuarto dijo que har\u00e1n un prop\u00f3sito que involucre perder peso y un n\u00famero similar dijo que resolver\u00e1n hacer cambios sobre prioridades de dinero o salud mental.<\/p>\n\n\n\n<p>Los prop\u00f3sitos de Woods son mantenerse social y activa. Como consejera de salud mental, sabe que esos son clave para un feliz 2025 y m\u00e1s all\u00e1: \u201cProbablemente uno de mis mayores prop\u00f3sitos es mantenerme social, tratar de salir al menos una vez a la semana, salir y tomar un caf\u00e9 o hacer algo con un amigo. Eso no es solo para la parte f\u00edsica, sino tambi\u00e9n para la parte de salud mental\u201d.<\/p>\n\n\n\n<p>Kershaw, la bartender, dice que la p\u00e9rdida de peso y una mejor salud son los principales prop\u00f3sitos que escucha que la gente hace. \u201cLa salud mental es la nueva, pero creo que est\u00e1 igual de arriba que la salud regular\u201d, dijo.<\/p>\n\n\n\n<p>Ella prefiere prop\u00f3sitos m\u00e1s orientados a objetivos y, esta vez, es hacer m\u00e1s viajes y ver m\u00e1s del mundo: \u201cNo s\u00e9 si eso es realmente un prop\u00f3sito, pero es una meta que estoy estableciendo\u201d.<\/p>\n\n\n\n<p>\u00bfY c\u00f3mo recibir\u00e1 la llegada de 2025? Normalmente, se toma la noche libre y se queda en casa viendo pel\u00edculas con muchos bocadillos, pero este a\u00f1o Kershaw tiene un plan diferente, quiz\u00e1s una de las cosas m\u00e1s t\u00edpicas que puedes hacer en Chicago.<\/p>\n\n\n\n<p>Esta aficionada a los deportes estar\u00e1 en el estadio Wrigley Field el martes viendo a los Blackhawks de Chicago enfrentarse a los Blues de St. Louis. \u201cEl hockey es mi deporte favorito. As\u00ed que estar\u00e9 viendo hockey y recibiendo el A\u00f1o Nuevo\u201d, dijo.<\/p>\n","protected":false},"excerpt":{"rendered":"<p>By MARK KENNEDY and LINLEY SANDERS NUEVA YORK (AP) \u2014 Si planeas recibir el A\u00f1o Nuevo tranquilamente en casa, no est\u00e1s solo. La mayor\u00eda de los adultos en Estados Unidos&hellip;<\/p>\n","protected":false},"author":2,"featured_media":92109,"comment_status":"open","ping_status":"open","sticky":false,"template":"","format":"standard","meta":{"content-type":"","jetpack_post_was_ever_published":false,"_jetpack_newsletter_access":"","_jetpack_dont_email_post_to_subs":false,"_jetpack_newsletter_tier_id":0,"_jetpack_memberships_contains_paywalled_content":false,"_jetpack_memberships_contains_paid_content":false,"footnotes":""},"categories":[16289],"tags":[10575,16690,16691],"class_list":["post-92108","post","type-post","status-publish","format-standard","has-post-thumbnail","hentry","category-internacionales","tag-ano-nuevo","tag-si-planeas","tag-tranquilamente-casa"],"jetpack_featured_media_url":"https:\/\/lasprimeras.com.do\/wp-content\/uploads\/2024\/12\/Ano-Nuevo.jpg","jetpack-related-posts":[{"id":66792,"url":"https:\/\/lasprimeras.com.do\/index.php\/2023\/11\/09\/nueva-encuesta-muestra-a-trump-cuatro-puntos-delante-de-biden\/","url_meta":{"origin":92108,"position":0},"title":"Nueva encuesta muestra a Trump cuatro puntos delante de Biden","author":"BIMARY DE JES\u00daS Matos","date":"9 de noviembre de 2023","format":false,"excerpt":"WASHINGTON.- El expresidente Donald Trump le saca cuatro puntos de ventaja (49 % frente a 45 %) al actual gobernante de EEUU, Joe Biden, por quien m\u00e1s de la mitad de los potenciales votantes dice que no votar\u00eda en ning\u00fan caso, seg\u00fan una encuesta publicada por CNN. Los resultados de\u2026","rel":"","context":"En \u00abSin categor\u00eda\u00bb","block_context":{"text":"Sin categor\u00eda","link":"https:\/\/lasprimeras.com.do\/index.php\/category\/sin-categoria\/"},"img":{"alt_text":"","src":"https:\/\/i0.wp.com\/lasprimeras.com.do\/wp-content\/uploads\/2023\/11\/WhatsApp-Image-2023-11-09-at-1.32.38-PM-4-5.jpeg?resize=350%2C200&ssl=1","width":350,"height":200,"srcset":"https:\/\/i0.wp.com\/lasprimeras.com.do\/wp-content\/uploads\/2023\/11\/WhatsApp-Image-2023-11-09-at-1.32.38-PM-4-5.jpeg?resize=350%2C200&ssl=1 1x, https:\/\/i0.wp.com\/lasprimeras.com.do\/wp-content\/uploads\/2023\/11\/WhatsApp-Image-2023-11-09-at-1.32.38-PM-4-5.jpeg?resize=525%2C300&ssl=1 1.5x"},"classes":[]},{"id":72276,"url":"https:\/\/lasprimeras.com.do\/index.php\/2023\/12\/28\/neoyorquinos-aprovechan-navidad-para-hacer-compras-de-ultimo-minuto\/","url_meta":{"origin":92108,"position":1},"title":"Neoyorquinos aprovechan Navidad para hacer compras de \u00faltimo minuto","author":"Nelson Feliz","date":"28 de diciembre de 2023","format":false,"excerpt":"Por Aquiles Rojas NUEVA YORK. -Durante el fin de semana que reci\u00e9n finaliza y para celebrar la Navidad, los neoyorquinos hac\u00edan sus compras de \u00faltimo minuto, a\u00fan en medio de la inflaci\u00f3n, algunos compradores no dejan de gastar, asegurando que es una inversi\u00f3n en regalos para agradecer a sus seres\u2026","rel":"","context":"En \u00abECONOM\u00cdA\u00bb","block_context":{"text":"ECONOM\u00cdA","link":"https:\/\/lasprimeras.com.do\/index.php\/category\/economia\/"},"img":{"alt_text":"Neoyorquinos aprovechan Navidad para hacer compras de \u00faltimo minuto","src":"https:\/\/i0.wp.com\/lasprimeras.com.do\/wp-content\/uploads\/2023\/12\/Neoyorquinos-aprovechan-Navidad-para-hacer-compras-de-ultimo-minuto.jpg?resize=350%2C200&ssl=1","width":350,"height":200,"srcset":"https:\/\/i0.wp.com\/lasprimeras.com.do\/wp-content\/uploads\/2023\/12\/Neoyorquinos-aprovechan-Navidad-para-hacer-compras-de-ultimo-minuto.jpg?resize=350%2C200&ssl=1 1x, https:\/\/i0.wp.com\/lasprimeras.com.do\/wp-content\/uploads\/2023\/12\/Neoyorquinos-aprovechan-Navidad-para-hacer-compras-de-ultimo-minuto.jpg?resize=525%2C300&ssl=1 1.5x, https:\/\/i0.wp.com\/lasprimeras.com.do\/wp-content\/uploads\/2023\/12\/Neoyorquinos-aprovechan-Navidad-para-hacer-compras-de-ultimo-minuto.jpg?resize=700%2C400&ssl=1 2x"},"classes":[]},{"id":77510,"url":"https:\/\/lasprimeras.com.do\/index.php\/2024\/02\/21\/biden-supera-a-trump-por-4-puntos-para-las-presidenciales-segun-una-nueva-encuesta\/","url_meta":{"origin":92108,"position":2},"title":"Biden supera a Trump por 4 puntos para las presidenciales, seg\u00fan una nueva encuesta","author":"Nelson Feliz","date":"21 de febrero de 2024","format":false,"excerpt":"El 67% de los votantes piensa que Biden, de 81 a\u00f1os, es demasiado mayor para cumplir otros cuatro a\u00f1os en la Casa Blanca. En cambio, el 57% piensa que Trump no es demasiado mayor, seg\u00fan una encuesta de la Universidad Quinnipiac. Por Ra\u00fal Castillo El presidente Joe Biden supera al\u2026","rel":"","context":"En \u00abSin categor\u00eda\u00bb","block_context":{"text":"Sin categor\u00eda","link":"https:\/\/lasprimeras.com.do\/index.php\/category\/sin-categoria\/"},"img":{"alt_text":"Joe Biden y Donald Trump","src":"https:\/\/i0.wp.com\/lasprimeras.com.do\/wp-content\/uploads\/2024\/02\/Joe-Biden-y-Donald-Trump.jpg?resize=350%2C200&ssl=1","width":350,"height":200,"srcset":"https:\/\/i0.wp.com\/lasprimeras.com.do\/wp-content\/uploads\/2024\/02\/Joe-Biden-y-Donald-Trump.jpg?resize=350%2C200&ssl=1 1x, https:\/\/i0.wp.com\/lasprimeras.com.do\/wp-content\/uploads\/2024\/02\/Joe-Biden-y-Donald-Trump.jpg?resize=525%2C300&ssl=1 1.5x, https:\/\/i0.wp.com\/lasprimeras.com.do\/wp-content\/uploads\/2024\/02\/Joe-Biden-y-Donald-Trump.jpg?resize=700%2C400&ssl=1 2x"},"classes":[]},{"id":60916,"url":"https:\/\/lasprimeras.com.do\/index.php\/2023\/09\/20\/netanyahu-de-israel-se-reunira-con-biden-en-nueva-york\/","url_meta":{"origin":92108,"position":3},"title":"Netanyahu de Israel se reunir\u00e1 con Biden en Nueva York","author":"Nelson Feliz","date":"20 de septiembre de 2023","format":false,"excerpt":"El lugar es visto como una se\u00f1al del descontento de Estados Unidos. POR JOSEF FEDERMAN Y AAMER MADHANI NUEVA YORK (AP) \u2014 El primer ministro Benjamin Netanyahu tendr\u00e1 su tan codiciada reuni\u00f3n con el presidente Joe Biden el mi\u00e9rcoles, reuniendo a los dos l\u00edderes por primera vez desde que el\u2026","rel":"","context":"En \u00abSin categor\u00eda\u00bb","block_context":{"text":"Sin categor\u00eda","link":"https:\/\/lasprimeras.com.do\/index.php\/category\/sin-categoria\/"},"img":{"alt_text":"Netanyahu de Israel se reunir\u00e1 con Biden en Nueva York","src":"https:\/\/i0.wp.com\/lasprimeras.com.do\/wp-content\/uploads\/2023\/09\/Netanyahu-de-Israel-se-reunira-con-Biden-en-Nueva-York.jpg?resize=350%2C200&ssl=1","width":350,"height":200,"srcset":"https:\/\/i0.wp.com\/lasprimeras.com.do\/wp-content\/uploads\/2023\/09\/Netanyahu-de-Israel-se-reunira-con-Biden-en-Nueva-York.jpg?resize=350%2C200&ssl=1 1x, https:\/\/i0.wp.com\/lasprimeras.com.do\/wp-content\/uploads\/2023\/09\/Netanyahu-de-Israel-se-reunira-con-Biden-en-Nueva-York.jpg?resize=525%2C300&ssl=1 1.5x, https:\/\/i0.wp.com\/lasprimeras.com.do\/wp-content\/uploads\/2023\/09\/Netanyahu-de-Israel-se-reunira-con-Biden-en-Nueva-York.jpg?resize=700%2C400&ssl=1 2x"},"classes":[]},{"id":53976,"url":"https:\/\/lasprimeras.com.do\/index.php\/2023\/07\/03\/autoridades-de-nyc-recuerdan-que-es-ilegal-y-peligroso-celebrar-el-4-de-julio-con-fiesta-de-fuegos-artificiales\/","url_meta":{"origin":92108,"position":4},"title":"Autoridades de NYC recuerdan que es ilegal y peligroso celebrar el 4 de julio con \u201cfiesta\u201d de fuegos artificiales","author":"Nelson Feliz","date":"3 de julio de 2023","format":false,"excerpt":"En la Gran Manzana suelen aumentar en estos d\u00edas las denuncias al 911 y al 311 por detonaciones ilegales de pirotecnia. El a\u00f1o pasado se reportaron cerca de 40 visitas a emergencias por incidentes relacionados con esta pr\u00e1ctica, un promedio mayor que en los cinco a\u00f1os anteriores. Por: Fernando Mart\u00ednez@fermartinezm\u2026","rel":"","context":"En \u00abSin categor\u00eda\u00bb","block_context":{"text":"Sin categor\u00eda","link":"https:\/\/lasprimeras.com.do\/index.php\/category\/sin-categoria\/"},"img":{"alt_text":"","src":"https:\/\/i0.wp.com\/lasprimeras.com.do\/wp-content\/uploads\/2023\/07\/fiesta.jpg?resize=350%2C200&ssl=1","width":350,"height":200,"srcset":"https:\/\/i0.wp.com\/lasprimeras.com.do\/wp-content\/uploads\/2023\/07\/fiesta.jpg?resize=350%2C200&ssl=1 1x, https:\/\/i0.wp.com\/lasprimeras.com.do\/wp-content\/uploads\/2023\/07\/fiesta.jpg?resize=525%2C300&ssl=1 1.5x, https:\/\/i0.wp.com\/lasprimeras.com.do\/wp-content\/uploads\/2023\/07\/fiesta.jpg?resize=700%2C400&ssl=1 2x"},"classes":[]},{"id":78539,"url":"https:\/\/lasprimeras.com.do\/index.php\/2024\/03\/17\/que-hace-feliz-a-la-gente-los-legisladores-de-california-quieren-averiguarlo\/","url_meta":{"origin":92108,"position":5},"title":"\u00bfQu\u00e9 hace feliz a la gente? Los legisladores de California quieren averiguarlo","author":"Nelson Feliz","date":"17 de marzo de 2024","format":false,"excerpt":"POR SOPHIE AUSTIN SACRAMENTO, California (AP) \u2014 Al asamble\u00edsta de California Anthony Rendon le gusta pasar su tiempo libre fuera del Capitolio en Sacramento con su hija de 4 a\u00f1os en su casa cerca de Los \u00c1ngeles. El fin de semana pasado, la llev\u00f3 a patinar sobre hielo y a\u2026","rel":"","context":"En \u00abSin categor\u00eda\u00bb","block_context":{"text":"Sin categor\u00eda","link":"https:\/\/lasprimeras.com.do\/index.php\/category\/sin-categoria\/"},"img":{"alt_text":"","src":"https:\/\/i0.wp.com\/lasprimeras.com.do\/wp-content\/uploads\/2024\/03\/legisladores.jpg?resize=350%2C200&ssl=1","width":350,"height":200,"srcset":"https:\/\/i0.wp.com\/lasprimeras.com.do\/wp-content\/uploads\/2024\/03\/legisladores.jpg?resize=350%2C200&ssl=1 1x, https:\/\/i0.wp.com\/lasprimeras.com.do\/wp-content\/uploads\/2024\/03\/legisladores.jpg?resize=525%2C300&ssl=1 1.5x, https:\/\/i0.wp.com\/lasprimeras.com.do\/wp-content\/uploads\/2024\/03\/legisladores.jpg?resize=700%2C400&ssl=1 2x"},"classes":[]}],"jetpack_sharing_enabled":true,"_links":{"self":[{"href":"https:\/\/lasprimeras.com.do\/index.php\/wp-json\/wp\/v2\/posts\/92108","targetHints":{"allow":["GET"]}}],"collection":[{"href":"https:\/\/lasprimeras.com.do\/index.php\/wp-json\/wp\/v2\/posts"}],"about":[{"href":"https:\/\/lasprimeras.com.do\/index.php\/wp-json\/wp\/v2\/types\/post"}],"author":[{"embeddable":true,"href":"https:\/\/lasprimeras.com.do\/index.php\/wp-json\/wp\/v2\/users\/2"}],"replies":[{"embeddable":true,"href":"https:\/\/lasprimeras.com.do\/index.php\/wp-json\/wp\/v2\/comments?post=92108"}],"version-history":[{"count":1,"href":"https:\/\/lasprimeras.com.do\/index.php\/wp-json\/wp\/v2\/posts\/92108\/revisions"}],"predecessor-version":[{"id":92110,"href":"https:\/\/lasprimeras.com.do\/index.php\/wp-json\/wp\/v2\/posts\/92108\/revisions\/92110"}],"wp:featuredmedia":[{"embeddable":true,"href":"https:\/\/lasprimeras.com.do\/index.php\/wp-json\/wp\/v2\/media\/92109"}],"wp:attachment":[{"href":"https:\/\/lasprimeras.com.do\/index.php\/wp-json\/wp\/v2\/media?parent=92108"}],"wp:term":[{"taxonomy":"category","embeddable":true,"href":"https:\/\/lasprimeras.com.do\/index.php\/wp-json\/wp\/v2\/categories?post=92108"},{"taxonomy":"post_tag","embeddable":true,"href":"https:\/\/lasprimeras.com.do\/index.php\/wp-json\/wp\/v2\/tags?post=92108"}],"curies":[{"name":"wp","href":"https:\/\/api.w.org\/{rel}","templated":true}]}}