{"id":92111,"date":"2024-12-29T11:30:51","date_gmt":"2024-12-29T15:30:51","guid":{"rendered":"https:\/\/lasprimeras.com.do\/?p=92111"},"modified":"2024-12-29T11:30:52","modified_gmt":"2024-12-29T15:30:52","slug":"pandas-en-el-cielo-hong-kong-realiza-espectaculo-de-drones-pirotecnicos","status":"publish","type":"post","link":"https:\/\/lasprimeras.com.do\/index.php\/2024\/12\/29\/pandas-en-el-cielo-hong-kong-realiza-espectaculo-de-drones-pirotecnicos\/","title":{"rendered":"Pandas en el cielo: Hong Kong realiza espect\u00e1culo de drones pirot\u00e9cnicos"},"content":{"rendered":"\n<p>By ZEN SOO<\/p>\n\n\n\n<p>HONK KONG (AP) \u2014 Cientos de personas se reunieron en Hong Kong el s\u00e1bado para presenciar el primer espect\u00e1culo de drones pirot\u00e9cnicos de la ciudad, como parte de una campa\u00f1a para concientizar sobre la conservaci\u00f3n de los pandas.<\/p>\n\n\n\n<p>El espect\u00e1culo dur\u00f3 10 minutos e incluy\u00f3 1.000 drones, algunos de los cuales estaban equipados con fuegos artificiales que volaron sobre el puerto Victoria de Hong Kong y formaron im\u00e1genes de pandas gigantes.<\/p>\n\n\n\n<p>Durante ciertas partes del espect\u00e1culo, algunos drones lanzaron fuegos artificiales, mientras que otros cientos formaron un panda tridimensional que giraba lentamente en el cielo.<\/p>\n\n\n\n<p>Algunos entusiastas llegaron horas antes del espect\u00e1culo para ganar la mejor vista.<\/p>\n\n\n\n<p>Eddie Chow, quien trajo a sus dos hijos, dijo que tales espect\u00e1culos podr\u00edan atraer m\u00e1s turistas a Hong Kong.<\/p>\n\n\n\n<p>\u201cCreo que el programa fue excelente, combinar fuegos artificiales y drones es un tema muy especial, Hong Kong deber\u00eda tener m\u00e1s de estas actividades\u201d, coment\u00f3 Chow.<\/p>\n\n\n\n<p>Jodi Hung, una joven residente de Hong Kong, coment\u00f3 que el espect\u00e1culo fue \u201cgenial\u201d.<\/p>\n\n\n\n<p>\u201cCreo que las personas que dise\u00f1aron el espect\u00e1culo de drones ten\u00edan muy buena t\u00e9cnica, muy asombroso, combinaron arte y t\u00e9cnicas juntos\u201d, dijo Hung.<\/p>\n\n\n\n<p>Hong Kong ha efectuado varias actividades en toda la ciudad en las \u00faltimas semanas, incluyendo exposiciones y un carnaval tem\u00e1tico de pandas, despu\u00e9s de que Beijing le obsequi\u00f3 un par de pandas gigantes, llamados An An y Ke Ke.<\/p>\n\n\n\n<p>Su llegada eleva el n\u00famero total de pandas gigantes en Hong Kong a seis, todos los cuales residen en Ocean Park, que comprende un parque de diversiones y exhibiciones de animales.<\/p>\n","protected":false},"excerpt":{"rendered":"<p>By ZEN SOO HONK KONG (AP) \u2014 Cientos de personas se reunieron en Hong Kong el s\u00e1bado para presenciar el primer espect\u00e1culo de drones pirot\u00e9cnicos de la ciudad, como parte&hellip;<\/p>\n","protected":false},"author":2,"featured_media":92112,"comment_status":"open","ping_status":"open","sticky":false,"template":"","format":"standard","meta":{"content-type":"","jetpack_post_was_ever_published":false,"_jetpack_newsletter_access":"","_jetpack_dont_email_post_to_subs":false,"_jetpack_newsletter_tier_id":0,"_jetpack_memberships_contains_paywalled_content":false,"_jetpack_memberships_contains_paid_content":false,"footnotes":""},"categories":[16289],"tags":[16693,4519,16692],"class_list":["post-92111","post","type-post","status-publish","format-standard","has-post-thumbnail","hentry","category-internacionales","tag-drones-pirotecnicos","tag-espectaculo","tag-pandas-en-el-cielo-hong-kong"],"jetpack_featured_media_url":"https:\/\/lasprimeras.com.do\/wp-content\/uploads\/2024\/12\/pandas.jpg","jetpack-related-posts":[{"id":64865,"url":"https:\/\/lasprimeras.com.do\/index.php\/2023\/10\/24\/tribunal-de-hong-kong-confirma-sentencia-a-favor-de-la-igualdad-de-derechos-para-parejas-del-mismo-sexo\/","url_meta":{"origin":92111,"position":0},"title":"Tribunal de Hong Kong confirma sentencia a favor de la igualdad de derechos para parejas del mismo sexo","author":"Nelson Feliz","date":"24 de octubre de 2023","format":false,"excerpt":"POR KANIS LEUNG HONG KONG (AP) \u2014 Un tribunal de Hong Kong confirm\u00f3 el martes un fallo que favorec\u00eda la concesi\u00f3n de igualdad de derechos de herencia a parejas del mismo sexo, en la \u00faltima victoria de la comunidad LGBTQ+ de la ciudad. La decisi\u00f3n del Tribunal de Apelaci\u00f3n rechaz\u00f3\u2026","rel":"","context":"En \u00abSin categor\u00eda\u00bb","block_context":{"text":"Sin categor\u00eda","link":"https:\/\/lasprimeras.com.do\/index.php\/category\/sin-categoria\/"},"img":{"alt_text":"GAYS","src":"https:\/\/i0.wp.com\/lasprimeras.com.do\/wp-content\/uploads\/2023\/10\/GAYS.jpg?resize=350%2C200&ssl=1","width":350,"height":200,"srcset":"https:\/\/i0.wp.com\/lasprimeras.com.do\/wp-content\/uploads\/2023\/10\/GAYS.jpg?resize=350%2C200&ssl=1 1x, https:\/\/i0.wp.com\/lasprimeras.com.do\/wp-content\/uploads\/2023\/10\/GAYS.jpg?resize=525%2C300&ssl=1 1.5x, https:\/\/i0.wp.com\/lasprimeras.com.do\/wp-content\/uploads\/2023\/10\/GAYS.jpg?resize=700%2C400&ssl=1 2x"},"classes":[]},{"id":56316,"url":"https:\/\/lasprimeras.com.do\/index.php\/2023\/07\/30\/muere-remi-lucidi-al-caer-desde-un-edificio-en-hong-kong\/","url_meta":{"origin":92111,"position":1},"title":"Muere Remi Lucidi al caer desde un edificio en Hong Kong","author":"Nelson Feliz","date":"30 de julio de 2023","format":false,"excerpt":"Las muertes por deportes extremos, aunque son poco comunes, suelen ocurrir ante la falta de precauci\u00f3n por parte de las personas que lo practican. Tal es el caso de un acr\u00f3bata franc\u00e9s reconocido por practicar deportes de aventura quien falleci\u00f3 despu\u00e9s de caerse de un edificio de gran altura en\u2026","rel":"","context":"En \u00abSin categor\u00eda\u00bb","block_context":{"text":"Sin categor\u00eda","link":"https:\/\/lasprimeras.com.do\/index.php\/category\/sin-categoria\/"},"img":{"alt_text":"Remi Lucidi","src":"https:\/\/i0.wp.com\/lasprimeras.com.do\/wp-content\/uploads\/2023\/07\/Remi-Lucidi.jpg?resize=350%2C200&ssl=1","width":350,"height":200,"srcset":"https:\/\/i0.wp.com\/lasprimeras.com.do\/wp-content\/uploads\/2023\/07\/Remi-Lucidi.jpg?resize=350%2C200&ssl=1 1x, https:\/\/i0.wp.com\/lasprimeras.com.do\/wp-content\/uploads\/2023\/07\/Remi-Lucidi.jpg?resize=525%2C300&ssl=1 1.5x, https:\/\/i0.wp.com\/lasprimeras.com.do\/wp-content\/uploads\/2023\/07\/Remi-Lucidi.jpg?resize=700%2C400&ssl=1 2x"},"classes":[]},{"id":116263,"url":"https:\/\/lasprimeras.com.do\/index.php\/2025\/11\/30\/hong-kong-llora-a-las-victimas-del-incendio-mientras-la-cifra-de-muertos-sube-a-146\/","url_meta":{"origin":92111,"position":2},"title":"Hong Kong llora a las v\u00edctimas del incendio mientras la cifra de muertos sube a 146","author":"Nelson Feliz","date":"30 de noviembre de 2025","format":false,"excerpt":"POR DAVID RISING HONG KONG (AP) \u2014 El n\u00famero de muertos por el incendio en un complejo de apartamentos en Hong Kong ha aumentado a 146 despu\u00e9s de que los investigadores encontraran m\u00e1s cuerpos en los edificios calcinados. Un flujo constante de personas ha llevado ramos de flores a un\u2026","rel":"","context":"En \u00abINTERNACIONALES\u00bb","block_context":{"text":"INTERNACIONALES","link":"https:\/\/lasprimeras.com.do\/index.php\/category\/sin-categoria\/internacionales\/"},"img":{"alt_text":"","src":"https:\/\/i0.wp.com\/lasprimeras.com.do\/wp-content\/uploads\/2025\/11\/Hong-Kong-llora-a-las-victimas-del-incendio.jpg?resize=350%2C200&ssl=1","width":350,"height":200,"srcset":"https:\/\/i0.wp.com\/lasprimeras.com.do\/wp-content\/uploads\/2025\/11\/Hong-Kong-llora-a-las-victimas-del-incendio.jpg?resize=350%2C200&ssl=1 1x, https:\/\/i0.wp.com\/lasprimeras.com.do\/wp-content\/uploads\/2025\/11\/Hong-Kong-llora-a-las-victimas-del-incendio.jpg?resize=525%2C300&ssl=1 1.5x, https:\/\/i0.wp.com\/lasprimeras.com.do\/wp-content\/uploads\/2025\/11\/Hong-Kong-llora-a-las-victimas-del-incendio.jpg?resize=700%2C400&ssl=1 2x"},"classes":[]},{"id":115898,"url":"https:\/\/lasprimeras.com.do\/index.php\/2025\/11\/26\/videos-incendio-devora-varios-rascacielos-residenciales-en-hong-kong\/","url_meta":{"origin":92111,"position":3},"title":"VIDEOS: Incendio devora varios rascacielos residenciales en Hong Kong","author":"Nelson Feliz","date":"26 de noviembre de 2025","format":false,"excerpt":"Seg\u00fan informes, cuatro personas, incluido un bombero, han muerto y al menos otras tres resultaron heridas. CHINA, RT.-.Un feroz incendio arras\u00f3 este mi\u00e9rcoles varios edificios de un complejo residencial del distrito de Tai Po, en el norte de Hong Kong. https:\/\/twitter.com\/i\/status\/1993623293270913495 Seg\u00fan informes, cuatro personas, incluido un bombero, han muerto\u2026","rel":"","context":"En \u00abINTERNACIONALES\u00bb","block_context":{"text":"INTERNACIONALES","link":"https:\/\/lasprimeras.com.do\/index.php\/category\/sin-categoria\/internacionales\/"},"img":{"alt_text":"","src":"https:\/\/i0.wp.com\/lasprimeras.com.do\/wp-content\/uploads\/2025\/11\/El-humo-se-eleva-despues-de-un-incendio-en-un-complejo-residencial-en-el-distrito-de-Tai-Po-Hong-Kong.jpg?resize=350%2C200&ssl=1","width":350,"height":200,"srcset":"https:\/\/i0.wp.com\/lasprimeras.com.do\/wp-content\/uploads\/2025\/11\/El-humo-se-eleva-despues-de-un-incendio-en-un-complejo-residencial-en-el-distrito-de-Tai-Po-Hong-Kong.jpg?resize=350%2C200&ssl=1 1x, https:\/\/i0.wp.com\/lasprimeras.com.do\/wp-content\/uploads\/2025\/11\/El-humo-se-eleva-despues-de-un-incendio-en-un-complejo-residencial-en-el-distrito-de-Tai-Po-Hong-Kong.jpg?resize=525%2C300&ssl=1 1.5x, https:\/\/i0.wp.com\/lasprimeras.com.do\/wp-content\/uploads\/2025\/11\/El-humo-se-eleva-despues-de-un-incendio-en-un-complejo-residencial-en-el-distrito-de-Tai-Po-Hong-Kong.jpg?resize=700%2C400&ssl=1 2x"},"classes":[]},{"id":116009,"url":"https:\/\/lasprimeras.com.do\/index.php\/2025\/11\/26\/incendio-en-rascacielos-de-hong-kong-deja-al-menos-44-muertos-279-desaparecidos-y-tres-arrestados\/","url_meta":{"origin":92111,"position":4},"title":"Incendio en rascacielos de Hong Kong deja al menos 44 muertos, 279 desaparecidos y tres arrestados","author":"Nelson Feliz","date":"26 de noviembre de 2025","format":false,"excerpt":"POR CHAN HO-HIM and KEN MORITSUGU HONG KONG (AP) \u2014 El peor incendio que se haya registrado en Hong Kong en varios a\u00f1os ardi\u00f3 durante toda la noche, dejando al menos 44 muertos y 279 personas desaparecidas, mientras los rescatistas segu\u00edan sacando a los residentes de los edificios en llamas.\u2026","rel":"","context":"En \u00abINTERNACIONALES\u00bb","block_context":{"text":"INTERNACIONALES","link":"https:\/\/lasprimeras.com.do\/index.php\/category\/sin-categoria\/internacionales\/"},"img":{"alt_text":"","src":"https:\/\/i0.wp.com\/lasprimeras.com.do\/wp-content\/uploads\/2025\/11\/incendio.jpg?resize=350%2C200&ssl=1","width":350,"height":200,"srcset":"https:\/\/i0.wp.com\/lasprimeras.com.do\/wp-content\/uploads\/2025\/11\/incendio.jpg?resize=350%2C200&ssl=1 1x, https:\/\/i0.wp.com\/lasprimeras.com.do\/wp-content\/uploads\/2025\/11\/incendio.jpg?resize=525%2C300&ssl=1 1.5x, https:\/\/i0.wp.com\/lasprimeras.com.do\/wp-content\/uploads\/2025\/11\/incendio.jpg?resize=700%2C400&ssl=1 2x"},"classes":[]},{"id":116541,"url":"https:\/\/lasprimeras.com.do\/index.php\/2025\/12\/02\/hong-kong-hara-una-investigacion-independiente-sobre-incendio-mortal-ante-la-presion-publica\/","url_meta":{"origin":92111,"position":5},"title":"Hong Kong har\u00e1 una investigaci\u00f3n independiente sobre incendio mortal ante la presi\u00f3n p\u00fablica","author":"Nelson Feliz","date":"2 de diciembre de 2025","format":false,"excerpt":"POR CHAN HO-HIM and KEN MORITSUGU HONG KONG (AP) \u2014 Hong Kong formar\u00e1 un comit\u00e9 independiente de investigaci\u00f3n encabezado por un juez para determinar la causa de un incendio mortal en un bloque de apartamentos que conmocion\u00f3 a la ciudad y para hacer recomendaciones que eviten que una tragedia similar\u2026","rel":"","context":"En \u00abINTERNACIONALES\u00bb","block_context":{"text":"INTERNACIONALES","link":"https:\/\/lasprimeras.com.do\/index.php\/category\/sin-categoria\/internacionales\/"},"img":{"alt_text":"","src":"https:\/\/i0.wp.com\/lasprimeras.com.do\/wp-content\/uploads\/2025\/12\/John-Lee.jpg?resize=350%2C200&ssl=1","width":350,"height":200,"srcset":"https:\/\/i0.wp.com\/lasprimeras.com.do\/wp-content\/uploads\/2025\/12\/John-Lee.jpg?resize=350%2C200&ssl=1 1x, https:\/\/i0.wp.com\/lasprimeras.com.do\/wp-content\/uploads\/2025\/12\/John-Lee.jpg?resize=525%2C300&ssl=1 1.5x, https:\/\/i0.wp.com\/lasprimeras.com.do\/wp-content\/uploads\/2025\/12\/John-Lee.jpg?resize=700%2C400&ssl=1 2x"},"classes":[]}],"jetpack_sharing_enabled":true,"_links":{"self":[{"href":"https:\/\/lasprimeras.com.do\/index.php\/wp-json\/wp\/v2\/posts\/92111","targetHints":{"allow":["GET"]}}],"collection":[{"href":"https:\/\/lasprimeras.com.do\/index.php\/wp-json\/wp\/v2\/posts"}],"about":[{"href":"https:\/\/lasprimeras.com.do\/index.php\/wp-json\/wp\/v2\/types\/post"}],"author":[{"embeddable":true,"href":"https:\/\/lasprimeras.com.do\/index.php\/wp-json\/wp\/v2\/users\/2"}],"replies":[{"embeddable":true,"href":"https:\/\/lasprimeras.com.do\/index.php\/wp-json\/wp\/v2\/comments?post=92111"}],"version-history":[{"count":1,"href":"https:\/\/lasprimeras.com.do\/index.php\/wp-json\/wp\/v2\/posts\/92111\/revisions"}],"predecessor-version":[{"id":92113,"href":"https:\/\/lasprimeras.com.do\/index.php\/wp-json\/wp\/v2\/posts\/92111\/revisions\/92113"}],"wp:featuredmedia":[{"embeddable":true,"href":"https:\/\/lasprimeras.com.do\/index.php\/wp-json\/wp\/v2\/media\/92112"}],"wp:attachment":[{"href":"https:\/\/lasprimeras.com.do\/index.php\/wp-json\/wp\/v2\/media?parent=92111"}],"wp:term":[{"taxonomy":"category","embeddable":true,"href":"https:\/\/lasprimeras.com.do\/index.php\/wp-json\/wp\/v2\/categories?post=92111"},{"taxonomy":"post_tag","embeddable":true,"href":"https:\/\/lasprimeras.com.do\/index.php\/wp-json\/wp\/v2\/tags?post=92111"}],"curies":[{"name":"wp","href":"https:\/\/api.w.org\/{rel}","templated":true}]}}