{"id":92114,"date":"2024-12-29T11:36:39","date_gmt":"2024-12-29T15:36:39","guid":{"rendered":"https:\/\/lasprimeras.com.do\/?p=92114"},"modified":"2024-12-29T11:36:40","modified_gmt":"2024-12-29T15:36:40","slug":"lider-norcoreano-promete-politica-mas-dura-contra-eeuu","status":"publish","type":"post","link":"https:\/\/lasprimeras.com.do\/index.php\/2024\/12\/29\/lider-norcoreano-promete-politica-mas-dura-contra-eeuu\/","title":{"rendered":"L\u00edder norcoreano promete pol\u00edtica m\u00e1s dura contra EEUU"},"content":{"rendered":"\n<p>By HYUNG-JIN KIM<\/p>\n\n\n\n<p>SE\u00daL, Corea del Sur (AP) \u2014 El l\u00edder norcoreano, Kim Jong Un, prometi\u00f3 implementar la pol\u00edtica \u201cm\u00e1s dura\u201d contra Estados Unidos, informaron medios estatales el domingo, a menos de un mes de que Donald Trump asuma el cargo como presidente de Estados Unidos.<\/p>\n\n\n\n<p>El regreso de Trump a la Casa Blanca plantea perspectivas para una diplomacia de alto perfil con Corea del Norte. Durante su primer mandato, Trump se reuni\u00f3 tres veces con Kim para dialogar sobre el programa nuclear norcoreano.<\/p>\n\n\n\n<p>Sin embargo, muchos expertos dicen que es poco probable que las cumbres entre Kim y Trump se reanuden r\u00e1pidamente, ya que el presidente electo de Estados Unidos se enfocar\u00eda primero en los conflictos en Ucrania y Oriente Medio.<\/p>\n\n\n\n<p>El apoyo de Corea del Norte a la guerra de Rusia contra Ucrania tambi\u00e9n representa un desaf\u00edo para los esfuerzos de reactivar la diplomacia, dicen los expertos.<\/p>\n\n\n\n<p>En una reuni\u00f3n plenaria de cinco d\u00edas del gobernante Partido de los Trabajadores, concluida el viernes, Kim calific\u00f3 a Estados Unidos como \u201cel Estado m\u00e1s reaccionario que considera el anticomunismo como su invariable pol\u00edtica estatal\u201d.<\/p>\n\n\n\n<p>El l\u00edder norcoreano se\u00f1al\u00f3 que la asociaci\u00f3n de seguridad entre Estados Unidos, Corea del Sur y Jap\u00f3n se expande para formar \u201cun bloque militar nuclear para la agresi\u00f3n\u201d.<\/p>\n\n\n\n<p>\u201cEsta realidad muestra claramente en qu\u00e9 direcci\u00f3n debemos avanzar, qu\u00e9 debemos hacer y c\u00f3mo\u201d, dijo Kim, seg\u00fan la Agencia Central de Noticias de Corea del Norte (KCNA, por sus siglas en ingl\u00e9s).<\/p>\n\n\n\n<p>Dicha agencia mencion\u00f3 que el discurso de Kim \u201caclar\u00f3 la estrategia para la m\u00e1s dura oposici\u00f3n antiestadounidense que lanzar\u00e1 Corea del Norte agresivamente\u201d en favor de sus intereses nacionales y su seguridad a largo plazo.<\/p>\n\n\n\n<p>La KCNA no detall\u00f3 la estrategia antiestadounidense. Pero dijo que Kim estableci\u00f3 tareas para fortalecer la capacidad militar mediante avances en tecnolog\u00eda de defensa y subray\u00f3 la necesidad de mejorar la fortaleza mental de los soldados norcoreanos.<\/p>\n\n\n\n<p>Las reuniones anteriores entre Trump y Kim no solo pusieron fin a sus intercambios de ret\u00f3rica incendiaria y amenazas de destrucci\u00f3n, sino que desarrollaron conexiones personales.<\/p>\n\n\n\n<p>Trump dijo una vez que \u00e9l y Kim \u201cse enamoraron\u201d. Pero sus conversaciones colapsaron en 2019, mientras discut\u00edan sobre las sanciones lideradas por Washington contra Pyongyang.<\/p>\n\n\n\n<p>Corea del Norte ha aumentado considerablemente el ritmo de sus actividades de pruebas de armas para construir misiles nucleares m\u00e1s confiables, dirigidos a Estados Unidos y sus aliados.<\/p>\n\n\n\n<p>Estados Unidos y Corea del Sur han respondido expandiendo sus ejercicios militares bilaterales, y tambi\u00e9n los trilaterales en los que participa Jap\u00f3n, lo que ha provocado fuertes reacciones de Pyongyang, que ve estos ejercicios liderados por Estados Unidos como ensayos de invasi\u00f3n.<\/p>\n\n\n\n<p>Adem\u00e1s, los esfuerzos para convencer a Corea del Norte de abandonar sus armas nucleares a cambio de beneficios econ\u00f3micos y pol\u00edticos se complican por su cooperaci\u00f3n militar cada vez m\u00e1s profunda con Rusia.<\/p>\n\n\n\n<p>Seg\u00fan evaluaciones de Estados Unidos, Ucrania y Corea del Sur, Pyongyang ha enviado m\u00e1s de 10.000 soldados y sistemas de armas convencionales para apoyar la guerra de Mosc\u00fa contra Ucrania.<\/p>\n\n\n\n<p>Existen preocupaciones de que Rusia podr\u00eda proporcionar a Corea del Norte tecnolog\u00eda de armas avanzada, incluida la ayuda para construir misiles nucleares m\u00e1s potentes.<\/p>\n","protected":false},"excerpt":{"rendered":"<p>By HYUNG-JIN KIM SE\u00daL, Corea del Sur (AP) \u2014 El l\u00edder norcoreano, Kim Jong Un, prometi\u00f3 implementar la pol\u00edtica \u201cm\u00e1s dura\u201d contra Estados Unidos, informaron medios estatales el domingo, a&hellip;<\/p>\n","protected":false},"author":2,"featured_media":92115,"comment_status":"open","ping_status":"open","sticky":false,"template":"","format":"standard","meta":{"content-type":"","jetpack_post_was_ever_published":false,"_jetpack_newsletter_access":"","_jetpack_dont_email_post_to_subs":false,"_jetpack_newsletter_tier_id":0,"_jetpack_memberships_contains_paywalled_content":false,"_jetpack_memberships_contains_paid_content":false,"footnotes":""},"categories":[16289],"tags":[3023,979,2129,1726,52],"class_list":["post-92114","post","type-post","status-publish","format-standard","has-post-thumbnail","hentry","category-internacionales","tag-dura","tag-eeuu","tag-lider","tag-norcoreano","tag-politica-2"],"jetpack_featured_media_url":"https:\/\/lasprimeras.com.do\/wp-content\/uploads\/2024\/12\/Kim-Jong-Un.jpg","jetpack-related-posts":[{"id":50108,"url":"https:\/\/lasprimeras.com.do\/index.php\/2023\/05\/17\/kim-jong-un-inspecciona-el-satelite-de-reconocimiento-norcoreano-y-lanza-una-advertencia-a-ee-uu-y-corea-del-sur\/","url_meta":{"origin":92114,"position":0},"title":"Kim Jong-un inspecciona el sat\u00e9lite de reconocimiento norcoreano y lanza una advertencia a EE.UU. y Corea del Sur","author":"prenxa100","date":"17 de mayo de 2023","format":false,"excerpt":"El l\u00edder norcoreano subray\u00f3 reiteradamente \"el car\u00e1cter estrat\u00e9gico de la posesi\u00f3n de sat\u00e9lites militares de reconocimiento\". Corea del Norte, RT.-.El l\u00edder de Corea del Norte, Kim Jong-un, inspeccion\u00f3 este martes el primer sat\u00e9lite de reconocimiento norcoreano, recoge la agencia estatal KCNA. En el marco de su visita al comit\u00e9 preparatorio\u2026","rel":"","context":"En \u00abSin categor\u00eda\u00bb","block_context":{"text":"Sin categor\u00eda","link":"https:\/\/lasprimeras.com.do\/index.php\/category\/sin-categoria\/"},"img":{"alt_text":"","src":"https:\/\/i0.wp.com\/atento.com.do\/wp-content\/uploads\/2023\/05\/Kim-Jong-un-y-su-hija-visitan-la-agencia-aeroespacial-norcoreana-1024x676.jpg?resize=350%2C200&ssl=1","width":350,"height":200,"srcset":"https:\/\/i0.wp.com\/atento.com.do\/wp-content\/uploads\/2023\/05\/Kim-Jong-un-y-su-hija-visitan-la-agencia-aeroespacial-norcoreana-1024x676.jpg?resize=350%2C200&ssl=1 1x, https:\/\/i0.wp.com\/atento.com.do\/wp-content\/uploads\/2023\/05\/Kim-Jong-un-y-su-hija-visitan-la-agencia-aeroespacial-norcoreana-1024x676.jpg?resize=525%2C300&ssl=1 1.5x, https:\/\/i0.wp.com\/atento.com.do\/wp-content\/uploads\/2023\/05\/Kim-Jong-un-y-su-hija-visitan-la-agencia-aeroespacial-norcoreana-1024x676.jpg?resize=700%2C400&ssl=1 2x"},"classes":[]},{"id":68901,"url":"https:\/\/lasprimeras.com.do\/index.php\/2023\/11\/28\/satelite-corea-del-norte-tomo-fotos-casa-blanca-y-el-pentagono\/","url_meta":{"origin":92114,"position":1},"title":"Sat\u00e9lite Corea del Norte tom\u00f3 fotos Casa Blanca y el Pent\u00e1gono","author":"BIMARY DE JES\u00daS Matos","date":"28 de noviembre de 2023","format":false,"excerpt":"PYONGYANG.- El sat\u00e9lite esp\u00eda militar de Corea del Norte ha captado im\u00e1genes de la Casa Blanca y el Pent\u00e1gono, informa la agencia surcoreana Yonhap con referencia a la Agencia Central de Noticias de Corea. De acuerdo con el medio, el l\u00edder norcoreano, Kim Jong-un, ya ha visto dichas fotograf\u00edas. Seg\u00fan\u2026","rel":"","context":"En \u00abENTRETENIMIENTO\u00bb","block_context":{"text":"ENTRETENIMIENTO","link":"https:\/\/lasprimeras.com.do\/index.php\/category\/entretenimiento\/"},"img":{"alt_text":"","src":"https:\/\/i0.wp.com\/lasprimeras.com.do\/wp-content\/uploads\/2023\/11\/WhatsApp-Image-2023-11-28-at-12.36.42-PM-1.jpeg?resize=350%2C200&ssl=1","width":350,"height":200,"srcset":"https:\/\/i0.wp.com\/lasprimeras.com.do\/wp-content\/uploads\/2023\/11\/WhatsApp-Image-2023-11-28-at-12.36.42-PM-1.jpeg?resize=350%2C200&ssl=1 1x, https:\/\/i0.wp.com\/lasprimeras.com.do\/wp-content\/uploads\/2023\/11\/WhatsApp-Image-2023-11-28-at-12.36.42-PM-1.jpeg?resize=525%2C300&ssl=1 1.5x"},"classes":[]},{"id":63092,"url":"https:\/\/lasprimeras.com.do\/index.php\/2023\/10\/10\/el-ataque-de-hamas-a-israel-lleva-a-corea-del-sur-a-considerar-suspender-el-acuerdo-militar-con-corea-del-norte\/","url_meta":{"origin":92114,"position":2},"title":"El ataque de Ham\u00e1s a Israel lleva a Corea del Sur a considerar suspender el acuerdo militar con Corea del Norte","author":"Nelson Feliz","date":"10 de octubre de 2023","format":false,"excerpt":"POR KIM TONG-HYUNG SE\u00daL, Corea del Sur (AP) \u2014 El ministro de Defensa de Corea del Sur dijo el martes que presionar\u00eda para suspender un acuerdo militar intercoreano de 2018 para reanudar la vigilancia de primera l\u00ednea sobre su rival Corea del Norte, mientras el ataque sorpresa a Israel por\u2026","rel":"","context":"En \u00abSin categor\u00eda\u00bb","block_context":{"text":"Sin categor\u00eda","link":"https:\/\/lasprimeras.com.do\/index.php\/category\/sin-categoria\/"},"img":{"alt_text":"Ataque","src":"https:\/\/i0.wp.com\/lasprimeras.com.do\/wp-content\/uploads\/2023\/10\/Ataque-2.jpg?resize=350%2C200&ssl=1","width":350,"height":200,"srcset":"https:\/\/i0.wp.com\/lasprimeras.com.do\/wp-content\/uploads\/2023\/10\/Ataque-2.jpg?resize=350%2C200&ssl=1 1x, https:\/\/i0.wp.com\/lasprimeras.com.do\/wp-content\/uploads\/2023\/10\/Ataque-2.jpg?resize=525%2C300&ssl=1 1.5x, https:\/\/i0.wp.com\/lasprimeras.com.do\/wp-content\/uploads\/2023\/10\/Ataque-2.jpg?resize=700%2C400&ssl=1 2x"},"classes":[]},{"id":109752,"url":"https:\/\/lasprimeras.com.do\/index.php\/2025\/09\/22\/lider-norcoreano-dice-tener-buenos-recuerdos-de-trump-pide-que-eeuu-retire-exigencias-nucleares\/","url_meta":{"origin":92114,"position":3},"title":"L\u00edder norcoreano dice tener \u201cbuenos recuerdos\u201d de Trump, pide que EEUU retire exigencias nucleares","author":"Nelson Feliz","date":"22 de septiembre de 2025","format":false,"excerpt":"POR KIM TONG-HYUNG SE\u00daL, Corea del Sur (AP) \u2014 El l\u00edder norcoreano, Kim Jong Un, dijo que a\u00fan tiene buenos recuerdos del presidente de Estados Unidos, Donald Trump, y urgi\u00f3 a Washington a abandonar su demanda de que Pyongyang entregue sus armas nucleares como condici\u00f3n previa para reanudar una diplomacia\u2026","rel":"","context":"En \u00abINTERNACIONALES\u00bb","block_context":{"text":"INTERNACIONALES","link":"https:\/\/lasprimeras.com.do\/index.php\/category\/sin-categoria\/internacionales\/"},"img":{"alt_text":"","src":"https:\/\/i0.wp.com\/lasprimeras.com.do\/wp-content\/uploads\/2025\/09\/Kim-Jong-Un.jpg?resize=350%2C200&ssl=1","width":350,"height":200,"srcset":"https:\/\/i0.wp.com\/lasprimeras.com.do\/wp-content\/uploads\/2025\/09\/Kim-Jong-Un.jpg?resize=350%2C200&ssl=1 1x, https:\/\/i0.wp.com\/lasprimeras.com.do\/wp-content\/uploads\/2025\/09\/Kim-Jong-Un.jpg?resize=525%2C300&ssl=1 1.5x, https:\/\/i0.wp.com\/lasprimeras.com.do\/wp-content\/uploads\/2025\/09\/Kim-Jong-Un.jpg?resize=700%2C400&ssl=1 2x"},"classes":[]},{"id":73772,"url":"https:\/\/lasprimeras.com.do\/index.php\/2024\/01\/16\/corea-del-norte-ya-no-buscara-la-reconciliacion-con-el-sur-debido-a-la-hostilidad-dice-kim-jong-un\/","url_meta":{"origin":92114,"position":4},"title":"Corea del Norte ya no buscar\u00e1 la reconciliaci\u00f3n con el Sur debido a la hostilidad, dice Kim Jong Un","author":"Nelson Feliz","date":"16 de enero de 2024","format":false,"excerpt":"POR KIM TONG-HYUNG SE\u00daL, Corea del Sur (AP) \u2014 El l\u00edder norcoreano Kim Jong Un dijo que su pa\u00eds ya no buscar\u00e1 la reconciliaci\u00f3n con Corea del Sur y pidi\u00f3 reescribir la constituci\u00f3n del Norte para eliminar la idea de un Estado compartido entre los pa\u00edses divididos por la guerra,\u2026","rel":"","context":"En \u00abSin categor\u00eda\u00bb","block_context":{"text":"Sin categor\u00eda","link":"https:\/\/lasprimeras.com.do\/index.php\/category\/sin-categoria\/"},"img":{"alt_text":"Kim Jong Un","src":"https:\/\/i0.wp.com\/lasprimeras.com.do\/wp-content\/uploads\/2024\/01\/Kim-Jong-Un.jpg?resize=350%2C200&ssl=1","width":350,"height":200,"srcset":"https:\/\/i0.wp.com\/lasprimeras.com.do\/wp-content\/uploads\/2024\/01\/Kim-Jong-Un.jpg?resize=350%2C200&ssl=1 1x, https:\/\/i0.wp.com\/lasprimeras.com.do\/wp-content\/uploads\/2024\/01\/Kim-Jong-Un.jpg?resize=525%2C300&ssl=1 1.5x"},"classes":[]},{"id":108229,"url":"https:\/\/lasprimeras.com.do\/index.php\/2025\/09\/04\/lider-norcoreano-kim-jong-un-se-reunio-con-el-presidente-de-china-xi-jinping\/","url_meta":{"origin":92114,"position":5},"title":"L\u00edder norcoreano Kim Jong Un se reuni\u00f3 con el presidente de China, Xi Jinping","author":"Nelson Feliz","date":"4 de septiembre de 2025","format":false,"excerpt":"POR KEN MORITSUGU BEIJING (AP) \u2014 El l\u00edder de Corea del Norte, Kim Jong Un, se reuni\u00f3 con el presidente de China, Xi Jinping, al margen de las festividades que conmemoran el final de la Segunda Guerra Mundial, inform\u00f3 el jueves la prensa estatal. Kim asisti\u00f3 el mi\u00e9rcoles a un\u2026","rel":"","context":"En \u00abINTERNACIONALES\u00bb","block_context":{"text":"INTERNACIONALES","link":"https:\/\/lasprimeras.com.do\/index.php\/category\/sin-categoria\/internacionales\/"},"img":{"alt_text":"","src":"https:\/\/i0.wp.com\/lasprimeras.com.do\/wp-content\/uploads\/2025\/09\/Kim-Jong-Un-VS-Xi-Jinping.jpg?resize=350%2C200&ssl=1","width":350,"height":200,"srcset":"https:\/\/i0.wp.com\/lasprimeras.com.do\/wp-content\/uploads\/2025\/09\/Kim-Jong-Un-VS-Xi-Jinping.jpg?resize=350%2C200&ssl=1 1x, https:\/\/i0.wp.com\/lasprimeras.com.do\/wp-content\/uploads\/2025\/09\/Kim-Jong-Un-VS-Xi-Jinping.jpg?resize=525%2C300&ssl=1 1.5x, https:\/\/i0.wp.com\/lasprimeras.com.do\/wp-content\/uploads\/2025\/09\/Kim-Jong-Un-VS-Xi-Jinping.jpg?resize=700%2C400&ssl=1 2x"},"classes":[]}],"jetpack_sharing_enabled":true,"_links":{"self":[{"href":"https:\/\/lasprimeras.com.do\/index.php\/wp-json\/wp\/v2\/posts\/92114","targetHints":{"allow":["GET"]}}],"collection":[{"href":"https:\/\/lasprimeras.com.do\/index.php\/wp-json\/wp\/v2\/posts"}],"about":[{"href":"https:\/\/lasprimeras.com.do\/index.php\/wp-json\/wp\/v2\/types\/post"}],"author":[{"embeddable":true,"href":"https:\/\/lasprimeras.com.do\/index.php\/wp-json\/wp\/v2\/users\/2"}],"replies":[{"embeddable":true,"href":"https:\/\/lasprimeras.com.do\/index.php\/wp-json\/wp\/v2\/comments?post=92114"}],"version-history":[{"count":1,"href":"https:\/\/lasprimeras.com.do\/index.php\/wp-json\/wp\/v2\/posts\/92114\/revisions"}],"predecessor-version":[{"id":92116,"href":"https:\/\/lasprimeras.com.do\/index.php\/wp-json\/wp\/v2\/posts\/92114\/revisions\/92116"}],"wp:featuredmedia":[{"embeddable":true,"href":"https:\/\/lasprimeras.com.do\/index.php\/wp-json\/wp\/v2\/media\/92115"}],"wp:attachment":[{"href":"https:\/\/lasprimeras.com.do\/index.php\/wp-json\/wp\/v2\/media?parent=92114"}],"wp:term":[{"taxonomy":"category","embeddable":true,"href":"https:\/\/lasprimeras.com.do\/index.php\/wp-json\/wp\/v2\/categories?post=92114"},{"taxonomy":"post_tag","embeddable":true,"href":"https:\/\/lasprimeras.com.do\/index.php\/wp-json\/wp\/v2\/tags?post=92114"}],"curies":[{"name":"wp","href":"https:\/\/api.w.org\/{rel}","templated":true}]}}