{"id":92117,"date":"2024-12-29T11:42:26","date_gmt":"2024-12-29T15:42:26","guid":{"rendered":"https:\/\/lasprimeras.com.do\/?p=92117"},"modified":"2024-12-29T11:42:27","modified_gmt":"2024-12-29T15:42:27","slug":"mas-de-500-mil-personas-fueron-beneficiadas-en-las-ferias-navidad-del-cambio-con-el-inespre","status":"publish","type":"post","link":"https:\/\/lasprimeras.com.do\/index.php\/2024\/12\/29\/mas-de-500-mil-personas-fueron-beneficiadas-en-las-ferias-navidad-del-cambio-con-el-inespre\/","title":{"rendered":"M\u00e1s de 500 mil personas fueron beneficiadas en las Ferias Navidad del Cambio con el Inespre"},"content":{"rendered":"\n<p><strong>Los asistentes tuvieron acceso a m\u00e1s de 50 productos de calidad y a bajos costos, as\u00ed como de dos combos especiales. El director del Inespre destac\u00f3 que la subalimentaci\u00f3n en RD baj\u00f3 de 8.7 a 4.7, seg\u00fan la Fao.<\/strong><\/p>\n\n\n\n<p>M\u00e1s de 500 mil personas fueron beneficiadas con ventas de alimentos a bajos costos en las seis Ferias Navidad del Cambio con el Inespre que fueron realizadas en Azua, San Crist\u00f3bal, Santo Domingo Este, Los Alcarrizos, Distrito Nacional y Santiago, por disposici\u00f3n de la Presidencia de la Rep\u00fablica.<\/p>\n\n\n\n<p>Los asistentes tuvieron acceso a m\u00e1s de 50 productos y dos combos especiales como son piernas de cerdo a $1,500, media pierna a $850, saco de arroz selecto de 25 libras a $600, de 10 libras a $250, pollos a $150, cart\u00f3n de huevos de 30 unidades a $120, pl\u00e1tanos a $3 y guineitos a $2; as\u00ed como una gran variedad de embutidos, manzanas, peras, vinos, sand\u00edas y todo tipo de vegetales.<\/p>\n\n\n\n<p>Tambi\u00e9n a combos de alimentos de 12 productos a $650 y de cinco variedad de sazones a $200; as\u00ed como a concursos con premios, m\u00fasica, animaciones, un bosque navide\u00f1o para fotos y otras amenidades.<\/p>\n\n\n\n<p>El director de la entidad, Iv\u00e1n Hern\u00e1ndez Guzm\u00e1n, agradeci\u00f3 a los dominicanos por acudir masivamente a las Ferias Navidad del Cambio con el Inespre a comprar sus alimentos para la navidad, manifestando su apoyo a los productos y servicios que ofrece la instituci\u00f3n.<\/p>\n\n\n\n<p>Hern\u00e1ndez Guzm\u00e1n destac\u00f3 el respaldo del Presidente de la Rep\u00fablica Luis Abinader para la realizaci\u00f3n de estas ferias, as\u00ed como su labor en apoyo al campo dominicano con diversas iniciativas, garantizando el abastecimiento de alimentos a la poblaci\u00f3n.<\/p>\n\n\n\n<p>\u201cHoy tenemos un pa\u00eds que est\u00e1 sembrado, que tiene una producci\u00f3n r\u00e9cord de huevos, pollos, arroz, bananos y de otros productos. Los dominicanos podemos sentarnos a la mesa y saber que tenemos nuestra comida segura, instituciones como la Organizaci\u00f3n de las Naciones Unidas para la Alimentaci\u00f3n y Agricultura (FAO) han dicho que la subalimentaci\u00f3n en la Rep\u00fablica Dominicana ha disminuido de un 8.7 por ciento a un 4.7 en solo cuatro a\u00f1os, somos el segundo pa\u00eds que lo ha logrado en el mundo entero\u201d, indic\u00f3 el funcionario.<\/p>\n\n\n\n<p>Dichas ferias concluyeron este fin de semana en el parque central de Santiago y cont\u00f3 con la participaci\u00f3n del senador de esa provincia, Daniel Rivera; el encargado regional, Randy Rodr\u00edguez; en el encargado provincial, Jos\u00e9 Nelson Billini; el subdirector de la zona, Nelson Marte y otras autoridades.<\/p>\n\n\n\n<p>Daniel Rivera inform\u00f3 que el Inespre se ha constituido en un encuentro saludable con la poblaci\u00f3n con las ventas de vegetales, frutas, prote\u00ednas y que todos esos alimentos combinados de una forma natural facilita mayor salud y longevidad.<\/p>\n\n\n\n<p>Visitantes de las ferias agradecieron a la Presidencia de la Rep\u00fablica y al Inespre por esta iniciativa e hicieron un llamado a las autoridades para que sean celebradas ventas de alimentos de esta magnitud en varias fechas del a\u00f1o.<\/p>\n\n\n\n<p>Los asistentes tambi\u00e9n tuvieron acceso gratis a transporte de la Omsa, alimentos cocidos de los Comedores Econ\u00f3micos, afiliaci\u00f3n al seguro de salud Senasa, servicios del Banco de Reservas; as\u00ed como a productos de Codopesca, Baltimore Dominicana (BALDOM), MercaSID, Industrias Banilejas (INDUBAN), Grupo Alonzo, Productos del Cerro, R. J. Rafael N\u00fa\u00f1ez, Dulces Yohanny Cornielle, Productos de Pelo Eridania, Helados Alkay, entre otros.<\/p>\n","protected":false},"excerpt":{"rendered":"<p>Los asistentes tuvieron acceso a m\u00e1s de 50 productos de calidad y a bajos costos, as\u00ed como de dos combos especiales. El director del Inespre destac\u00f3 que la subalimentaci\u00f3n en&hellip;<\/p>\n","protected":false},"author":2,"featured_media":92087,"comment_status":"open","ping_status":"open","sticky":false,"template":"","format":"standard","meta":{"content-type":"","jetpack_post_was_ever_published":false,"_jetpack_newsletter_access":"","_jetpack_dont_email_post_to_subs":false,"_jetpack_newsletter_tier_id":0,"_jetpack_memberships_contains_paywalled_content":false,"_jetpack_memberships_contains_paid_content":false,"footnotes":""},"categories":[39,25],"tags":[1146,535,8629,10010],"class_list":["post-92117","post","type-post","status-publish","format-standard","has-post-thumbnail","hentry","category-economia","category-portada","tag-feria","tag-inespre","tag-ivan-hernandez-guzman","tag-navidad-del-cambio"],"jetpack_featured_media_url":"https:\/\/lasprimeras.com.do\/wp-content\/uploads\/2024\/12\/ivan-guzman.jpg","jetpack-related-posts":[{"id":91690,"url":"https:\/\/lasprimeras.com.do\/index.php\/2024\/12\/01\/inespre-beneficia-a-mas-de-70-mil-personas-en-feria-la-navidad-del-cambio-en-azua\/","url_meta":{"origin":92117,"position":0},"title":"Inespre beneficia a m\u00e1s de 70 mil personas en Feria \u201cLa Navidad del Cambio\u201d en Azua","author":"Nelson Feliz","date":"1 de diciembre de 2024","format":false,"excerpt":"M\u00e1s de 70 mil personas de la regi\u00f3n sur del pa\u00eds fueron beneficiadas con ventas de alimentos a bajos costos a trav\u00e9s de la Feria Navidad del Cambio con el Inespre que se llev\u00f3 a cabo este fin de semana en el Polideportivo de Azua, seg\u00fan inform\u00f3 la instituci\u00f3n. Fueron\u2026","rel":"","context":"En \u00abECONOM\u00cdA\u00bb","block_context":{"text":"ECONOM\u00cdA","link":"https:\/\/lasprimeras.com.do\/index.php\/category\/economia\/"},"img":{"alt_text":"","src":"https:\/\/i0.wp.com\/lasprimeras.com.do\/wp-content\/uploads\/2024\/12\/inespre.jpg?resize=350%2C200&ssl=1","width":350,"height":200,"srcset":"https:\/\/i0.wp.com\/lasprimeras.com.do\/wp-content\/uploads\/2024\/12\/inespre.jpg?resize=350%2C200&ssl=1 1x, https:\/\/i0.wp.com\/lasprimeras.com.do\/wp-content\/uploads\/2024\/12\/inespre.jpg?resize=525%2C300&ssl=1 1.5x, https:\/\/i0.wp.com\/lasprimeras.com.do\/wp-content\/uploads\/2024\/12\/inespre.jpg?resize=700%2C400&ssl=1 2x"},"classes":[]},{"id":70274,"url":"https:\/\/lasprimeras.com.do\/index.php\/2023\/12\/10\/mas-de-65-mil-personas-beneficiadas-en-ferias-navidad-del-cambio-con-el-inespre-2023\/","url_meta":{"origin":92117,"position":1},"title":"M\u00e1s de 65 mil personas beneficiadas en ferias \u201cNavidad del Cambio con el Inespre 2023\u201d","author":"Nelson Feliz","date":"10 de diciembre de 2023","format":false,"excerpt":"M\u00e1s de 65 mil personas han sido beneficiadas con las ventas de alimentos a bajos costos en las tres primeras ferias \u201cNavidad del Cambio con el Inespre 2023\u201d, realizadas en Azua el 24 y 25 de noviembre, Los Frailes en Santo Domingo Este el 1 y 2 de diciembre y\u2026","rel":"","context":"En \u00abECONOM\u00cdA\u00bb","block_context":{"text":"ECONOM\u00cdA","link":"https:\/\/lasprimeras.com.do\/index.php\/category\/economia\/"},"img":{"alt_text":"Iv\u00e1n Hern\u00e1ndez Guzm\u00e1n","src":"https:\/\/i0.wp.com\/lasprimeras.com.do\/wp-content\/uploads\/2023\/12\/Ivan-Hernandez-Guzman-1.jpg?resize=350%2C200&ssl=1","width":350,"height":200,"srcset":"https:\/\/i0.wp.com\/lasprimeras.com.do\/wp-content\/uploads\/2023\/12\/Ivan-Hernandez-Guzman-1.jpg?resize=350%2C200&ssl=1 1x, https:\/\/i0.wp.com\/lasprimeras.com.do\/wp-content\/uploads\/2023\/12\/Ivan-Hernandez-Guzman-1.jpg?resize=525%2C300&ssl=1 1.5x, https:\/\/i0.wp.com\/lasprimeras.com.do\/wp-content\/uploads\/2023\/12\/Ivan-Hernandez-Guzman-1.jpg?resize=700%2C400&ssl=1 2x"},"classes":[]},{"id":92086,"url":"https:\/\/lasprimeras.com.do\/index.php\/2024\/12\/27\/inicia-con-exito-ferias-navidad-del-cambio-con-el-inespre-en-santiago\/","url_meta":{"origin":92117,"position":2},"title":"Inicia con \u00e9xito Ferias Navidad del Cambio con el Inespre en Santiago","author":"Nelson Feliz","date":"27 de diciembre de 2024","format":false,"excerpt":"El Instituto de Estabilizaci\u00f3n de Precios (INESPRE) inici\u00f3 con \u00e9xito la Feria Navidad del Cambio en Santiago en donde fueron ofertados m\u00e1s de 50 productos a bajos costos y dos combos especiales en Santiago. Miles de personas asistieron al primer d\u00eda del evento, cuyo acto de inicio estuvo encabezado por\u2026","rel":"","context":"En \u00abECONOM\u00cdA\u00bb","block_context":{"text":"ECONOM\u00cdA","link":"https:\/\/lasprimeras.com.do\/index.php\/category\/economia\/"},"img":{"alt_text":"","src":"https:\/\/i0.wp.com\/lasprimeras.com.do\/wp-content\/uploads\/2024\/12\/ivan-guzman.jpg?resize=350%2C200&ssl=1","width":350,"height":200,"srcset":"https:\/\/i0.wp.com\/lasprimeras.com.do\/wp-content\/uploads\/2024\/12\/ivan-guzman.jpg?resize=350%2C200&ssl=1 1x, https:\/\/i0.wp.com\/lasprimeras.com.do\/wp-content\/uploads\/2024\/12\/ivan-guzman.jpg?resize=525%2C300&ssl=1 1.5x, https:\/\/i0.wp.com\/lasprimeras.com.do\/wp-content\/uploads\/2024\/12\/ivan-guzman.jpg?resize=700%2C400&ssl=1 2x"},"classes":[]},{"id":91967,"url":"https:\/\/lasprimeras.com.do\/index.php\/2024\/12\/08\/mas-82-mil-personas-aprovechan-ofertas-en-feria-navidad-del-cambio-en-san-cristobal\/","url_meta":{"origin":92117,"position":3},"title":"M\u00e1s 82 mil personas aprovechan ofertas en Feria Navidad del Cambio en San Crist\u00f3bal","author":"Nelson Feliz","date":"8 de diciembre de 2024","format":false,"excerpt":"M\u00e1s de 50 variedad de productos y dos combos especiales fueron vendidos en la feria \u201cNavidad del Cambio con el Inespre 2024\u201d, realizada este fin de semana en el Estadio Tem\u00edstocles Metz de San Crist\u00f3bal por disposici\u00f3n de la Presidencia de la Rep\u00fablica. Las ventas fueron supervisadas por el director\u2026","rel":"","context":"En \u00abECONOM\u00cdA\u00bb","block_context":{"text":"ECONOM\u00cdA","link":"https:\/\/lasprimeras.com.do\/index.php\/category\/economia\/"},"img":{"alt_text":"","src":"https:\/\/i0.wp.com\/lasprimeras.com.do\/wp-content\/uploads\/2024\/12\/INESPRE-1.jpg?resize=350%2C200&ssl=1","width":350,"height":200,"srcset":"https:\/\/i0.wp.com\/lasprimeras.com.do\/wp-content\/uploads\/2024\/12\/INESPRE-1.jpg?resize=350%2C200&ssl=1 1x, https:\/\/i0.wp.com\/lasprimeras.com.do\/wp-content\/uploads\/2024\/12\/INESPRE-1.jpg?resize=525%2C300&ssl=1 1.5x, https:\/\/i0.wp.com\/lasprimeras.com.do\/wp-content\/uploads\/2024\/12\/INESPRE-1.jpg?resize=700%2C400&ssl=1 2x"},"classes":[]},{"id":69242,"url":"https:\/\/lasprimeras.com.do\/index.php\/2023\/11\/30\/inespre-inicia-navidad-del-cambio-con-seis-grandes-ferias\/","url_meta":{"origin":92117,"position":4},"title":"Inespre inicia \u201cNavidad del Cambio\u201d con seis grandes ferias","author":"Nelson Feliz","date":"30 de noviembre de 2023","format":false,"excerpt":"El Instituto de Estabilizaci\u00f3n de Precios (INESPRE) inici\u00f3 formalmente \u201cLa Navidad del Cambio\u201d, con seis grandes ferias que se realizar\u00e1n todos los fines de semana de diciembre en distintos puntos del pa\u00eds, como parte del programa de la Brisita Navide\u00f1a que desarrolla la Presidencia de la Rep\u00fablica. En estos eventos\u2026","rel":"","context":"En \u00abECONOM\u00cdA\u00bb","block_context":{"text":"ECONOM\u00cdA","link":"https:\/\/lasprimeras.com.do\/index.php\/category\/economia\/"},"img":{"alt_text":"INESPRE","src":"https:\/\/i0.wp.com\/lasprimeras.com.do\/wp-content\/uploads\/2023\/11\/INESPRE-1.jpg?resize=350%2C200&ssl=1","width":350,"height":200,"srcset":"https:\/\/i0.wp.com\/lasprimeras.com.do\/wp-content\/uploads\/2023\/11\/INESPRE-1.jpg?resize=350%2C200&ssl=1 1x, https:\/\/i0.wp.com\/lasprimeras.com.do\/wp-content\/uploads\/2023\/11\/INESPRE-1.jpg?resize=525%2C300&ssl=1 1.5x, https:\/\/i0.wp.com\/lasprimeras.com.do\/wp-content\/uploads\/2023\/11\/INESPRE-1.jpg?resize=700%2C400&ssl=1 2x"},"classes":[]},{"id":72939,"url":"https:\/\/lasprimeras.com.do\/index.php\/2024\/01\/04\/inespre-beneficia-mas-de-39-millones-de-visitantes-en-tres-anos-y-medio-de-gestion\/","url_meta":{"origin":92117,"position":5},"title":"Inespre beneficia m\u00e1s de 39 millones de visitantes en tres a\u00f1os y medio de gesti\u00f3n","author":"Nelson Feliz","date":"4 de enero de 2024","format":false,"excerpt":"M\u00e1s de 140 mil personas aprovecharon las ofertas en las ferias \u201cNavidad del Cambio con el Inespre 2023\u201d El Instituto de Estabilizaci\u00f3n de Precios (Inespre) ha impactado m\u00e1s de 39 millones de visitantes a nivel nacional con las ventas de alimentos a bajos costos a trav\u00e9s de los programas de\u2026","rel":"","context":"En \u00abECONOM\u00cdA\u00bb","block_context":{"text":"ECONOM\u00cdA","link":"https:\/\/lasprimeras.com.do\/index.php\/category\/economia\/"},"img":{"alt_text":"Iv\u00e1n Hern\u00e1ndez Guzm\u00e1n","src":"https:\/\/i0.wp.com\/lasprimeras.com.do\/wp-content\/uploads\/2023\/09\/Ivan-Hernandez-Guzman-1.jpg?resize=350%2C200&ssl=1","width":350,"height":200,"srcset":"https:\/\/i0.wp.com\/lasprimeras.com.do\/wp-content\/uploads\/2023\/09\/Ivan-Hernandez-Guzman-1.jpg?resize=350%2C200&ssl=1 1x, https:\/\/i0.wp.com\/lasprimeras.com.do\/wp-content\/uploads\/2023\/09\/Ivan-Hernandez-Guzman-1.jpg?resize=525%2C300&ssl=1 1.5x, https:\/\/i0.wp.com\/lasprimeras.com.do\/wp-content\/uploads\/2023\/09\/Ivan-Hernandez-Guzman-1.jpg?resize=700%2C400&ssl=1 2x"},"classes":[]}],"jetpack_sharing_enabled":true,"_links":{"self":[{"href":"https:\/\/lasprimeras.com.do\/index.php\/wp-json\/wp\/v2\/posts\/92117","targetHints":{"allow":["GET"]}}],"collection":[{"href":"https:\/\/lasprimeras.com.do\/index.php\/wp-json\/wp\/v2\/posts"}],"about":[{"href":"https:\/\/lasprimeras.com.do\/index.php\/wp-json\/wp\/v2\/types\/post"}],"author":[{"embeddable":true,"href":"https:\/\/lasprimeras.com.do\/index.php\/wp-json\/wp\/v2\/users\/2"}],"replies":[{"embeddable":true,"href":"https:\/\/lasprimeras.com.do\/index.php\/wp-json\/wp\/v2\/comments?post=92117"}],"version-history":[{"count":1,"href":"https:\/\/lasprimeras.com.do\/index.php\/wp-json\/wp\/v2\/posts\/92117\/revisions"}],"predecessor-version":[{"id":92118,"href":"https:\/\/lasprimeras.com.do\/index.php\/wp-json\/wp\/v2\/posts\/92117\/revisions\/92118"}],"wp:featuredmedia":[{"embeddable":true,"href":"https:\/\/lasprimeras.com.do\/index.php\/wp-json\/wp\/v2\/media\/92087"}],"wp:attachment":[{"href":"https:\/\/lasprimeras.com.do\/index.php\/wp-json\/wp\/v2\/media?parent=92117"}],"wp:term":[{"taxonomy":"category","embeddable":true,"href":"https:\/\/lasprimeras.com.do\/index.php\/wp-json\/wp\/v2\/categories?post=92117"},{"taxonomy":"post_tag","embeddable":true,"href":"https:\/\/lasprimeras.com.do\/index.php\/wp-json\/wp\/v2\/tags?post=92117"}],"curies":[{"name":"wp","href":"https:\/\/api.w.org\/{rel}","templated":true}]}}