{"id":92119,"date":"2024-12-29T11:49:30","date_gmt":"2024-12-29T15:49:30","guid":{"rendered":"https:\/\/lasprimeras.com.do\/?p=92119"},"modified":"2024-12-29T11:49:31","modified_gmt":"2024-12-29T15:49:31","slug":"yovany-moya-ofrece-almuerzo-navideno-a-regidores-y-colaboradores","status":"publish","type":"post","link":"https:\/\/lasprimeras.com.do\/index.php\/2024\/12\/29\/yovany-moya-ofrece-almuerzo-navideno-a-regidores-y-colaboradores\/","title":{"rendered":"Yovany Moya ofrece almuerzo navide\u00f1o a regidores y colaboradores"},"content":{"rendered":"\n<p><strong>La armon\u00eda y familiaridad marcaron el escenario del almuerzo realizado en el Rancho Moya.<\/strong><\/p>\n\n\n\n<p>El esp\u00edritu de uni\u00f3n y camarader\u00eda prevaleci\u00f3 en el almuerzo navide\u00f1o organizado por el presidente del Concejo de Regidores del Ayuntamiento del Distrito Nacional, Yovany Moya, donde concejales y colaboradores compartieron una jornada llena de amor y paz.<\/p>\n\n\n\n<p>Este encuentro no solo celebr\u00f3 la \u00e9poca m\u00e1s especial del a\u00f1o, sino que tambi\u00e9n reafirm\u00f3 los lazos que fortalecen el trabajo conjunto en beneficio de la comunidad.<\/p>\n\n\n\n<p>En un ambiente cargado de alegr\u00eda y esp\u00edritu festivo, Moya destac\u00f3 la importancia de la armon\u00eda y la colaboraci\u00f3n como pilares fundamentales para avanzar en proyectos que impacten positivamente a los ciudadanos.<\/p>\n\n\n\n<p>En sus palabras de agradecimiento hacia los regidores y colaboradores reflej\u00f3 el compromiso de trabajar unidos para enfrentar los retos y aprovechar las oportunidades que trae el futuro.<\/p>\n\n\n\n<p>La celebraci\u00f3n no solo fue un espacio para el intercambio de buenos deseos, sino tambi\u00e9n una oportunidad para renovar energ\u00edas y recordar que, con unidad y esfuerzo colectivo, se pueden alcanzar grandes logros.<\/p>\n\n\n\n<p>Este gesto simboliza el valor del equipo y el prop\u00f3sito compartido de construir un Distrito Nacional m\u00e1s fuerte y solidario.<\/p>\n","protected":false},"excerpt":{"rendered":"<p>La armon\u00eda y familiaridad marcaron el escenario del almuerzo realizado en el Rancho Moya. El esp\u00edritu de uni\u00f3n y camarader\u00eda prevaleci\u00f3 en el almuerzo navide\u00f1o organizado por el presidente del&hellip;<\/p>\n","protected":false},"author":2,"featured_media":92120,"comment_status":"open","ping_status":"open","sticky":false,"template":"","format":"standard","meta":{"content-type":"","jetpack_post_was_ever_published":false,"_jetpack_newsletter_access":"","_jetpack_dont_email_post_to_subs":false,"_jetpack_newsletter_tier_id":0,"_jetpack_memberships_contains_paywalled_content":false,"_jetpack_memberships_contains_paid_content":false,"footnotes":""},"categories":[35],"tags":[16694,3092,271,3089],"class_list":["post-92119","post","type-post","status-publish","format-standard","has-post-thumbnail","hentry","category-nacionales","tag-almuerzo-navideno","tag-colaboradores","tag-regidores","tag-yovany-moya"],"jetpack_featured_media_url":"https:\/\/lasprimeras.com.do\/wp-content\/uploads\/2024\/12\/dos-1.jpg","jetpack-related-posts":[{"id":104956,"url":"https:\/\/lasprimeras.com.do\/index.php\/2025\/07\/29\/yovany-moya-representa-al-dn-en-la-xxiv-cumbre-latinoamericana-celebrada-en-ny\/","url_meta":{"origin":92119,"position":0},"title":"Yovany Moya representa al DN en la XXIV Cumbre Latinoamericana celebrada en NY","author":"Nelson Feliz","date":"29 de julio de 2025","format":false,"excerpt":"Nueva York, EE.UU. \u2013 El presidente del Concejo de Regidores del Distrito Nacional, Yovany Moya Mej\u00eda, particip\u00f3 en la XXIV Cumbre Latinoamericana de Liderazgo, Estrategia y Comunicaci\u00f3n Pol\u00edtica, celebrada en esta ciudad del 25 al 27 de julio, consolidando as\u00ed su compromiso con la proyecci\u00f3n internacional del liderazgo municipal dominicano.\u2026","rel":"","context":"En \u00abPOLITICA\u00bb","block_context":{"text":"POLITICA","link":"https:\/\/lasprimeras.com.do\/index.php\/category\/politica\/"},"img":{"alt_text":"","src":"https:\/\/i0.wp.com\/lasprimeras.com.do\/wp-content\/uploads\/2025\/07\/Yovany-Moya.jpg?resize=350%2C200&ssl=1","width":350,"height":200,"srcset":"https:\/\/i0.wp.com\/lasprimeras.com.do\/wp-content\/uploads\/2025\/07\/Yovany-Moya.jpg?resize=350%2C200&ssl=1 1x, https:\/\/i0.wp.com\/lasprimeras.com.do\/wp-content\/uploads\/2025\/07\/Yovany-Moya.jpg?resize=525%2C300&ssl=1 1.5x, https:\/\/i0.wp.com\/lasprimeras.com.do\/wp-content\/uploads\/2025\/07\/Yovany-Moya.jpg?resize=700%2C400&ssl=1 2x"},"classes":[]},{"id":97680,"url":"https:\/\/lasprimeras.com.do\/index.php\/2025\/04\/24\/regidores-adn-reeligen-a-yovany-moya-como-presidente-del-concejo\/","url_meta":{"origin":92119,"position":1},"title":"Regidores ADN reeligen a Yovany Moya como presidente del Concejo","author":"Nelson Feliz","date":"24 de abril de 2025","format":false,"excerpt":"Los regidores del Distrito Nacional reeligieron este jueves a Yovany Moya como presidente del Concejo, quien de inmediato anunci\u00f3 la revisi\u00f3n del reglamento interno que data de 1963. Moya fue escogido por votaci\u00f3n un\u00e1nime del pleno, tras conocer la propuesta presentada por la regidora Leonor Lantigua (PRM). En su nuevo\u2026","rel":"","context":"En \u00abPOLITICA\u00bb","block_context":{"text":"POLITICA","link":"https:\/\/lasprimeras.com.do\/index.php\/category\/politica\/"},"img":{"alt_text":"Yovany Moya","src":"https:\/\/i0.wp.com\/lasprimeras.com.do\/wp-content\/uploads\/2025\/04\/Yovany-Moya.jpg?resize=350%2C200&ssl=1","width":350,"height":200,"srcset":"https:\/\/i0.wp.com\/lasprimeras.com.do\/wp-content\/uploads\/2025\/04\/Yovany-Moya.jpg?resize=350%2C200&ssl=1 1x, https:\/\/i0.wp.com\/lasprimeras.com.do\/wp-content\/uploads\/2025\/04\/Yovany-Moya.jpg?resize=525%2C300&ssl=1 1.5x, https:\/\/i0.wp.com\/lasprimeras.com.do\/wp-content\/uploads\/2025\/04\/Yovany-Moya.jpg?resize=700%2C400&ssl=1 2x"},"classes":[]},{"id":128148,"url":"https:\/\/lasprimeras.com.do\/index.php\/2026\/04\/20\/concejo-de-regidores-dn-impulsa-participacion-juvenil-con-programa-regidor-por-un-dia\/","url_meta":{"origin":92119,"position":2},"title":"Concejo de Regidores DN impulsa participaci\u00f3n juvenil con programa \u201cRegidor por un D\u00eda\u201d","author":"Nelson Feliz","date":"20 de abril de 2026","format":false,"excerpt":"Estudiantes de ISFODOSU participan en el programa guiado por el regidor Yovany Moya, presidente del Concejo El Concejo de Regidores del Ayuntamiento del Distrito Nacional recibi\u00f3 a estudiantes del Instituto Superior de Formaci\u00f3n Docente Salom\u00e9 Ure\u00f1a (ISFODOSU), quienes participaron en el programa \u201cRegidor por un D\u00eda\u201d, una iniciativa orientada a\u2026","rel":"","context":"En \u00abNACIONALES\u00bb","block_context":{"text":"NACIONALES","link":"https:\/\/lasprimeras.com.do\/index.php\/category\/nacionales\/"},"img":{"alt_text":"","src":"https:\/\/i0.wp.com\/lasprimeras.com.do\/wp-content\/uploads\/2026\/04\/IMG-20260420-WA0186.jpg?resize=350%2C200&ssl=1","width":350,"height":200,"srcset":"https:\/\/i0.wp.com\/lasprimeras.com.do\/wp-content\/uploads\/2026\/04\/IMG-20260420-WA0186.jpg?resize=350%2C200&ssl=1 1x, https:\/\/i0.wp.com\/lasprimeras.com.do\/wp-content\/uploads\/2026\/04\/IMG-20260420-WA0186.jpg?resize=525%2C300&ssl=1 1.5x, https:\/\/i0.wp.com\/lasprimeras.com.do\/wp-content\/uploads\/2026\/04\/IMG-20260420-WA0186.jpg?resize=700%2C400&ssl=1 2x, https:\/\/i0.wp.com\/lasprimeras.com.do\/wp-content\/uploads\/2026\/04\/IMG-20260420-WA0186.jpg?resize=1050%2C600&ssl=1 3x, https:\/\/i0.wp.com\/lasprimeras.com.do\/wp-content\/uploads\/2026\/04\/IMG-20260420-WA0186.jpg?resize=1400%2C800&ssl=1 4x"},"classes":[]},{"id":87075,"url":"https:\/\/lasprimeras.com.do\/index.php\/2024\/08\/07\/adn-invita-regidores-unirse-a-jornada-plasticos-por-escolares\/","url_meta":{"origin":92119,"position":3},"title":"ADN invita regidores unirse a jornada pl\u00e1sticos por escolares","author":"Nelson Feliz","date":"7 de agosto de 2024","format":false,"excerpt":"Yovany Moya salud\u00f3 la iniciativa de la alcaldesa Carolina Mej\u00eda a celebrarse este domingo 11, y dijo que con la misma se ayuda al saneamiento de la ciudad. El presidente del Concejo Municipal del Ayuntamiento del Distrito Nacional, Yovany Moya, invit\u00f3 a los regidores a unirse a la jornada de\u2026","rel":"","context":"En \u00abNACIONALES\u00bb","block_context":{"text":"NACIONALES","link":"https:\/\/lasprimeras.com.do\/index.php\/category\/nacionales\/"},"img":{"alt_text":"Yovany Moya","src":"https:\/\/i0.wp.com\/lasprimeras.com.do\/wp-content\/uploads\/2024\/08\/Yovany-Moya.jpg?resize=350%2C200&ssl=1","width":350,"height":200,"srcset":"https:\/\/i0.wp.com\/lasprimeras.com.do\/wp-content\/uploads\/2024\/08\/Yovany-Moya.jpg?resize=350%2C200&ssl=1 1x, https:\/\/i0.wp.com\/lasprimeras.com.do\/wp-content\/uploads\/2024\/08\/Yovany-Moya.jpg?resize=525%2C300&ssl=1 1.5x"},"classes":[]},{"id":89277,"url":"https:\/\/lasprimeras.com.do\/index.php\/2024\/09\/20\/presidente-regidores-dn-invita-capitalenos-a-participar-en-semana-del-bienestar\/","url_meta":{"origin":92119,"position":4},"title":"Presidente regidores DN invita capitale\u00f1os a participar en semana del bienestar","author":"Nelson Feliz","date":"20 de septiembre de 2024","format":false,"excerpt":"El presidente del Concejo de Regidores del Ayuntamiento del Distrito Nacional, Yovany Moya, invit\u00f3 a los regidores y la poblaci\u00f3n en general, a participar de la Semana del Bienestar Mundial que se celebrar\u00e1 desde este viernes 20 al domingo 22 de septiembre con actividades recreativas en m\u00e1s de 180 parques\u2026","rel":"","context":"En \u00abNACIONALES\u00bb","block_context":{"text":"NACIONALES","link":"https:\/\/lasprimeras.com.do\/index.php\/category\/nacionales\/"},"img":{"alt_text":"Yovany Moya","src":"https:\/\/i0.wp.com\/lasprimeras.com.do\/wp-content\/uploads\/2024\/09\/Yovany-Moya.jpg?resize=350%2C200&ssl=1","width":350,"height":200,"srcset":"https:\/\/i0.wp.com\/lasprimeras.com.do\/wp-content\/uploads\/2024\/09\/Yovany-Moya.jpg?resize=350%2C200&ssl=1 1x, https:\/\/i0.wp.com\/lasprimeras.com.do\/wp-content\/uploads\/2024\/09\/Yovany-Moya.jpg?resize=525%2C300&ssl=1 1.5x"},"classes":[]},{"id":96718,"url":"https:\/\/lasprimeras.com.do\/index.php\/2025\/04\/06\/regidor-moya-destaca-trabajo-adn-en-mejora-accesibilidad-en-cumbre-sobre-discapacidad\/","url_meta":{"origin":92119,"position":5},"title":"Regidor Moya destaca trabajo ADN en mejora accesibilidad en Cumbre sobre Discapacidad","author":"Nelson Feliz","date":"6 de abril de 2025","format":false,"excerpt":"El presidente del Concejo de Regidores del Ayuntamiento del Distrito Nacional, Yovany Moya, destac\u00f3 en la Cumbre Mundial sobre Discapacidad, celebrada en Berl\u00edn, Alemania, los d\u00edas 2 y 3 de abril, que la Alcald\u00eda promueve programas de accesibilidad en todos los espacios p\u00fablicos y privados. Hizo la afirmaci\u00f3n al exponer,\u2026","rel":"","context":"En \u00abNACIONALES\u00bb","block_context":{"text":"NACIONALES","link":"https:\/\/lasprimeras.com.do\/index.php\/category\/nacionales\/"},"img":{"alt_text":"","src":"https:\/\/i0.wp.com\/lasprimeras.com.do\/wp-content\/uploads\/2025\/04\/regidor.jpg?resize=350%2C200&ssl=1","width":350,"height":200,"srcset":"https:\/\/i0.wp.com\/lasprimeras.com.do\/wp-content\/uploads\/2025\/04\/regidor.jpg?resize=350%2C200&ssl=1 1x, https:\/\/i0.wp.com\/lasprimeras.com.do\/wp-content\/uploads\/2025\/04\/regidor.jpg?resize=525%2C300&ssl=1 1.5x, https:\/\/i0.wp.com\/lasprimeras.com.do\/wp-content\/uploads\/2025\/04\/regidor.jpg?resize=700%2C400&ssl=1 2x"},"classes":[]}],"jetpack_sharing_enabled":true,"_links":{"self":[{"href":"https:\/\/lasprimeras.com.do\/index.php\/wp-json\/wp\/v2\/posts\/92119","targetHints":{"allow":["GET"]}}],"collection":[{"href":"https:\/\/lasprimeras.com.do\/index.php\/wp-json\/wp\/v2\/posts"}],"about":[{"href":"https:\/\/lasprimeras.com.do\/index.php\/wp-json\/wp\/v2\/types\/post"}],"author":[{"embeddable":true,"href":"https:\/\/lasprimeras.com.do\/index.php\/wp-json\/wp\/v2\/users\/2"}],"replies":[{"embeddable":true,"href":"https:\/\/lasprimeras.com.do\/index.php\/wp-json\/wp\/v2\/comments?post=92119"}],"version-history":[{"count":1,"href":"https:\/\/lasprimeras.com.do\/index.php\/wp-json\/wp\/v2\/posts\/92119\/revisions"}],"predecessor-version":[{"id":92121,"href":"https:\/\/lasprimeras.com.do\/index.php\/wp-json\/wp\/v2\/posts\/92119\/revisions\/92121"}],"wp:featuredmedia":[{"embeddable":true,"href":"https:\/\/lasprimeras.com.do\/index.php\/wp-json\/wp\/v2\/media\/92120"}],"wp:attachment":[{"href":"https:\/\/lasprimeras.com.do\/index.php\/wp-json\/wp\/v2\/media?parent=92119"}],"wp:term":[{"taxonomy":"category","embeddable":true,"href":"https:\/\/lasprimeras.com.do\/index.php\/wp-json\/wp\/v2\/categories?post=92119"},{"taxonomy":"post_tag","embeddable":true,"href":"https:\/\/lasprimeras.com.do\/index.php\/wp-json\/wp\/v2\/tags?post=92119"}],"curies":[{"name":"wp","href":"https:\/\/api.w.org\/{rel}","templated":true}]}}