{"id":92125,"date":"2024-12-29T22:16:30","date_gmt":"2024-12-30T02:16:30","guid":{"rendered":"https:\/\/lasprimeras.com.do\/?p=92125"},"modified":"2024-12-29T22:16:32","modified_gmt":"2024-12-30T02:16:32","slug":"ariel-henry-seguira-su-futuro-incierto-en-puerto-rico","status":"publish","type":"post","link":"https:\/\/lasprimeras.com.do\/index.php\/2024\/12\/29\/ariel-henry-seguira-su-futuro-incierto-en-puerto-rico\/","title":{"rendered":"Ariel Henry seguir\u00e1 su futuro incierto en Puerto Rico"},"content":{"rendered":"\n<p>San Juan,PL.- El futuro del primer ministro de Hait\u00ed, Ariel Henry, es hoy incierto luego de que en la v\u00edspera el avi\u00f3n que lo transportaba desde Estados Unidos hacia Puerto Pr\u00edncipe terminara aterrizando en Puerto Rico.<\/p>\n\n\n\n<p>Contrario a informes en el sentido de que Henry se propon\u00eda solicitar asilo pol\u00edtico en esta naci\u00f3n del Caribe, bajo la dominaci\u00f3n colonial de Estados Unidos, el secretario de Estado isle\u00f1o, Omar J. Marrero, neg\u00f3 que se estuviera tramitando tal solicitud.<\/p>\n\n\n\n<p>Reconoci\u00f3, no obstante, que ese es un tr\u00e1mite que atender\u00edan las autoridades federales, que en la actualidad brindan protecci\u00f3n al primer ministro haitiano desde que poco despu\u00e9s de las 18:00, hora local; del martes el avi\u00f3n que lo llevaba a Puerto Pr\u00edncipe termin\u00f3 desviado hacia el aeropuerto internacional de Isla Verde, en Carolina, contiguo a San Juan.<\/p>\n\n\n\n<p>Medios puertorrique\u00f1os se han hecho eco de informes period\u00edsticos de la Florida en el sentido de que el gobierno estadounidense le propuso a Henry renunciar al cargo.<\/p>\n\n\n\n<p>NO SE LE PERMITI\u00d3 ENTRAR A REP\u00daBLICA DOMINICANA<\/p>\n\n\n\n<p>El funcionario haitiano viajaba desde Nueva Jersey hacia Puerto Pr\u00edncipe, donde no se le permiti\u00f3 a aterrizar, tampoco en la Rep\u00fablica Dominicana por carecer de un plan de vuelo definido, por lo que termin\u00f3 en Puerto Rico.<\/p>\n\n\n\n<p>Portavoces de la comunidad haitiana en San Juan han manifestado sus deseos de que Henry abandone lo antes posible la capital puertorrique\u00f1a.<\/p>\n\n\n\n<p>rgh\/nrm<\/p>\n\n\n\n<p>PL-182<\/p>\n","protected":false},"excerpt":{"rendered":"<p>San Juan,PL.- El futuro del primer ministro de Hait\u00ed, Ariel Henry, es hoy incierto luego de que en la v\u00edspera el avi\u00f3n que lo transportaba desde Estados Unidos hacia Puerto&hellip;<\/p>\n","protected":false},"author":2,"featured_media":92126,"comment_status":"open","ping_status":"open","sticky":false,"template":"","format":"standard","meta":{"content-type":"","jetpack_post_was_ever_published":false,"_jetpack_newsletter_access":"","_jetpack_dont_email_post_to_subs":false,"_jetpack_newsletter_tier_id":0,"_jetpack_memberships_contains_paywalled_content":false,"_jetpack_memberships_contains_paid_content":false,"footnotes":""},"categories":[16289],"tags":[2422,4718,16696,1078],"class_list":["post-92125","post","type-post","status-publish","format-standard","has-post-thumbnail","hentry","category-internacionales","tag-ariel-henry","tag-futuro","tag-incierto","tag-puerto-rico"],"jetpack_featured_media_url":"https:\/\/lasprimeras.com.do\/wp-content\/uploads\/2024\/12\/Ariel-Henry.jpg","jetpack-related-posts":[{"id":60607,"url":"https:\/\/lasprimeras.com.do\/index.php\/2023\/09\/16\/este-domingo-marchan-en-haiti-para-exigir-renuncia-de-ariel-henry\/","url_meta":{"origin":92125,"position":0},"title":"Este domingo marchan en Hait\u00ed para exigir renuncia de Ariel Henry","author":"Nelson Feliz","date":"16 de septiembre de 2023","format":false,"excerpt":"Seg\u00fan explic\u00f3, se quiere que Henry renuncie para \u201ccrear un clima propicio para una resoluci\u00f3n de la crisis\u201d. Una marcha contra la inseguridad en Hait\u00ed, adem\u00e1s de exigir la salida del poder de Ariel Henry, se realizar\u00e1 este domingo 17 de septiembre en el \u00e1rea metropolitana de Puerto Pr\u00edncipe, as\u00ed\u2026","rel":"","context":"En \u00abSin categor\u00eda\u00bb","block_context":{"text":"Sin categor\u00eda","link":"https:\/\/lasprimeras.com.do\/index.php\/category\/sin-categoria\/"},"img":{"alt_text":"Un hombre sostiene un letrero con el mensaje \u201cLa gente no te quiere Ariel\u201d, durante una protesta por la renuncia de Ariel Henry, en Puerto Pr\u00edncipe.(AP FOTO\/ODELYN JOSEPH)","src":"https:\/\/i0.wp.com\/lasprimeras.com.do\/wp-content\/uploads\/2023\/09\/Ariel-Henry-1.jpeg?resize=350%2C200&ssl=1","width":350,"height":200,"srcset":"https:\/\/i0.wp.com\/lasprimeras.com.do\/wp-content\/uploads\/2023\/09\/Ariel-Henry-1.jpeg?resize=350%2C200&ssl=1 1x, https:\/\/i0.wp.com\/lasprimeras.com.do\/wp-content\/uploads\/2023\/09\/Ariel-Henry-1.jpeg?resize=525%2C300&ssl=1 1.5x, https:\/\/i0.wp.com\/lasprimeras.com.do\/wp-content\/uploads\/2023\/09\/Ariel-Henry-1.jpeg?resize=700%2C400&ssl=1 2x"},"classes":[]},{"id":61461,"url":"https:\/\/lasprimeras.com.do\/index.php\/2023\/09\/27\/ariel-henry-mantiene-comunicacion-con-la-rd-pese-al-cierre-de-la-frontera\/","url_meta":{"origin":92125,"position":1},"title":"Ariel Henry mantiene comunicaci\u00f3n con la RD pese al cierre de la frontera","author":"Nelson Feliz","date":"27 de septiembre de 2023","format":false,"excerpt":"PUERTO PRINCIPE.- El primer ministro haitiano, Ariel Henry, asegur\u00f3 que mantiene comunicaci\u00f3n constante con la Rep\u00fablica Dominicana pese al cierre de la frontera. \"Tenemos canales de comunicaci\u00f3n constante con Rep\u00fablica Dominicana, digo constante\", declar\u00f3 cuando se le pregunt\u00f3 el porqu\u00e9 de la ausencia de reuniones bilaterales entre Hait\u00ed y Rep\u00fablica\u2026","rel":"","context":"En \u00abSin categor\u00eda\u00bb","block_context":{"text":"Sin categor\u00eda","link":"https:\/\/lasprimeras.com.do\/index.php\/category\/sin-categoria\/"},"img":{"alt_text":"Ariel Henry","src":"https:\/\/i0.wp.com\/lasprimeras.com.do\/wp-content\/uploads\/2023\/09\/Ariel-Henry.jpeg?resize=350%2C200&ssl=1","width":350,"height":200,"srcset":"https:\/\/i0.wp.com\/lasprimeras.com.do\/wp-content\/uploads\/2023\/09\/Ariel-Henry.jpeg?resize=350%2C200&ssl=1 1x, https:\/\/i0.wp.com\/lasprimeras.com.do\/wp-content\/uploads\/2023\/09\/Ariel-Henry.jpeg?resize=525%2C300&ssl=1 1.5x, https:\/\/i0.wp.com\/lasprimeras.com.do\/wp-content\/uploads\/2023\/09\/Ariel-Henry.jpeg?resize=700%2C400&ssl=1 2x"},"classes":[]},{"id":76098,"url":"https:\/\/lasprimeras.com.do\/index.php\/2024\/02\/07\/haiti-arde-con-la-llegada-de-guy-philippe-a-puerto-principe\/","url_meta":{"origin":92125,"position":2},"title":"Hait\u00ed arde con la llegada de Guy Philippe a Puerto Pr\u00edncipe","author":"Nelson Feliz","date":"7 de febrero de 2024","format":false,"excerpt":"El exconvicto llam\u00f3 a la gente a tirarse a las calles para pedir la renuncia de Henry. Se esperan manifestaciones violentas este 7 de febrero, fecha hist\u00f3rica para los haitianos PUERTO PR\u00cdNCIPE, Hait\u00ed, AP, EFE- Un exl\u00edder rebelde hizo una visita sorpresa a la capital de Hait\u00ed el martes en\u2026","rel":"","context":"En \u00abSin categor\u00eda\u00bb","block_context":{"text":"Sin categor\u00eda","link":"https:\/\/lasprimeras.com.do\/index.php\/category\/sin-categoria\/"},"img":{"alt_text":"Personas se manifiestan hoy, en las calles de Puerto Pr\u00edncipe","src":"https:\/\/i0.wp.com\/lasprimeras.com.do\/wp-content\/uploads\/2024\/02\/Personas-se-manifiestan-hoy-en-las-calles-de-Puerto-Principe-1.jpg?resize=350%2C200&ssl=1","width":350,"height":200,"srcset":"https:\/\/i0.wp.com\/lasprimeras.com.do\/wp-content\/uploads\/2024\/02\/Personas-se-manifiestan-hoy-en-las-calles-de-Puerto-Principe-1.jpg?resize=350%2C200&ssl=1 1x, https:\/\/i0.wp.com\/lasprimeras.com.do\/wp-content\/uploads\/2024\/02\/Personas-se-manifiestan-hoy-en-las-calles-de-Puerto-Principe-1.jpg?resize=525%2C300&ssl=1 1.5x, https:\/\/i0.wp.com\/lasprimeras.com.do\/wp-content\/uploads\/2024\/02\/Personas-se-manifiestan-hoy-en-las-calles-de-Puerto-Principe-1.jpg?resize=700%2C400&ssl=1 2x"},"classes":[]},{"id":61161,"url":"https:\/\/lasprimeras.com.do\/index.php\/2023\/09\/22\/primer-ministro-de-haiti-solicita-con-urgencia-el-envio-de-una-fuerza-multinacional\/","url_meta":{"origin":92125,"position":3},"title":"Primer ministro de Hait\u00ed solicita con &#8220;urgencia&#8221; el env\u00edo de una fuerza multinacional","author":"Nelson Feliz","date":"22 de septiembre de 2023","format":false,"excerpt":"En la Asamblea General de la ONU, Ariel Henry enumer\u00f3 los cr\u00edmenes de las bandas y la cadena de desgracias que ha padecido esa naci\u00f3n. El primer ministro de Hait\u00ed, Ariel Henry, reiter\u00f3 este viernes a la Asamblea General de las Naciones Unidas, el apoyo inmediato de la fuerza multinacional\u2026","rel":"","context":"En \u00abSin categor\u00eda\u00bb","block_context":{"text":"Sin categor\u00eda","link":"https:\/\/lasprimeras.com.do\/index.php\/category\/sin-categoria\/"},"img":{"alt_text":"Ariel Henry cit\u00f3 la cadena de desgracia que padece esa naci\u00f3n desde hace varios a\u00f1os.","src":"https:\/\/i0.wp.com\/lasprimeras.com.do\/wp-content\/uploads\/2023\/09\/Ariel-Henry-1.jpg?resize=350%2C200&ssl=1","width":350,"height":200,"srcset":"https:\/\/i0.wp.com\/lasprimeras.com.do\/wp-content\/uploads\/2023\/09\/Ariel-Henry-1.jpg?resize=350%2C200&ssl=1 1x, https:\/\/i0.wp.com\/lasprimeras.com.do\/wp-content\/uploads\/2023\/09\/Ariel-Henry-1.jpg?resize=525%2C300&ssl=1 1.5x, https:\/\/i0.wp.com\/lasprimeras.com.do\/wp-content\/uploads\/2023\/09\/Ariel-Henry-1.jpg?resize=700%2C400&ssl=1 2x"},"classes":[]},{"id":60764,"url":"https:\/\/lasprimeras.com.do\/index.php\/2023\/09\/18\/henry-pedira-onu-fuerte-apoyo-para-recuperar-seguridad-en-haiti\/","url_meta":{"origin":92125,"position":4},"title":"Henry pedir\u00e1 ONU fuerte apoyo para recuperar seguridad en Hait\u00ed","author":"Nelson Feliz","date":"18 de septiembre de 2023","format":false,"excerpt":"El primer ministro de Hait\u00ed, Ariel Henry, reiterar\u00e1 la pr\u00f3xima semana ante la Asamblea General de Naciones Unidas su petici\u00f3n de un \u00abfuerte apoyo\u00bb internacional para restablecer la seguridad en el pa\u00eds, inform\u00f3 este domingo el Gobierno haitiano. Seg\u00fan un comunicado del Ejecutivo, \u00abel primer ministro, durante su participaci\u00f3n en\u2026","rel":"","context":"En \u00abSin categor\u00eda\u00bb","block_context":{"text":"Sin categor\u00eda","link":"https:\/\/lasprimeras.com.do\/index.php\/category\/sin-categoria\/"},"img":{"alt_text":"Un hombre sostiene un letrero con el mensaje \u201cLa gente no te quiere Ariel\u201d, durante una protesta por la renuncia de Ariel Henry, en Puerto Pr\u00edncipe.(AP FOTO\/ODELYN JOSEPH)","src":"https:\/\/i0.wp.com\/lasprimeras.com.do\/wp-content\/uploads\/2023\/09\/Ariel-Henry-1.jpeg?resize=350%2C200&ssl=1","width":350,"height":200,"srcset":"https:\/\/i0.wp.com\/lasprimeras.com.do\/wp-content\/uploads\/2023\/09\/Ariel-Henry-1.jpeg?resize=350%2C200&ssl=1 1x, https:\/\/i0.wp.com\/lasprimeras.com.do\/wp-content\/uploads\/2023\/09\/Ariel-Henry-1.jpeg?resize=525%2C300&ssl=1 1.5x, https:\/\/i0.wp.com\/lasprimeras.com.do\/wp-content\/uploads\/2023\/09\/Ariel-Henry-1.jpeg?resize=700%2C400&ssl=1 2x"},"classes":[]},{"id":52635,"url":"https:\/\/lasprimeras.com.do\/index.php\/2023\/06\/12\/ariel-henry-asegura-haiti-prepara-elecciones-pide-confiar-en-proceso\/","url_meta":{"origin":92125,"position":5},"title":"Ariel Henry asegura Hait\u00ed prepara elecciones; pide confiar en proceso","author":"prenxa100","date":"12 de junio de 2023","format":false,"excerpt":"Hait\u00ed se dirige hacia elecciones generales y los ciudadanos deben confiar en el proceso, asegur\u00f3 hoy el primer ministro, Ariel Henry, en una reuni\u00f3n entre actores pol\u00edticos y de la sociedad civil en Jamaica. Durante su discurso en el encuentro organizado por la Comunidad del Caribe (Caricom), el jefe de\u2026","rel":"","context":"En \u00abSin categor\u00eda\u00bb","block_context":{"text":"Sin categor\u00eda","link":"https:\/\/lasprimeras.com.do\/index.php\/category\/sin-categoria\/"},"img":{"alt_text":"","src":"https:\/\/i0.wp.com\/lasprimeras.com.do\/wp-content\/uploads\/2023\/06\/ariel-henry-asegura-haiti-prepara-elecciones-pide-confiar-en-proceso.jpg?resize=350%2C200&ssl=1","width":350,"height":200,"srcset":"https:\/\/i0.wp.com\/lasprimeras.com.do\/wp-content\/uploads\/2023\/06\/ariel-henry-asegura-haiti-prepara-elecciones-pide-confiar-en-proceso.jpg?resize=350%2C200&ssl=1 1x, https:\/\/i0.wp.com\/lasprimeras.com.do\/wp-content\/uploads\/2023\/06\/ariel-henry-asegura-haiti-prepara-elecciones-pide-confiar-en-proceso.jpg?resize=525%2C300&ssl=1 1.5x, https:\/\/i0.wp.com\/lasprimeras.com.do\/wp-content\/uploads\/2023\/06\/ariel-henry-asegura-haiti-prepara-elecciones-pide-confiar-en-proceso.jpg?resize=700%2C400&ssl=1 2x"},"classes":[]}],"jetpack_sharing_enabled":true,"_links":{"self":[{"href":"https:\/\/lasprimeras.com.do\/index.php\/wp-json\/wp\/v2\/posts\/92125","targetHints":{"allow":["GET"]}}],"collection":[{"href":"https:\/\/lasprimeras.com.do\/index.php\/wp-json\/wp\/v2\/posts"}],"about":[{"href":"https:\/\/lasprimeras.com.do\/index.php\/wp-json\/wp\/v2\/types\/post"}],"author":[{"embeddable":true,"href":"https:\/\/lasprimeras.com.do\/index.php\/wp-json\/wp\/v2\/users\/2"}],"replies":[{"embeddable":true,"href":"https:\/\/lasprimeras.com.do\/index.php\/wp-json\/wp\/v2\/comments?post=92125"}],"version-history":[{"count":1,"href":"https:\/\/lasprimeras.com.do\/index.php\/wp-json\/wp\/v2\/posts\/92125\/revisions"}],"predecessor-version":[{"id":92127,"href":"https:\/\/lasprimeras.com.do\/index.php\/wp-json\/wp\/v2\/posts\/92125\/revisions\/92127"}],"wp:featuredmedia":[{"embeddable":true,"href":"https:\/\/lasprimeras.com.do\/index.php\/wp-json\/wp\/v2\/media\/92126"}],"wp:attachment":[{"href":"https:\/\/lasprimeras.com.do\/index.php\/wp-json\/wp\/v2\/media?parent=92125"}],"wp:term":[{"taxonomy":"category","embeddable":true,"href":"https:\/\/lasprimeras.com.do\/index.php\/wp-json\/wp\/v2\/categories?post=92125"},{"taxonomy":"post_tag","embeddable":true,"href":"https:\/\/lasprimeras.com.do\/index.php\/wp-json\/wp\/v2\/tags?post=92125"}],"curies":[{"name":"wp","href":"https:\/\/api.w.org\/{rel}","templated":true}]}}