{"id":92128,"date":"2024-12-29T22:20:16","date_gmt":"2024-12-30T02:20:16","guid":{"rendered":"https:\/\/lasprimeras.com.do\/?p=92128"},"modified":"2024-12-29T22:20:18","modified_gmt":"2024-12-30T02:20:18","slug":"rd-expresa-condolencias-a-corea-del-sur-por-accidente-aereo","status":"publish","type":"post","link":"https:\/\/lasprimeras.com.do\/index.php\/2024\/12\/29\/rd-expresa-condolencias-a-corea-del-sur-por-accidente-aereo\/","title":{"rendered":"RD expresa condolencias a Corea del Sur por accidente a\u00e9reo"},"content":{"rendered":"\n<p>La Rep\u00fablica Dominicana expres\u00f3 este domingo sus condolencias a Corea del Sur por el accidente a\u00e9reo que dej\u00f3 179 muertos despu\u00e9s de que un avi\u00f3n estall\u00f3 tras salirse de pista y chocar contra un muro en el aeropuerto de Muan, a 290 kil\u00f3metros al suroeste de Se\u00fal.<\/p>\n\n\n\n<p>\u00abEl Gobierno dominicano expresa sus condolencias a la Rep\u00fablica de Corea por el tr\u00e1gico accidente del avi\u00f3n de Jeju Air en Se\u00fal ocurrido este domingo, que ha ocasionado la p\u00e9rdida de vidas humanas\u00bb, escribi\u00f3 la Canciller\u00eda del pa\u00eds caribe\u00f1o en un comunicado.<\/p>\n\n\n\n<p>Asimismo, extendi\u00f3 su solidaridad hacia los familiares de las v\u00edctimas de la peor tragedia a\u00e9rea en Corea del Sur.<\/p>\n\n\n\n<p>El accidente, en el que solo dos personas sobrevivieron, se produjo alrededor de las 9.03 hora local (00.07 GMT), cuando el avi\u00f3n, un Boeing 737-800, que hab\u00eda partido antes del aeropuerto Suvarnabhumi de Bangkok (Tailandia), aterriz\u00f3 en destino, en el aeropuerto de Muan, y choc\u00f3 contra el vallado tras salirse de pista.<\/p>\n\n\n\n<p>La torre de control de Muan emiti\u00f3 una alerta por colisi\u00f3n seis minutos antes del aterrizaje, que se produjo sin que el avi\u00f3n activara el tren de aterrizaje y otros mecanismos de frenado.<\/p>\n\n\n\n<p>Cuatro minutos antes del fatal aterrizaje el capit\u00e1n emiti\u00f3 la se\u00f1al de \u00abmayday\u00bb o socorro, e im\u00e1genes captadas por aficionados y testimonios oculares detallan un aparente impacto en el motor derecho del Boeing.<\/p>\n\n\n\n<p>De entre las 181 personas a bordo, se contaban el piloto, el copiloto y cuatro auxiliares de vuelo adem\u00e1s de 175 pasajeros, de los que 173 eran surcoreanos y dos tailandeses.<\/p>\n","protected":false},"excerpt":{"rendered":"<p>La Rep\u00fablica Dominicana expres\u00f3 este domingo sus condolencias a Corea del Sur por el accidente a\u00e9reo que dej\u00f3 179 muertos despu\u00e9s de que un avi\u00f3n estall\u00f3 tras salirse de pista&hellip;<\/p>\n","protected":false},"author":2,"featured_media":92100,"comment_status":"open","ping_status":"open","sticky":false,"template":"","format":"standard","meta":{"content-type":"","jetpack_post_was_ever_published":false,"_jetpack_newsletter_access":"","_jetpack_dont_email_post_to_subs":false,"_jetpack_newsletter_tier_id":0,"_jetpack_memberships_contains_paywalled_content":false,"_jetpack_memberships_contains_paid_content":false,"footnotes":""},"categories":[35,25],"tags":[6607,1507,1723,1226],"class_list":["post-92128","post","type-post","status-publish","format-standard","has-post-thumbnail","hentry","category-nacionales","category-portada","tag-accidente-aereo","tag-condolencias","tag-corea-del-sur","tag-republica-dominicana"],"jetpack_featured_media_url":"https:\/\/lasprimeras.com.do\/wp-content\/uploads\/2024\/12\/Accidente-aereo.png","jetpack-related-posts":[{"id":92099,"url":"https:\/\/lasprimeras.com.do\/index.php\/2024\/12\/29\/accidente-aereo-en-corea-del-sur-deja-179-muertos\/","url_meta":{"origin":92128,"position":0},"title":"Accidente a\u00e9reo en Corea del Sur deja 179 muertos","author":"Nelson Feliz","date":"29 de diciembre de 2024","format":false,"excerpt":"By HYUNG-JIN KIM and KIM TONG-HYUNG SE\u00daL, Corea del Sur (AP) \u2014 Un avi\u00f3n de pasajeros se incendi\u00f3 el domingo tras salirse de la pista en un aeropuerto surcoreano y chocar contra un muro de concreto luego de que su tren de aterrizaje delantero aparentemente no se despleg\u00f3: 179 de\u2026","rel":"","context":"En \u00abINTERNACIONALES\u00bb","block_context":{"text":"INTERNACIONALES","link":"https:\/\/lasprimeras.com.do\/index.php\/category\/sin-categoria\/internacionales\/"},"img":{"alt_text":"","src":"https:\/\/i0.wp.com\/lasprimeras.com.do\/wp-content\/uploads\/2024\/12\/Accidente-aereo.png?resize=350%2C200&ssl=1","width":350,"height":200,"srcset":"https:\/\/i0.wp.com\/lasprimeras.com.do\/wp-content\/uploads\/2024\/12\/Accidente-aereo.png?resize=350%2C200&ssl=1 1x, https:\/\/i0.wp.com\/lasprimeras.com.do\/wp-content\/uploads\/2024\/12\/Accidente-aereo.png?resize=525%2C300&ssl=1 1.5x, https:\/\/i0.wp.com\/lasprimeras.com.do\/wp-content\/uploads\/2024\/12\/Accidente-aereo.png?resize=700%2C400&ssl=1 2x"},"classes":[]},{"id":92140,"url":"https:\/\/lasprimeras.com.do\/index.php\/2024\/12\/29\/identifican-a-140-de-las-179-victimas-del-accidente-de-jeju-air-en-corea-del-sur\/","url_meta":{"origin":92128,"position":1},"title":"Identifican a 140 de las 179 victimas del accidente de Jeju Air en Corea del Sur","author":"Nelson Feliz","date":"29 de diciembre de 2024","format":false,"excerpt":"Las pertenencias de las v\u00edctimas se est\u00e1n recogiendo de la pista y la zona se conservar\u00e1 intacta a la espera de que las autoridades investiguen la causa exacta del accidente. Se\u00fal,EFE - Las autoridades surcoreanas anunciaron este lunes que han identificado a 140 de las 179 v\u00edctimas que perdieron la\u2026","rel":"","context":"En \u00abINTERNACIONALES\u00bb","block_context":{"text":"INTERNACIONALES","link":"https:\/\/lasprimeras.com.do\/index.php\/category\/sin-categoria\/internacionales\/"},"img":{"alt_text":"","src":"https:\/\/i0.wp.com\/lasprimeras.com.do\/wp-content\/uploads\/2024\/12\/Accidente-aereo.png?resize=350%2C200&ssl=1","width":350,"height":200,"srcset":"https:\/\/i0.wp.com\/lasprimeras.com.do\/wp-content\/uploads\/2024\/12\/Accidente-aereo.png?resize=350%2C200&ssl=1 1x, https:\/\/i0.wp.com\/lasprimeras.com.do\/wp-content\/uploads\/2024\/12\/Accidente-aereo.png?resize=525%2C300&ssl=1 1.5x, https:\/\/i0.wp.com\/lasprimeras.com.do\/wp-content\/uploads\/2024\/12\/Accidente-aereo.png?resize=700%2C400&ssl=1 2x"},"classes":[]},{"id":63092,"url":"https:\/\/lasprimeras.com.do\/index.php\/2023\/10\/10\/el-ataque-de-hamas-a-israel-lleva-a-corea-del-sur-a-considerar-suspender-el-acuerdo-militar-con-corea-del-norte\/","url_meta":{"origin":92128,"position":2},"title":"El ataque de Ham\u00e1s a Israel lleva a Corea del Sur a considerar suspender el acuerdo militar con Corea del Norte","author":"Nelson Feliz","date":"10 de octubre de 2023","format":false,"excerpt":"POR KIM TONG-HYUNG SE\u00daL, Corea del Sur (AP) \u2014 El ministro de Defensa de Corea del Sur dijo el martes que presionar\u00eda para suspender un acuerdo militar intercoreano de 2018 para reanudar la vigilancia de primera l\u00ednea sobre su rival Corea del Norte, mientras el ataque sorpresa a Israel por\u2026","rel":"","context":"En \u00abSin categor\u00eda\u00bb","block_context":{"text":"Sin categor\u00eda","link":"https:\/\/lasprimeras.com.do\/index.php\/category\/sin-categoria\/"},"img":{"alt_text":"Ataque","src":"https:\/\/i0.wp.com\/lasprimeras.com.do\/wp-content\/uploads\/2023\/10\/Ataque-2.jpg?resize=350%2C200&ssl=1","width":350,"height":200,"srcset":"https:\/\/i0.wp.com\/lasprimeras.com.do\/wp-content\/uploads\/2023\/10\/Ataque-2.jpg?resize=350%2C200&ssl=1 1x, https:\/\/i0.wp.com\/lasprimeras.com.do\/wp-content\/uploads\/2023\/10\/Ataque-2.jpg?resize=525%2C300&ssl=1 1.5x, https:\/\/i0.wp.com\/lasprimeras.com.do\/wp-content\/uploads\/2023\/10\/Ataque-2.jpg?resize=700%2C400&ssl=1 2x"},"classes":[]},{"id":95110,"url":"https:\/\/lasprimeras.com.do\/index.php\/2025\/03\/10\/norcorea-lanza-misiles-balisticos-tras-inicio-de-maniobras-de-eeuu-con-fuerzas-surcoreanas\/","url_meta":{"origin":92128,"position":3},"title":"Norcorea lanza misiles bal\u00edsticos tras inicio de maniobras de EEUU con fuerzas surcoreanas","author":"Nelson Feliz","date":"10 de marzo de 2025","format":false,"excerpt":"POR KIM TONG-HYUNG SE\u00daL, Corea del Sur (AP) \u2014 Corea del Norte dispar\u00f3 varios misiles bal\u00edsticos hacia el mar el lunes, seg\u00fan indic\u00f3 el Ej\u00e9rcito surcoreano, horas despu\u00e9s de que los ej\u00e9rcitos de Corea del Sur y Estados Unidos comenzaran sus grandes ejercicios anuales combinados, que Pyongyang considera un ensayo\u2026","rel":"","context":"En \u00abINTERNACIONALES\u00bb","block_context":{"text":"INTERNACIONALES","link":"https:\/\/lasprimeras.com.do\/index.php\/category\/sin-categoria\/internacionales\/"},"img":{"alt_text":"","src":"https:\/\/i0.wp.com\/lasprimeras.com.do\/wp-content\/uploads\/2025\/03\/misiles.png?resize=350%2C200&ssl=1","width":350,"height":200,"srcset":"https:\/\/i0.wp.com\/lasprimeras.com.do\/wp-content\/uploads\/2025\/03\/misiles.png?resize=350%2C200&ssl=1 1x, https:\/\/i0.wp.com\/lasprimeras.com.do\/wp-content\/uploads\/2025\/03\/misiles.png?resize=525%2C300&ssl=1 1.5x, https:\/\/i0.wp.com\/lasprimeras.com.do\/wp-content\/uploads\/2025\/03\/misiles.png?resize=700%2C400&ssl=1 2x"},"classes":[]},{"id":61386,"url":"https:\/\/lasprimeras.com.do\/index.php\/2023\/09\/26\/corea-del-sur-amenaza-con-acabar-con-el-regimen-de-corea-del-norte-si-hace-uso-de-su-arsenal-nuclear\/","url_meta":{"origin":92128,"position":4},"title":"Corea del Sur amenaza con &#8220;acabar&#8221; con el &#8220;r\u00e9gimen de Corea del Norte&#8221; si hace uso de su arsenal nuclear","author":"Nelson Feliz","date":"26 de septiembre de 2023","format":false,"excerpt":"El presidente de Corea del Sur, Yoon Suk Yeol, ha amenazado este martes con \"acabar\" con el \"r\u00e9gimen de Corea del Norte\" si hace uso de armas nucleares a medida que aumenta la tensi\u00f3n en la pen\u00ednsula. Para ello, Yoon ha asegurado que contar\u00e1 con la ayuda de Estados Unidos\u2026","rel":"","context":"En \u00abSin categor\u00eda\u00bb","block_context":{"text":"Sin categor\u00eda","link":"https:\/\/lasprimeras.com.do\/index.php\/category\/sin-categoria\/"},"img":{"alt_text":"El presidente surcoreano, Yoon Suk Yeol, saluda a la multitud durante una celebraci\u00f3n para conmemorar el 75.\u00ba aniversario del D\u00eda de las Fuerzas Armadas, en Seongnam, Corea del Sur, el martes 26 de septiembre de 2023.KIM HONG-JI \/ AP","src":"https:\/\/i0.wp.com\/lasprimeras.com.do\/wp-content\/uploads\/2023\/09\/Yoon-Suk-Yeol.jpeg?resize=350%2C200&ssl=1","width":350,"height":200,"srcset":"https:\/\/i0.wp.com\/lasprimeras.com.do\/wp-content\/uploads\/2023\/09\/Yoon-Suk-Yeol.jpeg?resize=350%2C200&ssl=1 1x, https:\/\/i0.wp.com\/lasprimeras.com.do\/wp-content\/uploads\/2023\/09\/Yoon-Suk-Yeol.jpeg?resize=525%2C300&ssl=1 1.5x, https:\/\/i0.wp.com\/lasprimeras.com.do\/wp-content\/uploads\/2023\/09\/Yoon-Suk-Yeol.jpeg?resize=700%2C400&ssl=1 2x"},"classes":[]},{"id":68763,"url":"https:\/\/lasprimeras.com.do\/index.php\/2023\/11\/27\/seul-japon-y-eu-hacen-ejercicios-navales-con-portaaviones-nuclear\/","url_meta":{"origin":92128,"position":5},"title":"Se\u00fal, Jap\u00f3n y EU hacen ejercicios navales con portaaviones nuclear","author":"BIMARY DE JES\u00daS Matos","date":"27 de noviembre de 2023","format":false,"excerpt":"Se\u00fal.- Los ej\u00e9rcitos de Corea del Sur, Jap\u00f3n y EE.UU. han realizado ejercicios navales combinados que han contado con la participaci\u00f3n del portaaviones de propulsi\u00f3n nuclear estadounidense USS Carl Vinson. En respuesta al reciente lanzamiento de un sat\u00e9lite esp\u00eda por parte de Corea del Norte. El ejercicio tuvo lugar el\u2026","rel":"","context":"En \u00abSin categor\u00eda\u00bb","block_context":{"text":"Sin categor\u00eda","link":"https:\/\/lasprimeras.com.do\/index.php\/category\/sin-categoria\/"},"img":{"alt_text":"","src":"https:\/\/i0.wp.com\/lasprimeras.com.do\/wp-content\/uploads\/2023\/11\/WhatsApp-Image-2023-11-27-at-12.49.03-PM.jpeg?resize=350%2C200&ssl=1","width":350,"height":200,"srcset":"https:\/\/i0.wp.com\/lasprimeras.com.do\/wp-content\/uploads\/2023\/11\/WhatsApp-Image-2023-11-27-at-12.49.03-PM.jpeg?resize=350%2C200&ssl=1 1x, https:\/\/i0.wp.com\/lasprimeras.com.do\/wp-content\/uploads\/2023\/11\/WhatsApp-Image-2023-11-27-at-12.49.03-PM.jpeg?resize=525%2C300&ssl=1 1.5x"},"classes":[]}],"jetpack_sharing_enabled":true,"_links":{"self":[{"href":"https:\/\/lasprimeras.com.do\/index.php\/wp-json\/wp\/v2\/posts\/92128","targetHints":{"allow":["GET"]}}],"collection":[{"href":"https:\/\/lasprimeras.com.do\/index.php\/wp-json\/wp\/v2\/posts"}],"about":[{"href":"https:\/\/lasprimeras.com.do\/index.php\/wp-json\/wp\/v2\/types\/post"}],"author":[{"embeddable":true,"href":"https:\/\/lasprimeras.com.do\/index.php\/wp-json\/wp\/v2\/users\/2"}],"replies":[{"embeddable":true,"href":"https:\/\/lasprimeras.com.do\/index.php\/wp-json\/wp\/v2\/comments?post=92128"}],"version-history":[{"count":1,"href":"https:\/\/lasprimeras.com.do\/index.php\/wp-json\/wp\/v2\/posts\/92128\/revisions"}],"predecessor-version":[{"id":92129,"href":"https:\/\/lasprimeras.com.do\/index.php\/wp-json\/wp\/v2\/posts\/92128\/revisions\/92129"}],"wp:featuredmedia":[{"embeddable":true,"href":"https:\/\/lasprimeras.com.do\/index.php\/wp-json\/wp\/v2\/media\/92100"}],"wp:attachment":[{"href":"https:\/\/lasprimeras.com.do\/index.php\/wp-json\/wp\/v2\/media?parent=92128"}],"wp:term":[{"taxonomy":"category","embeddable":true,"href":"https:\/\/lasprimeras.com.do\/index.php\/wp-json\/wp\/v2\/categories?post=92128"},{"taxonomy":"post_tag","embeddable":true,"href":"https:\/\/lasprimeras.com.do\/index.php\/wp-json\/wp\/v2\/tags?post=92128"}],"curies":[{"name":"wp","href":"https:\/\/api.w.org\/{rel}","templated":true}]}}