{"id":92135,"date":"2024-12-29T22:49:55","date_gmt":"2024-12-30T02:49:55","guid":{"rendered":"https:\/\/lasprimeras.com.do\/?p=92135"},"modified":"2024-12-29T22:49:56","modified_gmt":"2024-12-30T02:49:56","slug":"expresidente-de-eeuu-jimmy-carter-muere-a-los-100-anos-de-edad","status":"publish","type":"post","link":"https:\/\/lasprimeras.com.do\/index.php\/2024\/12\/29\/expresidente-de-eeuu-jimmy-carter-muere-a-los-100-anos-de-edad\/","title":{"rendered":"Expresidente de EEUU Jimmy Carter muere a los 100 a\u00f1os de edad"},"content":{"rendered":"\n<p><strong>El expresidente ten\u00eda varios a\u00f1os enfermo<\/strong><\/p>\n\n\n\n<p><strong>Atlanta, AP- <\/strong>El expresidente de Estados Unidos Jimmy Carter, un cultivador de man\u00ed de Georgia que cumpli\u00f3 un per\u00edodo turbulento en la Casa Blanca para luego ganar fama y galardones, incluido el Premio Nobel de la Paz, por su trabajo humanitario en el mundo, ha muerto. Ten\u00eda 100 a\u00f1os de edad.<\/p>\n\n\n\n<p>El presidente estadounidense m\u00e1s longevo muri\u00f3 el domingo, m\u00e1s de un a\u00f1o despu\u00e9s de ingresar en cuidados paliativos, en su casa de la peque\u00f1a localidad de Plains, Georgia, donde \u00e9l y su esposa, Rosalynn, quien falleci\u00f3 en noviembre de 2023 a los 96 a\u00f1os, pasaron la mayor parte de su vida, inform\u00f3 el Centro Carter.<\/p>\n\n\n\n<p>Carter, un dem\u00f3crata sure\u00f1o moderado y exgobernador de Georgia, derrot\u00f3 al presidente republicano Gerald Ford en 1976, pero en su intento de reelecci\u00f3n en 1980 perdi\u00f3 ante Ronald Reagan, quien gan\u00f3 por amplio margen.<\/p>\n\n\n\n<p>Despu\u00e9s de su presidencia inici\u00f3 una incansable actividad en favor de los derechos humanos en el mundo que le vali\u00f3 el Premio Nobel de la Paz en 2002.<\/p>\n\n\n\n<p>En 1976, una campa\u00f1a intensa e inteligente que destac\u00f3 su honestidad proyect\u00f3 a Carter del cuasi anonimato a la Casa Blanca en la primera elecci\u00f3n presidencial despu\u00e9s del esc\u00e1ndalo de Watergate. El hombre de la peque\u00f1a poblaci\u00f3n de Plains fue presentado como s\u00edmbolo del Nuevo Sur.<\/p>\n\n\n\n<p>Su principal logro fue tal vez el tratado de paz que negoci\u00f3 entre el presidente egipcio Anwar Sadat y el primer ministro israel\u00ed Menajem Begin en 1978.<\/p>\n\n\n\n<p>Pero Carter tuvo un regreso ignominioso a Georgia, tras una presidencia socavada por una inflaci\u00f3n de doble d\u00edgito, una crisis energ\u00e9tica que oblig\u00f3 a los estadounidenses a hacer largas colas para cargar gasolina y la crisis de los rehenes en Ir\u00e1n que dur\u00f3 444 d\u00edas.<\/p>\n\n\n\n<p>Su hora m\u00e1s sombr\u00eda fue el intento fallido de rescatar a los rehenes en Ir\u00e1n en abril de 1980, en el cual murieron ocho estadounidenses.<\/p>\n\n\n\n<p>Profundamente abochornado por el repudio de los ciudadanos, Carter se forj\u00f3 empe\u00f1osamente un nuevo papel en la escena mundial, como pacificador, promotor de la democracia y defensor de los derechos humanos.<\/p>\n\n\n\n<p>Esa tozudez que perjudic\u00f3 su presidencia lo benefici\u00f3 como pacificador solitario que soslayaba los canales diplom\u00e1ticos e iba, como dijo en 1994, &#8220;a lugares donde otros no van&#8221;, como Corea del Norte, Etiop\u00eda y Liberia.<\/p>\n\n\n\n<p>&#8220;Puedo decir lo que quiero. Puedo reunirme con quien quiera. Puedo dedicarme a los proyectos que me agradan y rechazar los que no&#8221;, dijo en una entrevista en 1990.<\/p>\n\n\n\n<p>Ayud\u00f3 a desactivar situaciones tensas en las Coreas y a evitar una invasi\u00f3n estadounidense de Hait\u00ed en 1994. Estas actividades le dieron enorme prestigio y le valieron reiteradas nominaciones al Premio Nobel de la Paz, que le fue otorgado en 2002.<\/p>\n\n\n\n<p>Sus detractores dec\u00edan que Carter usurpaba la pol\u00edtica exterior estadounidense, que sol\u00eda ser ingenuo en su trato con dictadores hostiles y que su objetivo era redimirse ante los ojos de la historia. Pero sus admiradores sosten\u00edan que lo mov\u00edan su estricta fe bautista y su anhelo de hacer lo posible por beneficiar a la humanidad.<\/p>\n\n\n\n<p>&#8220;Es verdad que me emociono y me conmuevo profundamente&#8221;, dijo Carter en una entrevista con The Associated Press en 1994, cuando explic\u00f3 por qu\u00e9 su voz se ahogaba al hablar sobre su trabajo. &#8220;Me averg\u00fcenza un poco, pero as\u00ed soy yo&#8221;.<\/p>\n\n\n\n<p>Su historia<br>James Earl Carter Jr. naci\u00f3 en Plains, Georgia, el 1 de octubre de 1924, siendo el mayor de cuatro hijos. Se gradu\u00f3 de la Academia Naval en 1946 y ese mismo a\u00f1o se cas\u00f3 con Rosalynn Smith, una vecina de Plains. Tuvieron cuatro hijos.<\/p>\n\n\n\n<p>Despu\u00e9s de siete a\u00f1os en la fuerza de submarinos, pidi\u00f3 el retiro cuando muri\u00f3 su padre, regres\u00f3 a Plains y se hizo cargo del negocio familiar. Se dedic\u00f3 a la pol\u00edtica local y en 1962 gan\u00f3 una banca en el Senado estatal al impugnar una serie de irregularidades en la votaci\u00f3n despu\u00e9s de ser derrotado en el recuento inicial.<\/p>\n\n\n\n<p>Se postul\u00f3 a gobernador en 1966, perdi\u00f3 y regres\u00f3 en 1970 para ganar. Como sucesor del gobernador segregacionista Lester Maddox, Carter dijo en su discurso al asumir: &#8220;Les digo con toda franqueza que el tiempo de la discriminaci\u00f3n racial ha pasado&#8221;.<\/p>\n\n\n\n<p>Escasamente conocido en la escena nacional, se postul\u00f3 a la presidencia en 1974 con una campa\u00f1a sin lujos, en la que se alojaba en las casas de sus partidarios. Tras la renuncia de Richard Nixon debido al esc\u00e1ndalo Watergate, Carter bas\u00f3 su campa\u00f1a en restaurar la confianza de los ciudadanos en el gobierno.<\/p>\n\n\n\n<p>&#8220;Si alguna vez les miento, si alguna vez hago una declaraci\u00f3n enga\u00f1osa, no voten por m\u00ed. No merecer\u00eda ser su presidente&#8221;, repet\u00eda Carter en cada discurso.<\/p>\n\n\n\n<p>Carter y Rosalynn fueron a pie a su juramentaci\u00f3n, donde fue el primer presidente al que tomaron protesta llam\u00e1ndolo por su sobrenombre: siempre prefer\u00eda que lo llamaran Jimmy.<\/p>\n\n\n\n<p>Entre los logros de su gobierno se cuentan la desregulaci\u00f3n parcial del transporte a\u00e9reo, ferroviario y en cami\u00f3n; la designaci\u00f3n de mujeres y miembros de las minor\u00edas \u00e9tnicas a la judicatura y otras funciones; la reserva de millones de hect\u00e1reas en Alaska como parques nacionales o refugios de vida silvestre; el indulto a la mayor\u00eda de los que evadieron el servicio militar durante la guerra de Vietnam; la creaci\u00f3n de los departamentos de Energ\u00eda y Educaci\u00f3n; la ratificaci\u00f3n de los tratados del Canal de Panam\u00e1, la normalizaci\u00f3n de las relaciones con China y los hist\u00f3ricos acuerdos de Camp David, en los que Egipto reconoci\u00f3 al Estado de Israel.<\/p>\n\n\n\n<p>En materia de pol\u00edtica exterior se dedic\u00f3 a promocionar los derechos humanos, en particular en los pa\u00edses sudamericanos como Argentina, Brasil, Chile y Uruguay, gobernados por dictaduras militares represivas.<\/p>\n\n\n\n<p>Pero una serie de sucesos en el exterior paralizaron la \u00faltima etapa de su presidencia.<\/p>\n\n\n\n<p>Cuando Carter acept\u00f3 que el sha de Ir\u00e1n, derrocado y exiliado, recibiera tratamiento m\u00e9dico en Estados Unidos, el 4 de noviembre de 1979, los seguidores del ayatol\u00e1 Ruhollah Khomeini tomaron la embajada estadounidense en Ir\u00e1n, lo que dio comienzo al enfrentamiento por los rehenes.<\/p>\n\n\n\n<p>Las negociaciones con el ca\u00f3tico r\u00e9gimen iran\u00ed para liberar a los rehenes se vieron interrumpidas una y otra vez, y en abril de 1980, Carter orden\u00f3 un intento de rescate militar que fracas\u00f3.<\/p>\n\n\n\n<p>Exasperados por la inflaci\u00f3n y por el enfrentamiento con Ir\u00e1n, los estadounidenses respondieron al llamado del republicano Ronald Reagan por un &#8220;Estados Unidos nuevamente fuerte&#8221;.<\/p>\n\n\n\n<p>Carter perdi\u00f3 las elecciones en todos los estados excepto seis, y los republicanos ganaron la mayor\u00eda en el Senado.<\/p>\n\n\n\n<p>Despu\u00e9s de escribir sus memorias presidenciales, Carter fue profesor de la Universidad Emory en Atlanta y junto con Rosalynn fund\u00f3 el Centro Carter, un ambicioso instituto de investigaciones y actividad pol\u00edtica.<\/p>\n\n\n\n<p>En sus memorias, Carter describi\u00f3 que despu\u00e9s de la humillante derrota, \u00e9l y su esposa &#8220;decidimos que ser\u00eda mejor seguir usando mi influencia, tal vez con mayor libertad que hasta ahora, para promover los mismos ideales que hab\u00eda abrazado durante mi presidencia&#8221;.<\/p>\n\n\n\n<p>En ese sentido, supervis\u00f3 elecciones democr\u00e1ticas en pa\u00edses como Nicaragua y Hait\u00ed, as\u00ed como los primeros comicios palestinos.<\/p>\n\n\n\n<p>Carter escribi\u00f3 una decena de libros, entre ellos un cuento para ni\u00f1os, una colecci\u00f3n de poes\u00eda y un relato de su vida espiritual.<\/p>\n\n\n\n<p>Carter fue operado el 3 de agosto de 2015 para extirparle un tumor en el h\u00edgado. El 12 de agosto, el Centro Carter inform\u00f3 que el c\u00e1ncer se hab\u00eda extendido a otros \u00f3rganos. Su padre, hermano y dos hermanas murieron de c\u00e1ncer de p\u00e1ncreas, y su madre tambi\u00e9n padeci\u00f3 el mal.<\/p>\n\n\n\n<p>En una conferencia de prensa el 20 de agosto, Carter dijo con modestia y buen humor que se sent\u00eda &#8220;perfectamente en paz con lo que sea que suceda&#8221;.<\/p>\n\n\n\n<p>&#8220;He tenido una vida maravillosa&#8221;, dijo. &#8220;He tenido miles de amigos, he llevado una vida emocionante, aventurera y gratificante. Por eso me sent\u00eda sorprendentemente tranquilo, mucho m\u00e1s que mi esposa&#8221;.<\/p>\n\n\n\n<hr class=\"wp-block-separator has-alpha-channel-opacity\"\/>\n\n\n\n<p>Internet:<\/p>\n\n\n\n<p>Carter Center: http:\/\/www.cartercenter.org\/index.html<\/p>\n\n\n\n<p>Jimmy Carter Library: http:\/\/www.jimmycarterlibrary.org\/<\/p>\n","protected":false},"excerpt":{"rendered":"<p>El expresidente ten\u00eda varios a\u00f1os enfermo Atlanta, AP- El expresidente de Estados Unidos Jimmy Carter, un cultivador de man\u00ed de Georgia que cumpli\u00f3 un per\u00edodo turbulento en la Casa Blanca&hellip;<\/p>\n","protected":false},"author":2,"featured_media":92136,"comment_status":"open","ping_status":"open","sticky":false,"template":"","format":"standard","meta":{"content-type":"","jetpack_post_was_ever_published":false,"_jetpack_newsletter_access":"","_jetpack_dont_email_post_to_subs":false,"_jetpack_newsletter_tier_id":0,"_jetpack_memberships_contains_paywalled_content":false,"_jetpack_memberships_contains_paid_content":false,"footnotes":""},"categories":[16289],"tags":[5397,979,4698,9627,650],"class_list":["post-92135","post","type-post","status-publish","format-standard","has-post-thumbnail","hentry","category-internacionales","tag-100-anos","tag-eeuu","tag-expresidente","tag-jimmy-carter","tag-muere"],"jetpack_featured_media_url":"https:\/\/lasprimeras.com.do\/wp-content\/uploads\/2024\/12\/Jimmy-Carter.jpg","jetpack-related-posts":[{"id":67840,"url":"https:\/\/lasprimeras.com.do\/index.php\/2023\/11\/19\/muere-esposa-de-jimmy-carter-y-ex-primera-dama-estadounidense-rosalynn-carter\/","url_meta":{"origin":92135,"position":0},"title":"Muere esposa de Jimmy Carter y ex primera dama estadounidense, Rosalynn Carter","author":"Nelson Feliz","date":"19 de noviembre de 2023","format":false,"excerpt":"Georgia, EFE.- La ex primera dama estadounidense Rosalynn Carter, esposa del expresidente Jimmy Carter (1977-1981), falleci\u00f3 AYER a los 96 a\u00f1os, inform\u00f3 la Fundaci\u00f3n Carter. \"Nuestra cofundadora, la ex primera dama de Estados Unidos Rosalynn Carter, muri\u00f3 en Plains (Georgia)\", inform\u00f3 por X (antiguo Twitter) el Centro Carter. El viernes\u2026","rel":"","context":"En \u00abSin categor\u00eda\u00bb","block_context":{"text":"Sin categor\u00eda","link":"https:\/\/lasprimeras.com.do\/index.php\/category\/sin-categoria\/"},"img":{"alt_text":"El expresidente Jimmy Carter junto a su esposa se encontraban juntos recibiendo cuidados paliativos.","src":"https:\/\/i0.wp.com\/lasprimeras.com.do\/wp-content\/uploads\/2023\/11\/El-expresidente-Jimmy-Carter-junto-a-su-esposa-se-encontraban-juntos-recibiendo-cuidados-paliativos.jpg?resize=350%2C200&ssl=1","width":350,"height":200,"srcset":"https:\/\/i0.wp.com\/lasprimeras.com.do\/wp-content\/uploads\/2023\/11\/El-expresidente-Jimmy-Carter-junto-a-su-esposa-se-encontraban-juntos-recibiendo-cuidados-paliativos.jpg?resize=350%2C200&ssl=1 1x, https:\/\/i0.wp.com\/lasprimeras.com.do\/wp-content\/uploads\/2023\/11\/El-expresidente-Jimmy-Carter-junto-a-su-esposa-se-encontraban-juntos-recibiendo-cuidados-paliativos.jpg?resize=525%2C300&ssl=1 1.5x, https:\/\/i0.wp.com\/lasprimeras.com.do\/wp-content\/uploads\/2023\/11\/El-expresidente-Jimmy-Carter-junto-a-su-esposa-se-encontraban-juntos-recibiendo-cuidados-paliativos.jpg?resize=700%2C400&ssl=1 2x"},"classes":[]},{"id":92468,"url":"https:\/\/lasprimeras.com.do\/index.php\/2025\/01\/04\/largo-adios-a-jimmy-carter-repasa-100-anos-desde-inicios-en-georgia-rural-hasta-el-ambito-mundial\/","url_meta":{"origin":92135,"position":1},"title":"Largo adi\u00f3s a Jimmy Carter repasa 100 a\u00f1os, desde inicios en Georgia rural hasta el \u00e1mbito mundial","author":"Nelson Feliz","date":"4 de enero de 2025","format":false,"excerpt":"By KATE PAYNE, BILL BARROW and JEFF AMY PLAINS, Georgia, EE.UU. (AP) \u2014 El largo adi\u00f3s del p\u00fablico a Jimmy Carter comenz\u00f3 el s\u00e1bado en Georgia, donde el f\u00e9retro del 39no presidente de Estados Unidos, cubierto con la bandera nacional, recorri\u00f3 su peque\u00f1a ciudad natal y pas\u00f3 por la granja\u2026","rel":"","context":"En \u00abINTERNACIONALES\u00bb","block_context":{"text":"INTERNACIONALES","link":"https:\/\/lasprimeras.com.do\/index.php\/category\/sin-categoria\/internacionales\/"},"img":{"alt_text":"","src":"https:\/\/i0.wp.com\/lasprimeras.com.do\/wp-content\/uploads\/2025\/01\/Jimmy-Carter.jpg?resize=350%2C200&ssl=1","width":350,"height":200,"srcset":"https:\/\/i0.wp.com\/lasprimeras.com.do\/wp-content\/uploads\/2025\/01\/Jimmy-Carter.jpg?resize=350%2C200&ssl=1 1x, https:\/\/i0.wp.com\/lasprimeras.com.do\/wp-content\/uploads\/2025\/01\/Jimmy-Carter.jpg?resize=525%2C300&ssl=1 1.5x, https:\/\/i0.wp.com\/lasprimeras.com.do\/wp-content\/uploads\/2025\/01\/Jimmy-Carter.jpg?resize=700%2C400&ssl=1 2x"},"classes":[]},{"id":92132,"url":"https:\/\/lasprimeras.com.do\/index.php\/2024\/12\/29\/abinader-lamenta-muerte-de-jimmy-carter-incansable-luchador-por-la-democracia\/","url_meta":{"origin":92135,"position":2},"title":"Abinader lamenta muerte de Jimmy Carter, &#8220;incansable luchador por la democracia&#8221;","author":"Nelson Feliz","date":"29 de diciembre de 2024","format":false,"excerpt":"Lo describi\u00f3 como un \"gran ser humano e incansable luchador por la democracia y los derechos humanos\" El presidente Luis Abinader lament\u00f3 el fallecimiento del expresidente de Estados Unidos Jimmy Carter, quien muri\u00f3 este domingo a los 100 a\u00f1os de edad en su casa de Plains, Georgia, rodeado de su\u2026","rel":"","context":"En \u00abNACIONALES\u00bb","block_context":{"text":"NACIONALES","link":"https:\/\/lasprimeras.com.do\/index.php\/category\/nacionales\/"},"img":{"alt_text":"","src":"https:\/\/i0.wp.com\/lasprimeras.com.do\/wp-content\/uploads\/2024\/10\/WhatsApp-Image-2024-10-08-at-2.19.17-PM.jpeg?resize=350%2C200&ssl=1","width":350,"height":200,"srcset":"https:\/\/i0.wp.com\/lasprimeras.com.do\/wp-content\/uploads\/2024\/10\/WhatsApp-Image-2024-10-08-at-2.19.17-PM.jpeg?resize=350%2C200&ssl=1 1x, https:\/\/i0.wp.com\/lasprimeras.com.do\/wp-content\/uploads\/2024\/10\/WhatsApp-Image-2024-10-08-at-2.19.17-PM.jpeg?resize=525%2C300&ssl=1 1.5x, https:\/\/i0.wp.com\/lasprimeras.com.do\/wp-content\/uploads\/2024\/10\/WhatsApp-Image-2024-10-08-at-2.19.17-PM.jpeg?resize=700%2C400&ssl=1 2x, https:\/\/i0.wp.com\/lasprimeras.com.do\/wp-content\/uploads\/2024\/10\/WhatsApp-Image-2024-10-08-at-2.19.17-PM.jpeg?resize=1050%2C600&ssl=1 3x"},"classes":[]},{"id":86359,"url":"https:\/\/lasprimeras.com.do\/index.php\/2024\/07\/23\/jimmy-carter-murio-esto-sabemos-sobre-el-rumor-del-fallecimiento-del-expresidente-de-eu\/","url_meta":{"origin":92135,"position":3},"title":"\u00bfJimmy Carter muri\u00f3? Esto sabemos sobre el rumor del fallecimiento del expresidente de EU","author":"Nelson Feliz","date":"23 de julio de 2024","format":false,"excerpt":"El expresidente estadounidense Jimmy Carter se retir\u00f3 de la vida p\u00fablica el a\u00f1o pasado y reside en su vivienda de Georgia. Reportes sobre la muerte de Jimmy Carter, expresidente de Estados Unidos, encendieron las alertas de algunos medios de comunicaci\u00f3n en el mundo, luego de que fuera publicada una carta\u2026","rel":"","context":"En \u00abSin categor\u00eda\u00bb","block_context":{"text":"Sin categor\u00eda","link":"https:\/\/lasprimeras.com.do\/index.php\/category\/sin-categoria\/"},"img":{"alt_text":"Jimmy Carter","src":"https:\/\/i0.wp.com\/lasprimeras.com.do\/wp-content\/uploads\/2024\/07\/Jimmy-Carter.png?resize=350%2C200&ssl=1","width":350,"height":200,"srcset":"https:\/\/i0.wp.com\/lasprimeras.com.do\/wp-content\/uploads\/2024\/07\/Jimmy-Carter.png?resize=350%2C200&ssl=1 1x, https:\/\/i0.wp.com\/lasprimeras.com.do\/wp-content\/uploads\/2024\/07\/Jimmy-Carter.png?resize=525%2C300&ssl=1 1.5x"},"classes":[]},{"id":92282,"url":"https:\/\/lasprimeras.com.do\/index.php\/2025\/01\/01\/jimmy-carter-recibira-un-funeral-de-estado-el-9-de-enero-en-washington\/","url_meta":{"origin":92135,"position":4},"title":"Jimmy Carter recibir\u00e1 un funeral de Estado el 9 de enero en Washington","author":"Nelson Feliz","date":"1 de enero de 2025","format":false,"excerpt":"Las ceremonias y homenajes a Carter empezar\u00e1n el 4 de enero en su Georgia natal y se extender\u00e1n hasta el funeral de Estado del 9 WASHINGTON, EFE.-El expresidente estadounidense Jimmy Carter (1977-1981), fallecido el 29 de diciembre a los 100 a\u00f1os, recibir\u00e1 un funeral de Estado el pr\u00f3ximo 9 de\u2026","rel":"","context":"En \u00abINTERNACIONALES\u00bb","block_context":{"text":"INTERNACIONALES","link":"https:\/\/lasprimeras.com.do\/index.php\/category\/sin-categoria\/internacionales\/"},"img":{"alt_text":"Jimmy Carter","src":"https:\/\/i0.wp.com\/lasprimeras.com.do\/wp-content\/uploads\/2025\/01\/Jimmy-Carter-1.jpg?resize=350%2C200&ssl=1","width":350,"height":200,"srcset":"https:\/\/i0.wp.com\/lasprimeras.com.do\/wp-content\/uploads\/2025\/01\/Jimmy-Carter-1.jpg?resize=350%2C200&ssl=1 1x, https:\/\/i0.wp.com\/lasprimeras.com.do\/wp-content\/uploads\/2025\/01\/Jimmy-Carter-1.jpg?resize=525%2C300&ssl=1 1.5x"},"classes":[]},{"id":59641,"url":"https:\/\/lasprimeras.com.do\/index.php\/2023\/09\/06\/trump-y-18-aliados-acusados-de-intromision-en-las-elecciones-de-georgia-mientras-el-expresidente-enfrenta-su-cuarto-caso-penal\/","url_meta":{"origin":92135,"position":5},"title":"Trump y 18 aliados acusados \u200b\u200bde intromisi\u00f3n en las elecciones de Georgia mientras el expresidente enfrenta su cuarto caso penal","author":"Nelson Feliz","date":"6 de septiembre de 2023","format":false,"excerpt":"POR KATE BRUMBACK Y ERIC TUCKER ATLANTA (AP) \u2014 Donald Trump y 18 aliados fueron acusados \u200b\u200bformalmente en Georgia por sus esfuerzos por revertir su derrota electoral de 2020 en el estado, y los fiscales utilizaron un estatuto normalmente asociado con mafiosos para acusar al expresidente, a sus abogados y\u2026","rel":"","context":"En \u00abSin categor\u00eda\u00bb","block_context":{"text":"Sin categor\u00eda","link":"https:\/\/lasprimeras.com.do\/index.php\/category\/sin-categoria\/"},"img":{"alt_text":"Donald Trump","src":"https:\/\/i0.wp.com\/lasprimeras.com.do\/wp-content\/uploads\/2023\/07\/Donald-Trump.jpg?resize=350%2C200&ssl=1","width":350,"height":200,"srcset":"https:\/\/i0.wp.com\/lasprimeras.com.do\/wp-content\/uploads\/2023\/07\/Donald-Trump.jpg?resize=350%2C200&ssl=1 1x, https:\/\/i0.wp.com\/lasprimeras.com.do\/wp-content\/uploads\/2023\/07\/Donald-Trump.jpg?resize=525%2C300&ssl=1 1.5x, https:\/\/i0.wp.com\/lasprimeras.com.do\/wp-content\/uploads\/2023\/07\/Donald-Trump.jpg?resize=700%2C400&ssl=1 2x"},"classes":[]}],"jetpack_sharing_enabled":true,"_links":{"self":[{"href":"https:\/\/lasprimeras.com.do\/index.php\/wp-json\/wp\/v2\/posts\/92135","targetHints":{"allow":["GET"]}}],"collection":[{"href":"https:\/\/lasprimeras.com.do\/index.php\/wp-json\/wp\/v2\/posts"}],"about":[{"href":"https:\/\/lasprimeras.com.do\/index.php\/wp-json\/wp\/v2\/types\/post"}],"author":[{"embeddable":true,"href":"https:\/\/lasprimeras.com.do\/index.php\/wp-json\/wp\/v2\/users\/2"}],"replies":[{"embeddable":true,"href":"https:\/\/lasprimeras.com.do\/index.php\/wp-json\/wp\/v2\/comments?post=92135"}],"version-history":[{"count":1,"href":"https:\/\/lasprimeras.com.do\/index.php\/wp-json\/wp\/v2\/posts\/92135\/revisions"}],"predecessor-version":[{"id":92137,"href":"https:\/\/lasprimeras.com.do\/index.php\/wp-json\/wp\/v2\/posts\/92135\/revisions\/92137"}],"wp:featuredmedia":[{"embeddable":true,"href":"https:\/\/lasprimeras.com.do\/index.php\/wp-json\/wp\/v2\/media\/92136"}],"wp:attachment":[{"href":"https:\/\/lasprimeras.com.do\/index.php\/wp-json\/wp\/v2\/media?parent=92135"}],"wp:term":[{"taxonomy":"category","embeddable":true,"href":"https:\/\/lasprimeras.com.do\/index.php\/wp-json\/wp\/v2\/categories?post=92135"},{"taxonomy":"post_tag","embeddable":true,"href":"https:\/\/lasprimeras.com.do\/index.php\/wp-json\/wp\/v2\/tags?post=92135"}],"curies":[{"name":"wp","href":"https:\/\/api.w.org\/{rel}","templated":true}]}}