{"id":92138,"date":"2024-12-29T22:56:06","date_gmt":"2024-12-30T02:56:06","guid":{"rendered":"https:\/\/lasprimeras.com.do\/?p=92138"},"modified":"2024-12-29T23:10:36","modified_gmt":"2024-12-30T03:10:36","slug":"policia-se-lambe-a-cuatro-presuntos-delincuentes-en-la-romana","status":"publish","type":"post","link":"https:\/\/lasprimeras.com.do\/index.php\/2024\/12\/29\/policia-se-lambe-a-cuatro-presuntos-delincuentes-en-la-romana\/","title":{"rendered":"Polic\u00eda se lambe a cuatro presuntos delincuentes en La Romana"},"content":{"rendered":"\n<p>Un enfrentamiento entre agentes policiales y presuntos delincuentes ocurrido la tarde de este domingo ha dejado un saldo de cuatro muertos y un herido en el sector Trasero de Maco, en La Romana.<\/p>\n\n\n\n<p>Hasta el momento, se reportan cuatro presuntos delincuentes fallecidos y un agente de la Polic\u00eda herido, quien fue trasladado a un centro m\u00e9dico privado para recibir atenci\u00f3n de emergencia.<\/p>\n\n\n\n<p>Los cad\u00e1veres de las v\u00edctimas se encuentran en la morgue del Hospital P\u00fablico Aristides Fiallo Cabral.<\/p>\n\n\n\n<p>Los datos fueron ofrecidos por el m\u00e9dico legista Benito Kelly y el fiscal, F\u00e9lix Rijo.<\/p>\n\n\n\n<p>En una nota de prensa, la Polic\u00eda Nacional identific\u00f3 a los muertos como Cristian Eusebio Dorote (Kilo El Viejo del Bloque), de 19 a\u00f1os; Maikel Rosario Do\u00f1e, de 25; Ferm\u00edn Villegas (Yonatan y\/o Chuqui), de 18, y Raimin Ernesto Mart\u00ednez P\u00e9rez (Macajai), de 19.<\/p>\n\n\n\n<p>&#8220;Un quinto integrante del grupo delictivo: Isaiac P\u00e9rez de Los Santos, de 24, result\u00f3 con heridas de bala en el brazo y costado derecho&#8221;.<\/p>\n\n\n\n<p>La entidad dijo que los ultimados eran reconocidos delincuentes.<\/p>\n\n\n\n<p>&#8220;Cuatro reconocidos delincuentes cayeron abatidos y uno herido en medio de un enfrentamiento a tiros con agentes policiales, uno de los cuales result\u00f3 con varios impactos de bala en su chaleco protector, hecho registrado la tarde de hoy en el sector Trasero de Maco, La Romana&#8221;, indic\u00f3.<\/p>\n\n\n\n<p><strong>Esto es lo que dice la Polic\u00eda de los cuatro hombres que mat\u00f3 en La Romana<\/strong><\/p>\n\n\n\n<figure class=\"wp-block-image size-full\"><img decoding=\"async\" width=\"896\" height=\"504\" src=\"https:\/\/lasprimeras.com.do\/wp-content\/uploads\/2024\/12\/armas.jpg\" alt=\"\" class=\"wp-image-92143\" srcset=\"https:\/\/lasprimeras.com.do\/wp-content\/uploads\/2024\/12\/armas.jpg 896w, https:\/\/lasprimeras.com.do\/wp-content\/uploads\/2024\/12\/armas-300x169.jpg 300w, https:\/\/lasprimeras.com.do\/wp-content\/uploads\/2024\/12\/armas-768x432.jpg 768w\" sizes=\"(max-width: 896px) 100vw, 896px\" \/><\/figure>\n\n\n\n<p>Los cuatro presuntos delincuentes abatidos en medio de un alegado enfrentamiento a tiros con agentes policiales la tarde de este domingo en el sector Trasero de Maco, La Romana, eran buscados, seg\u00fan la instituci\u00f3n del orden, por la muerte de dos personas, as\u00ed como el secuestro de un ciudadano.<\/p>\n\n\n\n<p>Durante el hecho, dos personas resultaron heridas. Un miembro de la uniformada y otro presunto delincuente. &#8220;En la intervenci\u00f3n un agente policial recibi\u00f3 tres impactos de bala en chaleco antibalas que le provocaron traumas en el t\u00f3rax&#8221;, dijo la entidad en una nota de prensa.<\/p>\n\n\n\n<p>Los muertos son Cristian Eusebio Dorote (Kilo El Viejo del Bloque), de 19 a\u00f1os; Maikel Rosario Do\u00f1e, de 25; Ferm\u00edn Villegas (Yonatan y\/o Chuqui), de 18, y Raimin Ernesto Mart\u00ednez P\u00e9rez (Macajai), de 19, quienes fallecieron mientras recib\u00edan atenciones m\u00e9dicas en el Hospital Dr. Ar\u00edstides Fiallo Cabral. Un quinto integrante del grupo delictivo: Isaiac P\u00e9rez de Los Santos, de 24, result\u00f3 con heridas de bala en el brazo y costado derecho.<\/p>\n\n\n\n<p>Seg\u00fan una nota de prensa, la Polic\u00eda los buscaba de manera activa por &#8220;su alta peligrosidad&#8221; por las muertes de Esmerling Cede\u00f1o (Califa), el pasado 21-10-2024, y de Chantal Noem\u00ed Vega, en fecha 30-08-2024, en el sector San Carlos, de La Romana. Exist\u00eda la orden de arresto No. 197-1-2024-OAR-01397.<\/p>\n\n\n\n<p>Mientras que en contra Do\u00f1\u00e9 exist\u00eda orden de arresto 197-2024OAR-01130 por haber causado heridas de bala al vigilante privado Senci\u00f3n Ram\u00f3n Arias Mu\u00f1oz, el 14-12-2024, en el Colegio Bella Vista, para despojarlo de una escopeta; herida de bala al tambi\u00e9n vigilante C\u00e1ndido Nolberto Romero, el 9-7-2024, en la Tienda China &#8220;Coraz\u00f3n Dominicano&#8221;, a quien despojaron de una pistola de fogueo.<\/p>\n\n\n\n<p>Tambi\u00e9n por haber causado herida de bala a otro vigilante identificado como Gervacio Aristel Yan, el 3-12-2024, en el Sector Quisqueya Vieja, para despojarlo de una pistola de fogueo; herida de bala al haitiano Pierre Ocvil Sainvil, para asaltarlo, el 29-10-2024.<\/p>\n\n\n\n<p>Los reportes indican, adem\u00e1s, que el apodado &#8220;Kilo Viejo&#8221; tambi\u00e9n era buscado mediante orden No.197-1-OAR-00869-2023, por haber penetrado al Centro M\u00e9dico Romana, el 11-09-2023, donde sustrajo tel\u00e9fonos celulares, siendo identificado por las c\u00e1maras de seguridad.<\/p>\n\n\n\n<p><strong>Secuestro<\/strong><\/p>\n\n\n\n<p>El grupo es se\u00f1alado, adem\u00e1s, como los presuntos responsables de en fecha 02-12-2024, secuestrar a Miguel \u00c1ngel Ubiera Cede\u00f1o, de 24 a\u00f1os, en el sector San Carlos, a quien montaron en un veh\u00edculo Hyundai blanco, golpearon para que sus parientes buscaran la suma de RD$100,000.00.<\/p>\n\n\n\n<p>Al no obtener la suma de dinero exigida, despojaron a Ubiera Cede\u00f1o de su tel\u00e9fono, una cadena de oro y lo lanzaron al rio salado de Trasero de Maco, de donde logr\u00f3 escapar.<\/p>\n\n\n\n<p>Existen otras denuncias presentadas por ciudadanos, las cuales ser\u00e1n cotejadas para comprobar que hayan sido los envueltos en el presente caso los autores.<\/p>\n\n\n\n<p><strong>Armas ocupadas<\/strong><\/p>\n\n\n\n<p>En poder de los hoy occisos y el herido, la Polic\u00eda ocup\u00f3 las pistolas marcas FEG Carandai, Cal.9mms., numeraci\u00f3n ilegible, con un cargador con capacidad para 30 c\u00e1psulas, el cual ten\u00eda 9 c\u00e1psulas y la Glock, Cal.9mms., sin numeraci\u00f3n, con su cargador y cinco c\u00e1psulas.<\/p>\n\n\n\n<p>Tambi\u00e9n un rev\u00f3lver marca y numeraci\u00f3n no visible, Cal.38, en su masa cil\u00edndrica con 4 c\u00e1psulas y un casquillo, y una pistola de fogueo, con 4 c\u00e1psulas para la misma. El grupo tambi\u00e9n ten\u00eda en su poder un chaleco antibalas.<\/p>\n\n\n\n<p><\/p>\n","protected":false},"excerpt":{"rendered":"<p>Un enfrentamiento entre agentes policiales y presuntos delincuentes ocurrido la tarde de este domingo ha dejado un saldo de cuatro muertos y un herido en el sector Trasero de Maco,&hellip;<\/p>\n","protected":false},"author":2,"featured_media":57635,"comment_status":"open","ping_status":"open","sticky":false,"template":"","format":"standard","meta":{"content-type":"","jetpack_post_was_ever_published":false,"_jetpack_newsletter_access":"","_jetpack_dont_email_post_to_subs":false,"_jetpack_newsletter_tier_id":0,"_jetpack_memberships_contains_paywalled_content":false,"_jetpack_memberships_contains_paid_content":false,"footnotes":""},"categories":[3057],"tags":[1397,4873,965,48,16699],"class_list":["post-92138","post","type-post","status-publish","format-standard","has-post-thumbnail","hentry","category-militares","tag-cuatro","tag-delincuentes","tag-la-romana","tag-policia","tag-se-lambe"],"jetpack_featured_media_url":"https:\/\/lasprimeras.com.do\/wp-content\/uploads\/2023\/08\/disparo.jpg","jetpack-related-posts":[{"id":126736,"url":"https:\/\/lasprimeras.com.do\/index.php\/2026\/04\/04\/miembros-de-la-pn-se-lamben-presunto-delincuente-en-los-alcarrizos\/","url_meta":{"origin":92138,"position":0},"title":"Miembros de la PN se lamben presunto delincuente en Los Alcarrizos","author":"Nelson Feliz","date":"4 de abril de 2026","format":false,"excerpt":"Le ocupan arma de fuego con la que atac\u00f3 agentes policiales. La Polic\u00eda Nacional informa que un hombre result\u00f3 muerto por heridas de bala tras enfrentar a una patrulla de Investigaciones en un hecho ocurrido la noche del jueves 2 de abril de 2026, en el municipio Los Alcarrizos, Santo\u2026","rel":"","context":"En \u00abNACIONALES\u00bb","block_context":{"text":"NACIONALES","link":"https:\/\/lasprimeras.com.do\/index.php\/category\/nacionales\/"},"img":{"alt_text":"","src":"https:\/\/i0.wp.com\/lasprimeras.com.do\/wp-content\/uploads\/2026\/04\/delin-1.jpg?resize=350%2C200&ssl=1","width":350,"height":200,"srcset":"https:\/\/i0.wp.com\/lasprimeras.com.do\/wp-content\/uploads\/2026\/04\/delin-1.jpg?resize=350%2C200&ssl=1 1x, https:\/\/i0.wp.com\/lasprimeras.com.do\/wp-content\/uploads\/2026\/04\/delin-1.jpg?resize=525%2C300&ssl=1 1.5x, https:\/\/i0.wp.com\/lasprimeras.com.do\/wp-content\/uploads\/2026\/04\/delin-1.jpg?resize=700%2C400&ssl=1 2x"},"classes":[]},{"id":77744,"url":"https:\/\/lasprimeras.com.do\/index.php\/2024\/02\/24\/policia-mata-presunto-delincuente-en-guachupita\/","url_meta":{"origin":92138,"position":1},"title":"Polic\u00eda mata presunto delincuente en Guachupita","author":"Nelson Feliz","date":"24 de febrero de 2024","format":false,"excerpt":"PN investiga hecho en que hombre resulta muerto en medio de fuego cruzado entre agentes policiales y presunto delincuente. La Direcci\u00f3n General de la Polic\u00eda Nacional investigaci\u00f3n las circunstancias en que un hombre perdi\u00f3 la vida, tras sufrir herida de bala en medio de un fuego cruzado entre agentes policiales\u2026","rel":"","context":"En \u00abMILITARES\u00bb","block_context":{"text":"MILITARES","link":"https:\/\/lasprimeras.com.do\/index.php\/category\/militares\/"},"img":{"alt_text":"Patrulla PN","src":"https:\/\/i0.wp.com\/lasprimeras.com.do\/wp-content\/uploads\/2024\/02\/Patrulla-PN.jpg?resize=350%2C200&ssl=1","width":350,"height":200,"srcset":"https:\/\/i0.wp.com\/lasprimeras.com.do\/wp-content\/uploads\/2024\/02\/Patrulla-PN.jpg?resize=350%2C200&ssl=1 1x, https:\/\/i0.wp.com\/lasprimeras.com.do\/wp-content\/uploads\/2024\/02\/Patrulla-PN.jpg?resize=525%2C300&ssl=1 1.5x, https:\/\/i0.wp.com\/lasprimeras.com.do\/wp-content\/uploads\/2024\/02\/Patrulla-PN.jpg?resize=700%2C400&ssl=1 2x"},"classes":[]},{"id":84165,"url":"https:\/\/lasprimeras.com.do\/index.php\/2024\/06\/03\/pn-acribilla-dos-supuestos-delincuentes-en-spm\/","url_meta":{"origin":92138,"position":2},"title":"PN acribilla dos supuestos delincuentes en SPM","author":"Nelson Feliz","date":"3 de junio de 2024","format":false,"excerpt":"Miembros de la Polic\u00eda Nacional acribillaron a dos supuestos delincuentes, este domingo a quienes presuntamente enfrentaron a tiros en el municipio de Quisqueya, San Pedro de Macor\u00eds. Se trata de Ramfis Theophile (alias El Se\u00f1or de los Cielos), de 32 a\u00f1os; y Junior Ram\u00edrez (alias Junior Kepua), quienes murieron \u00abmientras\u2026","rel":"","context":"En \u00abMILITARES\u00bb","block_context":{"text":"MILITARES","link":"https:\/\/lasprimeras.com.do\/index.php\/category\/militares\/"},"img":{"alt_text":"armas y cel","src":"https:\/\/i0.wp.com\/lasprimeras.com.do\/wp-content\/uploads\/2024\/06\/armas-y-cel.jpeg?resize=350%2C200&ssl=1","width":350,"height":200,"srcset":"https:\/\/i0.wp.com\/lasprimeras.com.do\/wp-content\/uploads\/2024\/06\/armas-y-cel.jpeg?resize=350%2C200&ssl=1 1x, https:\/\/i0.wp.com\/lasprimeras.com.do\/wp-content\/uploads\/2024\/06\/armas-y-cel.jpeg?resize=525%2C300&ssl=1 1.5x, https:\/\/i0.wp.com\/lasprimeras.com.do\/wp-content\/uploads\/2024\/06\/armas-y-cel.jpeg?resize=700%2C400&ssl=1 2x"},"classes":[]},{"id":102250,"url":"https:\/\/lasprimeras.com.do\/index.php\/2025\/07\/02\/pn-se-lambe-peligroso-delincuente-el-fay-durante-allanamiento-en-mao\/","url_meta":{"origin":92138,"position":3},"title":"PN se lambe peligroso delincuente \u201cEl Fay\u201d durante allanamiento en Mao","author":"Nelson Feliz","date":"2 de julio de 2025","format":false,"excerpt":"Un reconocido antisocial identificado como Alfredo Tav\u00e1rez, alias \u201cEl Fay\u201d, con antecedentes por robo y microtr\u00e1fico, cay\u00f3 abatido tras enfrentar a tiros a agentes de la Polic\u00eda Nacional durante un allanamiento en el sector Pueblo Nuevo de Mao, provincia Valverde. \u201cEl Fay\u201d, quien figuraba en el sistema policial con fichas\u2026","rel":"","context":"En \u00abMILITARES\u00bb","block_context":{"text":"MILITARES","link":"https:\/\/lasprimeras.com.do\/index.php\/category\/militares\/"},"img":{"alt_text":"","src":"https:\/\/i0.wp.com\/lasprimeras.com.do\/wp-content\/uploads\/2025\/07\/arma.jpg?resize=350%2C200&ssl=1","width":350,"height":200,"srcset":"https:\/\/i0.wp.com\/lasprimeras.com.do\/wp-content\/uploads\/2025\/07\/arma.jpg?resize=350%2C200&ssl=1 1x, https:\/\/i0.wp.com\/lasprimeras.com.do\/wp-content\/uploads\/2025\/07\/arma.jpg?resize=525%2C300&ssl=1 1.5x, https:\/\/i0.wp.com\/lasprimeras.com.do\/wp-content\/uploads\/2025\/07\/arma.jpg?resize=700%2C400&ssl=1 2x"},"classes":[]},{"id":70756,"url":"https:\/\/lasprimeras.com.do\/index.php\/2023\/12\/14\/agentes-del-dicrim-asesinan-dos-presuntos-delincuentes-al-enfrentar-patrulla\/","url_meta":{"origin":92138,"position":4},"title":"Agentes del DICRIM asesinan dos presuntos delincuentes al enfrentar patrulla","author":"Nelson Feliz","date":"14 de diciembre de 2023","format":false,"excerpt":"Por Martin Restituyo Dos reconocidos delincuentes murieron esta noche al enfrentar una patrulla de la Direcci\u00f3n Central de Investigaciones de la Polic\u00eda Nacional (DICRIM) que daban seguimiento por escaparse el pasado 29 de agosto del presente a\u00f1o, cuando eran trasladados desde la c\u00e1rcel La Victoria hacia el Palacio de Justicia\u2026","rel":"","context":"En \u00abMILITARES\u00bb","block_context":{"text":"MILITARES","link":"https:\/\/lasprimeras.com.do\/index.php\/category\/militares\/"},"img":{"alt_text":"dicrim","src":"https:\/\/i0.wp.com\/lasprimeras.com.do\/wp-content\/uploads\/2023\/12\/dicrim.jpeg?resize=350%2C200&ssl=1","width":350,"height":200,"srcset":"https:\/\/i0.wp.com\/lasprimeras.com.do\/wp-content\/uploads\/2023\/12\/dicrim.jpeg?resize=350%2C200&ssl=1 1x, https:\/\/i0.wp.com\/lasprimeras.com.do\/wp-content\/uploads\/2023\/12\/dicrim.jpeg?resize=525%2C300&ssl=1 1.5x, https:\/\/i0.wp.com\/lasprimeras.com.do\/wp-content\/uploads\/2023\/12\/dicrim.jpeg?resize=700%2C400&ssl=1 2x"},"classes":[]},{"id":57393,"url":"https:\/\/lasprimeras.com.do\/index.php\/2023\/08\/11\/sargento-pn-y-presunto-delincuente-mueren-en-intercambio-de-disparos-en-sabana-perdida\/","url_meta":{"origin":92138,"position":5},"title":"Sargento PN y presunto delincuente mueren en intercambio de disparos en Sabana Perdida","author":"Nelson Feliz","date":"11 de agosto de 2023","format":false,"excerpt":"Un sargento de la Polic\u00eda Nacional (PN) y un presunto delincuente resultaron muertos en un enfrentamiento a tiros en Sabana Perdida, Santo Domingo Norte. El sargento fue identificado como Franco Mel\u00e9ndez M\u00e9ndez, de 38 a\u00f1os, quien falleci\u00f3 la ma\u00f1ana del jueves mientras recib\u00eda atenciones m\u00e9dicas como consecuencia de herida de\u2026","rel":"","context":"En \u00abMILITARES\u00bb","block_context":{"text":"MILITARES","link":"https:\/\/lasprimeras.com.do\/index.php\/category\/militares\/"},"img":{"alt_text":"Tres hombres fueron asesinados la madrugada de este martes a balazos en el barrio Campeche","src":"https:\/\/i0.wp.com\/lasprimeras.com.do\/wp-content\/uploads\/2023\/07\/bala.jpg?resize=350%2C200&ssl=1","width":350,"height":200,"srcset":"https:\/\/i0.wp.com\/lasprimeras.com.do\/wp-content\/uploads\/2023\/07\/bala.jpg?resize=350%2C200&ssl=1 1x, https:\/\/i0.wp.com\/lasprimeras.com.do\/wp-content\/uploads\/2023\/07\/bala.jpg?resize=525%2C300&ssl=1 1.5x, https:\/\/i0.wp.com\/lasprimeras.com.do\/wp-content\/uploads\/2023\/07\/bala.jpg?resize=700%2C400&ssl=1 2x"},"classes":[]}],"jetpack_sharing_enabled":true,"_links":{"self":[{"href":"https:\/\/lasprimeras.com.do\/index.php\/wp-json\/wp\/v2\/posts\/92138","targetHints":{"allow":["GET"]}}],"collection":[{"href":"https:\/\/lasprimeras.com.do\/index.php\/wp-json\/wp\/v2\/posts"}],"about":[{"href":"https:\/\/lasprimeras.com.do\/index.php\/wp-json\/wp\/v2\/types\/post"}],"author":[{"embeddable":true,"href":"https:\/\/lasprimeras.com.do\/index.php\/wp-json\/wp\/v2\/users\/2"}],"replies":[{"embeddable":true,"href":"https:\/\/lasprimeras.com.do\/index.php\/wp-json\/wp\/v2\/comments?post=92138"}],"version-history":[{"count":2,"href":"https:\/\/lasprimeras.com.do\/index.php\/wp-json\/wp\/v2\/posts\/92138\/revisions"}],"predecessor-version":[{"id":92144,"href":"https:\/\/lasprimeras.com.do\/index.php\/wp-json\/wp\/v2\/posts\/92138\/revisions\/92144"}],"wp:featuredmedia":[{"embeddable":true,"href":"https:\/\/lasprimeras.com.do\/index.php\/wp-json\/wp\/v2\/media\/57635"}],"wp:attachment":[{"href":"https:\/\/lasprimeras.com.do\/index.php\/wp-json\/wp\/v2\/media?parent=92138"}],"wp:term":[{"taxonomy":"category","embeddable":true,"href":"https:\/\/lasprimeras.com.do\/index.php\/wp-json\/wp\/v2\/categories?post=92138"},{"taxonomy":"post_tag","embeddable":true,"href":"https:\/\/lasprimeras.com.do\/index.php\/wp-json\/wp\/v2\/tags?post=92138"}],"curies":[{"name":"wp","href":"https:\/\/api.w.org\/{rel}","templated":true}]}}