{"id":92140,"date":"2024-12-29T23:04:19","date_gmt":"2024-12-30T03:04:19","guid":{"rendered":"https:\/\/lasprimeras.com.do\/?p=92140"},"modified":"2024-12-29T23:04:20","modified_gmt":"2024-12-30T03:04:20","slug":"identifican-a-140-de-las-179-victimas-del-accidente-de-jeju-air-en-corea-del-sur","status":"publish","type":"post","link":"https:\/\/lasprimeras.com.do\/index.php\/2024\/12\/29\/identifican-a-140-de-las-179-victimas-del-accidente-de-jeju-air-en-corea-del-sur\/","title":{"rendered":"Identifican a 140 de las 179 victimas del accidente de Jeju Air en Corea del Sur"},"content":{"rendered":"\n<p><strong>Las pertenencias de las v\u00edctimas se est\u00e1n recogiendo de la pista y la zona se conservar\u00e1 intacta a la espera de que las autoridades investiguen la causa exacta del accidente.<\/strong><\/p>\n\n\n\n<p><strong>Se\u00fal,EFE &#8211;<\/strong> Las autoridades surcoreanas anunciaron este lunes que han identificado a 140 de las 179 v\u00edctimas que perdieron la vida en el accidente a\u00e9reo del Aeropuerto Internacional de Muan y una gran mayor\u00eda ya se ha trasladado a una morgue temporal.<\/p>\n\n\n\n<p>&#8220;Una vez que estemos listos para trasladar los cuerpos tras las autopsias realizadas por las agencias de investigaci\u00f3n, nos pondremos en contacto con las familias&#8221;, dijo un funcionario surcoreano en declaraciones recogidas por la agencia surcoreana Yonhap.<\/p>\n\n\n\n<p>Las pertenencias de las v\u00edctimas se est\u00e1n recogiendo de la pista y la zona se conservar\u00e1 intacta a la espera de que las autoridades investiguen la causa exacta del accidente.<\/p>\n\n\n\n<p>El domingo, el vuelo 7C2216 de la surcoreana Jeju Air estall\u00f3 tras aterrizar y salirse de pista en el aeropuerto de Muan (suroeste) y se sald\u00f3 con 179 muertos y solo dos supervivientes, lo que supone el peor siniestro de la aviaci\u00f3n civil acaecido jam\u00e1s en suelo surcoreano.<\/p>\n\n\n\n<p>El accidente se produjo alrededor de las 9:03 (00:07 GMT), cuando el avi\u00f3n, un Boeing 737-800 que parti\u00f3 horas antes del aeropuerto Suvarnabhumi de Bangkok (Tailandia), aterriz\u00f3 en Muan (290 kil\u00f3metros al suroeste de Se\u00fal) sin tener el tren de aterrizaje desplegado y acab\u00f3 chocando contra un muro, lo que hizo que el aparato estallara.<\/p>\n\n\n\n<p>A bordo viajaban 181 personas, seis de la tripulaci\u00f3n (piloto, copiloto y cuatro auxiliares) y 175 pasajeros, de los que 173 eran surcoreanos, en su mayor\u00eda personas que retornaban de vacaciones en familia, y dos de nacionalidad tailandesa.<\/p>\n\n\n\n<p>Por el momento las autoridades, que ya investigan el siniestro, creen que la causa del accidente podr\u00eda ser el fallo para desplegar el tren de aterrizaje y otros mecanismos de frenado, posiblemente debido a una colisi\u00f3n con un p\u00e1jaro.<\/p>\n\n\n\n<p>Las dos cajas negras fueron halladas horas despu\u00e9s del siniestro, aunque el Ministerio de Transporte surcoreano ha informado de que la grabadora de datos de vuelo (FDR) ha sufrido da\u00f1os, y que por ello se podr\u00eda tardar entre uno y seis meses en decodificarla.<\/p>\n","protected":false},"excerpt":{"rendered":"<p>Las pertenencias de las v\u00edctimas se est\u00e1n recogiendo de la pista y la zona se conservar\u00e1 intacta a la espera de que las autoridades investiguen la causa exacta del accidente.&hellip;<\/p>\n","protected":false},"author":2,"featured_media":92100,"comment_status":"open","ping_status":"open","sticky":false,"template":"","format":"standard","meta":{"content-type":"","jetpack_post_was_ever_published":false,"_jetpack_newsletter_access":"","_jetpack_dont_email_post_to_subs":false,"_jetpack_newsletter_tier_id":0,"_jetpack_memberships_contains_paywalled_content":false,"_jetpack_memberships_contains_paid_content":false,"footnotes":""},"categories":[16289],"tags":[2211,1723,1617,16701,16700],"class_list":["post-92140","post","type-post","status-publish","format-standard","has-post-thumbnail","hentry","category-internacionales","tag-accidente","tag-corea-del-sur","tag-identifican","tag-jeju-air","tag-victimas-2"],"jetpack_featured_media_url":"https:\/\/lasprimeras.com.do\/wp-content\/uploads\/2024\/12\/Accidente-aereo.png","jetpack-related-posts":[{"id":92099,"url":"https:\/\/lasprimeras.com.do\/index.php\/2024\/12\/29\/accidente-aereo-en-corea-del-sur-deja-179-muertos\/","url_meta":{"origin":92140,"position":0},"title":"Accidente a\u00e9reo en Corea del Sur deja 179 muertos","author":"Nelson Feliz","date":"29 de diciembre de 2024","format":false,"excerpt":"By HYUNG-JIN KIM and KIM TONG-HYUNG SE\u00daL, Corea del Sur (AP) \u2014 Un avi\u00f3n de pasajeros se incendi\u00f3 el domingo tras salirse de la pista en un aeropuerto surcoreano y chocar contra un muro de concreto luego de que su tren de aterrizaje delantero aparentemente no se despleg\u00f3: 179 de\u2026","rel":"","context":"En \u00abINTERNACIONALES\u00bb","block_context":{"text":"INTERNACIONALES","link":"https:\/\/lasprimeras.com.do\/index.php\/category\/sin-categoria\/internacionales\/"},"img":{"alt_text":"","src":"https:\/\/i0.wp.com\/lasprimeras.com.do\/wp-content\/uploads\/2024\/12\/Accidente-aereo.png?resize=350%2C200&ssl=1","width":350,"height":200,"srcset":"https:\/\/i0.wp.com\/lasprimeras.com.do\/wp-content\/uploads\/2024\/12\/Accidente-aereo.png?resize=350%2C200&ssl=1 1x, https:\/\/i0.wp.com\/lasprimeras.com.do\/wp-content\/uploads\/2024\/12\/Accidente-aereo.png?resize=525%2C300&ssl=1 1.5x, https:\/\/i0.wp.com\/lasprimeras.com.do\/wp-content\/uploads\/2024\/12\/Accidente-aereo.png?resize=700%2C400&ssl=1 2x"},"classes":[]},{"id":92128,"url":"https:\/\/lasprimeras.com.do\/index.php\/2024\/12\/29\/rd-expresa-condolencias-a-corea-del-sur-por-accidente-aereo\/","url_meta":{"origin":92140,"position":1},"title":"RD expresa condolencias a Corea del Sur por accidente a\u00e9reo","author":"Nelson Feliz","date":"29 de diciembre de 2024","format":false,"excerpt":"La Rep\u00fablica Dominicana expres\u00f3 este domingo sus condolencias a Corea del Sur por el accidente a\u00e9reo que dej\u00f3 179 muertos despu\u00e9s de que un avi\u00f3n estall\u00f3 tras salirse de pista y chocar contra un muro en el aeropuerto de Muan, a 290 kil\u00f3metros al suroeste de Se\u00fal. \u00abEl Gobierno dominicano\u2026","rel":"","context":"En \u00abNACIONALES\u00bb","block_context":{"text":"NACIONALES","link":"https:\/\/lasprimeras.com.do\/index.php\/category\/nacionales\/"},"img":{"alt_text":"","src":"https:\/\/i0.wp.com\/lasprimeras.com.do\/wp-content\/uploads\/2024\/12\/Accidente-aereo.png?resize=350%2C200&ssl=1","width":350,"height":200,"srcset":"https:\/\/i0.wp.com\/lasprimeras.com.do\/wp-content\/uploads\/2024\/12\/Accidente-aereo.png?resize=350%2C200&ssl=1 1x, https:\/\/i0.wp.com\/lasprimeras.com.do\/wp-content\/uploads\/2024\/12\/Accidente-aereo.png?resize=525%2C300&ssl=1 1.5x, https:\/\/i0.wp.com\/lasprimeras.com.do\/wp-content\/uploads\/2024\/12\/Accidente-aereo.png?resize=700%2C400&ssl=1 2x"},"classes":[]},{"id":99934,"url":"https:\/\/lasprimeras.com.do\/index.php\/2025\/05\/29\/avion-de-patrulla-de-la-marina-surcoreana-se-estrella-en-el-sur-del-pais-y-causa-cuatro-muertos\/","url_meta":{"origin":92140,"position":2},"title":"Avi\u00f3n de patrulla de la Marina surcoreana se estrella en el sur del pa\u00eds y causa cuatro muertos","author":"Nelson Feliz","date":"29 de mayo de 2025","format":false,"excerpt":"POR HYUNG-JIN KIM and KIM TONG-HYUNG SE\u00daL, Corea del Sur (AP) \u2014 Un avi\u00f3n de la Marina de Corea del Sur se estrell\u00f3 durante un vuelo de entrenamiento el jueves y sus cuatro tripulantes fallecieron, se\u00f1al\u00f3 el departamento. El avi\u00f3n de patrulla P-3 sali\u00f3 de su base en la ciudad\u2026","rel":"","context":"En \u00abINTERNACIONALES\u00bb","block_context":{"text":"INTERNACIONALES","link":"https:\/\/lasprimeras.com.do\/index.php\/category\/sin-categoria\/internacionales\/"},"img":{"alt_text":"","src":"https:\/\/i0.wp.com\/lasprimeras.com.do\/wp-content\/uploads\/2025\/05\/aVION.jpg?resize=350%2C200&ssl=1","width":350,"height":200,"srcset":"https:\/\/i0.wp.com\/lasprimeras.com.do\/wp-content\/uploads\/2025\/05\/aVION.jpg?resize=350%2C200&ssl=1 1x, https:\/\/i0.wp.com\/lasprimeras.com.do\/wp-content\/uploads\/2025\/05\/aVION.jpg?resize=525%2C300&ssl=1 1.5x, https:\/\/i0.wp.com\/lasprimeras.com.do\/wp-content\/uploads\/2025\/05\/aVION.jpg?resize=700%2C400&ssl=1 2x"},"classes":[]},{"id":55667,"url":"https:\/\/lasprimeras.com.do\/index.php\/2023\/07\/24\/llega-submarino-nuclear-de-ee-uu-a-un-puerto-de-corea-del-sur-en-medio-de-tensiones-con-el-norte\/","url_meta":{"origin":92140,"position":3},"title":"Llega submarino nuclear de EE.UU. a un puerto de Corea del Sur en medio de tensiones con el Norte","author":"Nelson Feliz","date":"24 de julio de 2023","format":false,"excerpt":"\"Con motivo de la visita del USS Annapolis, las Armadas de Corea del Sur y Estados Unidos planean fortalecer una postura de defensa combinada\", comunic\u00f3 la Armada de Corea del Sur. La Armada de Corea del Sur, citada por Yonhap, comunic\u00f3 que el submarino de propulsi\u00f3n nuclear estadounidense USS Annapolis\u2026","rel":"","context":"En \u00abSin categor\u00eda\u00bb","block_context":{"text":"Sin categor\u00eda","link":"https:\/\/lasprimeras.com.do\/index.php\/category\/sin-categoria\/"},"img":{"alt_text":"El submarino de propulsi\u00f3n nuclear USS Annapolis atraca en una base naval surcoreana en la isla de Jeju.","src":"https:\/\/i0.wp.com\/lasprimeras.com.do\/wp-content\/uploads\/2023\/07\/El-submarino-de-propulsion-nuclear-USS-Annapolis-atraca-en-una-base-naval-surcoreana-en-la-isla-de-Jeju.jpg?resize=350%2C200&ssl=1","width":350,"height":200,"srcset":"https:\/\/i0.wp.com\/lasprimeras.com.do\/wp-content\/uploads\/2023\/07\/El-submarino-de-propulsion-nuclear-USS-Annapolis-atraca-en-una-base-naval-surcoreana-en-la-isla-de-Jeju.jpg?resize=350%2C200&ssl=1 1x, https:\/\/i0.wp.com\/lasprimeras.com.do\/wp-content\/uploads\/2023\/07\/El-submarino-de-propulsion-nuclear-USS-Annapolis-atraca-en-una-base-naval-surcoreana-en-la-isla-de-Jeju.jpg?resize=525%2C300&ssl=1 1.5x, https:\/\/i0.wp.com\/lasprimeras.com.do\/wp-content\/uploads\/2023\/07\/El-submarino-de-propulsion-nuclear-USS-Annapolis-atraca-en-una-base-naval-surcoreana-en-la-isla-de-Jeju.jpg?resize=700%2C400&ssl=1 2x"},"classes":[]},{"id":68763,"url":"https:\/\/lasprimeras.com.do\/index.php\/2023\/11\/27\/seul-japon-y-eu-hacen-ejercicios-navales-con-portaaviones-nuclear\/","url_meta":{"origin":92140,"position":4},"title":"Se\u00fal, Jap\u00f3n y EU hacen ejercicios navales con portaaviones nuclear","author":"BIMARY DE JES\u00daS Matos","date":"27 de noviembre de 2023","format":false,"excerpt":"Se\u00fal.- Los ej\u00e9rcitos de Corea del Sur, Jap\u00f3n y EE.UU. han realizado ejercicios navales combinados que han contado con la participaci\u00f3n del portaaviones de propulsi\u00f3n nuclear estadounidense USS Carl Vinson. En respuesta al reciente lanzamiento de un sat\u00e9lite esp\u00eda por parte de Corea del Norte. El ejercicio tuvo lugar el\u2026","rel":"","context":"En \u00abSin categor\u00eda\u00bb","block_context":{"text":"Sin categor\u00eda","link":"https:\/\/lasprimeras.com.do\/index.php\/category\/sin-categoria\/"},"img":{"alt_text":"","src":"https:\/\/i0.wp.com\/lasprimeras.com.do\/wp-content\/uploads\/2023\/11\/WhatsApp-Image-2023-11-27-at-12.49.03-PM.jpeg?resize=350%2C200&ssl=1","width":350,"height":200,"srcset":"https:\/\/i0.wp.com\/lasprimeras.com.do\/wp-content\/uploads\/2023\/11\/WhatsApp-Image-2023-11-27-at-12.49.03-PM.jpeg?resize=350%2C200&ssl=1 1x, https:\/\/i0.wp.com\/lasprimeras.com.do\/wp-content\/uploads\/2023\/11\/WhatsApp-Image-2023-11-27-at-12.49.03-PM.jpeg?resize=525%2C300&ssl=1 1.5x"},"classes":[]},{"id":61386,"url":"https:\/\/lasprimeras.com.do\/index.php\/2023\/09\/26\/corea-del-sur-amenaza-con-acabar-con-el-regimen-de-corea-del-norte-si-hace-uso-de-su-arsenal-nuclear\/","url_meta":{"origin":92140,"position":5},"title":"Corea del Sur amenaza con &#8220;acabar&#8221; con el &#8220;r\u00e9gimen de Corea del Norte&#8221; si hace uso de su arsenal nuclear","author":"Nelson Feliz","date":"26 de septiembre de 2023","format":false,"excerpt":"El presidente de Corea del Sur, Yoon Suk Yeol, ha amenazado este martes con \"acabar\" con el \"r\u00e9gimen de Corea del Norte\" si hace uso de armas nucleares a medida que aumenta la tensi\u00f3n en la pen\u00ednsula. Para ello, Yoon ha asegurado que contar\u00e1 con la ayuda de Estados Unidos\u2026","rel":"","context":"En \u00abSin categor\u00eda\u00bb","block_context":{"text":"Sin categor\u00eda","link":"https:\/\/lasprimeras.com.do\/index.php\/category\/sin-categoria\/"},"img":{"alt_text":"El presidente surcoreano, Yoon Suk Yeol, saluda a la multitud durante una celebraci\u00f3n para conmemorar el 75.\u00ba aniversario del D\u00eda de las Fuerzas Armadas, en Seongnam, Corea del Sur, el martes 26 de septiembre de 2023.KIM HONG-JI \/ AP","src":"https:\/\/i0.wp.com\/lasprimeras.com.do\/wp-content\/uploads\/2023\/09\/Yoon-Suk-Yeol.jpeg?resize=350%2C200&ssl=1","width":350,"height":200,"srcset":"https:\/\/i0.wp.com\/lasprimeras.com.do\/wp-content\/uploads\/2023\/09\/Yoon-Suk-Yeol.jpeg?resize=350%2C200&ssl=1 1x, https:\/\/i0.wp.com\/lasprimeras.com.do\/wp-content\/uploads\/2023\/09\/Yoon-Suk-Yeol.jpeg?resize=525%2C300&ssl=1 1.5x, https:\/\/i0.wp.com\/lasprimeras.com.do\/wp-content\/uploads\/2023\/09\/Yoon-Suk-Yeol.jpeg?resize=700%2C400&ssl=1 2x"},"classes":[]}],"jetpack_sharing_enabled":true,"_links":{"self":[{"href":"https:\/\/lasprimeras.com.do\/index.php\/wp-json\/wp\/v2\/posts\/92140","targetHints":{"allow":["GET"]}}],"collection":[{"href":"https:\/\/lasprimeras.com.do\/index.php\/wp-json\/wp\/v2\/posts"}],"about":[{"href":"https:\/\/lasprimeras.com.do\/index.php\/wp-json\/wp\/v2\/types\/post"}],"author":[{"embeddable":true,"href":"https:\/\/lasprimeras.com.do\/index.php\/wp-json\/wp\/v2\/users\/2"}],"replies":[{"embeddable":true,"href":"https:\/\/lasprimeras.com.do\/index.php\/wp-json\/wp\/v2\/comments?post=92140"}],"version-history":[{"count":1,"href":"https:\/\/lasprimeras.com.do\/index.php\/wp-json\/wp\/v2\/posts\/92140\/revisions"}],"predecessor-version":[{"id":92141,"href":"https:\/\/lasprimeras.com.do\/index.php\/wp-json\/wp\/v2\/posts\/92140\/revisions\/92141"}],"wp:featuredmedia":[{"embeddable":true,"href":"https:\/\/lasprimeras.com.do\/index.php\/wp-json\/wp\/v2\/media\/92100"}],"wp:attachment":[{"href":"https:\/\/lasprimeras.com.do\/index.php\/wp-json\/wp\/v2\/media?parent=92140"}],"wp:term":[{"taxonomy":"category","embeddable":true,"href":"https:\/\/lasprimeras.com.do\/index.php\/wp-json\/wp\/v2\/categories?post=92140"},{"taxonomy":"post_tag","embeddable":true,"href":"https:\/\/lasprimeras.com.do\/index.php\/wp-json\/wp\/v2\/tags?post=92140"}],"curies":[{"name":"wp","href":"https:\/\/api.w.org\/{rel}","templated":true}]}}