{"id":92145,"date":"2024-12-29T23:20:28","date_gmt":"2024-12-30T03:20:28","guid":{"rendered":"https:\/\/lasprimeras.com.do\/?p=92145"},"modified":"2024-12-29T23:20:29","modified_gmt":"2024-12-30T03:20:29","slug":"senador-ricardo-de-los-santos-concluye-serie-de-aguinaldos-navidenos-en-cotui","status":"publish","type":"post","link":"https:\/\/lasprimeras.com.do\/index.php\/2024\/12\/29\/senador-ricardo-de-los-santos-concluye-serie-de-aguinaldos-navidenos-en-cotui\/","title":{"rendered":"Senador Ricardo de los Santos concluye serie de aguinaldos navide\u00f1os en Cotu\u00ed"},"content":{"rendered":"\n<p><strong>La actividad se realiz\u00f3 durante el mes de diciembre con celebraciones similares en los cuatro municipios y 9 distritos municipales de la provincia S\u00e1nchez Ram\u00edrez.<\/strong><\/p>\n\n\n\n<p>Con el objetivo de llevar fiestas, alegr\u00eda, y compartir un jengibre caliente, el senador Ricardo de los Santos, en compa\u00f1\u00eda del diputado Sadoky Duarte, el alcalde de Cotui, Jos\u00e9 Montilla y cientos de mun\u00edcipes de esa ciudad, recorrieron varias calles de ese municipio en un aguinaldo navide\u00f1o que convoc\u00f3 a los residentes a integrase para disfrutar de la alegr\u00eda de la Navidad.<\/p>\n\n\n\n<p>Luego de amplio recorrido por los principales sectores de Cotui, los participantes se unieron al gran cierre de aguinaldos, que incluy\u00f3 los municipios Cotu\u00ed, Fantino, La Mata, y Cevicos. Y tambi\u00e9n los distritos municipales: Quita Sue\u00f1o, Comedero Arriba, Caballero, Angelina, La Bija, Hernando Alonzo, Platanal, y La Cueva.<\/p>\n\n\n\n<p>El gran cierre se realiz\u00f3 con la m\u00fasica del merenguero t\u00edpico el \u201cGuachy viral\u201d donde los asistentes disfrutaron de un amplio repertorio musical, comedias y parodias, as\u00ed como de un rico chocolate con jengibre, t\u00e9, asopao y un gran show de fuegos artificiales, desde el local de la oficina senatorial de esa provincia.<\/p>\n\n\n\n<p>En el marco de la actividad el tambi\u00e9n presidente del Senado, Ricardo de los Santos, aprovech\u00f3 para desear a los dominicanos una feliz Navidad, y un pr\u00f3spero a\u00f1o con la expectativa y el optimismo de que el 2025 llegue lleno de salud y con el deseo y la esperanza de que la Rep\u00fablica Dominicana continuar\u00e1 estable en todos los sentidos.<\/p>\n\n\n\n<p>\u201cEsperemos que el sector econ\u00f3mico del pa\u00eds dirigido por la buena gesti\u00f3n de nuestro presidente Luis Abinander y que continue avanzando y desarrolladose como hasta ahora lo ha logrado el gobierno\u201dexpuso De los Santos.<\/p>\n\n\n\n<p>Mientras que, el diputado Sadoky Duarte recomend\u00f3 a los residentes de la comunidad a ser prudentes en las festividades, compartir en familia y disfrutar bajo la paz familiar.<\/p>\n\n\n\n<p>A la actividad de cierre de los aguinaldos navide\u00f1os de S\u00e1nchez Ram\u00edrez se dieron cita vecinos, familiares y residentes que acudieron en motores, carros y hasta en muletas, para llevar a cabo la tradici\u00f3n que mantiene por m\u00e1s de una d\u00e9cada el legislador y representante senatorial de la provincia, Ricardo de los Santos.<\/p>\n\n\n\n<p>Los lugare\u00f1os acudieron al local de la oficina senatorial desafiando la lluvia, arrancando de inmediato a caminar detr\u00e1s de De los Santos, desde las 4:15 de la madrugada, hasta llegar al parque Central, donde empezaron a recorrer los distintos barrios del pueblo.<\/p>\n","protected":false},"excerpt":{"rendered":"<p>La actividad se realiz\u00f3 durante el mes de diciembre con celebraciones similares en los cuatro municipios y 9 distritos municipales de la provincia S\u00e1nchez Ram\u00edrez. Con el objetivo de llevar&hellip;<\/p>\n","protected":false},"author":2,"featured_media":92146,"comment_status":"open","ping_status":"open","sticky":false,"template":"","format":"standard","meta":{"content-type":"","jetpack_post_was_ever_published":false,"_jetpack_newsletter_access":"","_jetpack_dont_email_post_to_subs":false,"_jetpack_newsletter_tier_id":0,"_jetpack_memberships_contains_paywalled_content":false,"_jetpack_memberships_contains_paid_content":false,"footnotes":""},"categories":[35],"tags":[10739,3258,16373,2107,1101],"class_list":["post-92145","post","type-post","status-publish","format-standard","has-post-thumbnail","hentry","category-nacionales","tag-aguinaldos","tag-cotui","tag-navidenos","tag-ricardo-de-los-santos","tag-senador"],"jetpack_featured_media_url":"https:\/\/lasprimeras.com.do\/wp-content\/uploads\/2024\/12\/Ricardo-de-los-Santos-1.jpg","jetpack-related-posts":[{"id":112292,"url":"https:\/\/lasprimeras.com.do\/index.php\/2025\/10\/20\/senador-ricardo-de-los-santos-inauguracion-de-centros-uasd-e-itla-en-cotui-marcan-un-hito-en-la-provincia\/","url_meta":{"origin":92145,"position":0},"title":"Senador Ricardo de los Santos: inauguraci\u00f3n de centros UASD e ITLA en Cotu\u00ed marcan un hito en la provincia","author":"Nelson Feliz","date":"20 de octubre de 2025","format":false,"excerpt":"Por Patricia Jos\u00e9 El presidente del Senado, Ricardo de los Santos, encabez\u00f3 junto al primer mandatario, Luis Abinader, y al ministro de Vivienda y Edificaciones (MIVED), Carlos Bonilla, la inauguraci\u00f3n del Centro Universitario Regional UASD-Cotu\u00ed y de una extensi\u00f3n del Instituto Tecnol\u00f3gico de las Am\u00e9ricas (ITLA) en la provincia S\u00e1nchez\u2026","rel":"","context":"En \u00abNACIONALES\u00bb","block_context":{"text":"NACIONALES","link":"https:\/\/lasprimeras.com.do\/index.php\/category\/nacionales\/"},"img":{"alt_text":"","src":"https:\/\/i0.wp.com\/lasprimeras.com.do\/wp-content\/uploads\/2025\/10\/Ricardo-de-los-Santos-2.jpg?resize=350%2C200&ssl=1","width":350,"height":200,"srcset":"https:\/\/i0.wp.com\/lasprimeras.com.do\/wp-content\/uploads\/2025\/10\/Ricardo-de-los-Santos-2.jpg?resize=350%2C200&ssl=1 1x, https:\/\/i0.wp.com\/lasprimeras.com.do\/wp-content\/uploads\/2025\/10\/Ricardo-de-los-Santos-2.jpg?resize=525%2C300&ssl=1 1.5x, https:\/\/i0.wp.com\/lasprimeras.com.do\/wp-content\/uploads\/2025\/10\/Ricardo-de-los-Santos-2.jpg?resize=700%2C400&ssl=1 2x"},"classes":[]},{"id":76116,"url":"https:\/\/lasprimeras.com.do\/index.php\/2024\/02\/07\/senador-ricardo-de-los-santos-dona-autobuses-a-estudiantes-de-fantino-y-cotui\/","url_meta":{"origin":92145,"position":1},"title":"Senador Ricardo de los Santos dona autobuses a estudiantes de Fantino y Cotui","author":"Nelson Feliz","date":"7 de febrero de 2024","format":false,"excerpt":"El senador de la provincia S\u00e1nchez Ram\u00edrez por el Partido Revolucionario Moderno (PRM), Ricardo de los Santos, entreg\u00f3 dos autobuses a las asociaciones de estudiantes universitarios del municipio Fantino y del distrito municipal La Bija de Cotui. El legislador, quien es el candidato a senador nuevamente, expres\u00f3 que los veh\u00edculos\u2026","rel":"","context":"En \u00abPORTADA\u00bb","block_context":{"text":"PORTADA","link":"https:\/\/lasprimeras.com.do\/index.php\/category\/portada\/"},"img":{"alt_text":"Ricardo de los Santos","src":"https:\/\/i0.wp.com\/lasprimeras.com.do\/wp-content\/uploads\/2024\/02\/Ricardo-de-los-Santos-2.jpg?resize=350%2C200&ssl=1","width":350,"height":200,"srcset":"https:\/\/i0.wp.com\/lasprimeras.com.do\/wp-content\/uploads\/2024\/02\/Ricardo-de-los-Santos-2.jpg?resize=350%2C200&ssl=1 1x, https:\/\/i0.wp.com\/lasprimeras.com.do\/wp-content\/uploads\/2024\/02\/Ricardo-de-los-Santos-2.jpg?resize=525%2C300&ssl=1 1.5x, https:\/\/i0.wp.com\/lasprimeras.com.do\/wp-content\/uploads\/2024\/02\/Ricardo-de-los-Santos-2.jpg?resize=700%2C400&ssl=1 2x"},"classes":[]},{"id":70060,"url":"https:\/\/lasprimeras.com.do\/index.php\/2023\/12\/08\/udc-llega-a-barrios-marginados-con-aguinaldo-y-encendido-arbolito-navideno\/","url_meta":{"origin":92145,"position":2},"title":"UDC llega a barrios marginados, con Aguinaldo y encendido \u00e1rbolito Navide\u00f1o","author":"Nelson Feliz","date":"8 de diciembre de 2023","format":false,"excerpt":"En un verdadero ba\u00f1o de pueblo, Luis \u201cEl Gallo\u201d lleg\u00f3 a los barrios marginados de Santo Domingo, llevando alegr\u00eda con su Aguinaldo y encendido de \u00e1rbolitos Navide\u00f1os. Luis Acosta Moreta, Luis \u201cEl Gallo\u201d, puso a bailar ritmos navide\u00f1os a ni\u00f1os, adultos y personas de la tercera edad, en el primer\u2026","rel":"","context":"En \u00abENTRETENIMIENTO\u00bb","block_context":{"text":"ENTRETENIMIENTO","link":"https:\/\/lasprimeras.com.do\/index.php\/category\/entretenimiento\/"},"img":{"alt_text":"encendido \u00e1rbolito Navide\u00f1o","src":"https:\/\/i0.wp.com\/lasprimeras.com.do\/wp-content\/uploads\/2023\/12\/encendido-arbolito-Navideno.jpg?resize=350%2C200&ssl=1","width":350,"height":200,"srcset":"https:\/\/i0.wp.com\/lasprimeras.com.do\/wp-content\/uploads\/2023\/12\/encendido-arbolito-Navideno.jpg?resize=350%2C200&ssl=1 1x, https:\/\/i0.wp.com\/lasprimeras.com.do\/wp-content\/uploads\/2023\/12\/encendido-arbolito-Navideno.jpg?resize=525%2C300&ssl=1 1.5x, https:\/\/i0.wp.com\/lasprimeras.com.do\/wp-content\/uploads\/2023\/12\/encendido-arbolito-Navideno.jpg?resize=700%2C400&ssl=1 2x"},"classes":[]},{"id":85785,"url":"https:\/\/lasprimeras.com.do\/index.php\/2024\/07\/08\/club-de-leones-cotui-reconoce-al-presidente-del-senado-por-sus-aportes-y-labor-social\/","url_meta":{"origin":92145,"position":3},"title":"Club de Leones Cotu\u00ed reconoce al presidente del Senado por sus aportes y labor social","author":"Nelson Feliz","date":"8 de julio de 2024","format":false,"excerpt":"El presidente Ricardo de los Santos fue reconocido durante una visita guiada donde los leones conocieron distintas \u00e1reas del Senado de la Rep\u00fablica. El presidente del Senado, Ricardo de los Santos, fue sorprendido por integrantes del Club de Leones de Cotu\u00ed, con una placa de reconocimiento por sus grandes aportes\u2026","rel":"","context":"En \u00abNACIONALES\u00bb","block_context":{"text":"NACIONALES","link":"https:\/\/lasprimeras.com.do\/index.php\/category\/nacionales\/"},"img":{"alt_text":"","src":"https:\/\/i0.wp.com\/lasprimeras.com.do\/wp-content\/uploads\/2024\/07\/Ricardo-de-los-Santos-1.jpg?resize=350%2C200&ssl=1","width":350,"height":200,"srcset":"https:\/\/i0.wp.com\/lasprimeras.com.do\/wp-content\/uploads\/2024\/07\/Ricardo-de-los-Santos-1.jpg?resize=350%2C200&ssl=1 1x, https:\/\/i0.wp.com\/lasprimeras.com.do\/wp-content\/uploads\/2024\/07\/Ricardo-de-los-Santos-1.jpg?resize=525%2C300&ssl=1 1.5x"},"classes":[]},{"id":84334,"url":"https:\/\/lasprimeras.com.do\/index.php\/2024\/06\/04\/ricardo-de-los-santos-recibe-reconocimiento-del-club-rotario-de-cotui\/","url_meta":{"origin":92145,"position":4},"title":"Ricardo de los Santos recibe reconocimiento del Club Rotario de Cotu\u00ed","author":"Nelson Feliz","date":"4 de junio de 2024","format":false,"excerpt":"El Club Rotario Cotu\u00ed Incorporado de este municipio, reconoci\u00f3 al presidente del Senado, Ricardo de los Santos, por su extraordinario aporte al fortalecimiento institucional y al sistema democr\u00e1tico de la Rep\u00fablica Dominicana. El legislador por S\u00e1nchez Ram\u00edrez, adem\u00e1s fue distinguido por los Rotarios por ser un legislador de encomiable compromiso\u2026","rel":"","context":"En \u00abSin categor\u00eda\u00bb","block_context":{"text":"Sin categor\u00eda","link":"https:\/\/lasprimeras.com.do\/index.php\/category\/sin-categoria\/"},"img":{"alt_text":"Club Rotario de Cotu\u00ed","src":"https:\/\/i0.wp.com\/lasprimeras.com.do\/wp-content\/uploads\/2024\/06\/Club-Rotario-de-Cotui-1.jpg?resize=350%2C200&ssl=1","width":350,"height":200,"srcset":"https:\/\/i0.wp.com\/lasprimeras.com.do\/wp-content\/uploads\/2024\/06\/Club-Rotario-de-Cotui-1.jpg?resize=350%2C200&ssl=1 1x, https:\/\/i0.wp.com\/lasprimeras.com.do\/wp-content\/uploads\/2024\/06\/Club-Rotario-de-Cotui-1.jpg?resize=525%2C300&ssl=1 1.5x, https:\/\/i0.wp.com\/lasprimeras.com.do\/wp-content\/uploads\/2024\/06\/Club-Rotario-de-Cotui-1.jpg?resize=700%2C400&ssl=1 2x"},"classes":[]},{"id":58667,"url":"https:\/\/lasprimeras.com.do\/index.php\/2023\/08\/27\/ricardo-de-los-santos-juramenta-en-el-prm-al-presidente-y-ex-secretario-del-pld-en-cotui\/","url_meta":{"origin":92145,"position":5},"title":"Ricardo De los Santos juramenta en el PRM al presidente y ex secretario del PLD en Cotui\u00a0","author":"Nelson Feliz","date":"27 de agosto de 2023","format":false,"excerpt":"El senador por la provincia S\u00e1nchez Ram\u00edrez, Ricardo De los Santos, jurament\u00f3 en la fila del Partido Revolucionario Moderno (PRM), al presidente y ex secretario de Organizaci\u00f3n del Partido de la Liberaci\u00f3n Dominicana (PLD), en el Distrito Municipal de Zambrana en Cotui, Cristino Viloria y a su equipo de dirigentes.\u2026","rel":"","context":"En \u00abPORTADA\u00bb","block_context":{"text":"PORTADA","link":"https:\/\/lasprimeras.com.do\/index.php\/category\/portada\/"},"img":{"alt_text":"Ricardo de los Santos","src":"https:\/\/i0.wp.com\/lasprimeras.com.do\/wp-content\/uploads\/2023\/08\/Ricardo-de-los-Santos-2.jpg?resize=350%2C200&ssl=1","width":350,"height":200,"srcset":"https:\/\/i0.wp.com\/lasprimeras.com.do\/wp-content\/uploads\/2023\/08\/Ricardo-de-los-Santos-2.jpg?resize=350%2C200&ssl=1 1x, https:\/\/i0.wp.com\/lasprimeras.com.do\/wp-content\/uploads\/2023\/08\/Ricardo-de-los-Santos-2.jpg?resize=525%2C300&ssl=1 1.5x, https:\/\/i0.wp.com\/lasprimeras.com.do\/wp-content\/uploads\/2023\/08\/Ricardo-de-los-Santos-2.jpg?resize=700%2C400&ssl=1 2x"},"classes":[]}],"jetpack_sharing_enabled":true,"_links":{"self":[{"href":"https:\/\/lasprimeras.com.do\/index.php\/wp-json\/wp\/v2\/posts\/92145","targetHints":{"allow":["GET"]}}],"collection":[{"href":"https:\/\/lasprimeras.com.do\/index.php\/wp-json\/wp\/v2\/posts"}],"about":[{"href":"https:\/\/lasprimeras.com.do\/index.php\/wp-json\/wp\/v2\/types\/post"}],"author":[{"embeddable":true,"href":"https:\/\/lasprimeras.com.do\/index.php\/wp-json\/wp\/v2\/users\/2"}],"replies":[{"embeddable":true,"href":"https:\/\/lasprimeras.com.do\/index.php\/wp-json\/wp\/v2\/comments?post=92145"}],"version-history":[{"count":1,"href":"https:\/\/lasprimeras.com.do\/index.php\/wp-json\/wp\/v2\/posts\/92145\/revisions"}],"predecessor-version":[{"id":92147,"href":"https:\/\/lasprimeras.com.do\/index.php\/wp-json\/wp\/v2\/posts\/92145\/revisions\/92147"}],"wp:featuredmedia":[{"embeddable":true,"href":"https:\/\/lasprimeras.com.do\/index.php\/wp-json\/wp\/v2\/media\/92146"}],"wp:attachment":[{"href":"https:\/\/lasprimeras.com.do\/index.php\/wp-json\/wp\/v2\/media?parent=92145"}],"wp:term":[{"taxonomy":"category","embeddable":true,"href":"https:\/\/lasprimeras.com.do\/index.php\/wp-json\/wp\/v2\/categories?post=92145"},{"taxonomy":"post_tag","embeddable":true,"href":"https:\/\/lasprimeras.com.do\/index.php\/wp-json\/wp\/v2\/tags?post=92145"}],"curies":[{"name":"wp","href":"https:\/\/api.w.org\/{rel}","templated":true}]}}