{"id":92148,"date":"2024-12-23T23:24:20","date_gmt":"2024-12-24T03:24:20","guid":{"rendered":"https:\/\/lasprimeras.com.do\/?p=92148"},"modified":"2024-12-29T23:27:24","modified_gmt":"2024-12-30T03:27:24","slug":"codue-pide-a-la-poblacion-evitar-excesos-durante-nochebuena-y-navidad","status":"publish","type":"post","link":"https:\/\/lasprimeras.com.do\/index.php\/2024\/12\/23\/codue-pide-a-la-poblacion-evitar-excesos-durante-nochebuena-y-navidad\/","title":{"rendered":"CODUE pide a la poblaci\u00f3n evitar excesos durante Nochebuena y Navidad"},"content":{"rendered":"\n<p>El presidente del Consejo Nacional de Unidad Evang\u00e9lica (CODUE), Feliciano Lacen, llam\u00f3&nbsp;a la poblaci\u00f3n dominicana a actuar con prudencia y moderaci\u00f3n durante la celebraci\u00f3n de Nochebuena y el feriado de Navidad.<\/p>\n\n\n\n<p>Dijo que la \u00e9poca&nbsp;de tanta trascendencia debe ser aprovechada para disfrutarla en un ambiente de confraternidad y mancomunidad con familiares, amigos y vecinos, &#8220;evitando excesos que puedan provocar situaciones de dolor como accidentes de tr\u00e1nsito y otros hechos que lleven luto a la familia dominicana&#8221;.<\/p>\n\n\n\n<p>&#8220;Es costumbre ver como decenas de personas pierden la vida en distintas situaciones violentas, debido a los excesos y el desenfreno que se apodera de muchos en las festividades navide\u00f1as. Por eso desde CODUE hacemos un llamado a la cordura y la prudencia&#8221;, manifest\u00f3.<\/p>\n\n\n\n<p>Feliciano Lacen apel\u00f3 a la conciencia y a la responsabilidad de conductores que se desplazan por el Gran Santo Domingo o hacia el interior del pa\u00eds a no ingerir bebidas alcoh\u00f3licas, mientras conducen.<\/p>\n\n\n\n<p>&#8220;Una simple actitud responsable puede salvar vidas&#8221;, puntualiz\u00f3.<\/p>\n\n\n\n<p>El tambi\u00e9n pastor evang\u00e9lico dijo que&nbsp;en medio del ajetreo y el bullicio que car\u00e1cteriza la Navidad, la ocasi\u00f3n es propicia para reflexionar sobre la peregrinaci\u00f3n de Jes\u00fas y de cada una de sus ense\u00f1anazas, teniendo como eje principal el amor a Dios y al pr\u00f3jimo.<\/p>\n\n\n\n<p>&#8220;Es tiempo de compartir no solo un plato de comida o un regalo, sino tambi\u00e9n amor, tolerancia y comprensi\u00f3n a los dem\u00e1s, como espera Jes\u00fas que lo hagamos&#8221;, concluy\u00f3.<\/p>\n","protected":false},"excerpt":{"rendered":"<p>El presidente del Consejo Nacional de Unidad Evang\u00e9lica (CODUE), Feliciano Lacen, llam\u00f3&nbsp;a la poblaci\u00f3n dominicana a actuar con prudencia y moderaci\u00f3n durante la celebraci\u00f3n de Nochebuena y el feriado de&hellip;<\/p>\n","protected":false},"author":2,"featured_media":92149,"comment_status":"open","ping_status":"open","sticky":false,"template":"","format":"standard","meta":{"content-type":"","jetpack_post_was_ever_published":false,"_jetpack_newsletter_access":"","_jetpack_dont_email_post_to_subs":false,"_jetpack_newsletter_tier_id":0,"_jetpack_memberships_contains_paywalled_content":false,"_jetpack_memberships_contains_paid_content":false,"footnotes":""},"categories":[35],"tags":[1985,16702,9341,10626,1417],"class_list":["post-92148","post","type-post","status-publish","format-standard","has-post-thumbnail","hentry","category-nacionales","tag-codue","tag-evitar-excesos","tag-navidad","tag-nochebuena","tag-poblacion"],"jetpack_featured_media_url":"https:\/\/lasprimeras.com.do\/wp-content\/uploads\/2024\/12\/Feliciano-Lacen.jpg","jetpack-related-posts":[{"id":71760,"url":"https:\/\/lasprimeras.com.do\/index.php\/2023\/12\/22\/omsa-da-a-conocer-horario-por-nochebuena-y-navidad\/","url_meta":{"origin":92148,"position":0},"title":"OMSA da a conocer horario por Nochebuena y Navidad","author":"BIMARY DE JES\u00daS Matos","date":"22 de diciembre de 2023","format":false,"excerpt":"SANTO DOMINGO.- La Operadora Metropolitana de Servicios de Autobuses (OMSA) inform\u00f3 este viernes que sus autobuses estar\u00e1n circulando en las calles durante celebraci\u00f3n de Nochebuena y feriado de Navidad, pero que realizar\u00e1 cambios en sus horarios de servicio. La entidad de transporte p\u00fablico explic\u00f3, en un comunicado de prensa, que,\u2026","rel":"","context":"En \u00abPORTADA\u00bb","block_context":{"text":"PORTADA","link":"https:\/\/lasprimeras.com.do\/index.php\/category\/portada\/"},"img":{"alt_text":"","src":"https:\/\/i0.wp.com\/lasprimeras.com.do\/wp-content\/uploads\/2023\/12\/OMSA-trabajara-durante-Nochebuena-y-feriado-de-Navidad-3.webp?resize=350%2C200&ssl=1","width":350,"height":200,"srcset":"https:\/\/i0.wp.com\/lasprimeras.com.do\/wp-content\/uploads\/2023\/12\/OMSA-trabajara-durante-Nochebuena-y-feriado-de-Navidad-3.webp?resize=350%2C200&ssl=1 1x, https:\/\/i0.wp.com\/lasprimeras.com.do\/wp-content\/uploads\/2023\/12\/OMSA-trabajara-durante-Nochebuena-y-feriado-de-Navidad-3.webp?resize=525%2C300&ssl=1 1.5x, https:\/\/i0.wp.com\/lasprimeras.com.do\/wp-content\/uploads\/2023\/12\/OMSA-trabajara-durante-Nochebuena-y-feriado-de-Navidad-3.webp?resize=700%2C400&ssl=1 2x, https:\/\/i0.wp.com\/lasprimeras.com.do\/wp-content\/uploads\/2023\/12\/OMSA-trabajara-durante-Nochebuena-y-feriado-de-Navidad-3.webp?resize=1050%2C600&ssl=1 3x"},"classes":[]},{"id":80140,"url":"https:\/\/lasprimeras.com.do\/index.php\/2024\/04\/04\/codue-considera-irracional-y-mal-fundada-posicion-de-amnistia-internacional-contra-rd\/","url_meta":{"origin":92148,"position":1},"title":"CODUE considera \u00abirracional y mal fundada\u00bb posici\u00f3n de Amnist\u00eda Internacional contra RD","author":"BIMARY DE JES\u00daS Matos","date":"4 de abril de 2024","format":false,"excerpt":"SANTO DOMINGO. El Consejo Dominicano de Unidad Evang\u00e9lica (CODUE) considera que la postura asumida por la organizaci\u00f3n Amnist\u00eda Internacional en contra de la Rep\u00fablica Dominicana en relaci\u00f3n al denominado \u00abtrato racista\u00bb, carece de toda racionalidad y mal fundamento, y responde a la injerencia que tratan de imponer a la fuerza\u2026","rel":"","context":"En \u00abNACIONALES\u00bb","block_context":{"text":"NACIONALES","link":"https:\/\/lasprimeras.com.do\/index.php\/category\/nacionales\/"},"img":{"alt_text":"","src":"https:\/\/i0.wp.com\/lasprimeras.com.do\/wp-content\/uploads\/2024\/04\/WhatsApp-Image-2024-04-04-at-11.39.53-AM.jpeg?resize=350%2C200&ssl=1","width":350,"height":200,"srcset":"https:\/\/i0.wp.com\/lasprimeras.com.do\/wp-content\/uploads\/2024\/04\/WhatsApp-Image-2024-04-04-at-11.39.53-AM.jpeg?resize=350%2C200&ssl=1 1x, https:\/\/i0.wp.com\/lasprimeras.com.do\/wp-content\/uploads\/2024\/04\/WhatsApp-Image-2024-04-04-at-11.39.53-AM.jpeg?resize=525%2C300&ssl=1 1.5x, https:\/\/i0.wp.com\/lasprimeras.com.do\/wp-content\/uploads\/2024\/04\/WhatsApp-Image-2024-04-04-at-11.39.53-AM.jpeg?resize=700%2C400&ssl=1 2x, https:\/\/i0.wp.com\/lasprimeras.com.do\/wp-content\/uploads\/2024\/04\/WhatsApp-Image-2024-04-04-at-11.39.53-AM.jpeg?resize=1050%2C600&ssl=1 3x"},"classes":[]},{"id":71517,"url":"https:\/\/lasprimeras.com.do\/index.php\/2023\/12\/20\/autoridades-refuerzan-emergencias-de-hospitales-por-asueto-de-nochebuena-y-navidad\/","url_meta":{"origin":92148,"position":2},"title":"Autoridades refuerzan emergencias de hospitales por asueto de Nochebuena y Navidad","author":"BIMARY DE JES\u00daS Matos","date":"20 de diciembre de 2023","format":false,"excerpt":"Santo Domingo.-El director del Servicio Nacional de Salud (SNS), Mario Lama, inform\u00f3 que las Emergencias de los centros hospitalarios que conforman la Red P\u00fablica fueron fortalecidas con personal m\u00e9dico, medicamentos y camas extras para atender las eventualidades que suelen presentarse durante el asueto de Nochebuena y Navidad. El doctor Lama\u2026","rel":"","context":"En \u00abPORTADA\u00bb","block_context":{"text":"PORTADA","link":"https:\/\/lasprimeras.com.do\/index.php\/category\/portada\/"},"img":{"alt_text":"","src":"https:\/\/i0.wp.com\/lasprimeras.com.do\/wp-content\/uploads\/2023\/12\/Noticias-19-1.jpg?resize=350%2C200&ssl=1","width":350,"height":200,"srcset":"https:\/\/i0.wp.com\/lasprimeras.com.do\/wp-content\/uploads\/2023\/12\/Noticias-19-1.jpg?resize=350%2C200&ssl=1 1x, https:\/\/i0.wp.com\/lasprimeras.com.do\/wp-content\/uploads\/2023\/12\/Noticias-19-1.jpg?resize=525%2C300&ssl=1 1.5x"},"classes":[]},{"id":76175,"url":"https:\/\/lasprimeras.com.do\/index.php\/2024\/02\/08\/presidente-de-la-jce-recibe-visita-de-cortesia-de-directivos-del-codue-expresan-respaldo-al-pleno\/","url_meta":{"origin":92148,"position":3},"title":"Presidente de la JCE recibe visita de cortes\u00eda de directivos del CODUE; expresan respaldo al Pleno","author":"Nelson Feliz","date":"8 de febrero de 2024","format":false,"excerpt":"El presidente de la Junta Central Electoral (JCE), Rom\u00e1n Andr\u00e9s J\u00e1quez Liranzo, recibi\u00f3 en su despacho una visita de cortes\u00eda de directivos del Consejo Dominicano de la Unidad Evang\u00e9lica (CODUE), con quienes convers\u00f3 sobre el avance del montaje de las elecciones municipales del pr\u00f3ximo domingo 18 de febrero de 2024.\u2026","rel":"","context":"En \u00abNACIONALES\u00bb","block_context":{"text":"NACIONALES","link":"https:\/\/lasprimeras.com.do\/index.php\/category\/nacionales\/"},"img":{"alt_text":"CODUE","src":"https:\/\/i0.wp.com\/lasprimeras.com.do\/wp-content\/uploads\/2024\/02\/JCE.CODUE-1.jpg?resize=350%2C200&ssl=1","width":350,"height":200,"srcset":"https:\/\/i0.wp.com\/lasprimeras.com.do\/wp-content\/uploads\/2024\/02\/JCE.CODUE-1.jpg?resize=350%2C200&ssl=1 1x, https:\/\/i0.wp.com\/lasprimeras.com.do\/wp-content\/uploads\/2024\/02\/JCE.CODUE-1.jpg?resize=525%2C300&ssl=1 1.5x, https:\/\/i0.wp.com\/lasprimeras.com.do\/wp-content\/uploads\/2024\/02\/JCE.CODUE-1.jpg?resize=700%2C400&ssl=1 2x"},"classes":[]},{"id":93214,"url":"https:\/\/lasprimeras.com.do\/index.php\/2025\/01\/26\/codue-dominicanos-debemos-imitar-siempre-el-ejemplo-civico-y-etico-de-juan-pablo-duarte\/","url_meta":{"origin":92148,"position":4},"title":"CODUE: Dominicanos debemos imitar siempre el ejemplo c\u00edvico y \u00e9tico de Juan Pablo Duarte","author":"Nelson Feliz","date":"26 de enero de 2025","format":false,"excerpt":"En un momento tan crucial de nuestra historia y de la naci\u00f3n dominicana, el Consejo Dominicano de Unidad Evang\u00e9lica (CODUE) llama a todos los ciudadanos a imitar y seguir el ejemplo c\u00edvico y \u00e9tico de uno de los m\u00e1s grandes patriotas de la Rep\u00fablica Dominicana, el fundador Juan Pablo Duarte.\u2026","rel":"","context":"En \u00abNACIONALES\u00bb","block_context":{"text":"NACIONALES","link":"https:\/\/lasprimeras.com.do\/index.php\/category\/nacionales\/"},"img":{"alt_text":"Feliciano Lacen","src":"https:\/\/i0.wp.com\/lasprimeras.com.do\/wp-content\/uploads\/2024\/12\/Feliciano-Lacen.jpg?resize=350%2C200&ssl=1","width":350,"height":200,"srcset":"https:\/\/i0.wp.com\/lasprimeras.com.do\/wp-content\/uploads\/2024\/12\/Feliciano-Lacen.jpg?resize=350%2C200&ssl=1 1x, https:\/\/i0.wp.com\/lasprimeras.com.do\/wp-content\/uploads\/2024\/12\/Feliciano-Lacen.jpg?resize=525%2C300&ssl=1 1.5x, https:\/\/i0.wp.com\/lasprimeras.com.do\/wp-content\/uploads\/2024\/12\/Feliciano-Lacen.jpg?resize=700%2C400&ssl=1 2x"},"classes":[]},{"id":83627,"url":"https:\/\/lasprimeras.com.do\/index.php\/2024\/05\/20\/codue-felicita-al-pueblo-dominicano-por-muestras-de-civismo-en-proceso-electoral\/","url_meta":{"origin":92148,"position":5},"title":"CODUE felicita al pueblo dominicano por muestras de civismo en proceso electoral","author":"Nelson Feliz","date":"20 de mayo de 2024","format":false,"excerpt":"El Consejo Dominicano de Unidad Evang\u00e9lica (CODUE) felicit\u00f3 al pueblo dominicano y a la Junta Central Electoral (JCE) por las muestras de civismo y democracia traducidas en unas elecciones presidenciales y congresuales que aportan al fortalecimiento del Estado de derecho. El presidente de la entidad, Feliciano Lacen, se\u00f1al\u00f3 que espera\u2026","rel":"","context":"En \u00abNACIONALES\u00bb","block_context":{"text":"NACIONALES","link":"https:\/\/lasprimeras.com.do\/index.php\/category\/nacionales\/"},"img":{"alt_text":"Feliciano Lacen","src":"https:\/\/i0.wp.com\/lasprimeras.com.do\/wp-content\/uploads\/2024\/05\/Feliciano-Lacen.jpg?resize=350%2C200&ssl=1","width":350,"height":200,"srcset":"https:\/\/i0.wp.com\/lasprimeras.com.do\/wp-content\/uploads\/2024\/05\/Feliciano-Lacen.jpg?resize=350%2C200&ssl=1 1x, https:\/\/i0.wp.com\/lasprimeras.com.do\/wp-content\/uploads\/2024\/05\/Feliciano-Lacen.jpg?resize=525%2C300&ssl=1 1.5x, https:\/\/i0.wp.com\/lasprimeras.com.do\/wp-content\/uploads\/2024\/05\/Feliciano-Lacen.jpg?resize=700%2C400&ssl=1 2x"},"classes":[]}],"jetpack_sharing_enabled":true,"_links":{"self":[{"href":"https:\/\/lasprimeras.com.do\/index.php\/wp-json\/wp\/v2\/posts\/92148","targetHints":{"allow":["GET"]}}],"collection":[{"href":"https:\/\/lasprimeras.com.do\/index.php\/wp-json\/wp\/v2\/posts"}],"about":[{"href":"https:\/\/lasprimeras.com.do\/index.php\/wp-json\/wp\/v2\/types\/post"}],"author":[{"embeddable":true,"href":"https:\/\/lasprimeras.com.do\/index.php\/wp-json\/wp\/v2\/users\/2"}],"replies":[{"embeddable":true,"href":"https:\/\/lasprimeras.com.do\/index.php\/wp-json\/wp\/v2\/comments?post=92148"}],"version-history":[{"count":1,"href":"https:\/\/lasprimeras.com.do\/index.php\/wp-json\/wp\/v2\/posts\/92148\/revisions"}],"predecessor-version":[{"id":92150,"href":"https:\/\/lasprimeras.com.do\/index.php\/wp-json\/wp\/v2\/posts\/92148\/revisions\/92150"}],"wp:featuredmedia":[{"embeddable":true,"href":"https:\/\/lasprimeras.com.do\/index.php\/wp-json\/wp\/v2\/media\/92149"}],"wp:attachment":[{"href":"https:\/\/lasprimeras.com.do\/index.php\/wp-json\/wp\/v2\/media?parent=92148"}],"wp:term":[{"taxonomy":"category","embeddable":true,"href":"https:\/\/lasprimeras.com.do\/index.php\/wp-json\/wp\/v2\/categories?post=92148"},{"taxonomy":"post_tag","embeddable":true,"href":"https:\/\/lasprimeras.com.do\/index.php\/wp-json\/wp\/v2\/tags?post=92148"}],"curies":[{"name":"wp","href":"https:\/\/api.w.org\/{rel}","templated":true}]}}