{"id":92154,"date":"2024-12-29T23:38:43","date_gmt":"2024-12-30T03:38:43","guid":{"rendered":"https:\/\/lasprimeras.com.do\/?p=92154"},"modified":"2024-12-29T23:38:45","modified_gmt":"2024-12-30T03:38:45","slug":"protesta-en-manhattan-contra-la-joyeria-pandora-por-vinculos-con-crueldad-animal","status":"publish","type":"post","link":"https:\/\/lasprimeras.com.do\/index.php\/2024\/12\/29\/protesta-en-manhattan-contra-la-joyeria-pandora-por-vinculos-con-crueldad-animal\/","title":{"rendered":"Protesta en Manhattan contra la joyer\u00eda Pandora por v\u00ednculos con crueldad animal"},"content":{"rendered":"\n<p>Por Luis Alfredo Collado<\/p>\n\n\n\n<p>Nueva York.- Activistas de la organizaci\u00f3n &#8220;Animal Equality&#8221; realizaron una protesta frente a la joyer\u00eda Pandora en el 110 al Oeste de la calle 42 de Manhattan, para denunciar los presuntos v\u00ednculos de la marca de joyer\u00eda con un esc\u00e1ndalo de crueldad animal que involucra a &#8220;Ahold Delhaize&#8221;, un gigante de la distribuci\u00f3n de alimentos a nivel mundial.<\/p>\n\n\n\n<p>Los manifestantes exigieron que Pandora elimine a Jan Zijderveld de su junta directiva que tambi\u00e9n forma parte de &#8220;Ahold Delhaize&#8221;, y tome una postura firme contra las pr\u00e1cticas que confinan animales en jaulas crueles, incluidas cerdas pre\u00f1adas y gallinas ponedoras.<\/p>\n\n\n\n<p>Esta protesta forma parte de un movimiento creciente que busca responsabilizar a las empresas por apoyar cadenas de suministro que perpet\u00faan el sufrimiento animal.<\/p>\n\n\n\n<p>La indignaci\u00f3n p\u00fablica fue alimentada por informes de expertos en bienestar animal, veterinarios y consumidores que condenan el uso de jaulas de gestaci\u00f3n como pr\u00e1cticas crueles contra los animales. Los activistas tambi\u00e9n se\u00f1alaron que esta complicidad podr\u00eda tener graves repercusiones para la reputaci\u00f3n de Pandora si no toma medidas inmediatas.<\/p>\n\n\n\n<p>Adem\u00e1s de la protesta, los manifestantes planean una campa\u00f1a en redes sociales para amplificar el mensaje y exigir transparencia en las pol\u00edticas corporativas de Pandora y Ahold Delhaize. \u201cLos consumidores tienen derecho a saber si est\u00e1n apoyando la crueldad animal al comprar un producto\u201d, dijo una manifestante.<\/p>\n\n\n\n<p>Pandora a\u00fan no ha emitido un comunicado oficial en respuesta a las acusaciones, mientras las demandas de reformas en la cadena de suministro de &#8220;Ahold Delhaize&#8221; contin\u00faan ganando fuerza.<\/p>\n\n\n\n<p>Los activistas han dejado claro que no cesar\u00e1n hasta que las empresas implicadas eliminen las jaulas para animales de sus pr\u00e1cticas comerciales, enviando un mensaje contundente a los l\u00edderes corporativos, porque consideran que el bienestar animal no es negociable.<\/p>\n","protected":false},"excerpt":{"rendered":"<p>Por Luis Alfredo Collado Nueva York.- Activistas de la organizaci\u00f3n &#8220;Animal Equality&#8221; realizaron una protesta frente a la joyer\u00eda Pandora en el 110 al Oeste de la calle 42 de&hellip;<\/p>\n","protected":false},"author":2,"featured_media":92155,"comment_status":"open","ping_status":"open","sticky":false,"template":"","format":"standard","meta":{"content-type":"","jetpack_post_was_ever_published":false,"_jetpack_newsletter_access":"","_jetpack_dont_email_post_to_subs":false,"_jetpack_newsletter_tier_id":0,"_jetpack_memberships_contains_paywalled_content":false,"_jetpack_memberships_contains_paid_content":false,"footnotes":""},"categories":[16289],"tags":[16706,4465,1202,5039],"class_list":["post-92154","post","type-post","status-publish","format-standard","has-post-thumbnail","hentry","category-internacionales","tag-joyeria-pandora","tag-manhattan","tag-protesta","tag-vinculos"],"jetpack_featured_media_url":"https:\/\/lasprimeras.com.do\/wp-content\/uploads\/2024\/12\/pandora.jpg","jetpack-related-posts":[{"id":97452,"url":"https:\/\/lasprimeras.com.do\/index.php\/2025\/04\/21\/dominicanos-alto-manhattan-se-unen-a-protesta-nacional-contra-politica-presidente-trump\/","url_meta":{"origin":92154,"position":0},"title":"Dominicanos Alto Manhattan se unen a protesta nacional contra pol\u00edtica presidente Trump","author":"Nelson Feliz","date":"21 de abril de 2025","format":false,"excerpt":"https:\/\/www.youtube.com\/watch?v=CVTHxvTs_DQ Por Ram\u00f3n Mercedes NUEVA YORK.- M\u00e1s de 300 dominicanos pertenecientes a diversas organizaciones agrupadas en la Coalici\u00f3n por la Defensa de los Inmigrantes en esta ciudad marcharon pac\u00edficamente la tarde de este s\u00e1bado en el Alto Manhattan para unirse a m\u00e1s de 200 protestas realizadas en diferentes lugares de\u2026","rel":"","context":"En \u00abINTERNACIONALES\u00bb","block_context":{"text":"INTERNACIONALES","link":"https:\/\/lasprimeras.com.do\/index.php\/category\/sin-categoria\/internacionales\/"},"img":{"alt_text":"Dominicanos Alto Manhattan se unen a protesta nacional contra pol\u00edtica presidente Trump","src":"https:\/\/i0.wp.com\/lasprimeras.com.do\/wp-content\/uploads\/2025\/04\/WhatsApp-Image-2025-04-21-at-5.16.10-AM.jpeg?resize=350%2C200&ssl=1","width":350,"height":200,"srcset":"https:\/\/i0.wp.com\/lasprimeras.com.do\/wp-content\/uploads\/2025\/04\/WhatsApp-Image-2025-04-21-at-5.16.10-AM.jpeg?resize=350%2C200&ssl=1 1x, https:\/\/i0.wp.com\/lasprimeras.com.do\/wp-content\/uploads\/2025\/04\/WhatsApp-Image-2025-04-21-at-5.16.10-AM.jpeg?resize=525%2C300&ssl=1 1.5x, https:\/\/i0.wp.com\/lasprimeras.com.do\/wp-content\/uploads\/2025\/04\/WhatsApp-Image-2025-04-21-at-5.16.10-AM.jpeg?resize=700%2C400&ssl=1 2x"},"classes":[]},{"id":94730,"url":"https:\/\/lasprimeras.com.do\/index.php\/2025\/03\/04\/detienen-en-nj-48-personas-mayoria-dominicanas-por-participar-en-peleas-de-gallos\/","url_meta":{"origin":92154,"position":1},"title":"Detienen en NJ 48 personas, mayor\u00eda dominicanas por participar en peleas de gallos","author":"Nelson Feliz","date":"4 de marzo de 2025","format":false,"excerpt":"Por Ram\u00f3n Mercedes NUEVA JERSEY.- 48 personas, en su mayor\u00eda dominicanas y puertorrique\u00f1as, fueron detenidas por participar de peleas de gallos en un ring con asientos para espectadores en la ciudad de Mays Landing, distante a 87 kil\u00f3metros de Manhattan. Mays Landing es una comunidad no incorporada y un lugar\u2026","rel":"","context":"En \u00abINTERNACIONALES\u00bb","block_context":{"text":"INTERNACIONALES","link":"https:\/\/lasprimeras.com.do\/index.php\/category\/sin-categoria\/internacionales\/"},"img":{"alt_text":"peleas de gallos","src":"https:\/\/i0.wp.com\/lasprimeras.com.do\/wp-content\/uploads\/2025\/03\/WhatsApp-Image-2025-03-04-at-6.26.30-AM.jpeg?resize=350%2C200&ssl=1","width":350,"height":200,"srcset":"https:\/\/i0.wp.com\/lasprimeras.com.do\/wp-content\/uploads\/2025\/03\/WhatsApp-Image-2025-03-04-at-6.26.30-AM.jpeg?resize=350%2C200&ssl=1 1x, https:\/\/i0.wp.com\/lasprimeras.com.do\/wp-content\/uploads\/2025\/03\/WhatsApp-Image-2025-03-04-at-6.26.30-AM.jpeg?resize=525%2C300&ssl=1 1.5x, https:\/\/i0.wp.com\/lasprimeras.com.do\/wp-content\/uploads\/2025\/03\/WhatsApp-Image-2025-03-04-at-6.26.30-AM.jpeg?resize=700%2C400&ssl=1 2x, https:\/\/i0.wp.com\/lasprimeras.com.do\/wp-content\/uploads\/2025\/03\/WhatsApp-Image-2025-03-04-at-6.26.30-AM.jpeg?resize=1050%2C600&ssl=1 3x"},"classes":[]},{"id":124455,"url":"https:\/\/lasprimeras.com.do\/index.php\/2026\/03\/12\/mp-procesa-a-implicados-en-robo-a-joyeria-de-cristo-rey\/","url_meta":{"origin":92154,"position":2},"title":"MP procesa a implicados en robo a joyer\u00eda de Cristo Rey","author":"Nelson Feliz","date":"12 de marzo de 2026","format":false,"excerpt":"El Ministerio P\u00fablico solicitar\u00e1 medida de coerci\u00f3n contra dos hombres vinculados al asalto a mano armada perpetrado contra una joyer\u00eda ubicada en el sector Cristo Rey, en el Distrito Nacional. La solicitud ser\u00e1 presentada por el Departamento de Cr\u00edmenes y Delitos contra la Persona (Robo) de la Fiscal\u00eda del Distrito\u2026","rel":"","context":"En \u00abJUSTICIA\u00bb","block_context":{"text":"JUSTICIA","link":"https:\/\/lasprimeras.com.do\/index.php\/category\/justicia\/"},"img":{"alt_text":"","src":"","width":0,"height":0},"classes":[]},{"id":57530,"url":"https:\/\/lasprimeras.com.do\/index.php\/2023\/08\/13\/investigan-en-mexico-a-un-edil-que-mato-a-balazos-a-dos-perritas\/","url_meta":{"origin":92154,"position":3},"title":"Investigan en M\u00e9xico a un edil que mat\u00f3 a balazos a dos perritas","author":"Nelson Feliz","date":"13 de agosto de 2023","format":false,"excerpt":"David Melgoza Monta\u00f1ez ha sido calificado de asesino. Varios grupos animalistas pidieron justicia para las mascotas. El funcionario alega que actu\u00f3 en defensa personal y culpa a los due\u00f1os de los animales. El presidente municipal de Tanganc\u00edcuaro (Michoac\u00e1n, M\u00e9xico), David Melgoza Monta\u00f1ez, mat\u00f3 a balazos a dos perritas alegando defensa\u2026","rel":"","context":"En \u00abSin categor\u00eda\u00bb","block_context":{"text":"Sin categor\u00eda","link":"https:\/\/lasprimeras.com.do\/index.php\/category\/sin-categoria\/"},"img":{"alt_text":"alcalde mexico","src":"https:\/\/i0.wp.com\/lasprimeras.com.do\/wp-content\/uploads\/2023\/08\/alcalde-mexico.jpg?resize=350%2C200&ssl=1","width":350,"height":200,"srcset":"https:\/\/i0.wp.com\/lasprimeras.com.do\/wp-content\/uploads\/2023\/08\/alcalde-mexico.jpg?resize=350%2C200&ssl=1 1x, https:\/\/i0.wp.com\/lasprimeras.com.do\/wp-content\/uploads\/2023\/08\/alcalde-mexico.jpg?resize=525%2C300&ssl=1 1.5x, https:\/\/i0.wp.com\/lasprimeras.com.do\/wp-content\/uploads\/2023\/08\/alcalde-mexico.jpg?resize=700%2C400&ssl=1 2x"},"classes":[]},{"id":67792,"url":"https:\/\/lasprimeras.com.do\/index.php\/2023\/11\/18\/nueva-york-continua-llenandose-de-protestas-contra-la-guerra-en-gaza\/","url_meta":{"origin":92154,"position":4},"title":"Nueva York contin\u00faa llen\u00e1ndose de protestas contra la guerra en Gaza","author":"BIMARY DE JES\u00daS Matos","date":"18 de noviembre de 2023","format":false,"excerpt":"NUEVA YORK. \u2013 La ciudad de Nueva York se sigue llenando estos d\u00edas de protestas contra la guerra en Gaza y para pedir un alto el fuego en el conflicto entre Israel y Ham\u00e1s, que ya ha dejado miles de muertos en el enclave palestino. Est\u00e1 previsto que este s\u00e1bado\u2026","rel":"","context":"En \u00abSin categor\u00eda\u00bb","block_context":{"text":"Sin categor\u00eda","link":"https:\/\/lasprimeras.com.do\/index.php\/category\/sin-categoria\/"},"img":{"alt_text":"","src":"https:\/\/i0.wp.com\/lasprimeras.com.do\/wp-content\/uploads\/2023\/11\/WhatsApp-Image-2023-11-18-at-8.18.25-AM-1-1.webp?resize=350%2C200&ssl=1","width":350,"height":200,"srcset":"https:\/\/i0.wp.com\/lasprimeras.com.do\/wp-content\/uploads\/2023\/11\/WhatsApp-Image-2023-11-18-at-8.18.25-AM-1-1.webp?resize=350%2C200&ssl=1 1x, https:\/\/i0.wp.com\/lasprimeras.com.do\/wp-content\/uploads\/2023\/11\/WhatsApp-Image-2023-11-18-at-8.18.25-AM-1-1.webp?resize=525%2C300&ssl=1 1.5x, https:\/\/i0.wp.com\/lasprimeras.com.do\/wp-content\/uploads\/2023\/11\/WhatsApp-Image-2023-11-18-at-8.18.25-AM-1-1.webp?resize=700%2C400&ssl=1 2x, https:\/\/i0.wp.com\/lasprimeras.com.do\/wp-content\/uploads\/2023\/11\/WhatsApp-Image-2023-11-18-at-8.18.25-AM-1-1.webp?resize=1050%2C600&ssl=1 3x, https:\/\/i0.wp.com\/lasprimeras.com.do\/wp-content\/uploads\/2023\/11\/WhatsApp-Image-2023-11-18-at-8.18.25-AM-1-1.webp?resize=1400%2C800&ssl=1 4x"},"classes":[]},{"id":124594,"url":"https:\/\/lasprimeras.com.do\/index.php\/2026\/03\/13\/mp-deposita-solicitud-de-coercion-contra-intelectuales-del-asalto-a-joyeria-en-cristo-rey\/","url_meta":{"origin":92154,"position":5},"title":"MP deposita solicitud de coerci\u00f3n contra intelectuales del asalto a joyer\u00eda en Cristo Rey","author":"Nelson Feliz","date":"13 de marzo de 2026","format":false,"excerpt":"El \u00f3rgano persecutor pidi\u00f3 que se imponga prisi\u00f3n preventiva contra los imputados El Ministerio P\u00fablico deposit\u00f3 en la Oficina Judicial de Servicios de Atenci\u00f3n Permanente del Distrito Nacional la solicitud de medida de coerci\u00f3n, consistente en prisi\u00f3n preventiva, contra dos hombres vinculados al asalto a mano armada perpetrado contra una\u2026","rel":"","context":"En \u00abJUSTICIA\u00bb","block_context":{"text":"JUSTICIA","link":"https:\/\/lasprimeras.com.do\/index.php\/category\/justicia\/"},"img":{"alt_text":"","src":"https:\/\/i0.wp.com\/lasprimeras.com.do\/wp-content\/uploads\/2026\/03\/asalto.jpg?resize=350%2C200&ssl=1","width":350,"height":200,"srcset":"https:\/\/i0.wp.com\/lasprimeras.com.do\/wp-content\/uploads\/2026\/03\/asalto.jpg?resize=350%2C200&ssl=1 1x, https:\/\/i0.wp.com\/lasprimeras.com.do\/wp-content\/uploads\/2026\/03\/asalto.jpg?resize=525%2C300&ssl=1 1.5x, https:\/\/i0.wp.com\/lasprimeras.com.do\/wp-content\/uploads\/2026\/03\/asalto.jpg?resize=700%2C400&ssl=1 2x"},"classes":[]}],"jetpack_sharing_enabled":true,"_links":{"self":[{"href":"https:\/\/lasprimeras.com.do\/index.php\/wp-json\/wp\/v2\/posts\/92154","targetHints":{"allow":["GET"]}}],"collection":[{"href":"https:\/\/lasprimeras.com.do\/index.php\/wp-json\/wp\/v2\/posts"}],"about":[{"href":"https:\/\/lasprimeras.com.do\/index.php\/wp-json\/wp\/v2\/types\/post"}],"author":[{"embeddable":true,"href":"https:\/\/lasprimeras.com.do\/index.php\/wp-json\/wp\/v2\/users\/2"}],"replies":[{"embeddable":true,"href":"https:\/\/lasprimeras.com.do\/index.php\/wp-json\/wp\/v2\/comments?post=92154"}],"version-history":[{"count":2,"href":"https:\/\/lasprimeras.com.do\/index.php\/wp-json\/wp\/v2\/posts\/92154\/revisions"}],"predecessor-version":[{"id":92157,"href":"https:\/\/lasprimeras.com.do\/index.php\/wp-json\/wp\/v2\/posts\/92154\/revisions\/92157"}],"wp:featuredmedia":[{"embeddable":true,"href":"https:\/\/lasprimeras.com.do\/index.php\/wp-json\/wp\/v2\/media\/92155"}],"wp:attachment":[{"href":"https:\/\/lasprimeras.com.do\/index.php\/wp-json\/wp\/v2\/media?parent=92154"}],"wp:term":[{"taxonomy":"category","embeddable":true,"href":"https:\/\/lasprimeras.com.do\/index.php\/wp-json\/wp\/v2\/categories?post=92154"},{"taxonomy":"post_tag","embeddable":true,"href":"https:\/\/lasprimeras.com.do\/index.php\/wp-json\/wp\/v2\/tags?post=92154"}],"curies":[{"name":"wp","href":"https:\/\/api.w.org\/{rel}","templated":true}]}}