{"id":92158,"date":"2024-12-29T23:44:06","date_gmt":"2024-12-30T03:44:06","guid":{"rendered":"https:\/\/lasprimeras.com.do\/?p=92158"},"modified":"2024-12-29T23:44:08","modified_gmt":"2024-12-30T03:44:08","slug":"mas-de-100-familias-del-barrio-abajo-disfrutan-cena-navidena-gracias-a-los-comedores-economicos","status":"publish","type":"post","link":"https:\/\/lasprimeras.com.do\/index.php\/2024\/12\/29\/mas-de-100-familias-del-barrio-abajo-disfrutan-cena-navidena-gracias-a-los-comedores-economicos\/","title":{"rendered":"M\u00e1s de 100 familias del Barrio Abajo disfrutan cena navide\u00f1a gracias a los Comedores Econ\u00f3micos"},"content":{"rendered":"\n<p>M\u00e1s de 100 familias del sector Barrio Abajo disfrutaron de una cena navide\u00f1a organizada por Fuerza Bienestar Comunidad de Derechos Humanos, con el apoyo de los Comedores Econ\u00f3micos del Estado Dominicano, bajo la direcci\u00f3n de Edgar Augusto F\u00e9liz M\u00e9ndez.<\/p>\n\n\n\n<p>El evento, encabezado por Nelson Gabriel F\u00e9liz Pimentel, director de la entidad, se llev\u00f3 a cabo en un ambiente cargado de alegr\u00eda, donde los asistentes compartieron momentos significativos en esta \u00e9poca festiva.<\/p>\n\n\n\n<p>F\u00e9liz Pimentel agradeci\u00f3 profundamente el respaldo de los Comedores Econ\u00f3micos y la colaboraci\u00f3n activa de voluntarios de la Comisi\u00f3n Interamericana de Derechos Humanos, quienes se unieron para llevar a cabo esta iniciativa.<\/p>\n\n\n\n<p>&#8220;Este tipo de acciones no solo alivian las necesidades inmediatas de las familias, sino que tambi\u00e9n refuerzan nuestro compromiso con la mejora de las condiciones de vida de los sectores m\u00e1s vulnerables&#8221;, expres\u00f3 el dirigente comunitario.<\/p>\n\n\n\n<p>La actividad simboliz\u00f3 un momento de unidad y fortalecimiento de la solidaridad, permitiendo que las familias beneficiadas disfrutaran de una noche inolvidable en medio de las celebraciones navide\u00f1as.<\/p>\n","protected":false},"excerpt":{"rendered":"<p>M\u00e1s de 100 familias del sector Barrio Abajo disfrutaron de una cena navide\u00f1a organizada por Fuerza Bienestar Comunidad de Derechos Humanos, con el apoyo de los Comedores Econ\u00f3micos del Estado&hellip;<\/p>\n","protected":false},"author":2,"featured_media":92159,"comment_status":"open","ping_status":"open","sticky":false,"template":"","format":"standard","meta":{"content-type":"","jetpack_post_was_ever_published":false,"_jetpack_newsletter_access":"","_jetpack_dont_email_post_to_subs":false,"_jetpack_newsletter_tier_id":0,"_jetpack_memberships_contains_paywalled_content":false,"_jetpack_memberships_contains_paid_content":false,"footnotes":""},"categories":[35],"tags":[16708,10675,9438,1061],"class_list":["post-92158","post","type-post","status-publish","format-standard","has-post-thumbnail","hentry","category-nacionales","tag-barrio-abajo","tag-cena-navidena","tag-comedores-economicos","tag-familias"],"jetpack_featured_media_url":"https:\/\/lasprimeras.com.do\/wp-content\/uploads\/2024\/12\/comedores-1.jpg","jetpack-related-posts":[{"id":91631,"url":"https:\/\/lasprimeras.com.do\/index.php\/2024\/11\/27\/abinader-y-edgar-feliz-mendez-dejan-iniciado-programa-la-navidad-del-cambio-2024\/","url_meta":{"origin":92158,"position":0},"title":"Abinader y Edgar F\u00e9liz M\u00e9ndez dejan iniciado programa \u201cLa Navidad del Cambio 2024\u201d\u00a0\u00a0\u00a0","author":"Nelson Feliz","date":"27 de noviembre de 2024","format":false,"excerpt":"El programa \u201cNavidad del Cambio 2024\u201d fue puesto en marcha de manera simult\u00e1nea en la provincia de Santiago, con la presencia de la vicepresidenta de la Rep\u00fablica, Raquel Pe\u00f1a. El presidente de la Rep\u00fablica, Luis Abinader junto al director general de Comedores Econ\u00f3micos del Estado Dominicano (CEED), Edgar A. F\u00e9liz,\u2026","rel":"","context":"En \u00abECONOM\u00cdA\u00bb","block_context":{"text":"ECONOM\u00cdA","link":"https:\/\/lasprimeras.com.do\/index.php\/category\/economia\/"},"img":{"alt_text":"","src":"https:\/\/i0.wp.com\/lasprimeras.com.do\/wp-content\/uploads\/2024\/11\/ABINADER.jpg?resize=350%2C200&ssl=1","width":350,"height":200,"srcset":"https:\/\/i0.wp.com\/lasprimeras.com.do\/wp-content\/uploads\/2024\/11\/ABINADER.jpg?resize=350%2C200&ssl=1 1x, https:\/\/i0.wp.com\/lasprimeras.com.do\/wp-content\/uploads\/2024\/11\/ABINADER.jpg?resize=525%2C300&ssl=1 1.5x, https:\/\/i0.wp.com\/lasprimeras.com.do\/wp-content\/uploads\/2024\/11\/ABINADER.jpg?resize=700%2C400&ssl=1 2x"},"classes":[]},{"id":70233,"url":"https:\/\/lasprimeras.com.do\/index.php\/2023\/12\/09\/roberto-angel-encabeza-encendidos-de-parques-almuerzos-y-cenas-navidenas\/","url_meta":{"origin":92158,"position":1},"title":"Roberto \u00c1ngel encabeza encendidos de parques, almuerzos y cenas navide\u00f1as","author":"Nelson Feliz","date":"9 de diciembre de 2023","format":false,"excerpt":"El director de Proyectos Estrat\u00e9gicos y Programas Especiales de la Presidencia, Roberto \u00c1ngel Salcedo, encabez\u00f3 este s\u00e1bado encendidos de parques, almuerzos y cenas navide\u00f1as, en pueblos del interior del pa\u00eds, llevando la alegr\u00eda de las acciones sociales del gobierno a comunidades vulnerables en est\u00e1s festividades de fin de a\u00f1o a\u2026","rel":"","context":"En \u00abNACIONALES\u00bb","block_context":{"text":"NACIONALES","link":"https:\/\/lasprimeras.com.do\/index.php\/category\/nacionales\/"},"img":{"alt_text":"Roberto \u00c1ngel Salcedo","src":"https:\/\/i0.wp.com\/lasprimeras.com.do\/wp-content\/uploads\/2023\/12\/Roberto-Angel-Salcedo-1.jpg?resize=350%2C200&ssl=1","width":350,"height":200,"srcset":"https:\/\/i0.wp.com\/lasprimeras.com.do\/wp-content\/uploads\/2023\/12\/Roberto-Angel-Salcedo-1.jpg?resize=350%2C200&ssl=1 1x, https:\/\/i0.wp.com\/lasprimeras.com.do\/wp-content\/uploads\/2023\/12\/Roberto-Angel-Salcedo-1.jpg?resize=525%2C300&ssl=1 1.5x"},"classes":[]},{"id":102132,"url":"https:\/\/lasprimeras.com.do\/index.php\/2025\/07\/01\/gobierno-entrega-de-raciones-crudas-en-barahona-a-traves-de-los-comedores-economicos\/","url_meta":{"origin":92158,"position":2},"title":"Gobierno entrega de raciones crudas en Barahona a trav\u00e9s de los Comedores Econ\u00f3micos","author":"Nelson Feliz","date":"1 de julio de 2025","format":false,"excerpt":"El gobierno dominicano a trav\u00e9s de Comedores Econ\u00f3micos del Estado Dominicano (CEED), realiz\u00f3 un amplio operativo de entrega de kits de raciones crudas durante 3 d\u00edas consecutivos en las provincias de Barahona, donde cientos de familias de los distritos municipales, municipios y sectores de esa zona, fueron beneficiadas como parte\u2026","rel":"","context":"En \u00abNACIONALES\u00bb","block_context":{"text":"NACIONALES","link":"https:\/\/lasprimeras.com.do\/index.php\/category\/nacionales\/"},"img":{"alt_text":"","src":"https:\/\/i0.wp.com\/lasprimeras.com.do\/wp-content\/uploads\/2025\/07\/Comedores-Economicos-1.jpg?resize=350%2C200&ssl=1","width":350,"height":200,"srcset":"https:\/\/i0.wp.com\/lasprimeras.com.do\/wp-content\/uploads\/2025\/07\/Comedores-Economicos-1.jpg?resize=350%2C200&ssl=1 1x, https:\/\/i0.wp.com\/lasprimeras.com.do\/wp-content\/uploads\/2025\/07\/Comedores-Economicos-1.jpg?resize=525%2C300&ssl=1 1.5x, https:\/\/i0.wp.com\/lasprimeras.com.do\/wp-content\/uploads\/2025\/07\/Comedores-Economicos-1.jpg?resize=700%2C400&ssl=1 2x"},"classes":[]},{"id":68799,"url":"https:\/\/lasprimeras.com.do\/index.php\/2023\/11\/27\/abinader-entregara-bono-navideno-de-1500-pesos-y-27-mil-millones-en-regalia-pascual\/","url_meta":{"origin":92158,"position":3},"title":"Abinader entregar\u00e1 bono navide\u00f1o de 1500 pesos y 27 mil millones en regal\u00eda pascual","author":"Nelson Feliz","date":"27 de noviembre de 2023","format":false,"excerpt":"El Plan Social de la Presidencia entregar\u00e1 un mill\u00f3n de raciones alimenticias; los Comedores Econ\u00f3micos ofrecer\u00e1n 2,500 almuerzos navide\u00f1os tipo buffet para 500 personas cada uno. El presidente Luis Abinader anunci\u00f3 la entrega del \u201cmayor bono navide\u00f1o que jam\u00e1s se haya otorgado\u201d en la Rep\u00fablica Dominicana, a trav\u00e9s de cual\u2026","rel":"","context":"En \u00abECONOM\u00cdA\u00bb","block_context":{"text":"ECONOM\u00cdA","link":"https:\/\/lasprimeras.com.do\/index.php\/category\/economia\/"},"img":{"alt_text":"Luis Abinader","src":"https:\/\/i0.wp.com\/lasprimeras.com.do\/wp-content\/uploads\/2023\/11\/Luis-Abinader-3-3.jpg?resize=350%2C200&ssl=1","width":350,"height":200,"srcset":"https:\/\/i0.wp.com\/lasprimeras.com.do\/wp-content\/uploads\/2023\/11\/Luis-Abinader-3-3.jpg?resize=350%2C200&ssl=1 1x, https:\/\/i0.wp.com\/lasprimeras.com.do\/wp-content\/uploads\/2023\/11\/Luis-Abinader-3-3.jpg?resize=525%2C300&ssl=1 1.5x, https:\/\/i0.wp.com\/lasprimeras.com.do\/wp-content\/uploads\/2023\/11\/Luis-Abinader-3-3.jpg?resize=700%2C400&ssl=1 2x"},"classes":[]},{"id":90225,"url":"https:\/\/lasprimeras.com.do\/index.php\/2024\/10\/15\/ceed-garantizara-suministro-de-desayuno-comida-y-cena-en-centros-de-interdiccion-migratoria\/","url_meta":{"origin":92158,"position":4},"title":"CEED garantizar\u00e1 suministro de desayuno, comida y cena en Centros de Interdicci\u00f3n Migratoria","author":"Nelson Feliz","date":"15 de octubre de 2024","format":false,"excerpt":"\u00a0El anuncio se dio a conocer en una reuni\u00f3n que sostuvieran el director general de Comedores Econ\u00f3micos del Estado (CEED), Edgar Augusto F\u00e9liz M\u00e9ndez y\u00a0 el director general de Migraci\u00f3n, vicealmirante Luis Rafael Lee Ballester. Eldirector deComedores Econ\u00f3micos del Estado Dominicano (CEED), Edgar Augusto F\u00e9liz M\u00e9ndez, anunci\u00f3 que a trav\u00e9s\u2026","rel":"","context":"En \u00abNACIONALES\u00bb","block_context":{"text":"NACIONALES","link":"https:\/\/lasprimeras.com.do\/index.php\/category\/nacionales\/"},"img":{"alt_text":"Edgar Augusto F\u00e9liz M\u00e9ndez","src":"https:\/\/i0.wp.com\/lasprimeras.com.do\/wp-content\/uploads\/2024\/10\/Edgar-Augusto-Feliz-Mendez.jpg?resize=350%2C200&ssl=1","width":350,"height":200,"srcset":"https:\/\/i0.wp.com\/lasprimeras.com.do\/wp-content\/uploads\/2024\/10\/Edgar-Augusto-Feliz-Mendez.jpg?resize=350%2C200&ssl=1 1x, https:\/\/i0.wp.com\/lasprimeras.com.do\/wp-content\/uploads\/2024\/10\/Edgar-Augusto-Feliz-Mendez.jpg?resize=525%2C300&ssl=1 1.5x, https:\/\/i0.wp.com\/lasprimeras.com.do\/wp-content\/uploads\/2024\/10\/Edgar-Augusto-Feliz-Mendez.jpg?resize=700%2C400&ssl=1 2x"},"classes":[]},{"id":115565,"url":"https:\/\/lasprimeras.com.do\/index.php\/2025\/11\/23\/presidente-abinader-lanza-navidad-360-distribuira-15-millones-de-raciones\/","url_meta":{"origin":92158,"position":5},"title":"Presidente Abinader lanza\u00a0Navidad 360; distribuir\u00e1 15 millones de raciones","author":"Nelson Feliz","date":"23 de noviembre de 2025","format":false,"excerpt":"La Direcci\u00f3n de Asistencia Social y Alimentaci\u00f3n Comunitaria (DASAC) tendr\u00e1 a su cargo la ejecuci\u00f3n de los diferentes programas que impactar\u00e1n de manera positiva a las personas que m\u00e1s lo necesitan. El presidente Luis Abinader, puso en marcha este domingo el programa Navidad 360, que distribuir\u00e1 m\u00e1s de 15 millones\u2026","rel":"","context":"En \u00abNACIONALES\u00bb","block_context":{"text":"NACIONALES","link":"https:\/\/lasprimeras.com.do\/index.php\/category\/nacionales\/"},"img":{"alt_text":"","src":"https:\/\/i0.wp.com\/lasprimeras.com.do\/wp-content\/uploads\/2025\/11\/Luis-Abinader-1-4.jpg?resize=350%2C200&ssl=1","width":350,"height":200,"srcset":"https:\/\/i0.wp.com\/lasprimeras.com.do\/wp-content\/uploads\/2025\/11\/Luis-Abinader-1-4.jpg?resize=350%2C200&ssl=1 1x, https:\/\/i0.wp.com\/lasprimeras.com.do\/wp-content\/uploads\/2025\/11\/Luis-Abinader-1-4.jpg?resize=525%2C300&ssl=1 1.5x, https:\/\/i0.wp.com\/lasprimeras.com.do\/wp-content\/uploads\/2025\/11\/Luis-Abinader-1-4.jpg?resize=700%2C400&ssl=1 2x"},"classes":[]}],"jetpack_sharing_enabled":true,"_links":{"self":[{"href":"https:\/\/lasprimeras.com.do\/index.php\/wp-json\/wp\/v2\/posts\/92158","targetHints":{"allow":["GET"]}}],"collection":[{"href":"https:\/\/lasprimeras.com.do\/index.php\/wp-json\/wp\/v2\/posts"}],"about":[{"href":"https:\/\/lasprimeras.com.do\/index.php\/wp-json\/wp\/v2\/types\/post"}],"author":[{"embeddable":true,"href":"https:\/\/lasprimeras.com.do\/index.php\/wp-json\/wp\/v2\/users\/2"}],"replies":[{"embeddable":true,"href":"https:\/\/lasprimeras.com.do\/index.php\/wp-json\/wp\/v2\/comments?post=92158"}],"version-history":[{"count":1,"href":"https:\/\/lasprimeras.com.do\/index.php\/wp-json\/wp\/v2\/posts\/92158\/revisions"}],"predecessor-version":[{"id":92160,"href":"https:\/\/lasprimeras.com.do\/index.php\/wp-json\/wp\/v2\/posts\/92158\/revisions\/92160"}],"wp:featuredmedia":[{"embeddable":true,"href":"https:\/\/lasprimeras.com.do\/index.php\/wp-json\/wp\/v2\/media\/92159"}],"wp:attachment":[{"href":"https:\/\/lasprimeras.com.do\/index.php\/wp-json\/wp\/v2\/media?parent=92158"}],"wp:term":[{"taxonomy":"category","embeddable":true,"href":"https:\/\/lasprimeras.com.do\/index.php\/wp-json\/wp\/v2\/categories?post=92158"},{"taxonomy":"post_tag","embeddable":true,"href":"https:\/\/lasprimeras.com.do\/index.php\/wp-json\/wp\/v2\/tags?post=92158"}],"curies":[{"name":"wp","href":"https:\/\/api.w.org\/{rel}","templated":true}]}}