{"id":92175,"date":"2024-12-31T13:18:41","date_gmt":"2024-12-31T17:18:41","guid":{"rendered":"https:\/\/lasprimeras.com.do\/?p=92175"},"modified":"2024-12-31T13:18:42","modified_gmt":"2024-12-31T17:18:42","slug":"javier-milei-promete-motosierra-profunda-en-2025-podra-frenarlo-la-oposicion","status":"publish","type":"post","link":"https:\/\/lasprimeras.com.do\/index.php\/2024\/12\/31\/javier-milei-promete-motosierra-profunda-en-2025-podra-frenarlo-la-oposicion\/","title":{"rendered":"Javier Milei promete \u201cmotosierra profunda\u201d en 2025, \u00bfpodr\u00e1 frenarlo la oposici\u00f3n?"},"content":{"rendered":"\n<p>By D\u00c9BORA REY<\/p>\n\n\n\n<p>BUENOS AIRES (AP) \u2014 En su a\u00f1o de estreno como presidente, el ultraderechista argentino Javier Milei ejecut\u00f3 el ajuste \u201cm\u00e1s grande de la historia de la humanidad\u201d, como lo calific\u00f3, sobre el gasto p\u00fablico y con apenas un pu\u00f1ado de legisladores en el Congreso y ning\u00fan gobernador de su partido.<\/p>\n\n\n\n<p>Para 2025, cuando su gesti\u00f3n enfrentar\u00e1 elecciones de medio t\u00e9rmino, ya prometi\u00f3 que \u201cse viene la motosierra profunda\u201d.<\/p>\n\n\n\n<p>\u201cSi pudimos hacer tanto con todo el mundo en contra, imag\u00ednense todo lo que podemos hacer con viento a favor. Podr\u00eda ir el doble de lejos, el doble de r\u00e1pido\u201d, afirm\u00f3 el mandatario argentino en el discurso que ofreci\u00f3 el pasado 10 de diciembre al cumplirse un a\u00f1o de su llegada al poder en Argentina.<\/p>\n\n\n\n<p>\u00bfEncontrar\u00e1 alg\u00fan freno a sus planes?<\/p>\n\n\n\n<p>\u201cEl pa\u00eds est\u00e1 dividido mitad y mitad, como est\u00e1 dividido Estados Unidos y Brasil\u201d, se\u00f1al\u00f3 el analista Rosendo Fraga, director del Centro de Estudios Uni\u00f3n para la Nueva Mayor\u00eda.<\/p>\n\n\n\n<p>\u201cLo que sucede es que la mitad que est\u00e1 con Milei est\u00e1 unida y tiene un l\u00edder. La mitad que no est\u00e1 con Milei est\u00e1 dividida y no tiene un l\u00edder\u201d.<\/p>\n\n\n\n<p>Una oposici\u00f3n fragmentada y con crisis de liderazgos explica en gran medida el margen de maniobra que ha tenido el economista ultraliberal para podar al Estado y lograr lo que ning\u00fan gobierno pudo en los \u00faltimos 20 a\u00f1os: cerr\u00f3 el grifo de la emisi\u00f3n monetaria, recort\u00f3 el financiamiento a las provincias y universidades, suspendi\u00f3 la obra p\u00fablica, redujo subsidios a la energ\u00eda y el transporte, elimin\u00f3 ministerios y despidi\u00f3 a miles de empleados p\u00fabicos, entre otras medidas, que ayudaron a contener el d\u00e9ficit fiscal y bajar la inflaci\u00f3n.<\/p>\n\n\n\n<p>Aun as\u00ed, Milei cerr\u00f3 su primer a\u00f1o de mandato con aprobaci\u00f3n y desaprobaci\u00f3n en igual medida, 49%, de acuerdo al Monitor de Humor Social y Pol\u00edtico que realiza mensualmente la consultora D\u2019Alessio IROL \/ Berensztein.<\/p>\n\n\n\n<p>Un 53% de los 1.124 consultados manifest\u00f3 que su situaci\u00f3n econ\u00f3mica es peor que hace un a\u00f1o, pero el mismo porcentaje mira con optimismo el 2025, cuando los argentinos votar\u00e1n para renovar el Congreso.<\/p>\n\n\n\n<p>\u201cPor primera vez en muchos a\u00f1os, las elecciones del a\u00f1o pr\u00f3ximo no se tratar\u00e1n de personas, sino de ideas\u201d, reflexion\u00f3 Milei. \u201cSer\u00e1 una elecci\u00f3n entre los pol\u00edticos rancios del pasado \u2014a los que llama \u201ccasta\u201d \u2014 o nuestra agenda del futuro\u201d.<\/p>\n\n\n\n<p>El futuro del peronismo<\/p>\n\n\n\n<p>El partido fundado por Juan Domingo Per\u00f3n en la d\u00e9cada de 1940 ha marcado desde aquella \u00e9poca el pulso de la pol\u00edtica argentina por su pragmatismo para enarbolar las banderas de la justicia social en los 50, abrazar el neoliberalismo en los 90 y tornarse progresista en los 2000.<\/p>\n\n\n\n<p>El triunfo de Milei, en gran medida impulsado por la decepci\u00f3n y malestar social con el gobierno peronista de Alberto Fern\u00e1ndez (2019-2023), ha sumergido esa fuerza en una crisis de identidad y desatado una puja interna entre el bando que responde a la expresidenta y exvicepresidenta Cristina Fern\u00e1ndez de Kirchner y otro que pretende desbancarla.<\/p>\n\n\n\n<p>\u201cHay que generar un proyecto nacional, un modelo de producci\u00f3n, un modelo que incorpore a las grandes mayor\u00edas cuando esto finalmente termine\u201d, expres\u00f3 Fern\u00e1ndez de Kirchner al asumir la presidencia del peronismo d\u00edas atr\u00e1s.<\/p>\n\n\n\n<p>No est\u00e1 claro que la dirigente pueda liderar la nueva propuesta. Carga sobre sus espaldas con una condena de seis a\u00f1os de prisi\u00f3n e inhabilitaci\u00f3n perpetua para ocupar cargos p\u00fablicos por corrupci\u00f3n durante sus dos gobiernos (2007-2015) \u2014esta sentencia est\u00e1 bajo revisi\u00f3n de la Corte Suprema\u2014 y enfrentar\u00e1 pr\u00f3ximamente nuevos juicios.<\/p>\n\n\n\n<p>\u201cEs una figura que est\u00e1 disminuida\u201d, diagnostic\u00f3 el analista Fraga.<\/p>\n\n\n\n<p>Dispuesto a tomar la posta est\u00e1 Axel Kicillof, el gobernador de la provincia de Buenos Aires \u2014principal distrito del pa\u00eds\u2014 y ahijado pol\u00edtico de la propia Fern\u00e1ndez de Kirchner. Sin embargo, en el \u00faltimo tiempo se ha distanciado de ella y propuso \u201cuna nueva melod\u00eda\u201d para el peronismo.<\/p>\n\n\n\n<p>Kicillof, un economista de orientaci\u00f3n heterodoxa y fuertemente cr\u00edtico con las pol\u00edticas ultraliberales de Milei, es el dirigente peronista que mejor mide en las encuestas, con 34% de imagen positiva, seg\u00fan D\u2019Alessio IROL \/ Berensztein.<\/p>\n\n\n\n<p>Un triunfo del peronismo en Buenos Aires en las elecciones legislativas del pr\u00f3ximo a\u00f1o pueden perfilar a Kicillof como candidato del peronismo a la presidencia en 2027.<\/p>\n\n\n\n<p>Sin embargo, para el analista pol\u00edtico y columnista del diario Perfil, Hugo Haime, Milei \u201cpone en aprietos al peronismo porque hoy carece de una identidad definida y no tiene claro qui\u00e9n es el sujeto social al cual hablarle o representar\u201d.<\/p>\n\n\n\n<p>Un aliado no correspondido<\/p>\n\n\n\n<p>El otro referente de la oposici\u00f3n en Argentina es el expresidente conservador Mauricio Macri (2015-2019). A diferencia de Fern\u00e1ndez de Kirchner, su partido PRO apoy\u00f3 al actual mandatario en el balotaje que lo llev\u00f3 a la presidencia y fue vital el aporte de sus legisladores para aprobar un paquete de reformas en el Congreso.<\/p>\n\n\n\n<p>Pero el exmandatario y titular del PRO siente que ese apoyo no fue debidamente retribuido \u2014pretend\u00eda que varios ministerios fueran destinados a dirigentes de su l\u00ednea\u2014 y no comulga con el estilo confrontativo que impone Milei.<\/p>\n\n\n\n<p>\u201cDesaf\u00edo que alguien me diga que en la historia pol\u00edtica argentina hubo un partido de la oposici\u00f3n que hizo tanto por el oficialismo como lo ha hecho PRO este a\u00f1o\u201d, coment\u00f3 Macri en un reciente c\u00f3nclave partidario.<\/p>\n\n\n\n<p>\u201cLo hicimos a\u00fan sorprendidos por el destrato permanente del gobierno\u2026 Pero lo hacemos por la gente, queremos que el pa\u00eds salga adelante\u201d.<\/p>\n\n\n\n<p>Pese a ello, Macri y Milei est\u00e1n en plena negociaci\u00f3n para un acuerdo electoral con vistas al 2025. La idea es que en algunos distritos los candidatos de ambas fuerzas pol\u00edticas vayan en la misma boleta.<\/p>\n\n\n\n<p>Los argentinos votar\u00e1n en octubre del a\u00f1o pr\u00f3ximo para renovar 127 de las 257 bancas de la C\u00e1mara de Diputados y 24 de los 72 esca\u00f1os del Senado.<\/p>\n\n\n\n<p>\u201cEl PIB este a\u00f1o cay\u00f3 4% y lo que pronostican es que sube 4% el a\u00f1o que viene. La gente va a sentir esa suba y esto lo puede ayudar a Milei\u201d, pronostic\u00f3 Fraga.<\/p>\n","protected":false},"excerpt":{"rendered":"<p>By D\u00c9BORA REY BUENOS AIRES (AP) \u2014 En su a\u00f1o de estreno como presidente, el ultraderechista argentino Javier Milei ejecut\u00f3 el ajuste \u201cm\u00e1s grande de la historia de la humanidad\u201d,&hellip;<\/p>\n","protected":false},"author":2,"featured_media":92176,"comment_status":"open","ping_status":"open","sticky":false,"template":"","format":"standard","meta":{"content-type":"","jetpack_post_was_ever_published":false,"_jetpack_newsletter_access":"","_jetpack_dont_email_post_to_subs":false,"_jetpack_newsletter_tier_id":0,"_jetpack_memberships_contains_paywalled_content":false,"_jetpack_memberships_contains_paid_content":false,"footnotes":""},"categories":[16289],"tags":[16619,6261,16717,16718],"class_list":["post-92175","post","type-post","status-publish","format-standard","has-post-thumbnail","hentry","category-internacionales","tag-16619","tag-javier-milei","tag-motosierra-profunda","tag-podra-frenarlo-la-oposicion"],"jetpack_featured_media_url":"https:\/\/lasprimeras.com.do\/wp-content\/uploads\/2024\/12\/Javier-Milei.jpg","jetpack-related-posts":[{"id":67366,"url":"https:\/\/lasprimeras.com.do\/index.php\/2023\/11\/15\/el-leon-la-motosierra-y-el-populista-los-mitines-de-javier-milei-en-argentina\/","url_meta":{"origin":92175,"position":0},"title":"El Le\u00f3n, la motosierra y el populista: Los m\u00edtines de Javier Milei en Argentina","author":"Nelson Feliz","date":"15 de noviembre de 2023","format":false,"excerpt":"POR DANIEL POLITI Y RODRIGO ABD BUENOS AIRES, Argentina (AP) \u2014 Batman y el Joker, un hombre disfrazado de le\u00f3n de cuerpo entero y otro cuya cabeza y brazos han sido reemplazados por motosierras. Esto no es un Carnaval ni una Comic-Con, sino m\u00e1s bien el extravagante mitin de campa\u00f1a\u2026","rel":"","context":"En \u00abSin categor\u00eda\u00bb","block_context":{"text":"Sin categor\u00eda","link":"https:\/\/lasprimeras.com.do\/index.php\/category\/sin-categoria\/"},"img":{"alt_text":"Javier Milei","src":"https:\/\/i0.wp.com\/lasprimeras.com.do\/wp-content\/uploads\/2023\/11\/Javier-Milei.jpg?resize=350%2C200&ssl=1","width":350,"height":200,"srcset":"https:\/\/i0.wp.com\/lasprimeras.com.do\/wp-content\/uploads\/2023\/11\/Javier-Milei.jpg?resize=350%2C200&ssl=1 1x, https:\/\/i0.wp.com\/lasprimeras.com.do\/wp-content\/uploads\/2023\/11\/Javier-Milei.jpg?resize=525%2C300&ssl=1 1.5x"},"classes":[]},{"id":72195,"url":"https:\/\/lasprimeras.com.do\/index.php\/2023\/12\/27\/argentina-el-congreso-tratara-11-proyectos-de-javier-milei\/","url_meta":{"origin":92175,"position":1},"title":"ARGENTINA: El Congreso tratar\u00e1 11 proyectos de Javier Milei","author":"BIMARY DE JES\u00daS Matos","date":"27 de diciembre de 2023","format":false,"excerpt":"BUENOS AIRES.- Desde este martes 26 de diciembre hasta el 31 de enero de 2024, el Congreso de Argentina tiene tiempo para tratar 11 proyectos que fueron enviados por el presidente Javier Milei, en el marco de sus planes de reformas estatales y desregulaci\u00f3n de la econom\u00eda. Mediante el Decreto\u2026","rel":"","context":"En \u00abSin categor\u00eda\u00bb","block_context":{"text":"Sin categor\u00eda","link":"https:\/\/lasprimeras.com.do\/index.php\/category\/sin-categoria\/"},"img":{"alt_text":"","src":"https:\/\/i0.wp.com\/lasprimeras.com.do\/wp-content\/uploads\/2023\/12\/Noticias-de-energia-58-8.jpg?resize=350%2C200&ssl=1","width":350,"height":200,"srcset":"https:\/\/i0.wp.com\/lasprimeras.com.do\/wp-content\/uploads\/2023\/12\/Noticias-de-energia-58-8.jpg?resize=350%2C200&ssl=1 1x, https:\/\/i0.wp.com\/lasprimeras.com.do\/wp-content\/uploads\/2023\/12\/Noticias-de-energia-58-8.jpg?resize=525%2C300&ssl=1 1.5x"},"classes":[]},{"id":67861,"url":"https:\/\/lasprimeras.com.do\/index.php\/2023\/11\/20\/el-leon-la-peluca-y-el-guerrero-quien-es-javier-milei-el-presidente-electo-de-argentina\/","url_meta":{"origin":92175,"position":2},"title":"El le\u00f3n, la peluca y el guerrero. \u00bfQui\u00e9n es Javier Milei, el presidente electo de Argentina?","author":"Nelson Feliz","date":"20 de noviembre de 2023","format":false,"excerpt":"POR DAVID BILLER Y DANIEL POLITI BUENOS AIRES, Argentina (AP) \u2014 Sus legiones de fan\u00e1ticos lo llaman \u201cel loco\u201d y \u201cla peluca\u201d debido a su ferocidad y su mata de cabello rebelde, mientras \u00e9l se refiere a s\u00ed mismo como \u201cel le\u00f3n\u201d. Piensa que la educaci\u00f3n sexual es un complot\u2026","rel":"","context":"En \u00abSin categor\u00eda\u00bb","block_context":{"text":"Sin categor\u00eda","link":"https:\/\/lasprimeras.com.do\/index.php\/category\/sin-categoria\/"},"img":{"alt_text":"Javier Milei","src":"https:\/\/i0.wp.com\/lasprimeras.com.do\/wp-content\/uploads\/2023\/11\/Javier-Milei-2.jpg?resize=350%2C200&ssl=1","width":350,"height":200,"srcset":"https:\/\/i0.wp.com\/lasprimeras.com.do\/wp-content\/uploads\/2023\/11\/Javier-Milei-2.jpg?resize=350%2C200&ssl=1 1x, https:\/\/i0.wp.com\/lasprimeras.com.do\/wp-content\/uploads\/2023\/11\/Javier-Milei-2.jpg?resize=525%2C300&ssl=1 1.5x, https:\/\/i0.wp.com\/lasprimeras.com.do\/wp-content\/uploads\/2023\/11\/Javier-Milei-2.jpg?resize=700%2C400&ssl=1 2x"},"classes":[]},{"id":70605,"url":"https:\/\/lasprimeras.com.do\/index.php\/2023\/12\/12\/gobierno-de-milei-devalua-la-moneda-argentina-mas-de-50-a-800-pesos-por-dolar\/","url_meta":{"origin":92175,"position":3},"title":"Gobierno de Milei deval\u00faa la moneda Argentina m\u00e1s de 50 %, a 800 pesos por d\u00f3lar","author":"Nelson Feliz","date":"12 de diciembre de 2023","format":false,"excerpt":"Argentina sufre una grave crisis econ\u00f3mica, con inflaci\u00f3n anualizada de m\u00e1s de 140 % y una tasa de pobreza que supera 40 % de la poblaci\u00f3n Buenos Aires,AFP -El gobierno del ultraliberal Javier Milei devalu\u00f3 m\u00e1s de 5 0% la moneda, al establecer el tipo de cambio oficial en 800\u2026","rel":"","context":"En \u00abECONOM\u00cdA\u00bb","block_context":{"text":"ECONOM\u00cdA","link":"https:\/\/lasprimeras.com.do\/index.php\/category\/economia\/"},"img":{"alt_text":"Javier Milei","src":"https:\/\/i0.wp.com\/lasprimeras.com.do\/wp-content\/uploads\/2023\/12\/Javier-Milei.jpg?resize=350%2C200&ssl=1","width":350,"height":200,"srcset":"https:\/\/i0.wp.com\/lasprimeras.com.do\/wp-content\/uploads\/2023\/12\/Javier-Milei.jpg?resize=350%2C200&ssl=1 1x, https:\/\/i0.wp.com\/lasprimeras.com.do\/wp-content\/uploads\/2023\/12\/Javier-Milei.jpg?resize=525%2C300&ssl=1 1.5x, https:\/\/i0.wp.com\/lasprimeras.com.do\/wp-content\/uploads\/2023\/12\/Javier-Milei.jpg?resize=700%2C400&ssl=1 2x"},"classes":[]},{"id":67837,"url":"https:\/\/lasprimeras.com.do\/index.php\/2023\/11\/19\/javier-milei-es-el-nuevo-presidente-de-argentina\/","url_meta":{"origin":92175,"position":4},"title":"Javier Milei es el nuevo presidente de Argentina","author":"Nelson Feliz","date":"19 de noviembre de 2023","format":false,"excerpt":"Massa reconoce derrota ante Milei y le felicita como \"presidente de todos los argentinos\" El candidato oficialista a la Presidencia de Argentina, Sergio Massa, reconoci\u00f3 este domingo su derrota en el balotaje, que dio el triunfo -a\u00fan sin cifras oficiales- a su oponente, el l\u00edder de La Libertad Avanza (ultraderecha),\u2026","rel":"","context":"En \u00abSin categor\u00eda\u00bb","block_context":{"text":"Sin categor\u00eda","link":"https:\/\/lasprimeras.com.do\/index.php\/category\/sin-categoria\/"},"img":{"alt_text":"Javier Milei","src":"https:\/\/i0.wp.com\/lasprimeras.com.do\/wp-content\/uploads\/2023\/11\/Javier-Milei-1.jpg?resize=350%2C200&ssl=1","width":350,"height":200,"srcset":"https:\/\/i0.wp.com\/lasprimeras.com.do\/wp-content\/uploads\/2023\/11\/Javier-Milei-1.jpg?resize=350%2C200&ssl=1 1x, https:\/\/i0.wp.com\/lasprimeras.com.do\/wp-content\/uploads\/2023\/11\/Javier-Milei-1.jpg?resize=525%2C300&ssl=1 1.5x, https:\/\/i0.wp.com\/lasprimeras.com.do\/wp-content\/uploads\/2023\/11\/Javier-Milei-1.jpg?resize=700%2C400&ssl=1 2x"},"classes":[]},{"id":69659,"url":"https:\/\/lasprimeras.com.do\/index.php\/2023\/12\/04\/paliza-encabezara-delegacion-de-rd-en-toma-de-posesion-de-javier-milei-en-argentina\/","url_meta":{"origin":92175,"position":5},"title":"Paliza encabezar\u00e1 delegaci\u00f3n de RD en toma de posesi\u00f3n de Javier Milei en Argentina","author":"Nelson Feliz","date":"4 de diciembre de 2023","format":false,"excerpt":"La informaci\u00f3n est\u00e1 emitida en el decreto n\u00famero 615-23 El ministro Administrativo de la Presidencia, Jos\u00e9 Ignacio Paliza, encabezar\u00e1 la delegaci\u00f3n de Rep\u00fablica Dominicana que viajar\u00e1 a la Rep\u00fablica de Argentina para participar en la toma de posesi\u00f3n del presidente electo, Javier Milei, el pr\u00f3ximo domingo 10 del presente mes.\u2026","rel":"","context":"En \u00abNACIONALES\u00bb","block_context":{"text":"NACIONALES","link":"https:\/\/lasprimeras.com.do\/index.php\/category\/nacionales\/"},"img":{"alt_text":"Jos\u00e9 Ignacio Paliza","src":"https:\/\/i0.wp.com\/lasprimeras.com.do\/wp-content\/uploads\/2023\/08\/Jose-Ignacio-Paliza-1.jpg?resize=350%2C200&ssl=1","width":350,"height":200,"srcset":"https:\/\/i0.wp.com\/lasprimeras.com.do\/wp-content\/uploads\/2023\/08\/Jose-Ignacio-Paliza-1.jpg?resize=350%2C200&ssl=1 1x, https:\/\/i0.wp.com\/lasprimeras.com.do\/wp-content\/uploads\/2023\/08\/Jose-Ignacio-Paliza-1.jpg?resize=525%2C300&ssl=1 1.5x, https:\/\/i0.wp.com\/lasprimeras.com.do\/wp-content\/uploads\/2023\/08\/Jose-Ignacio-Paliza-1.jpg?resize=700%2C400&ssl=1 2x"},"classes":[]}],"jetpack_sharing_enabled":true,"_links":{"self":[{"href":"https:\/\/lasprimeras.com.do\/index.php\/wp-json\/wp\/v2\/posts\/92175","targetHints":{"allow":["GET"]}}],"collection":[{"href":"https:\/\/lasprimeras.com.do\/index.php\/wp-json\/wp\/v2\/posts"}],"about":[{"href":"https:\/\/lasprimeras.com.do\/index.php\/wp-json\/wp\/v2\/types\/post"}],"author":[{"embeddable":true,"href":"https:\/\/lasprimeras.com.do\/index.php\/wp-json\/wp\/v2\/users\/2"}],"replies":[{"embeddable":true,"href":"https:\/\/lasprimeras.com.do\/index.php\/wp-json\/wp\/v2\/comments?post=92175"}],"version-history":[{"count":1,"href":"https:\/\/lasprimeras.com.do\/index.php\/wp-json\/wp\/v2\/posts\/92175\/revisions"}],"predecessor-version":[{"id":92177,"href":"https:\/\/lasprimeras.com.do\/index.php\/wp-json\/wp\/v2\/posts\/92175\/revisions\/92177"}],"wp:featuredmedia":[{"embeddable":true,"href":"https:\/\/lasprimeras.com.do\/index.php\/wp-json\/wp\/v2\/media\/92176"}],"wp:attachment":[{"href":"https:\/\/lasprimeras.com.do\/index.php\/wp-json\/wp\/v2\/media?parent=92175"}],"wp:term":[{"taxonomy":"category","embeddable":true,"href":"https:\/\/lasprimeras.com.do\/index.php\/wp-json\/wp\/v2\/categories?post=92175"},{"taxonomy":"post_tag","embeddable":true,"href":"https:\/\/lasprimeras.com.do\/index.php\/wp-json\/wp\/v2\/tags?post=92175"}],"curies":[{"name":"wp","href":"https:\/\/api.w.org\/{rel}","templated":true}]}}