{"id":92190,"date":"2024-12-31T20:34:16","date_gmt":"2025-01-01T00:34:16","guid":{"rendered":"https:\/\/lasprimeras.com.do\/?p=92190"},"modified":"2024-12-31T20:36:41","modified_gmt":"2025-01-01T00:36:41","slug":"accidente-de-transito-en-la-carretera-entre-azua-y-bani-deja-cuatro-muertos-y-varios-heridos","status":"publish","type":"post","link":"https:\/\/lasprimeras.com.do\/index.php\/2024\/12\/31\/accidente-de-transito-en-la-carretera-entre-azua-y-bani-deja-cuatro-muertos-y-varios-heridos\/","title":{"rendered":"Accidente de tr\u00e1nsito en la carretera entre Azua y Ban\u00ed deja cuatro muertos y varios heridos"},"content":{"rendered":"\n<p>Un tr\u00e1gico accidente de tr\u00e1nsito ocurrido este martes en la carretera S\u00e1nchez, entre Azua y Ban\u00ed, dej\u00f3 un saldo de cuatro personas fallecidas y otras cuatro heridas, seg\u00fan inform\u00f3 el Sistema 911.<\/p>\n\n\n\n<p>El siniestro involucr\u00f3 a dos veh\u00edculos tipo yipeta: una Honda CRV de color gris y una Hyundai Santa Fe blanca. En el lugar del accidente, fueron enviadas cuatro ambulancias para trasladar a los heridos a diferentes centros de salud, donde reciben atenci\u00f3n m\u00e9dica.<\/p>\n\n\n\n<p>Las personas heridas son dos mujeres, de 37 y 39 a\u00f1os, un hombre de 34 a\u00f1os y una ni\u00f1a de 10 a\u00f1os. La mujer de 37 a\u00f1os sufri\u00f3 un trauma frontal cerrado, lo que le caus\u00f3 un intenso dolor en el f\u00e9mur derecho y m\u00faltiples laceraciones.<\/p>\n\n\n\n<p>La otra mujer, de 39 a\u00f1os, presenta un trauma cerrado a nivel de la cadera. El hombre de 34 a\u00f1os result\u00f3 con m\u00faltiples traumas y dolor lumbar.<\/p>\n\n\n\n<p>El operativo de rescate y asistencia estuvo a cargo de varias instituciones, incluyendo la Polic\u00eda Nacional, la Direcci\u00f3n General de Seguridad de Tr\u00e1nsito y Transporte Terrestre (Digesett) y el Cuerpo de Bomberos de Ban\u00ed.<\/p>\n","protected":false},"excerpt":{"rendered":"<p>Un tr\u00e1gico accidente de tr\u00e1nsito ocurrido este martes en la carretera S\u00e1nchez, entre Azua y Ban\u00ed, dej\u00f3 un saldo de cuatro personas fallecidas y otras cuatro heridas, seg\u00fan inform\u00f3 el&hellip;<\/p>\n","protected":false},"author":2,"featured_media":92193,"comment_status":"open","ping_status":"open","sticky":false,"template":"","format":"standard","meta":{"content-type":"","jetpack_post_was_ever_published":false,"_jetpack_newsletter_access":"","_jetpack_dont_email_post_to_subs":false,"_jetpack_newsletter_tier_id":0,"_jetpack_memberships_contains_paywalled_content":false,"_jetpack_memberships_contains_paid_content":false,"footnotes":""},"categories":[35],"tags":[2211,1296,963,234,16724,1467,2049],"class_list":["post-92190","post","type-post","status-publish","format-standard","has-post-thumbnail","hentry","category-nacionales","tag-accidente","tag-azua","tag-bani","tag-carretera","tag-cuatro-muertos","tag-heridos","tag-transito"],"jetpack_featured_media_url":"https:\/\/lasprimeras.com.do\/wp-content\/uploads\/2024\/12\/Accidente.jpg","jetpack-related-posts":[{"id":54957,"url":"https:\/\/lasprimeras.com.do\/index.php\/2023\/07\/16\/cuatro-personas-fallecidas-tras-accidente-de-transito-en-bani\/","url_meta":{"origin":92190,"position":0},"title":"Cuatro personas fallecidas tras accidente de tr\u00e1nsito en Ban\u00ed","author":"Nelson Feliz","date":"16 de julio de 2023","format":false,"excerpt":"Los informes de las autoridades que actuaron en el levantamiento de las v\u00edctimas de este tr\u00e1gico hecho establecen que una mujer embarazada, atropellada por el auto, falleci\u00f3 en el lugar del accidente, as\u00ed como su beb\u00e9. Cuatro personas resultaron muertas, entre ellas una mujer embarazada, en un accidente de tr\u00e1nsito\u2026","rel":"","context":"En \u00abNACIONALES\u00bb","block_context":{"text":"NACIONALES","link":"https:\/\/lasprimeras.com.do\/index.php\/category\/nacionales\/"},"img":{"alt_text":"Cuatro personas resultaron muertas","src":"https:\/\/i0.wp.com\/lasprimeras.com.do\/wp-content\/uploads\/2023\/07\/accidente.jpg?resize=350%2C200&ssl=1","width":350,"height":200,"srcset":"https:\/\/i0.wp.com\/lasprimeras.com.do\/wp-content\/uploads\/2023\/07\/accidente.jpg?resize=350%2C200&ssl=1 1x, https:\/\/i0.wp.com\/lasprimeras.com.do\/wp-content\/uploads\/2023\/07\/accidente.jpg?resize=525%2C300&ssl=1 1.5x, https:\/\/i0.wp.com\/lasprimeras.com.do\/wp-content\/uploads\/2023\/07\/accidente.jpg?resize=700%2C400&ssl=1 2x"},"classes":[]},{"id":97434,"url":"https:\/\/lasprimeras.com.do\/index.php\/2025\/04\/20\/tapones-reviven-la-necesidad-de-ampliacion-de-la-carretera-sanchez-desde-bani-hasta-azua\/","url_meta":{"origin":92190,"position":1},"title":"Tapones reviven la necesidad de ampliaci\u00f3n de la carretera S\u00e1nchez desde Ban\u00ed hasta Azua","author":"Nelson Feliz","date":"20 de abril de 2025","format":false,"excerpt":"En abril del 2024, Abinader dijo que la ampliaci\u00f3n ser\u00eda fijada en el presupuesto del 2025, pero no se hizo. Desde hace varios a\u00f1os, los tapones agobian a los miles de personas que se desplazan en Semana Santa y otras fechas festivas hacia el Sur por la carretera S\u00e1nchez, una\u2026","rel":"","context":"En \u00abNACIONALES\u00bb","block_context":{"text":"NACIONALES","link":"https:\/\/lasprimeras.com.do\/index.php\/category\/nacionales\/"},"img":{"alt_text":"","src":"https:\/\/i0.wp.com\/lasprimeras.com.do\/wp-content\/uploads\/2025\/04\/tapones.jpg?resize=350%2C200&ssl=1","width":350,"height":200,"srcset":"https:\/\/i0.wp.com\/lasprimeras.com.do\/wp-content\/uploads\/2025\/04\/tapones.jpg?resize=350%2C200&ssl=1 1x, https:\/\/i0.wp.com\/lasprimeras.com.do\/wp-content\/uploads\/2025\/04\/tapones.jpg?resize=525%2C300&ssl=1 1.5x, https:\/\/i0.wp.com\/lasprimeras.com.do\/wp-content\/uploads\/2025\/04\/tapones.jpg?resize=700%2C400&ssl=1 2x"},"classes":[]},{"id":57640,"url":"https:\/\/lasprimeras.com.do\/index.php\/2023\/08\/14\/choque-de-tanquero-cargado-de-gasolina-con-camion-de-harina-obstruye-transito-bani-azua\/","url_meta":{"origin":92190,"position":2},"title":"Choque de tanquero cargado de gasolina con cami\u00f3n de harina obstruye tr\u00e1nsito Ban\u00ed-Azua","author":"Nelson Feliz","date":"14 de agosto de 2023","format":false,"excerpt":"JOS\u00c9 ALBERTO MALDONADO El choque de camiones tiene casi paralizado en tr\u00e1nsito en el tramo carretero Azua-Ban\u00ed, con una hilera de veh\u00edculos de varios kil\u00f3metros. El accidente se produjo cuando un cami\u00f3n cargado de gasolina, impact\u00f3 a otro que iba lleno de sacos de harina, quedando el cabezote del tanquero\u2026","rel":"","context":"En \u00abNACIONALES\u00bb","block_context":{"text":"NACIONALES","link":"https:\/\/lasprimeras.com.do\/index.php\/category\/nacionales\/"},"img":{"alt_text":"choque de camiones","src":"https:\/\/i0.wp.com\/lasprimeras.com.do\/wp-content\/uploads\/2023\/08\/camion.jpeg?resize=350%2C200&ssl=1","width":350,"height":200,"srcset":"https:\/\/i0.wp.com\/lasprimeras.com.do\/wp-content\/uploads\/2023\/08\/camion.jpeg?resize=350%2C200&ssl=1 1x, https:\/\/i0.wp.com\/lasprimeras.com.do\/wp-content\/uploads\/2023\/08\/camion.jpeg?resize=525%2C300&ssl=1 1.5x"},"classes":[]},{"id":92291,"url":"https:\/\/lasprimeras.com.do\/index.php\/2025\/01\/01\/cuatro-personas-heridas-al-deslizarse-vehiculo-en-la-carretera-el-seibo-hato-mayor\/","url_meta":{"origin":92190,"position":3},"title":"Cuatro personas heridas al deslizarse veh\u00edculo en la carretera El Seibo-Hato Mayor","author":"Nelson Feliz","date":"1 de enero de 2025","format":false,"excerpt":"Un beb\u00e9 de un mes entre los lesionados. Por Irentoni Vega@viphatomayor Al menos cuatro personas resultaron heridas, entre ellas un beb\u00e9 de un mes y 12 d\u00edas de nacido, tras deslizarse una yipeta en la altura del Km\/7 de la carretera El Seibo-Hato Mayor, pr\u00f3ximo al Club Gall\u00edstico. Los lesionados\u2026","rel":"","context":"En \u00abNACIONALES\u00bb","block_context":{"text":"NACIONALES","link":"https:\/\/lasprimeras.com.do\/index.php\/category\/nacionales\/"},"img":{"alt_text":"","src":"https:\/\/i0.wp.com\/lasprimeras.com.do\/wp-content\/uploads\/2025\/01\/dos.jpg?resize=350%2C200&ssl=1","width":350,"height":200,"srcset":"https:\/\/i0.wp.com\/lasprimeras.com.do\/wp-content\/uploads\/2025\/01\/dos.jpg?resize=350%2C200&ssl=1 1x, https:\/\/i0.wp.com\/lasprimeras.com.do\/wp-content\/uploads\/2025\/01\/dos.jpg?resize=525%2C300&ssl=1 1.5x, https:\/\/i0.wp.com\/lasprimeras.com.do\/wp-content\/uploads\/2025\/01\/dos.jpg?resize=700%2C400&ssl=1 2x"},"classes":[]},{"id":59957,"url":"https:\/\/lasprimeras.com.do\/index.php\/2023\/09\/09\/imagenes-fuertes-asistencia-del-9-1-1-a-accidente-de-transito-entre-dos-autobuses-de-transporte-de-personal\/","url_meta":{"origin":92190,"position":4},"title":"Im\u00e1genes Fuertes: Asistencia del 9-1-1 a accidente de tr\u00e1nsito entre dos autobuses de transporte de personal","author":"Nelson Feliz","date":"9 de septiembre de 2023","format":false,"excerpt":"Accidente en Hig\u00fcey deja cuatro muertos y 17 heridos Al menos cuatro personas murieron y 17 resultaron heridas durante un accidente de tr\u00e1nsito entre dos dos autobuses que transportaban empleados de dos cadenas hoteleras de B\u00e1varo. El fatal accidente se registr\u00f3 pasadas las 6:00 de la ma\u00f1ana de este s\u00e1bado\u2026","rel":"","context":"En \u00abNACIONALES\u00bb","block_context":{"text":"NACIONALES","link":"https:\/\/lasprimeras.com.do\/index.php\/category\/nacionales\/"},"img":{"alt_text":"","src":"https:\/\/i0.wp.com\/lasprimeras.com.do\/wp-content\/uploads\/2023\/09\/accidentes-2.jpg?resize=350%2C200&ssl=1","width":350,"height":200,"srcset":"https:\/\/i0.wp.com\/lasprimeras.com.do\/wp-content\/uploads\/2023\/09\/accidentes-2.jpg?resize=350%2C200&ssl=1 1x, https:\/\/i0.wp.com\/lasprimeras.com.do\/wp-content\/uploads\/2023\/09\/accidentes-2.jpg?resize=525%2C300&ssl=1 1.5x, https:\/\/i0.wp.com\/lasprimeras.com.do\/wp-content\/uploads\/2023\/09\/accidentes-2.jpg?resize=700%2C400&ssl=1 2x"},"classes":[]},{"id":109742,"url":"https:\/\/lasprimeras.com.do\/index.php\/2025\/09\/21\/al-menos-una-persona-herida-y-una-desaparecida-en-un-accidente-de-transito-bani\/","url_meta":{"origin":92190,"position":5},"title":"Al menos una persona herida y una desaparecida en un accidente de tr\u00e1nsito Ban\u00ed","author":"Nelson Feliz","date":"21 de septiembre de 2025","format":false,"excerpt":"Un aparatoso accidente de tr\u00e1nsito se registr\u00f3 pasada la 1:35 de la madrugada de este domingo en la carretera S\u00e1nchez a unos 300 metros antes del parador Cruce De Ocoa Un carro Honda Civic cuyo conductor perdi\u00f3 el control y se barri\u00f3 en la curva fuerte antes de llegar al\u2026","rel":"","context":"En \u00abNACIONALES\u00bb","block_context":{"text":"NACIONALES","link":"https:\/\/lasprimeras.com.do\/index.php\/category\/nacionales\/"},"img":{"alt_text":"","src":"https:\/\/i0.wp.com\/lasprimeras.com.do\/wp-content\/uploads\/2025\/09\/acci.jpg?resize=350%2C200&ssl=1","width":350,"height":200},"classes":[]}],"jetpack_sharing_enabled":true,"_links":{"self":[{"href":"https:\/\/lasprimeras.com.do\/index.php\/wp-json\/wp\/v2\/posts\/92190","targetHints":{"allow":["GET"]}}],"collection":[{"href":"https:\/\/lasprimeras.com.do\/index.php\/wp-json\/wp\/v2\/posts"}],"about":[{"href":"https:\/\/lasprimeras.com.do\/index.php\/wp-json\/wp\/v2\/types\/post"}],"author":[{"embeddable":true,"href":"https:\/\/lasprimeras.com.do\/index.php\/wp-json\/wp\/v2\/users\/2"}],"replies":[{"embeddable":true,"href":"https:\/\/lasprimeras.com.do\/index.php\/wp-json\/wp\/v2\/comments?post=92190"}],"version-history":[{"count":1,"href":"https:\/\/lasprimeras.com.do\/index.php\/wp-json\/wp\/v2\/posts\/92190\/revisions"}],"predecessor-version":[{"id":92191,"href":"https:\/\/lasprimeras.com.do\/index.php\/wp-json\/wp\/v2\/posts\/92190\/revisions\/92191"}],"wp:featuredmedia":[{"embeddable":true,"href":"https:\/\/lasprimeras.com.do\/index.php\/wp-json\/wp\/v2\/media\/92193"}],"wp:attachment":[{"href":"https:\/\/lasprimeras.com.do\/index.php\/wp-json\/wp\/v2\/media?parent=92190"}],"wp:term":[{"taxonomy":"category","embeddable":true,"href":"https:\/\/lasprimeras.com.do\/index.php\/wp-json\/wp\/v2\/categories?post=92190"},{"taxonomy":"post_tag","embeddable":true,"href":"https:\/\/lasprimeras.com.do\/index.php\/wp-json\/wp\/v2\/tags?post=92190"}],"curies":[{"name":"wp","href":"https:\/\/api.w.org\/{rel}","templated":true}]}}