{"id":92197,"date":"2024-12-31T20:49:46","date_gmt":"2025-01-01T00:49:46","guid":{"rendered":"https:\/\/lasprimeras.com.do\/?p=92197"},"modified":"2024-12-31T20:49:48","modified_gmt":"2025-01-01T00:49:48","slug":"papa-francisco-comparte-mensaje-de-fin-de-ano-sobre-esperanza-y-fraternidad","status":"publish","type":"post","link":"https:\/\/lasprimeras.com.do\/index.php\/2024\/12\/31\/papa-francisco-comparte-mensaje-de-fin-de-ano-sobre-esperanza-y-fraternidad\/","title":{"rendered":"Papa Francisco comparte mensaje de fin de a\u00f1o sobre esperanza y fraternidad"},"content":{"rendered":"\n<p>El Papa Francisco ha compartido un mensaje especial de fin de a\u00f1o a trav\u00e9s de la red social X (anteriormente conocida como Twitter), en el que reflexiona sobre los valores fundamentales de la esperanza y la fraternidad.<\/p>\n\n\n\n<p>En este mensaje, el Santo Padre hace un llamado a la acci\u00f3n de gracias, destacando la importancia de la Santa Madre de Dios como ejemplo de fe y esperanza.<\/p>\n\n\n\n<p>El Papa Francisco comienza su mensaje recordando que el final del a\u00f1o es un momento propicio para dar gracias por la vida y las bendiciones recibidas.<\/p>\n\n\n\n<p>Destaca que, al celebrar a la Santa Madre de Dios, se invita a los fieles a reflexionar sobre el misterio de Jes\u00fas, un misterio que, seg\u00fan el Pont\u00edfice, nos ense\u00f1a a leer los signos de los tiempos con una mirada m\u00e1s profunda.<\/p>\n\n\n\n<p>\u201cElla, que guarda en su coraz\u00f3n el misterio de Jes\u00fas, nos ense\u00f1a tambi\u00e9n a nosotros a leer los signos de los tiempos a la luz de este misterio\u201d, escribi\u00f3 el Papa en su mensaje.<\/p>\n\n\n\n<p>En su mensaje de fin de a\u00f1o, el Papa Francisco tambi\u00e9n subraya que la esperanza del mundo radica en la fraternidad. Esta esperanza, seg\u00fan el Santo Padre, est\u00e1 simbolizada por Cristo, el Hijo encarnado enviado por el Padre para recordar a la humanidad su verdadera esencia: ser hijos del Padre celestial y, por ende, hermanos entre s\u00ed.<\/p>\n\n\n\n<p>\u201c\u00a1La esperanza del mundo est\u00e1 en la fraternidad!\u201d, expresa el Papa Francisco en un llamado a la unidad y a la solidaridad global.<\/p>\n\n\n\n<p>El Papa hace un claro \u00e9nfasis en la necesidad de cultivar un mundo fraterno, donde todos podamos vivir con la misma dignidad, unidos como hermanos y hermanas, sin importar las diferencias. La fraternidad, como n\u00facleo de este mensaje, se ve como la clave para superar los retos que enfrenta la humanidad.<\/p>\n","protected":false},"excerpt":{"rendered":"<p>El Papa Francisco ha compartido un mensaje especial de fin de a\u00f1o a trav\u00e9s de la red social X (anteriormente conocida como Twitter), en el que reflexiona sobre los valores&hellip;<\/p>\n","protected":false},"author":2,"featured_media":89320,"comment_status":"open","ping_status":"open","sticky":false,"template":"","format":"standard","meta":{"content-type":"","jetpack_post_was_ever_published":false,"_jetpack_newsletter_access":"","_jetpack_dont_email_post_to_subs":false,"_jetpack_newsletter_tier_id":0,"_jetpack_memberships_contains_paywalled_content":false,"_jetpack_memberships_contains_paid_content":false,"footnotes":""},"categories":[16289],"tags":[2357,10730,16727,6558,1388],"class_list":["post-92197","post","type-post","status-publish","format-standard","has-post-thumbnail","hentry","category-internacionales","tag-esperanza","tag-fin-de-ano","tag-fraternidad","tag-mensaje","tag-papa-francisco"],"jetpack_featured_media_url":"https:\/\/lasprimeras.com.do\/wp-content\/uploads\/2024\/09\/El-papa-Francisco.jpg","jetpack-related-posts":[{"id":49710,"url":"https:\/\/lasprimeras.com.do\/index.php\/2023\/05\/13\/zelenski-y-el-papa-francisco-se-reunieron-este-sabado-en-el-vaticano\/","url_meta":{"origin":92197,"position":0},"title":"Zelenski y el papa Francisco se reunieron este s\u00e1bado en el Vaticano","author":"prenxa100","date":"13 de mayo de 2023","format":false,"excerpt":"El Vaticano.-. El presidente ucraniano, Volodimir Zelenski, y el papa Francisco se reunieron este s\u00e1bado en el Vaticano durante unos 40 minutos, en un esperado encuentro que se produjo despu\u00e9s que el pont\u00edfice revelase que est\u00e1 en marcha una misi\u00f3n para poder poner fin a la guerra en Ucrania de\u2026","rel":"","context":"En \u00abSin categor\u00eda\u00bb","block_context":{"text":"Sin categor\u00eda","link":"https:\/\/lasprimeras.com.do\/index.php\/category\/sin-categoria\/"},"img":{"alt_text":"","src":"","width":0,"height":0},"classes":[]},{"id":125994,"url":"https:\/\/lasprimeras.com.do\/index.php\/2026\/03\/29\/el-papa-leon-xiv-rechaza-en-domingo-de-ramos-las-afirmaciones-de-que-dios-justifica-la-guerra\/","url_meta":{"origin":92197,"position":1},"title":"El papa Le\u00f3n XIV rechaza en Domingo de Ramos las afirmaciones de que Dios justifica la guerra","author":"Nelson Feliz","date":"29 de marzo de 2026","format":false,"excerpt":"POR NICOLE WINFIELD ROMA (AP) \u2014 El papa Le\u00f3n XIV rechaz\u00f3 el domingo las afirmaciones de que Dios justifica la guerra y rez\u00f3 especialmente por los cristianos en Oriente Medio durante una misa del Domingo de Ramos ante decenas de miles de personas en la plaza de San Pedro. Mientras\u2026","rel":"","context":"En \u00abINTERNACIONALES\u00bb","block_context":{"text":"INTERNACIONALES","link":"https:\/\/lasprimeras.com.do\/index.php\/category\/sin-categoria\/internacionales\/"},"img":{"alt_text":"","src":"https:\/\/i0.wp.com\/lasprimeras.com.do\/wp-content\/uploads\/2026\/03\/Papa-Leon.jpg?resize=350%2C200&ssl=1","width":350,"height":200,"srcset":"https:\/\/i0.wp.com\/lasprimeras.com.do\/wp-content\/uploads\/2026\/03\/Papa-Leon.jpg?resize=350%2C200&ssl=1 1x, https:\/\/i0.wp.com\/lasprimeras.com.do\/wp-content\/uploads\/2026\/03\/Papa-Leon.jpg?resize=525%2C300&ssl=1 1.5x, https:\/\/i0.wp.com\/lasprimeras.com.do\/wp-content\/uploads\/2026\/03\/Papa-Leon.jpg?resize=700%2C400&ssl=1 2x"},"classes":[]},{"id":94941,"url":"https:\/\/lasprimeras.com.do\/index.php\/2025\/03\/07\/francisco-cumple-3-semanas-hospitalizado-tras-mensaje-que-mostro-al-mundo-lo-debil-que-se-encuentra\/","url_meta":{"origin":92197,"position":2},"title":"Francisco cumple 3 semanas hospitalizado tras mensaje que mostr\u00f3 al mundo lo d\u00e9bil que se encuentra","author":"Nelson Feliz","date":"7 de marzo de 2025","format":false,"excerpt":"POR NICOLE WINFIELD ROMA (AP) \u2014 El papa Francisco cumpli\u00f3 el viernes tres semanas de hospitalizaci\u00f3n a causa de una neumon\u00eda bilateral, en condici\u00f3n estable y reanudando sus terapias luego de ofrecer al mundo un indicio tangible de lo d\u00e9bil y enfermo que se encuentra. El Vaticano dijo que el\u2026","rel":"","context":"En \u00abINTERNACIONALES\u00bb","block_context":{"text":"INTERNACIONALES","link":"https:\/\/lasprimeras.com.do\/index.php\/category\/sin-categoria\/internacionales\/"},"img":{"alt_text":"","src":"https:\/\/i0.wp.com\/lasprimeras.com.do\/wp-content\/uploads\/2025\/03\/DEVOTO.png?resize=350%2C200&ssl=1","width":350,"height":200,"srcset":"https:\/\/i0.wp.com\/lasprimeras.com.do\/wp-content\/uploads\/2025\/03\/DEVOTO.png?resize=350%2C200&ssl=1 1x, https:\/\/i0.wp.com\/lasprimeras.com.do\/wp-content\/uploads\/2025\/03\/DEVOTO.png?resize=525%2C300&ssl=1 1.5x, https:\/\/i0.wp.com\/lasprimeras.com.do\/wp-content\/uploads\/2025\/03\/DEVOTO.png?resize=700%2C400&ssl=1 2x"},"classes":[]},{"id":97531,"url":"https:\/\/lasprimeras.com.do\/index.php\/2025\/04\/22\/luis-el-gallo-rinde-homenaje-al-papa-francisco\/","url_meta":{"origin":92197,"position":3},"title":"Luis \u201cEl Gallo\u201d rinde homenaje al Papa Francisco","author":"Nelson Feliz","date":"22 de abril de 2025","format":false,"excerpt":"La Uni\u00f3n Dem\u00f3crata Cristiana \u2013UDC inclin\u00f3 hoy su bandera para rendir homenaje al Papa Francisco y lo demostr\u00f3 un mensajero y trabajador por el bienestar de los m\u00e1s humildes y para acabar con las desigualdades sociales. Luis Acosta Moreta, Luis \u201cEl Gallo\u201d, presidente de la UDC, agreg\u00f3 que el Papa\u2026","rel":"","context":"En \u00abPOLITICA\u00bb","block_context":{"text":"POLITICA","link":"https:\/\/lasprimeras.com.do\/index.php\/category\/politica\/"},"img":{"alt_text":"Luis Acosta Moreta","src":"https:\/\/i0.wp.com\/lasprimeras.com.do\/wp-content\/uploads\/2025\/04\/Luis-Acosta-Moreta-1.jpg?resize=350%2C200&ssl=1","width":350,"height":200,"srcset":"https:\/\/i0.wp.com\/lasprimeras.com.do\/wp-content\/uploads\/2025\/04\/Luis-Acosta-Moreta-1.jpg?resize=350%2C200&ssl=1 1x, https:\/\/i0.wp.com\/lasprimeras.com.do\/wp-content\/uploads\/2025\/04\/Luis-Acosta-Moreta-1.jpg?resize=525%2C300&ssl=1 1.5x, https:\/\/i0.wp.com\/lasprimeras.com.do\/wp-content\/uploads\/2025\/04\/Luis-Acosta-Moreta-1.jpg?resize=700%2C400&ssl=1 2x"},"classes":[]},{"id":71876,"url":"https:\/\/lasprimeras.com.do\/index.php\/2023\/12\/24\/el-papa-pide-no-confundir-la-fiesta-en-navidad-con-el-consumismo\/","url_meta":{"origin":92197,"position":4},"title":"El papa pide no confundir la fiesta en Navidad con el consumismo","author":"Nelson Feliz","date":"24 de diciembre de 2023","format":false,"excerpt":"Francisco tambi\u00e9n pidi\u00f3 recordar en esta Navidad a \"nuestros hermanos que sufren la guerra\" y \"pensar en Palestina, Israel y Ucrania y en los que sufren la miseria, el hambre y la esclavitud\". Ciudad del Vaticano, EFE.-. El papa Francisco pidi\u00f3 en ocasi\u00f3n de la Navidad \"no confundir la fiesta\u2026","rel":"","context":"En \u00abSin categor\u00eda\u00bb","block_context":{"text":"Sin categor\u00eda","link":"https:\/\/lasprimeras.com.do\/index.php\/category\/sin-categoria\/"},"img":{"alt_text":"El Papa Francisco asiste a su audiencia general semanal en el sal\u00f3n Papa Pablo VI en el Vaticano, el mi\u00e9rcoles 6 de diciembre de 2023ANDREW MEDICHINI","src":"https:\/\/i0.wp.com\/lasprimeras.com.do\/wp-content\/uploads\/2023\/12\/El-Papa-Francisco.jpeg?resize=350%2C200&ssl=1","width":350,"height":200,"srcset":"https:\/\/i0.wp.com\/lasprimeras.com.do\/wp-content\/uploads\/2023\/12\/El-Papa-Francisco.jpeg?resize=350%2C200&ssl=1 1x, https:\/\/i0.wp.com\/lasprimeras.com.do\/wp-content\/uploads\/2023\/12\/El-Papa-Francisco.jpeg?resize=525%2C300&ssl=1 1.5x, https:\/\/i0.wp.com\/lasprimeras.com.do\/wp-content\/uploads\/2023\/12\/El-Papa-Francisco.jpeg?resize=700%2C400&ssl=1 2x"},"classes":[]},{"id":101601,"url":"https:\/\/lasprimeras.com.do\/index.php\/2025\/06\/24\/francisco-ozoria-arzobispo-visita-parroquia-espiritu-santo\/","url_meta":{"origin":92197,"position":5},"title":"Francisco Ozoria Arzobispo visita parroquia Esp\u00edritu Santo","author":"Nelson Feliz","date":"24 de junio de 2025","format":false,"excerpt":"En el marco de una visita pastoral a la parroquia Esp\u00edritu Santo de Villa Mella, el Arzobispo Metropolitano de Santo Domingo, Monse\u00f1or Francisco Ozoria Acosta, se reuni\u00f3 con autoridades eclesi\u00e1sticas en varias capillas entre ellas, la Iglesia San Miguel Arc\u00e1ngel. Ozoria Acosta, estuvo acompa\u00f1ado adem\u00e1s de Monse\u00f1or Jos\u00e9 Amable Duran\u2026","rel":"","context":"En \u00abNACIONALES\u00bb","block_context":{"text":"NACIONALES","link":"https:\/\/lasprimeras.com.do\/index.php\/category\/nacionales\/"},"img":{"alt_text":"Francisco Ozoria","src":"https:\/\/i0.wp.com\/lasprimeras.com.do\/wp-content\/uploads\/2025\/06\/Francisco-Ozoria-1.jpg?resize=350%2C200&ssl=1","width":350,"height":200,"srcset":"https:\/\/i0.wp.com\/lasprimeras.com.do\/wp-content\/uploads\/2025\/06\/Francisco-Ozoria-1.jpg?resize=350%2C200&ssl=1 1x, https:\/\/i0.wp.com\/lasprimeras.com.do\/wp-content\/uploads\/2025\/06\/Francisco-Ozoria-1.jpg?resize=525%2C300&ssl=1 1.5x, https:\/\/i0.wp.com\/lasprimeras.com.do\/wp-content\/uploads\/2025\/06\/Francisco-Ozoria-1.jpg?resize=700%2C400&ssl=1 2x"},"classes":[]}],"jetpack_sharing_enabled":true,"_links":{"self":[{"href":"https:\/\/lasprimeras.com.do\/index.php\/wp-json\/wp\/v2\/posts\/92197","targetHints":{"allow":["GET"]}}],"collection":[{"href":"https:\/\/lasprimeras.com.do\/index.php\/wp-json\/wp\/v2\/posts"}],"about":[{"href":"https:\/\/lasprimeras.com.do\/index.php\/wp-json\/wp\/v2\/types\/post"}],"author":[{"embeddable":true,"href":"https:\/\/lasprimeras.com.do\/index.php\/wp-json\/wp\/v2\/users\/2"}],"replies":[{"embeddable":true,"href":"https:\/\/lasprimeras.com.do\/index.php\/wp-json\/wp\/v2\/comments?post=92197"}],"version-history":[{"count":1,"href":"https:\/\/lasprimeras.com.do\/index.php\/wp-json\/wp\/v2\/posts\/92197\/revisions"}],"predecessor-version":[{"id":92198,"href":"https:\/\/lasprimeras.com.do\/index.php\/wp-json\/wp\/v2\/posts\/92197\/revisions\/92198"}],"wp:featuredmedia":[{"embeddable":true,"href":"https:\/\/lasprimeras.com.do\/index.php\/wp-json\/wp\/v2\/media\/89320"}],"wp:attachment":[{"href":"https:\/\/lasprimeras.com.do\/index.php\/wp-json\/wp\/v2\/media?parent=92197"}],"wp:term":[{"taxonomy":"category","embeddable":true,"href":"https:\/\/lasprimeras.com.do\/index.php\/wp-json\/wp\/v2\/categories?post=92197"},{"taxonomy":"post_tag","embeddable":true,"href":"https:\/\/lasprimeras.com.do\/index.php\/wp-json\/wp\/v2\/tags?post=92197"}],"curies":[{"name":"wp","href":"https:\/\/api.w.org\/{rel}","templated":true}]}}