{"id":92241,"date":"2024-12-29T15:05:58","date_gmt":"2024-12-29T19:05:58","guid":{"rendered":"https:\/\/lasprimeras.com.do\/?p=92241"},"modified":"2025-01-01T15:09:41","modified_gmt":"2025-01-01T19:09:41","slug":"petro-dice-provenian-de-colombia-9-5-toneladas-cocaina-ocupadas-en-rd","status":"publish","type":"post","link":"https:\/\/lasprimeras.com.do\/index.php\/2024\/12\/29\/petro-dice-provenian-de-colombia-9-5-toneladas-cocaina-ocupadas-en-rd\/","title":{"rendered":"Petro dice proven\u00edan de Colombia 9.5 toneladas coca\u00edna ocupadas en RD"},"content":{"rendered":"\n<p>El presidente de Colombia, Gustavo Petro, afirm\u00f3 este domingo que las 9.5 toneladas de coca\u00edna incautada en el Puerto Multimodal Caucedo de Boca Chica, Rep\u00fablica Dominicana, provino de grupos armados del Catatumbo.<\/p>\n\n\n\n<p>Petro, quien comparti\u00f3 estas declaraciones a trav\u00e9s de su cuenta de la red social X, a\u00f1adi\u00f3 que este decomiso se llev\u00f3 a cabo con ayuda de la inteligencia de la Polic\u00eda Nacional colombiana.<\/p>\n\n\n\n<p>\u201cCon ayuda de la inteligencia policial de Colombia, se han incautado 9.5 toneladas de coca\u00edna en Rep\u00fablica Dominicana. La droga proven\u00eda de grupos armados del Catatumbo\u201d, asegur\u00f3 el mandatario.<\/p>\n\n\n\n<p>El decomiso de esta droga, llevado a cabo el pasado viernes 6 del presente mes, fue registrado como el mayor en la historia dominicana, con un valor estimado de US$ 250 millones, seg\u00fan la Direcci\u00f3n Nacional de Control de Drogas (DNCD).<\/p>\n\n\n\n<p>\u00bfSE RESOLVI\u00d3 EL MISTERIO?<\/p>\n\n\n\n<p>Lo anunciado por Petro parece aclarar parcialmente el misterio que rodeaba la procedencia de la droga, puesto que, tras ser ocupada la coca\u00edna, la DNCD dijo que las sustancias il\u00edcitas fueron halladas en un contenedor procedente de Guatemala.<\/p>\n\n\n\n<p>Sin embargo, el Gobierno guatemalteco indic\u00f3 en un comunicado que el contenedor no ten\u00eda sustancias il\u00edcitas al salir de su pa\u00eds, que lleg\u00f3 a sus costas luego de partir de Veracruz, M\u00e9xico, y realiz\u00f3 una tercera parada en Puerto Cort\u00e9s en Honduras.<\/p>\n\n\n\n<p>Asimismo, asever\u00f3 que el contenedor fue revisado &#8220;a trav\u00e9s de tecnolog\u00eda de scanner&#8221;, mientras que, este martes, se produce el pronunciamiento de Honduras sobre que el cargamento no toc\u00f3 sus puertos.<\/p>\n\n\n\n<p>Posteriormente, la Direcci\u00f3n General de Aduanas de Honduras indic\u00f3 que &#8220;seg\u00fan informes, registro y trazabilidad de la carga de la Unidad de Control de Contenedores (UCC) de Aduanas de Honduras, certificada por la Oficina de las Naciones Unidas contra la Droga y el Delito, los contenedores donde fue encontrada la supuesta droga en un puerto de Rep\u00fablica Dominicana, no tocaron suelo, ni puertos hondure\u00f1os\u201d.<\/p>\n\n\n\n<p>Luego, el presidente de Guatemala, Bernardo Ar\u00e9valo, de Le\u00f3n, dijo que el contenedor en cuesti\u00f3n fue \u201ccontaminado\u201d con la droga en Rep\u00fablica Dominicana.<\/p>\n\n\n\n<p>\u201cYa qued\u00f3 claro que la contaminaci\u00f3n tuvo lugar en la Rep\u00fablica Dominicana y que aqu\u00ed las luchas de seguridad siguen firmas en la lucha contra el narcotr\u00e1fico\u201d, dijo al ser cuestionado por periodistas este jueves.<\/p>\n\n\n\n<p>VARIOS INVESTIGADOS<\/p>\n\n\n\n<p>A mediados de este mes el Ministerio P\u00fablico dominicano anunci\u00f3 que prepara una solicitud de medida de coerci\u00f3n en contra de los acusados de ser responsables de permitir la entrada al pa\u00eds del cargamento de coca\u00edna.<\/p>\n\n\n\n<p>Hasta el momento las autoridades no se han vuelto a pronunciar sobre el caso, m\u00e1s all\u00e1 de que se est\u00e1n investigando 15 personas, cuyas identidades no fueron reveladas.<\/p>\n\n\n\n<p>FUE QUEMADA<\/p>\n\n\n\n<p>D\u00edas despu\u00e9s de ser incautada, las autoridades dominicanas incineraron la coca\u00edna encontrada.<\/p>\n\n\n\n<p>&#8220;No hab\u00edamos tenido un precedente de una incautaci\u00f3n de esta magnitud, felicito a todos los que participaron en la operaci\u00f3n porque, sin ese esfuerzo mancomunado y sin esa constancia en esta operaci\u00f3n tan noble que conspira contra la salud, la econom\u00eda y el bienvivir de nuestra naci\u00f3n, no hubiera sido posible llegar a estos t\u00e9rminos&#8221;, dijo la procuradora general de la Rep\u00fablica Dominicana, Miriam Germ\u00e1n Brito, durante la quema.<\/p>\n\n\n\n<p>Este decomiso, que super\u00f3 el r\u00e9cord anterior de 2.5 toneladas de drogas ocupadas en 2006, se produjo cuando los agentes descubrieron dos contenedores con 320 sacos de coca\u00edna.<\/p>\n","protected":false},"excerpt":{"rendered":"<p>El presidente de Colombia, Gustavo Petro, afirm\u00f3 este domingo que las 9.5 toneladas de coca\u00edna incautada en el Puerto Multimodal Caucedo de Boca Chica, Rep\u00fablica Dominicana, provino de grupos armados&hellip;<\/p>\n","protected":false},"author":2,"featured_media":92242,"comment_status":"open","ping_status":"open","sticky":false,"template":"","format":"standard","meta":{"content-type":"","jetpack_post_was_ever_published":false,"_jetpack_newsletter_access":"","_jetpack_dont_email_post_to_subs":false,"_jetpack_newsletter_tier_id":0,"_jetpack_memberships_contains_paywalled_content":false,"_jetpack_memberships_contains_paid_content":false,"footnotes":""},"categories":[35,25],"tags":[16753,2757,3423,1226],"class_list":["post-92241","post","type-post","status-publish","format-standard","has-post-thumbnail","hentry","category-nacionales","category-portada","tag-9-5-toneladas-cocaina","tag-colombia","tag-gustavo-petro","tag-republica-dominicana"],"jetpack_featured_media_url":"https:\/\/lasprimeras.com.do\/wp-content\/uploads\/2025\/01\/Gustavo-Petro.jpeg","jetpack-related-posts":[{"id":92730,"url":"https:\/\/lasprimeras.com.do\/index.php\/2025\/01\/12\/mp-confirma-que-las-9-8-toneladas-de-droga-incautadas-eran-de-colombia\/","url_meta":{"origin":92241,"position":0},"title":"MP confirma que las 9.8 toneladas de droga incautadas eran de Colombia","author":"Nelson Feliz","date":"12 de enero de 2025","format":false,"excerpt":"Las 9.8 toneladas de coca\u00edna incautadas por las autoridades dominicanas, en que fue denominado como un decomiso hist\u00f3rico, fueron entradas al pa\u00eds \"meses previos\" a la fecha en que fueron confiscadas. De acuerdo a una nota de prensa del Ministerio P\u00fablico suministrada la noche de este domingo, la droga proced\u00eda\u2026","rel":"","context":"En \u00abJUSTICIA\u00bb","block_context":{"text":"JUSTICIA","link":"https:\/\/lasprimeras.com.do\/index.php\/category\/justicia\/"},"img":{"alt_text":"Quema de las 9.8 toneladas de droga","src":"https:\/\/i0.wp.com\/lasprimeras.com.do\/wp-content\/uploads\/2025\/01\/Quema-de-las-9.8-toneladas-de-droga.jpg?resize=350%2C200&ssl=1","width":350,"height":200,"srcset":"https:\/\/i0.wp.com\/lasprimeras.com.do\/wp-content\/uploads\/2025\/01\/Quema-de-las-9.8-toneladas-de-droga.jpg?resize=350%2C200&ssl=1 1x, https:\/\/i0.wp.com\/lasprimeras.com.do\/wp-content\/uploads\/2025\/01\/Quema-de-las-9.8-toneladas-de-droga.jpg?resize=525%2C300&ssl=1 1.5x, https:\/\/i0.wp.com\/lasprimeras.com.do\/wp-content\/uploads\/2025\/01\/Quema-de-las-9.8-toneladas-de-droga.jpg?resize=700%2C400&ssl=1 2x"},"classes":[]},{"id":92724,"url":"https:\/\/lasprimeras.com.do\/index.php\/2025\/01\/12\/mp-puso-en-marcha-operacion-panthera-7-contra-red-criminal-le-ocupan-9-8-toneladas-de-droga\/","url_meta":{"origin":92241,"position":1},"title":"MP puso en marcha Operaci\u00f3n Panthera 7 contra red criminal, le ocupan 9.8 toneladas de droga","author":"Nelson Feliz","date":"12 de enero de 2025","format":false,"excerpt":"Proceder\u00e1 a solicitar medida de coerci\u00f3n en contra de los arrestados en las pr\u00f3ximas horas. El Ministerio P\u00fablico inform\u00f3 este domingo que puso en marcha la Operaci\u00f3n Panthera 7 contra los integrantes de la red internacional de narcotr\u00e1fico y lavado de activos a la que, junto a la Direcci\u00f3n Nacional\u2026","rel":"","context":"En \u00abJUSTICIA\u00bb","block_context":{"text":"JUSTICIA","link":"https:\/\/lasprimeras.com.do\/index.php\/category\/justicia\/"},"img":{"alt_text":"Operaci\u00f3n Panthera 7","src":"https:\/\/i0.wp.com\/lasprimeras.com.do\/wp-content\/uploads\/2025\/01\/Operacion-Panthera-7.jpg?resize=350%2C200&ssl=1","width":350,"height":200,"srcset":"https:\/\/i0.wp.com\/lasprimeras.com.do\/wp-content\/uploads\/2025\/01\/Operacion-Panthera-7.jpg?resize=350%2C200&ssl=1 1x, https:\/\/i0.wp.com\/lasprimeras.com.do\/wp-content\/uploads\/2025\/01\/Operacion-Panthera-7.jpg?resize=525%2C300&ssl=1 1.5x, https:\/\/i0.wp.com\/lasprimeras.com.do\/wp-content\/uploads\/2025\/01\/Operacion-Panthera-7.jpg?resize=700%2C400&ssl=1 2x"},"classes":[]},{"id":87509,"url":"https:\/\/lasprimeras.com.do\/index.php\/2024\/08\/12\/decomisan-22-toneladas-de-cocaina-en-un-semisumergible-en-el-pacifico-de-costa-rica\/","url_meta":{"origin":92241,"position":2},"title":"Decomisan 2,2 toneladas de coca\u00edna en un semisumergible en el Pac\u00edfico de Costa Rica","author":"Nelson Feliz","date":"12 de agosto de 2024","format":false,"excerpt":"San Jos\u00e9 (EFE).- Las autoridades de Costa Rica decomisaron 2,2 toneladas de coca\u00edna que eran transportadas en una embarcaci\u00f3n semisumergible en el Pac\u00edfico y tripulada por dos colombianos y un ecuatoriano, que fueron detenidos. El Ministerio de Seguridad P\u00fablica (MSP) de Costa Rica inform\u00f3 este lunes que el operativo, realizado\u2026","rel":"","context":"En \u00abSin categor\u00eda\u00bb","block_context":{"text":"Sin categor\u00eda","link":"https:\/\/lasprimeras.com.do\/index.php\/category\/sin-categoria\/"},"img":{"alt_text":"","src":"https:\/\/i0.wp.com\/lasprimeras.com.do\/wp-content\/uploads\/2024\/08\/Ministerio-de-Seguridad-Publica-de-Costa-Rica.jpg?resize=350%2C200&ssl=1","width":350,"height":200,"srcset":"https:\/\/i0.wp.com\/lasprimeras.com.do\/wp-content\/uploads\/2024\/08\/Ministerio-de-Seguridad-Publica-de-Costa-Rica.jpg?resize=350%2C200&ssl=1 1x, https:\/\/i0.wp.com\/lasprimeras.com.do\/wp-content\/uploads\/2024\/08\/Ministerio-de-Seguridad-Publica-de-Costa-Rica.jpg?resize=525%2C300&ssl=1 1.5x, https:\/\/i0.wp.com\/lasprimeras.com.do\/wp-content\/uploads\/2024\/08\/Ministerio-de-Seguridad-Publica-de-Costa-Rica.jpg?resize=700%2C400&ssl=1 2x"},"classes":[]},{"id":109281,"url":"https:\/\/lasprimeras.com.do\/index.php\/2025\/09\/16\/eeuu-descertifica-a-colombia-en-la-lucha-contra-las-drogas-por-primera-vez-en-tres-decadas\/","url_meta":{"origin":92241,"position":3},"title":"EEUU descertifica a Colombia en la lucha contra las drogas por primera vez en tres d\u00e9cadas","author":"Nelson Feliz","date":"16 de septiembre de 2025","format":false,"excerpt":"POR JOSHUA GOODMAN and ASTRID SU\u00c1REZ MIAMI (AP) \u2014 El gobierno de Donald Trump ha descertificado la cooperaci\u00f3n de Colombia en la lucha contra las drogas por primera vez en casi tres d\u00e9cadas, pero otorg\u00f3 una exenci\u00f3n para no afectar del todo la asistencia que suele dar a un pa\u00eds\u2026","rel":"","context":"En \u00abINTERNACIONALES\u00bb","block_context":{"text":"INTERNACIONALES","link":"https:\/\/lasprimeras.com.do\/index.php\/category\/sin-categoria\/internacionales\/"},"img":{"alt_text":"","src":"https:\/\/i0.wp.com\/lasprimeras.com.do\/wp-content\/uploads\/2025\/09\/gustavo-petro.jpg?resize=350%2C200&ssl=1","width":350,"height":200,"srcset":"https:\/\/i0.wp.com\/lasprimeras.com.do\/wp-content\/uploads\/2025\/09\/gustavo-petro.jpg?resize=350%2C200&ssl=1 1x, https:\/\/i0.wp.com\/lasprimeras.com.do\/wp-content\/uploads\/2025\/09\/gustavo-petro.jpg?resize=525%2C300&ssl=1 1.5x, https:\/\/i0.wp.com\/lasprimeras.com.do\/wp-content\/uploads\/2025\/09\/gustavo-petro.jpg?resize=700%2C400&ssl=1 2x"},"classes":[]},{"id":86617,"url":"https:\/\/lasprimeras.com.do\/index.php\/2024\/07\/28\/apresan-dos-y-confiscan-mas-de-una-tonelada-presumiblemente-cocaina-en-la-altagracia\/","url_meta":{"origin":92241,"position":4},"title":"Apresan dos y confiscan m\u00e1s de una tonelada presumiblemente coca\u00edna en La Altagracia","author":"Nelson Feliz","date":"28 de julio de 2024","format":false,"excerpt":"Agentes de la Direcci\u00f3n Nacional de Control de Drogas (DNCD), efectivos de la Armada de Rep\u00fablica Dominicana (ARD), la Fuerza A\u00e9rea (FARD) apoyados por agencias de Inteligencia del Estado y coordinados por el Ministerio P\u00fablico, incautaron un cargamento de 1, 030 paquetes presumiblemente coca\u00edna frente a las costas de la\u2026","rel":"","context":"En \u00abMILITARES\u00bb","block_context":{"text":"MILITARES","link":"https:\/\/lasprimeras.com.do\/index.php\/category\/militares\/"},"img":{"alt_text":"","src":"https:\/\/i0.wp.com\/lasprimeras.com.do\/wp-content\/uploads\/2024\/07\/dncd-1.png?resize=350%2C200&ssl=1","width":350,"height":200},"classes":[]},{"id":89610,"url":"https:\/\/lasprimeras.com.do\/index.php\/2024\/09\/29\/dncd-ocupa-mas-de-1-3-toneladas-cocaina-en-el-puerto-caucedo\/","url_meta":{"origin":92241,"position":5},"title":"DNCD ocupa m\u00e1s de 1.3 toneladas coca\u00edna en el Puerto Caucedo","author":"Nelson Feliz","date":"29 de septiembre de 2024","format":false,"excerpt":"Por Martin Restituyo Agentes de la Direcci\u00f3n Nacional de Control de Drogas (DNCD) intervinieron un contenedor con un cargamento de 1, 378 paquetes, (m\u00e1s de 1.3 toneladas) presumiblemente coca\u00edna en el Puerto Multimodal Caucedo del municipio de Boca Chica, provincia Santo Domingo. Dicha intervenci\u00f3n fue apoyada por la Direcci\u00f3n General\u2026","rel":"","context":"En \u00abMILITARES\u00bb","block_context":{"text":"MILITARES","link":"https:\/\/lasprimeras.com.do\/index.php\/category\/militares\/"},"img":{"alt_text":"DNCD","src":"https:\/\/i0.wp.com\/lasprimeras.com.do\/wp-content\/uploads\/2024\/09\/DNCD-1-1.jpg?resize=350%2C200&ssl=1","width":350,"height":200,"srcset":"https:\/\/i0.wp.com\/lasprimeras.com.do\/wp-content\/uploads\/2024\/09\/DNCD-1-1.jpg?resize=350%2C200&ssl=1 1x, https:\/\/i0.wp.com\/lasprimeras.com.do\/wp-content\/uploads\/2024\/09\/DNCD-1-1.jpg?resize=525%2C300&ssl=1 1.5x, https:\/\/i0.wp.com\/lasprimeras.com.do\/wp-content\/uploads\/2024\/09\/DNCD-1-1.jpg?resize=700%2C400&ssl=1 2x"},"classes":[]}],"jetpack_sharing_enabled":true,"_links":{"self":[{"href":"https:\/\/lasprimeras.com.do\/index.php\/wp-json\/wp\/v2\/posts\/92241","targetHints":{"allow":["GET"]}}],"collection":[{"href":"https:\/\/lasprimeras.com.do\/index.php\/wp-json\/wp\/v2\/posts"}],"about":[{"href":"https:\/\/lasprimeras.com.do\/index.php\/wp-json\/wp\/v2\/types\/post"}],"author":[{"embeddable":true,"href":"https:\/\/lasprimeras.com.do\/index.php\/wp-json\/wp\/v2\/users\/2"}],"replies":[{"embeddable":true,"href":"https:\/\/lasprimeras.com.do\/index.php\/wp-json\/wp\/v2\/comments?post=92241"}],"version-history":[{"count":1,"href":"https:\/\/lasprimeras.com.do\/index.php\/wp-json\/wp\/v2\/posts\/92241\/revisions"}],"predecessor-version":[{"id":92243,"href":"https:\/\/lasprimeras.com.do\/index.php\/wp-json\/wp\/v2\/posts\/92241\/revisions\/92243"}],"wp:featuredmedia":[{"embeddable":true,"href":"https:\/\/lasprimeras.com.do\/index.php\/wp-json\/wp\/v2\/media\/92242"}],"wp:attachment":[{"href":"https:\/\/lasprimeras.com.do\/index.php\/wp-json\/wp\/v2\/media?parent=92241"}],"wp:term":[{"taxonomy":"category","embeddable":true,"href":"https:\/\/lasprimeras.com.do\/index.php\/wp-json\/wp\/v2\/categories?post=92241"},{"taxonomy":"post_tag","embeddable":true,"href":"https:\/\/lasprimeras.com.do\/index.php\/wp-json\/wp\/v2\/tags?post=92241"}],"curies":[{"name":"wp","href":"https:\/\/api.w.org\/{rel}","templated":true}]}}