{"id":92257,"date":"2024-12-28T16:34:58","date_gmt":"2024-12-28T20:34:58","guid":{"rendered":"https:\/\/lasprimeras.com.do\/?p=92257"},"modified":"2025-01-01T16:39:24","modified_gmt":"2025-01-01T20:39:24","slug":"reporteros-graficos-reconocen-a-nelson-gutierrez-por-trayectoria-y-aporte-a-la-clase","status":"publish","type":"post","link":"https:\/\/lasprimeras.com.do\/index.php\/2024\/12\/28\/reporteros-graficos-reconocen-a-nelson-gutierrez-por-trayectoria-y-aporte-a-la-clase\/","title":{"rendered":"Reporteros gr\u00e1ficos reconocen a Nelson Guti\u00e9rrez por trayectoria y aporte a la clase"},"content":{"rendered":"\n<p>El C\u00edrculo de Reporteros Gr\u00e1ficos de Televisi\u00f3n, reconoci\u00f3 Nelson Guti\u00e9rrez, presidente del Colegio Dominicano de Locutores (CDL), por su apoyo y contribuci\u00f3n al gremio, as\u00ed como en la defensa del trabajo de sus miembros.<\/p>\n\n\n\n<p>Tras recibir la placa de reconocimiento, de manos del presidente del gremio, Corpus Montero, el tambi\u00e9n periodista y abogado, Nelson Guti\u00e9rrez, agradeci\u00f3 la distinci\u00f3n y a la vez reafirm\u00f3 su compromiso de seguir respaldando a los reporteros gr\u00e1ficos de todo el pa\u00eds, por su arduo y arriesgado trabajo.<\/p>\n\n\n\n<p>As\u00ed mismo, destac\u00f3 que estos profesionales del lente, son quienes capturan los momentos m\u00e1s importantes de la cotidianidad en nuestro pa\u00eds, adem\u00e1s mantienen a la poblaci\u00f3n al tanto de lo que pasa en el mundo en materia de im\u00e1genes.<\/p>\n\n\n\n<p>Guti\u00e9rrez, puntualiz\u00f3 &#8220;Los camar\u00f3grafos en conjunto con los periodistas, constituyen la columna vertebral de la informaci\u00f3n y son quienes llevan la noticia alrededor del mundo para que la gente est\u00e9 al tanto de lo que est\u00e1 ocurriendo en el universo&#8221; dijo.<\/p>\n\n\n\n<p>Ante esta realidad, el tambi\u00e9n director ejecutivo nacional del Consejo Nacional de los Derechos Humanos (Conadehu), reiter\u00f3 que seguir\u00e1 apoyando a los Reporteros gr\u00e1ficos.<\/p>\n\n\n\n<p>El reconocimiento fue otorgado a Guti\u00e9rrez y a otras personalidades, este viernes 27 de diciembre, en el marco del encuentro navide\u00f1o que lleva a cabo cada a\u00f1o el C\u00edrculo de Reporteros Gr\u00e1ficos de Televisi\u00f3n.<\/p>\n","protected":false},"excerpt":{"rendered":"<p>El C\u00edrculo de Reporteros Gr\u00e1ficos de Televisi\u00f3n, reconoci\u00f3 Nelson Guti\u00e9rrez, presidente del Colegio Dominicano de Locutores (CDL), por su apoyo y contribuci\u00f3n al gremio, as\u00ed como en la defensa del&hellip;<\/p>\n","protected":false},"author":2,"featured_media":92258,"comment_status":"open","ping_status":"open","sticky":false,"template":"","format":"standard","meta":{"content-type":"","jetpack_post_was_ever_published":false,"_jetpack_newsletter_access":"","_jetpack_dont_email_post_to_subs":false,"_jetpack_newsletter_tier_id":0,"_jetpack_memberships_contains_paywalled_content":false,"_jetpack_memberships_contains_paid_content":false,"footnotes":""},"categories":[1],"tags":[9641,14110,6674,16760,2948],"class_list":["post-92257","post","type-post","status-publish","format-standard","has-post-thumbnail","hentry","category-sin-categoria","tag-cdl","tag-corpus-montero","tag-nelson-gutierrez","tag-reporteros-graficos","tag-trayectoria"],"jetpack_featured_media_url":"https:\/\/lasprimeras.com.do\/wp-content\/uploads\/2025\/01\/Corpus-Montero.jpg","jetpack-related-posts":[{"id":86036,"url":"https:\/\/lasprimeras.com.do\/index.php\/2024\/07\/15\/corpus-montero-es-reelegido-por-tercera-vez\/","url_meta":{"origin":92257,"position":0},"title":"Corpus Montero es reelegido por tercera vez","author":"Nelson Feliz","date":"15 de julio de 2024","format":false,"excerpt":"El presidente del C\u00edrculo de Reporteros Gr\u00e1ficos de Televisi\u00f3n, Corpus Montero fue reelegido por tercera ocasi\u00f3n, consolidando su liderazgo y compromiso con la organizaci\u00f3n y sus miembros. La elecci\u00f3n se llev\u00f3 a cabo el pasado fin de semana en unos de los salones de la Confederaci\u00f3n de Unidad Sindical (CNUS),\u2026","rel":"","context":"En \u00abENTRETENIMIENTO\u00bb","block_context":{"text":"ENTRETENIMIENTO","link":"https:\/\/lasprimeras.com.do\/index.php\/category\/entretenimiento\/"},"img":{"alt_text":"","src":"https:\/\/i0.wp.com\/lasprimeras.com.do\/wp-content\/uploads\/2024\/07\/Corpus-Montero.jpg?resize=350%2C200&ssl=1","width":350,"height":200,"srcset":"https:\/\/i0.wp.com\/lasprimeras.com.do\/wp-content\/uploads\/2024\/07\/Corpus-Montero.jpg?resize=350%2C200&ssl=1 1x, https:\/\/i0.wp.com\/lasprimeras.com.do\/wp-content\/uploads\/2024\/07\/Corpus-Montero.jpg?resize=525%2C300&ssl=1 1.5x, https:\/\/i0.wp.com\/lasprimeras.com.do\/wp-content\/uploads\/2024\/07\/Corpus-Montero.jpg?resize=700%2C400&ssl=1 2x"},"classes":[]},{"id":96735,"url":"https:\/\/lasprimeras.com.do\/index.php\/2025\/04\/06\/circulo-de-reporteros-graficos-reconocen-labor-del-director-de-los-comedores-economicos\/","url_meta":{"origin":92257,"position":1},"title":"Circulo de Reporteros Gr\u00e1ficos reconocen labor del director de los Comedores Econ\u00f3micos","author":"Nelson Feliz","date":"6 de abril de 2025","format":false,"excerpt":"El presidente del gremio que agrupa a los camar\u00f3grafos, Corpus Montero, deseo al funcionario que siga avanzando y gestionando la instituci\u00f3n como hasta el momento para beneficio de un gran segmento de la poblaci\u00f3n dominicana que d\u00eda a d\u00eda es beneficiada con el servicio de alimentaci\u00f3n que ofrece. El C\u00edrculo\u2026","rel":"","context":"En \u00abNACIONALES\u00bb","block_context":{"text":"NACIONALES","link":"https:\/\/lasprimeras.com.do\/index.php\/category\/nacionales\/"},"img":{"alt_text":"Edgar Augusto F\u00e9liz M\u00e9ndez","src":"https:\/\/i0.wp.com\/lasprimeras.com.do\/wp-content\/uploads\/2025\/04\/Edgar-Augusto-Feliz-Mendez-3.jpg?resize=350%2C200&ssl=1","width":350,"height":200,"srcset":"https:\/\/i0.wp.com\/lasprimeras.com.do\/wp-content\/uploads\/2025\/04\/Edgar-Augusto-Feliz-Mendez-3.jpg?resize=350%2C200&ssl=1 1x, https:\/\/i0.wp.com\/lasprimeras.com.do\/wp-content\/uploads\/2025\/04\/Edgar-Augusto-Feliz-Mendez-3.jpg?resize=525%2C300&ssl=1 1.5x, https:\/\/i0.wp.com\/lasprimeras.com.do\/wp-content\/uploads\/2025\/04\/Edgar-Augusto-Feliz-Mendez-3.jpg?resize=700%2C400&ssl=1 2x"},"classes":[]},{"id":49254,"url":"https:\/\/lasprimeras.com.do\/index.php\/2023\/05\/09\/juramentan-nueva-directiva-del-circulo-de-reporteros-graficos-de-la-linea-noroeste\/","url_meta":{"origin":92257,"position":2},"title":"Juramentan nueva directiva del C\u00edrculo de Reporteros Gr\u00e1ficos de la l\u00ednea noroeste","author":"prenxa100","date":"9 de mayo de 2023","format":false,"excerpt":"Valverde Mao, RD.- El presidente del C\u00edrculo de Reporteros Gr\u00e1ficos, Corpus Montero, posicion\u00f3 a los nuevos miembros de la directiva de ese gremio en la l\u00ednea noroeste, la cual tiene asentamiento en la provincia de Valverde Mao. Luis Rodr\u00edguez, actual presidente de la filial Valverde, al ser juramentado junto a\u2026","rel":"","context":"En \u00abENTRETENIMIENTO\u00bb","block_context":{"text":"ENTRETENIMIENTO","link":"https:\/\/lasprimeras.com.do\/index.php\/category\/entretenimiento\/"},"img":{"alt_text":"","src":"","width":0,"height":0},"classes":[]},{"id":86824,"url":"https:\/\/lasprimeras.com.do\/index.php\/2024\/08\/01\/circulo-de-reporteros-graficos-de-rd-condena-agresion-a-reportero-y-periodista-en-santiago\/","url_meta":{"origin":92257,"position":3},"title":"C\u00edrculo de Reporteros Gr\u00e1ficos de RD condena agresi\u00f3n a reportero y periodista en Santiago","author":"Nelson Feliz","date":"1 de agosto de 2024","format":false,"excerpt":"El presidente del C\u00edrculo de Reporteros Gr\u00e1ficos de la Rep\u00fablica Dominicana, Corpus Montero, conden\u00f3 en\u00e9rgicamente la agresi\u00f3n sufrida por el reportero gr\u00e1fico Roberto Reyes a manos de un miembro de la Polic\u00eda Nacional. El incidente, ocurrido este jueves mientras Reyes y las periodistas Amparo Infante y Maricela de la Cruz\u2026","rel":"","context":"En \u00abNACIONALES\u00bb","block_context":{"text":"NACIONALES","link":"https:\/\/lasprimeras.com.do\/index.php\/category\/nacionales\/"},"img":{"alt_text":"periodista","src":"https:\/\/i0.wp.com\/lasprimeras.com.do\/wp-content\/uploads\/2024\/08\/periodista.jpg?resize=350%2C200&ssl=1","width":350,"height":200,"srcset":"https:\/\/i0.wp.com\/lasprimeras.com.do\/wp-content\/uploads\/2024\/08\/periodista.jpg?resize=350%2C200&ssl=1 1x, https:\/\/i0.wp.com\/lasprimeras.com.do\/wp-content\/uploads\/2024\/08\/periodista.jpg?resize=525%2C300&ssl=1 1.5x, https:\/\/i0.wp.com\/lasprimeras.com.do\/wp-content\/uploads\/2024\/08\/periodista.jpg?resize=700%2C400&ssl=1 2x"},"classes":[]},{"id":86829,"url":"https:\/\/lasprimeras.com.do\/index.php\/2024\/08\/02\/nelson-gutierrez-condena-agresion-contra-tres-miembros-de-la-prensa-en-santiago\/","url_meta":{"origin":92257,"position":4},"title":"Nelson Guti\u00e9rrez condena agresi\u00f3n contra tres miembros de la prensa en Santiago","author":"Nelson Feliz","date":"2 de agosto de 2024","format":false,"excerpt":"El Director Ejecutivo Nacional del Consejo Nacional de los Derechos Humanos (Conadehu), Nelson Guti\u00e9rrez, calific\u00f3 como un atentado a la libertad de prensa, la agresi\u00f3n f\u00edsica por parte de un agente de la Polic\u00eda Nacional contra un reportero gr\u00e1fico, y maltratos verbales a dos periodistas de distintos medios de comunicaci\u00f3n.\u2026","rel":"","context":"En \u00abNACIONALES\u00bb","block_context":{"text":"NACIONALES","link":"https:\/\/lasprimeras.com.do\/index.php\/category\/nacionales\/"},"img":{"alt_text":"Nelson Guti\u00e9rrez","src":"https:\/\/i0.wp.com\/lasprimeras.com.do\/wp-content\/uploads\/2024\/08\/nelson-gutierrez.jpg?resize=350%2C200&ssl=1","width":350,"height":200,"srcset":"https:\/\/i0.wp.com\/lasprimeras.com.do\/wp-content\/uploads\/2024\/08\/nelson-gutierrez.jpg?resize=350%2C200&ssl=1 1x, https:\/\/i0.wp.com\/lasprimeras.com.do\/wp-content\/uploads\/2024\/08\/nelson-gutierrez.jpg?resize=525%2C300&ssl=1 1.5x, https:\/\/i0.wp.com\/lasprimeras.com.do\/wp-content\/uploads\/2024\/08\/nelson-gutierrez.jpg?resize=700%2C400&ssl=1 2x"},"classes":[]},{"id":89777,"url":"https:\/\/lasprimeras.com.do\/index.php\/2024\/10\/05\/directiva-del-circulo-de-reporteros-graficos-de-television-realiza-visita-de-cortesia-a-certv-canal-4\/","url_meta":{"origin":92257,"position":5},"title":"Directiva del C\u00edrculo de Reporteros Gr\u00e1ficos de Televisi\u00f3n realiza visita de cortes\u00eda a CERTV canal 4","author":"Paola Castillo","date":"5 de octubre de 2024","format":false,"excerpt":"Santo Domingo, RD \u2013 La directiva del C\u00edrculo de Reporteros Gr\u00e1ficos de Televisi\u00f3n (CRGTV), liderada por su presidente Corpus Montero, realiz\u00f3 este mi\u00e9rcoles una visita de cortes\u00eda al director de prensa de CERTV Canal 4, Jos\u00e9 Ram\u00f3n Suero. El objetivo de la visita fue agradecer el trato y apoyo brindado\u2026","rel":"","context":"En \u00abNACIONALES\u00bb","block_context":{"text":"NACIONALES","link":"https:\/\/lasprimeras.com.do\/index.php\/category\/nacionales\/"},"img":{"alt_text":"","src":"https:\/\/i0.wp.com\/lasprimeras.com.do\/wp-content\/uploads\/2024\/10\/WhatsApp-Image-2024-10-04-at-7.24.14-PM-1.jpeg?resize=350%2C200&ssl=1","width":350,"height":200,"srcset":"https:\/\/i0.wp.com\/lasprimeras.com.do\/wp-content\/uploads\/2024\/10\/WhatsApp-Image-2024-10-04-at-7.24.14-PM-1.jpeg?resize=350%2C200&ssl=1 1x, https:\/\/i0.wp.com\/lasprimeras.com.do\/wp-content\/uploads\/2024\/10\/WhatsApp-Image-2024-10-04-at-7.24.14-PM-1.jpeg?resize=525%2C300&ssl=1 1.5x, https:\/\/i0.wp.com\/lasprimeras.com.do\/wp-content\/uploads\/2024\/10\/WhatsApp-Image-2024-10-04-at-7.24.14-PM-1.jpeg?resize=700%2C400&ssl=1 2x, https:\/\/i0.wp.com\/lasprimeras.com.do\/wp-content\/uploads\/2024\/10\/WhatsApp-Image-2024-10-04-at-7.24.14-PM-1.jpeg?resize=1050%2C600&ssl=1 3x"},"classes":[]}],"jetpack_sharing_enabled":true,"_links":{"self":[{"href":"https:\/\/lasprimeras.com.do\/index.php\/wp-json\/wp\/v2\/posts\/92257","targetHints":{"allow":["GET"]}}],"collection":[{"href":"https:\/\/lasprimeras.com.do\/index.php\/wp-json\/wp\/v2\/posts"}],"about":[{"href":"https:\/\/lasprimeras.com.do\/index.php\/wp-json\/wp\/v2\/types\/post"}],"author":[{"embeddable":true,"href":"https:\/\/lasprimeras.com.do\/index.php\/wp-json\/wp\/v2\/users\/2"}],"replies":[{"embeddable":true,"href":"https:\/\/lasprimeras.com.do\/index.php\/wp-json\/wp\/v2\/comments?post=92257"}],"version-history":[{"count":1,"href":"https:\/\/lasprimeras.com.do\/index.php\/wp-json\/wp\/v2\/posts\/92257\/revisions"}],"predecessor-version":[{"id":92259,"href":"https:\/\/lasprimeras.com.do\/index.php\/wp-json\/wp\/v2\/posts\/92257\/revisions\/92259"}],"wp:featuredmedia":[{"embeddable":true,"href":"https:\/\/lasprimeras.com.do\/index.php\/wp-json\/wp\/v2\/media\/92258"}],"wp:attachment":[{"href":"https:\/\/lasprimeras.com.do\/index.php\/wp-json\/wp\/v2\/media?parent=92257"}],"wp:term":[{"taxonomy":"category","embeddable":true,"href":"https:\/\/lasprimeras.com.do\/index.php\/wp-json\/wp\/v2\/categories?post=92257"},{"taxonomy":"post_tag","embeddable":true,"href":"https:\/\/lasprimeras.com.do\/index.php\/wp-json\/wp\/v2\/tags?post=92257"}],"curies":[{"name":"wp","href":"https:\/\/api.w.org\/{rel}","templated":true}]}}