{"id":92317,"date":"2025-01-01T20:08:43","date_gmt":"2025-01-02T00:08:43","guid":{"rendered":"https:\/\/lasprimeras.com.do\/?p=92317"},"modified":"2025-01-01T20:08:44","modified_gmt":"2025-01-02T00:08:44","slug":"yenni-pena-fue-la-primera-victima-de-feminicidio-en-santiago","status":"publish","type":"post","link":"https:\/\/lasprimeras.com.do\/index.php\/2025\/01\/01\/yenni-pena-fue-la-primera-victima-de-feminicidio-en-santiago\/","title":{"rendered":"Yenni Pe\u00f1a fue la primera victima de feminicidio en Santiago"},"content":{"rendered":"\n<p class=\"wp-block-paragraph\">La joven Yenni Pe\u00f1a fue encontrada muerta con signos de violencia en el sector la Joya de Santiago, en la calle Garc\u00eda Copley en Santiago.<\/p>\n\n\n\n<p class=\"wp-block-paragraph\">Hasta el momento se desconoce c\u00f3mo su expareja conocido como &#8220;Lilo&#8221; cometi\u00f3 el feminicidio.<\/p>\n\n\n\n<p class=\"wp-block-paragraph\">El cadaver de la hoy ocisa Yenni Pe\u00f1a fue trasladada al Instituto de Ciencias Forenses para los fines correspondientes.<\/p>\n\n\n\n<h1 class=\"wp-block-heading\">floresmultimedia @elcentineladigitalrd<\/h1>\n","protected":false},"excerpt":{"rendered":"<p>La joven Yenni Pe\u00f1a fue encontrada muerta con signos de violencia en el sector la Joya de Santiago, en la calle Garc\u00eda Copley en Santiago. Hasta el momento se desconoce&hellip;<\/p>\n","protected":false},"author":2,"featured_media":92318,"comment_status":"open","ping_status":"open","sticky":false,"template":"","format":"standard","meta":{"content-type":"","_jetpack_newsletter_access":"","_jetpack_dont_email_post_to_subs":false,"_jetpack_newsletter_tier_id":0,"_jetpack_memberships_contains_paywalled_content":false,"_jetpack_feature_clip_id":0,"_jetpack_memberships_contains_paid_content":false,"footnotes":"","jetpack_post_was_ever_published":false},"categories":[35],"tags":[13947,16785,1049,16784],"class_list":["post-92317","post","type-post","status-publish","format-standard","has-post-thumbnail","hentry","category-nacionales","tag-feminicidio","tag-primera-victima","tag-santiago","tag-yenni-pena"],"jetpack-related-posts":[{"id":54683,"url":"https:\/\/lasprimeras.com.do\/index.php\/2023\/07\/13\/funglode-de-627-feminicidios-ocurridos-entre-2016-y-2022-en-174-casos-los-agresores-se-suicidaron\/","url_meta":{"origin":92317,"position":0},"title":"Funglode: De 627 feminicidios ocurridos entre 2016 y 2022, en 174 casos los agresores se suicidaron","author":"Nelson Feliz","date":"13 de julio de 2023","format":false,"excerpt":"La investigaci\u00f3n que publica anualmente el Observatorio Pol\u00edtico Dominicano (OPD-Funglode) sobre la problem\u00e1tica de los feminicidios, este a\u00f1o analiza por primera vez en el pa\u00eds de manera de manera exclusiva la conducta suicida de los agresores. De los 627 feminicidios que se registraron en el pa\u00eds en el periodo 2016-2022,\u2026","rel":"","context":"En \u00abNACIONALES\u00bb","block_context":{"text":"NACIONALES","link":"https:\/\/lasprimeras.com.do\/index.php\/category\/nacionales\/"},"img":{"alt_text":"Flor Batista Polo","src":"https:\/\/i0.wp.com\/lasprimeras.com.do\/wp-content\/uploads\/2023\/07\/Flor-Batista-Polo-autora.jpg?resize=350%2C200&ssl=1","width":350,"height":200,"srcset":"https:\/\/i0.wp.com\/lasprimeras.com.do\/wp-content\/uploads\/2023\/07\/Flor-Batista-Polo-autora.jpg?resize=350%2C200&ssl=1 1x, https:\/\/i0.wp.com\/lasprimeras.com.do\/wp-content\/uploads\/2023\/07\/Flor-Batista-Polo-autora.jpg?resize=525%2C300&ssl=1 1.5x, https:\/\/i0.wp.com\/lasprimeras.com.do\/wp-content\/uploads\/2023\/07\/Flor-Batista-Polo-autora.jpg?resize=700%2C400&ssl=1 2x"},"classes":[]},{"id":91498,"url":"https:\/\/lasprimeras.com.do\/index.php\/2024\/11\/25\/abinader-llama-a-las-mujeres-victimas-de-violencia-a-que-la-reporten\/","url_meta":{"origin":92317,"position":1},"title":"Abinader llama a las mujeres v\u00edctimas de violencia a que la reporten","author":"Nelson Feliz","date":"25 de noviembre de 2024","format":false,"excerpt":"El presidente de la Rep\u00fablica Dominicana, Luis Abinader, pidi\u00f3 este lunes 25 de noviembre a las mujeres que sufren violencia que \"la reporten\". El mandatario fue cuestionado en LA Semanal con la Prensa sobre las medidas que su gobierno est\u00e1 tomando para combatir la violencia familiar y los feminicidios en\u2026","rel":"","context":"En \u00abNACIONALES\u00bb","block_context":{"text":"NACIONALES","link":"https:\/\/lasprimeras.com.do\/index.php\/category\/nacionales\/"},"img":{"alt_text":"Luis Abinader","src":"https:\/\/i0.wp.com\/lasprimeras.com.do\/wp-content\/uploads\/2024\/11\/Luis-Abinader-c-2.jpg?resize=350%2C200&ssl=1","width":350,"height":200,"srcset":"https:\/\/i0.wp.com\/lasprimeras.com.do\/wp-content\/uploads\/2024\/11\/Luis-Abinader-c-2.jpg?resize=350%2C200&ssl=1 1x, https:\/\/i0.wp.com\/lasprimeras.com.do\/wp-content\/uploads\/2024\/11\/Luis-Abinader-c-2.jpg?resize=525%2C300&ssl=1 1.5x, https:\/\/i0.wp.com\/lasprimeras.com.do\/wp-content\/uploads\/2024\/11\/Luis-Abinader-c-2.jpg?resize=700%2C400&ssl=1 2x"},"classes":[]},{"id":138626,"url":"https:\/\/lasprimeras.com.do\/index.php\/2026\/08\/31\/denuncian-red-de-estafa-con-numeros-ganadores-exigen-hasta-rd25000-y-usan-2-cuentas-de-banreservas\/","url_meta":{"origin":92317,"position":2},"title":"Denuncian red de estafa con &#8220;n\u00fameros ganadores&#8221;: Exigen hasta RD$25,000 y usan 2 cuentas de Banreservas","author":"Nelson Feliz","date":"31 de agosto de 2026","format":false,"excerpt":"Por Abd\u00edas Estrella Santo Domingo, RD.-. La se\u00f1ora Virginia E. Brito G. denunci\u00f3 ser v\u00edctima de una red de estafadores que opera a trav\u00e9s de redes sociales y llamadas telef\u00f3nicas ofreciendo supuestos \"n\u00fameros ganadores de loter\u00eda\". Seg\u00fan la denuncia, los implicados se identifican supuestamente como Lic. Daniel S\u00e1nchez desde el\u2026","rel":"","context":"En \u00abPORTADA\u00bb","block_context":{"text":"PORTADA","link":"https:\/\/lasprimeras.com.do\/index.php\/category\/portada\/"},"img":{"alt_text":"","src":"https:\/\/i0.wp.com\/lasprimeras.com.do\/wp-content\/uploads\/2026\/08\/estaafa.jpg?resize=350%2C200&ssl=1","width":350,"height":200,"srcset":"https:\/\/i0.wp.com\/lasprimeras.com.do\/wp-content\/uploads\/2026\/08\/estaafa.jpg?resize=350%2C200&ssl=1 1x, https:\/\/i0.wp.com\/lasprimeras.com.do\/wp-content\/uploads\/2026\/08\/estaafa.jpg?resize=525%2C300&ssl=1 1.5x"},"classes":[]},{"id":126055,"url":"https:\/\/lasprimeras.com.do\/index.php\/2026\/03\/29\/el-primer-remolque-de-alonso-con-orioles-impulsa-victoria-de-baltimore-8-6-ante-mellizos\/","url_meta":{"origin":92317,"position":3},"title":"El primer remolque de Alonso con Orioles impulsa victoria de Baltimore 8-6 ante Mellizos","author":"Nelson Feliz","date":"29 de marzo de 2026","format":false,"excerpt":"BALTIMORE (AP) \u2014 Pete Alonso conect\u00f3 un sencillo que impuls\u00f3 la carrera de la ventaja en la s\u00e9ptima entrada, Tyler O\u2019Neill peg\u00f3 un jonr\u00f3n de tres carreras y los Orioles de Baltimore vencieron el domingo 8-6 a los Mellizos de Minnesota. Despu\u00e9s de que los Mellizos se despegaron con ventaja\u2026","rel":"","context":"En \u00abDEPORTES\u00bb","block_context":{"text":"DEPORTES","link":"https:\/\/lasprimeras.com.do\/index.php\/category\/deportes\/"},"img":{"alt_text":"Tyler O\u2019Neill de los Orioles de Baltimore conecta un cuadrangular de tres carreras en la cuarta entrada ante los Mellizos de Minnesota","src":"https:\/\/i0.wp.com\/lasprimeras.com.do\/wp-content\/uploads\/2026\/03\/Tyler-ONeill-de-los-Orioles-de-Baltimore-conecta-un-cuadrangular-de-tres-carreras-en-la-cuarta-entrada-ante-los-Mellizos-de-Minnesota.jpg?resize=350%2C200&ssl=1","width":350,"height":200,"srcset":"https:\/\/i0.wp.com\/lasprimeras.com.do\/wp-content\/uploads\/2026\/03\/Tyler-ONeill-de-los-Orioles-de-Baltimore-conecta-un-cuadrangular-de-tres-carreras-en-la-cuarta-entrada-ante-los-Mellizos-de-Minnesota.jpg?resize=350%2C200&ssl=1 1x, https:\/\/i0.wp.com\/lasprimeras.com.do\/wp-content\/uploads\/2026\/03\/Tyler-ONeill-de-los-Orioles-de-Baltimore-conecta-un-cuadrangular-de-tres-carreras-en-la-cuarta-entrada-ante-los-Mellizos-de-Minnesota.jpg?resize=525%2C300&ssl=1 1.5x, https:\/\/i0.wp.com\/lasprimeras.com.do\/wp-content\/uploads\/2026\/03\/Tyler-ONeill-de-los-Orioles-de-Baltimore-conecta-un-cuadrangular-de-tres-carreras-en-la-cuarta-entrada-ante-los-Mellizos-de-Minnesota.jpg?resize=700%2C400&ssl=1 2x"},"classes":[]},{"id":84587,"url":"https:\/\/lasprimeras.com.do\/index.php\/2024\/06\/11\/numero-de-feminicidios-se-eleva-a-24-en-lo-que-va-de-ano\/","url_meta":{"origin":92317,"position":4},"title":"N\u00famero de feminicidios se eleva a 24 en lo que va de a\u00f1o","author":"Nelson Feliz","date":"11 de junio de 2024","format":false,"excerpt":"Los m\u00e1s recientes ocurrieron la noche del domingo, durante hechos por separado, en los que dos mujeres fallecieron a manos de sus parejas sentimentales. MELANIE CUEVAS Durante los primeros cinco meses y lo que va de junio, en total 162 d\u00edas, se han registrado al menos 24 feminicidios, llenando de\u2026","rel":"","context":"En \u00abNACIONALES\u00bb","block_context":{"text":"NACIONALES","link":"https:\/\/lasprimeras.com.do\/index.php\/category\/nacionales\/"},"img":{"alt_text":"","src":"https:\/\/i0.wp.com\/lasprimeras.com.do\/wp-content\/uploads\/2023\/09\/feminicidios.jpg?resize=350%2C200&ssl=1","width":350,"height":200,"srcset":"https:\/\/i0.wp.com\/lasprimeras.com.do\/wp-content\/uploads\/2023\/09\/feminicidios.jpg?resize=350%2C200&ssl=1 1x, https:\/\/i0.wp.com\/lasprimeras.com.do\/wp-content\/uploads\/2023\/09\/feminicidios.jpg?resize=525%2C300&ssl=1 1.5x, https:\/\/i0.wp.com\/lasprimeras.com.do\/wp-content\/uploads\/2023\/09\/feminicidios.jpg?resize=700%2C400&ssl=1 2x"},"classes":[]},{"id":131458,"url":"https:\/\/lasprimeras.com.do\/index.php\/2026\/05\/11\/republica-dominicana-continua-en-alerta-por-los-feminicidios\/","url_meta":{"origin":92317,"position":5},"title":"Rep\u00fablica Dominicana contin\u00faa en alerta por los feminicidios","author":"Nelson Feliz","date":"11 de mayo de 2026","format":false,"excerpt":"Santo Domingo, (Prensa Latina) En lo que va de 2026, la Rep\u00fablica Dominicana registra entre 22 y 32 mujeres asesinadas por sus parejas o exparejas, seg\u00fan cifras ofrecidas por distintas instituciones oficiales, trascendi\u00f3 hoy. Los datos var\u00edan entre la Direcci\u00f3n Nacional contra la Violencia de G\u00e9nero del Ministerio P\u00fablico, el\u2026","rel":"","context":"En \u00abNACIONALES\u00bb","block_context":{"text":"NACIONALES","link":"https:\/\/lasprimeras.com.do\/index.php\/category\/nacionales\/"},"img":{"alt_text":"Rep\u00fablica Dominicana, contin\u00faa, alerta, feminicidios","src":"https:\/\/i0.wp.com\/lasprimeras.com.do\/wp-content\/uploads\/2026\/05\/feminicidios-1.jpg?resize=350%2C200&ssl=1","width":350,"height":200,"srcset":"https:\/\/i0.wp.com\/lasprimeras.com.do\/wp-content\/uploads\/2026\/05\/feminicidios-1.jpg?resize=350%2C200&ssl=1 1x, https:\/\/i0.wp.com\/lasprimeras.com.do\/wp-content\/uploads\/2026\/05\/feminicidios-1.jpg?resize=525%2C300&ssl=1 1.5x, https:\/\/i0.wp.com\/lasprimeras.com.do\/wp-content\/uploads\/2026\/05\/feminicidios-1.jpg?resize=700%2C400&ssl=1 2x"},"classes":[]}],"jetpack_sharing_enabled":true,"jetpack_featured_media_url":"https:\/\/lasprimeras.com.do\/wp-content\/uploads\/2025\/01\/Jenni-Pena.jpg","_links":{"self":[{"href":"https:\/\/lasprimeras.com.do\/index.php\/wp-json\/wp\/v2\/posts\/92317","targetHints":{"allow":["GET"]}}],"collection":[{"href":"https:\/\/lasprimeras.com.do\/index.php\/wp-json\/wp\/v2\/posts"}],"about":[{"href":"https:\/\/lasprimeras.com.do\/index.php\/wp-json\/wp\/v2\/types\/post"}],"author":[{"embeddable":true,"href":"https:\/\/lasprimeras.com.do\/index.php\/wp-json\/wp\/v2\/users\/2"}],"replies":[{"embeddable":true,"href":"https:\/\/lasprimeras.com.do\/index.php\/wp-json\/wp\/v2\/comments?post=92317"}],"version-history":[{"count":1,"href":"https:\/\/lasprimeras.com.do\/index.php\/wp-json\/wp\/v2\/posts\/92317\/revisions"}],"predecessor-version":[{"id":92319,"href":"https:\/\/lasprimeras.com.do\/index.php\/wp-json\/wp\/v2\/posts\/92317\/revisions\/92319"}],"wp:featuredmedia":[{"embeddable":true,"href":"https:\/\/lasprimeras.com.do\/index.php\/wp-json\/wp\/v2\/media\/92318"}],"wp:attachment":[{"href":"https:\/\/lasprimeras.com.do\/index.php\/wp-json\/wp\/v2\/media?parent=92317"}],"wp:term":[{"taxonomy":"category","embeddable":true,"href":"https:\/\/lasprimeras.com.do\/index.php\/wp-json\/wp\/v2\/categories?post=92317"},{"taxonomy":"post_tag","embeddable":true,"href":"https:\/\/lasprimeras.com.do\/index.php\/wp-json\/wp\/v2\/tags?post=92317"}],"curies":[{"name":"wp","href":"https:\/\/api.w.org\/{rel}","templated":true}]}}