{"id":92320,"date":"2024-12-30T20:16:45","date_gmt":"2024-12-31T00:16:45","guid":{"rendered":"https:\/\/lasprimeras.com.do\/?p=92320"},"modified":"2025-01-01T20:21:49","modified_gmt":"2025-01-02T00:21:49","slug":"garcia-fermin-desea-que-reine-la-paz-y-la-salud-en-cada-hogar-dominicano-en-el-nuevo-ano-2025","status":"publish","type":"post","link":"https:\/\/lasprimeras.com.do\/index.php\/2024\/12\/30\/garcia-fermin-desea-que-reine-la-paz-y-la-salud-en-cada-hogar-dominicano-en-el-nuevo-ano-2025\/","title":{"rendered":"Garc\u00eda Ferm\u00edn desea que reine la paz y la salud en cada hogar dominicano en el nuevo a\u00f1o 2025"},"content":{"rendered":"\n<p>\u2063\u2063<br>\u2063El ministro de Educaci\u00f3n Superior, Ciencia y Tecnolog\u00eda, doctor Franklin Garc\u00eda Ferm\u00edn, dese\u00f3, en un mensaje de Navidad, que en el 2025 reine la paz y que la salud se haga presente en cada hogar de la Rep\u00fablica Dominicana.<br>\u2063\u2063<br>Dijo que estos son tiempos de reflexi\u00f3n en el marco de recordaci\u00f3n del nacimiento del ni\u00f1o Jes\u00fas, quien vino al mundo en un humilde pesebre para \u201cofrecernos a trav\u00e9s de su vida un ejemplo de amor y entrega incondicional\u201d.\u2063\u2063<\/p>\n\n\n\n<p>Garc\u00eda Ferm\u00edn se\u00f1al\u00f3 que \u201ceste mensaje de paz, amor y solidaridad ilumine nuestros corazones y nos inspire a seguir construyendo juntos un pa\u00eds mejor\u201d.\u2063\u2063<\/p>\n\n\n\n<p>\u201cA todo el pueblo dominicano, les deseo un una feliz Navidad y un pr\u00f3spero dos mil veinte y cinco\u201d, precis\u00f3.\u2063\u2063<br>Garc\u00eda Ferm\u00edn se\u00f1al\u00f3 nuevo a\u00f1o \u201clleno de bendiciones, salud y amor para cada hogar\u201d.\u2063\u2063<\/p>\n","protected":false},"excerpt":{"rendered":"<p>\u2063\u2063\u2063El ministro de Educaci\u00f3n Superior, Ciencia y Tecnolog\u00eda, doctor Franklin Garc\u00eda Ferm\u00edn, dese\u00f3, en un mensaje de Navidad, que en el 2025 reine la paz y que la salud se&hellip;<\/p>\n","protected":false},"author":2,"featured_media":92321,"comment_status":"open","ping_status":"open","sticky":false,"template":"","format":"standard","meta":{"content-type":"","jetpack_post_was_ever_published":false,"_jetpack_newsletter_access":"","_jetpack_dont_email_post_to_subs":false,"_jetpack_newsletter_tier_id":0,"_jetpack_memberships_contains_paywalled_content":false,"_jetpack_memberships_contains_paid_content":false,"footnotes":""},"categories":[35],"tags":[1373,16786,16787,778,813],"class_list":["post-92320","post","type-post","status-publish","format-standard","has-post-thumbnail","hentry","category-nacionales","tag-franklin-garcia-fermin","tag-hogar-dominicano","tag-nuevo-ano-2025","tag-paz","tag-salud"],"jetpack_featured_media_url":"https:\/\/lasprimeras.com.do\/wp-content\/uploads\/2025\/01\/fermin.jpg","jetpack-related-posts":[{"id":115689,"url":"https:\/\/lasprimeras.com.do\/index.php\/2025\/11\/24\/universidad-adventista-entrega-titulo-honoris-causa-al-ministro-franklin-garcia-fermin\/","url_meta":{"origin":92320,"position":0},"title":"Universidad Adventista entrega t\u00edtulo honoris causa al ministro Franklin Garc\u00eda Ferm\u00edn","author":"Nelson Feliz","date":"24 de noviembre de 2025","format":false,"excerpt":"La Universidad Adventista Dominicana entreg\u00f3 al pa\u00eds 273 nuevos profesionales de grado y postgrado, incluidos 27 doctores en Educaci\u00f3n, como parte de la quinquag\u00e9sima investidura ordinaria que celebr\u00f3 la academia con la presencia se sus m\u00e1s altas autoridades. El acto fue encabezado por el presidente de la Uni\u00f3n Dominicana de\u2026","rel":"","context":"En \u00abNACIONALES\u00bb","block_context":{"text":"NACIONALES","link":"https:\/\/lasprimeras.com.do\/index.php\/category\/nacionales\/"},"img":{"alt_text":"","src":"https:\/\/i0.wp.com\/lasprimeras.com.do\/wp-content\/uploads\/2025\/11\/Franklin-Garcia-Fermin.jpg?resize=350%2C200&ssl=1","width":350,"height":200,"srcset":"https:\/\/i0.wp.com\/lasprimeras.com.do\/wp-content\/uploads\/2025\/11\/Franklin-Garcia-Fermin.jpg?resize=350%2C200&ssl=1 1x, https:\/\/i0.wp.com\/lasprimeras.com.do\/wp-content\/uploads\/2025\/11\/Franklin-Garcia-Fermin.jpg?resize=525%2C300&ssl=1 1.5x, https:\/\/i0.wp.com\/lasprimeras.com.do\/wp-content\/uploads\/2025\/11\/Franklin-Garcia-Fermin.jpg?resize=700%2C400&ssl=1 2x"},"classes":[]},{"id":110207,"url":"https:\/\/lasprimeras.com.do\/index.php\/2025\/09\/26\/dni-y-dncd-reconocen-al-ministro-franklin-garcia-fermin-por-sus-aportes-a-la-formacion-academica\/","url_meta":{"origin":92320,"position":1},"title":"DNI y DNCD reconocen al ministro Franklin Garc\u00eda Ferm\u00edn por sus aportes a la formaci\u00f3n acad\u00e9mica","author":"Nelson Feliz","date":"26 de septiembre de 2025","format":false,"excerpt":"El Departamento Nacional de Investigaciones (DNI) y la Direcci\u00f3n Nacional de Control de Drogas (DNCD) otorgaron reconocimientos al ministro de Educaci\u00f3n Superior, Ciencia y Tecnolog\u00eda, doctor Franklin Garc\u00eda Ferm\u00edn, durante un acto acad\u00e9mico. El director general del DNI, Luis Soto, destac\u00f3 la contribuci\u00f3n del funcionario en la formaci\u00f3n acad\u00e9mica y\u2026","rel":"","context":"En \u00abNACIONALES\u00bb","block_context":{"text":"NACIONALES","link":"https:\/\/lasprimeras.com.do\/index.php\/category\/nacionales\/"},"img":{"alt_text":"","src":"https:\/\/i0.wp.com\/lasprimeras.com.do\/wp-content\/uploads\/2025\/09\/Franklin-Garcia-Fermin-3.jpg?resize=350%2C200&ssl=1","width":350,"height":200,"srcset":"https:\/\/i0.wp.com\/lasprimeras.com.do\/wp-content\/uploads\/2025\/09\/Franklin-Garcia-Fermin-3.jpg?resize=350%2C200&ssl=1 1x, https:\/\/i0.wp.com\/lasprimeras.com.do\/wp-content\/uploads\/2025\/09\/Franklin-Garcia-Fermin-3.jpg?resize=525%2C300&ssl=1 1.5x, https:\/\/i0.wp.com\/lasprimeras.com.do\/wp-content\/uploads\/2025\/09\/Franklin-Garcia-Fermin-3.jpg?resize=700%2C400&ssl=1 2x"},"classes":[]},{"id":106064,"url":"https:\/\/lasprimeras.com.do\/index.php\/2025\/08\/10\/franklin-garcia-fermin-encabeza-caminata-por-la-salud-en-el-parque-jardin-botanico-nacional\/","url_meta":{"origin":92320,"position":2},"title":"Franklin Garc\u00eda Ferm\u00edn encabeza \u201cCaminata por la Salud\u201d en el Parque Jard\u00edn Bot\u00e1nico Nacional","author":"Nelson Feliz","date":"10 de agosto de 2025","format":false,"excerpt":"La actividad, celebrada en el marco del 47.\u00ba aniversario de la creaci\u00f3n del MESCyT, cont\u00f3 con la colaboraci\u00f3n de la Fundaci\u00f3n Cruz Jimini\u00e1n, que preside el fil\u00e1ntropo doctor Antonio Cruz Jimini\u00e1n. El ministro de Educaci\u00f3n Superior, Ciencia y Tecnolog\u00eda (MESCyT), doctor Franklin Garc\u00eda Ferm\u00edn, encabez\u00f3 una caminata por la salud,\u2026","rel":"","context":"En \u00abNACIONALES\u00bb","block_context":{"text":"NACIONALES","link":"https:\/\/lasprimeras.com.do\/index.php\/category\/nacionales\/"},"img":{"alt_text":"Franklin Garc\u00eda Ferm\u00edn","src":"https:\/\/i0.wp.com\/lasprimeras.com.do\/wp-content\/uploads\/2025\/08\/Franklin-Garcia-Fermin.jpg?resize=350%2C200&ssl=1","width":350,"height":200,"srcset":"https:\/\/i0.wp.com\/lasprimeras.com.do\/wp-content\/uploads\/2025\/08\/Franklin-Garcia-Fermin.jpg?resize=350%2C200&ssl=1 1x, https:\/\/i0.wp.com\/lasprimeras.com.do\/wp-content\/uploads\/2025\/08\/Franklin-Garcia-Fermin.jpg?resize=525%2C300&ssl=1 1.5x, https:\/\/i0.wp.com\/lasprimeras.com.do\/wp-content\/uploads\/2025\/08\/Franklin-Garcia-Fermin.jpg?resize=700%2C400&ssl=1 2x"},"classes":[]},{"id":118429,"url":"https:\/\/lasprimeras.com.do\/index.php\/2025\/12\/28\/franklin-garcia-fermin-pasa-balance-a-su-gestion-de-cinco-anos-como-ministro-de-mescyt\/","url_meta":{"origin":92320,"position":3},"title":"Franklin Garc\u00eda Ferm\u00edn pasa balance a su gesti\u00f3n de cinco a\u00f1os como Ministro de MESCyT","author":"Nelson Feliz","date":"28 de diciembre de 2025","format":false,"excerpt":"Becas entregadas por el MESCyT abarcaron provincias y sectores vulnerables. La gesti\u00f3n que abarca cinco a\u00f1os democratiz\u00f3 las becas e impuls\u00f3 la inclusi\u00f3n social, se produjo en un contexto de transformaci\u00f3n institucional. Desde agosto de 2020, bajo la gesti\u00f3n del presidente Luis Abinader, el Ministerio de Educaci\u00f3n Superior, Ciencia y\u2026","rel":"","context":"En \u00abNACIONALES\u00bb","block_context":{"text":"NACIONALES","link":"https:\/\/lasprimeras.com.do\/index.php\/category\/nacionales\/"},"img":{"alt_text":"MESCyT","src":"https:\/\/i0.wp.com\/lasprimeras.com.do\/wp-content\/uploads\/2025\/12\/MESCyT.jpg?resize=350%2C200&ssl=1","width":350,"height":200,"srcset":"https:\/\/i0.wp.com\/lasprimeras.com.do\/wp-content\/uploads\/2025\/12\/MESCyT.jpg?resize=350%2C200&ssl=1 1x, https:\/\/i0.wp.com\/lasprimeras.com.do\/wp-content\/uploads\/2025\/12\/MESCyT.jpg?resize=525%2C300&ssl=1 1.5x, https:\/\/i0.wp.com\/lasprimeras.com.do\/wp-content\/uploads\/2025\/12\/MESCyT.jpg?resize=700%2C400&ssl=1 2x"},"classes":[]},{"id":104750,"url":"https:\/\/lasprimeras.com.do\/index.php\/2025\/07\/27\/garcia-fermin-resalta-logros-de-abinader-y-aboga-por-unidad-en-el-prm\/","url_meta":{"origin":92320,"position":4},"title":"Garc\u00eda Ferm\u00edn resalta logros de Abinader y aboga por unidad en el PRM","author":"Nelson Feliz","date":"27 de julio de 2025","format":false,"excerpt":"El ministro de Educaci\u00f3n Superior, Ciencia y Tecnolog\u00eda, Franklin Garc\u00eda Ferm\u00edn, encabez\u00f3 la puesta en circulaci\u00f3n del op\u00fasculo \u201cEl Camino para Profundizar el Cambio y Mantenernos en el Poder\", en San Juan de la Maguana, donde destac\u00f3 los principales logros del presidente Luis Abinader y exhort\u00f3 a consolidar el proceso\u2026","rel":"","context":"En \u00abPOLITICA\u00bb","block_context":{"text":"POLITICA","link":"https:\/\/lasprimeras.com.do\/index.php\/category\/politica\/"},"img":{"alt_text":"","src":"https:\/\/i0.wp.com\/lasprimeras.com.do\/wp-content\/uploads\/2025\/07\/fermin.jpg?resize=350%2C200&ssl=1","width":350,"height":200,"srcset":"https:\/\/i0.wp.com\/lasprimeras.com.do\/wp-content\/uploads\/2025\/07\/fermin.jpg?resize=350%2C200&ssl=1 1x, https:\/\/i0.wp.com\/lasprimeras.com.do\/wp-content\/uploads\/2025\/07\/fermin.jpg?resize=525%2C300&ssl=1 1.5x, https:\/\/i0.wp.com\/lasprimeras.com.do\/wp-content\/uploads\/2025\/07\/fermin.jpg?resize=700%2C400&ssl=1 2x"},"classes":[]},{"id":104310,"url":"https:\/\/lasprimeras.com.do\/index.php\/2025\/07\/23\/garcia-fermin-rd-y-huawei-exploran-iniciativas-conjuntas-para-transformar-educacion-superior\/","url_meta":{"origin":92320,"position":5},"title":"Garc\u00eda Ferm\u00edn: \u201cRD y Huawei exploran iniciativas conjuntas para transformar educaci\u00f3n superior\u201d","author":"Nelson Feliz","date":"23 de julio de 2025","format":false,"excerpt":"Shangh\u00e1i, China.- El ministro de Educaci\u00f3n Superior, Ciencia y Tecnolog\u00eda, Franklin Garc\u00eda Ferm\u00edn, realiz\u00f3 una visita oficial al campus Huawei Qingpu, en Shangh\u00e1i, como parte de su agenda institucional en la Rep\u00fablica Popular China. Durante el recorrido, la delegaci\u00f3n conoci\u00f3 de cerca las m\u00e1s recientes innovaciones tecnol\u00f3gicas de Huawei en\u2026","rel":"","context":"En \u00abINTERNACIONALES\u00bb","block_context":{"text":"INTERNACIONALES","link":"https:\/\/lasprimeras.com.do\/index.php\/category\/sin-categoria\/internacionales\/"},"img":{"alt_text":"Franklin Garc\u00eda Ferm\u00edn","src":"https:\/\/i0.wp.com\/lasprimeras.com.do\/wp-content\/uploads\/2025\/07\/Franklin-Garcia-Fermin.jpg?resize=350%2C200&ssl=1","width":350,"height":200,"srcset":"https:\/\/i0.wp.com\/lasprimeras.com.do\/wp-content\/uploads\/2025\/07\/Franklin-Garcia-Fermin.jpg?resize=350%2C200&ssl=1 1x, https:\/\/i0.wp.com\/lasprimeras.com.do\/wp-content\/uploads\/2025\/07\/Franklin-Garcia-Fermin.jpg?resize=525%2C300&ssl=1 1.5x, https:\/\/i0.wp.com\/lasprimeras.com.do\/wp-content\/uploads\/2025\/07\/Franklin-Garcia-Fermin.jpg?resize=700%2C400&ssl=1 2x"},"classes":[]}],"jetpack_sharing_enabled":true,"_links":{"self":[{"href":"https:\/\/lasprimeras.com.do\/index.php\/wp-json\/wp\/v2\/posts\/92320","targetHints":{"allow":["GET"]}}],"collection":[{"href":"https:\/\/lasprimeras.com.do\/index.php\/wp-json\/wp\/v2\/posts"}],"about":[{"href":"https:\/\/lasprimeras.com.do\/index.php\/wp-json\/wp\/v2\/types\/post"}],"author":[{"embeddable":true,"href":"https:\/\/lasprimeras.com.do\/index.php\/wp-json\/wp\/v2\/users\/2"}],"replies":[{"embeddable":true,"href":"https:\/\/lasprimeras.com.do\/index.php\/wp-json\/wp\/v2\/comments?post=92320"}],"version-history":[{"count":1,"href":"https:\/\/lasprimeras.com.do\/index.php\/wp-json\/wp\/v2\/posts\/92320\/revisions"}],"predecessor-version":[{"id":92322,"href":"https:\/\/lasprimeras.com.do\/index.php\/wp-json\/wp\/v2\/posts\/92320\/revisions\/92322"}],"wp:featuredmedia":[{"embeddable":true,"href":"https:\/\/lasprimeras.com.do\/index.php\/wp-json\/wp\/v2\/media\/92321"}],"wp:attachment":[{"href":"https:\/\/lasprimeras.com.do\/index.php\/wp-json\/wp\/v2\/media?parent=92320"}],"wp:term":[{"taxonomy":"category","embeddable":true,"href":"https:\/\/lasprimeras.com.do\/index.php\/wp-json\/wp\/v2\/categories?post=92320"},{"taxonomy":"post_tag","embeddable":true,"href":"https:\/\/lasprimeras.com.do\/index.php\/wp-json\/wp\/v2\/tags?post=92320"}],"curies":[{"name":"wp","href":"https:\/\/api.w.org\/{rel}","templated":true}]}}