{"id":92328,"date":"2025-01-02T13:39:51","date_gmt":"2025-01-02T17:39:51","guid":{"rendered":"https:\/\/lasprimeras.com.do\/?p=92328"},"modified":"2025-01-02T13:39:53","modified_gmt":"2025-01-02T17:39:53","slug":"cmd-se-declara-en-huelga-de-hambre","status":"publish","type":"post","link":"https:\/\/lasprimeras.com.do\/index.php\/2025\/01\/02\/cmd-se-declara-en-huelga-de-hambre\/","title":{"rendered":"CMD se declara en huelga de hambre"},"content":{"rendered":"\n<p>El presidente del Colegio M\u00e9dico Dominicano (CMD), doctor Waldo Ariel Suero y 13 miembros de la comisi\u00f3n de la junta directiva nacional ocuparon la direcci\u00f3n del Servicio Nacional de Salud (SNS) y declararse en huelga de hambre.<\/p>\n\n\n\n<p>Suero, expres\u00f3 que no van a salir de esta instituci\u00f3n hasta obtener una respuesta satisfactoria del Doctor Mario Lama, en favor de los m\u00e9dicos y de conformidad al acuerdo que realiz\u00f3 el CMD con presidente de la Rep\u00fablica Luis Abinader y la Vicepresidenta Raquel Pe\u00f1a.<\/p>\n\n\n\n<p>El galeno, afirm\u00f3 que de no producirse un aumento salarial para todos los m\u00e9dicos independientemente del salario que \u00e9stos reciban.<\/p>\n\n\n\n<p>\u201cNunca hablamos de nivelaci\u00f3n salarial en ninguna de las 10 reuniones realizadas con el presidente Luis Abinader y la Vicepresidenta Raquel Pe\u00f1a\u201d, expres\u00f3 Waldo Ariel Suero.<\/p>\n","protected":false},"excerpt":{"rendered":"<p>El presidente del Colegio M\u00e9dico Dominicano (CMD), doctor Waldo Ariel Suero y 13 miembros de la comisi\u00f3n de la junta directiva nacional ocuparon la direcci\u00f3n del Servicio Nacional de Salud&hellip;<\/p>\n","protected":false},"author":2,"featured_media":92329,"comment_status":"open","ping_status":"open","sticky":false,"template":"","format":"standard","meta":{"content-type":"","jetpack_post_was_ever_published":false,"_jetpack_newsletter_access":"","_jetpack_dont_email_post_to_subs":false,"_jetpack_newsletter_tier_id":0,"_jetpack_memberships_contains_paywalled_content":false,"_jetpack_memberships_contains_paid_content":false,"footnotes":""},"categories":[25,16558],"tags":[1057,16788],"class_list":["post-92328","post","type-post","status-publish","format-standard","has-post-thumbnail","hentry","category-portada","category-salud","tag-cmd","tag-huelga-de-hambre"],"jetpack_featured_media_url":"https:\/\/lasprimeras.com.do\/wp-content\/uploads\/2025\/01\/medicos.jpg","jetpack-related-posts":[{"id":92351,"url":"https:\/\/lasprimeras.com.do\/index.php\/2025\/01\/02\/cmd-acuerda-reunion-para-aumento-salarial-levantan-huelga\/","url_meta":{"origin":92328,"position":0},"title":"CMD acuerda reuni\u00f3n para aumento salarial; levantan huelga","author":"Nelson Feliz","date":"2 de enero de 2025","format":false,"excerpt":"El director del Servicio Nacional de Salud (SNS), Mario Lama, y el presidente del Colegio M\u00e9dico Dominicano (CMD), Waldo Ariel Suero, pactaron reunirse este s\u00e1bado para avanzar en las negociaciones que permitan firmar el acuerdo de aumento salarial. Lama inform\u00f3 que el encuentro se realizar\u00e1 en el Palacio Nacional con\u2026","rel":"","context":"En \u00abNACIONALES\u00bb","block_context":{"text":"NACIONALES","link":"https:\/\/lasprimeras.com.do\/index.php\/category\/nacionales\/"},"img":{"alt_text":"Waldo Ariel Suero, tras retirarse de la Sede del Servicio Nacional de Salud.","src":"https:\/\/i0.wp.com\/lasprimeras.com.do\/wp-content\/uploads\/2025\/01\/Waldo-Ariel-Suero-tras-retirarse-de-la-Sede-del-Servicio-Nacional-de-Salud.jpg?resize=350%2C200&ssl=1","width":350,"height":200,"srcset":"https:\/\/i0.wp.com\/lasprimeras.com.do\/wp-content\/uploads\/2025\/01\/Waldo-Ariel-Suero-tras-retirarse-de-la-Sede-del-Servicio-Nacional-de-Salud.jpg?resize=350%2C200&ssl=1 1x, https:\/\/i0.wp.com\/lasprimeras.com.do\/wp-content\/uploads\/2025\/01\/Waldo-Ariel-Suero-tras-retirarse-de-la-Sede-del-Servicio-Nacional-de-Salud.jpg?resize=525%2C300&ssl=1 1.5x, https:\/\/i0.wp.com\/lasprimeras.com.do\/wp-content\/uploads\/2025\/01\/Waldo-Ariel-Suero-tras-retirarse-de-la-Sede-del-Servicio-Nacional-de-Salud.jpg?resize=700%2C400&ssl=1 2x"},"classes":[]},{"id":92433,"url":"https:\/\/lasprimeras.com.do\/index.php\/2025\/01\/04\/cmd-dobla-el-pulso-al-gobierno-otra-vez-acuerdan-aumento-salarial-del-25-para-medicos\/","url_meta":{"origin":92328,"position":1},"title":"CMD dobla el pulso al Gobierno otra vez, acuerdan aumento salarial del 25% para m\u00e9dicos","author":"Nelson Feliz","date":"4 de enero de 2025","format":false,"excerpt":"La vicepresidenta y presidenta del Gabinete de Salud, Raquel Pe\u00f1a, y el presidente del Colegio M\u00e9dico Dominicano (CMD), Waldo Ariel Suero, acordaron un aumento salarial del 25% para m\u00e9dicos. El incremento salarial alcanzado entre el Gobierno y el Colegio M\u00e9dico Dominicano ser\u00e1 aplicado a partir de este mes de enero.\u2026","rel":"","context":"En \u00abPORTADA\u00bb","block_context":{"text":"PORTADA","link":"https:\/\/lasprimeras.com.do\/index.php\/category\/portada\/"},"img":{"alt_text":"","src":"https:\/\/i0.wp.com\/lasprimeras.com.do\/wp-content\/uploads\/2025\/01\/acuerdo.jpg?resize=350%2C200&ssl=1","width":350,"height":200},"classes":[]},{"id":94802,"url":"https:\/\/lasprimeras.com.do\/index.php\/2025\/03\/05\/cmd-marchara-hacia-salud-publica-por-aumento-salarial-a-medicos-pensionados\/","url_meta":{"origin":92328,"position":2},"title":"CMD marchar\u00e1 hacia Salud P\u00fablica, por aumento salarial a m\u00e9dicos pensionados","author":"Nelson Feliz","date":"5 de marzo de 2025","format":false,"excerpt":"El presidente del Colegio M\u00e9dico Dominicano, Dr. Waldo Ariel Suero expres\u00f3 que el jueves 13 de marzo, el gremio m\u00e9dico har\u00e1 una marcha hacia el Ministerio de Salud P\u00fablica a las 9 am, partiendo desde el Hospital Salvador B. Gautier. Suero consider\u00f3 que la situaci\u00f3n socio econ\u00f3mica y emocionante del\u2026","rel":"","context":"En \u00abSALUD\u00bb","block_context":{"text":"SALUD","link":"https:\/\/lasprimeras.com.do\/index.php\/category\/salud\/"},"img":{"alt_text":"Waldo Ariel Suero","src":"https:\/\/i0.wp.com\/lasprimeras.com.do\/wp-content\/uploads\/2025\/03\/Waldo-Ariel-Suero.jpg?resize=350%2C200&ssl=1","width":350,"height":200,"srcset":"https:\/\/i0.wp.com\/lasprimeras.com.do\/wp-content\/uploads\/2025\/03\/Waldo-Ariel-Suero.jpg?resize=350%2C200&ssl=1 1x, https:\/\/i0.wp.com\/lasprimeras.com.do\/wp-content\/uploads\/2025\/03\/Waldo-Ariel-Suero.jpg?resize=525%2C300&ssl=1 1.5x, https:\/\/i0.wp.com\/lasprimeras.com.do\/wp-content\/uploads\/2025\/03\/Waldo-Ariel-Suero.jpg?resize=700%2C400&ssl=1 2x"},"classes":[]},{"id":107986,"url":"https:\/\/lasprimeras.com.do\/index.php\/2025\/09\/02\/cmd-denuncia-salarios-de-los-medicos-del-semma-son-vergonzosos\/","url_meta":{"origin":92328,"position":3},"title":"CMD denuncia salarios de los m\u00e9dicos del SEMMA son vergonzosos","author":"Nelson Feliz","date":"2 de septiembre de 2025","format":false,"excerpt":"El presidente del Colegio M\u00e9dico Dominicano Dr. Waldo Ariel Suero, expres\u00f3 que es una verdadera verg\u00fcenza el salario que devengan los m\u00e9dicos especialistas que laboran en el Seguro M\u00e9dico de los Maestros (ARS SEMMA). En el d\u00eda de ayer, el gremio m\u00e9dico encabezado por su presidente Dr. Waldo Ariel Suero\u2026","rel":"","context":"En \u00abPORTADA\u00bb","block_context":{"text":"PORTADA","link":"https:\/\/lasprimeras.com.do\/index.php\/category\/portada\/"},"img":{"alt_text":"Waldo Ariel Suero","src":"https:\/\/i0.wp.com\/lasprimeras.com.do\/wp-content\/uploads\/2025\/09\/Waldo-Ariel-Suero.jpg?resize=350%2C200&ssl=1","width":350,"height":200,"srcset":"https:\/\/i0.wp.com\/lasprimeras.com.do\/wp-content\/uploads\/2025\/09\/Waldo-Ariel-Suero.jpg?resize=350%2C200&ssl=1 1x, https:\/\/i0.wp.com\/lasprimeras.com.do\/wp-content\/uploads\/2025\/09\/Waldo-Ariel-Suero.jpg?resize=525%2C300&ssl=1 1.5x, https:\/\/i0.wp.com\/lasprimeras.com.do\/wp-content\/uploads\/2025\/09\/Waldo-Ariel-Suero.jpg?resize=700%2C400&ssl=1 2x"},"classes":[]},{"id":98632,"url":"https:\/\/lasprimeras.com.do\/index.php\/2025\/05\/09\/cmd-califica-de-ofensa-para-los-medicos-comunicado-del-ministro-de-salud\/","url_meta":{"origin":92328,"position":4},"title":"CMD califica de ofensa para los m\u00e9dicos comunicado del Ministro de Salud","author":"Nelson Feliz","date":"9 de mayo de 2025","format":false,"excerpt":"El presidente de Colegio M\u00e9dico Dominicano, doctor Waldo Ariel Suero y la Junta Directiva Nacional del CMD, expresaron que el comunicado realizado por el Ministro de Salud P\u00fablica Dr. V\u00edctor Atallah, en donde \u00e9l acepta p\u00fablicamente las cancelaciones, es un comunicado altamente deplorable, penoso, lleno de argumentos que violan la\u2026","rel":"","context":"En \u00abPORTADA\u00bb","block_context":{"text":"PORTADA","link":"https:\/\/lasprimeras.com.do\/index.php\/category\/portada\/"},"img":{"alt_text":"Waldo Ariel Suero","src":"https:\/\/i0.wp.com\/lasprimeras.com.do\/wp-content\/uploads\/2025\/05\/Waldo-Ariel-Suero.jpg?resize=350%2C200&ssl=1","width":350,"height":200,"srcset":"https:\/\/i0.wp.com\/lasprimeras.com.do\/wp-content\/uploads\/2025\/05\/Waldo-Ariel-Suero.jpg?resize=350%2C200&ssl=1 1x, https:\/\/i0.wp.com\/lasprimeras.com.do\/wp-content\/uploads\/2025\/05\/Waldo-Ariel-Suero.jpg?resize=525%2C300&ssl=1 1.5x, https:\/\/i0.wp.com\/lasprimeras.com.do\/wp-content\/uploads\/2025\/05\/Waldo-Ariel-Suero.jpg?resize=700%2C400&ssl=1 2x"},"classes":[]},{"id":95157,"url":"https:\/\/lasprimeras.com.do\/index.php\/2025\/03\/10\/yeni-berenice-y-el-cmd-acuerdan-mejorar-salario-a-los-medicos-de-la-procuraduria\/","url_meta":{"origin":92328,"position":5},"title":"Yeni Berenice y el CMD acuerdan mejorar salario a los m\u00e9dicos de la procuradur\u00eda","author":"Nelson Feliz","date":"10 de marzo de 2025","format":false,"excerpt":"En un encuentro sostenido el pasado viernes en el despacho de la Procuradora General Yeny Berenice Reinoso y una comisi\u00f3n del Colegio M\u00e9dico Dominicano (CMD), encabezada por su presidente Waldo Ariel Suero; ambas instituciones llegaron a un acuerdo para mejorar el salario de los m\u00e9dicos que laboran en esa instituci\u00f3n.\u2026","rel":"","context":"En \u00abECONOM\u00cdA\u00bb","block_context":{"text":"ECONOM\u00cdA","link":"https:\/\/lasprimeras.com.do\/index.php\/category\/economia\/"},"img":{"alt_text":"Yeny Berenice","src":"https:\/\/i0.wp.com\/lasprimeras.com.do\/wp-content\/uploads\/2025\/03\/Yeny-Berenice.jpg?resize=350%2C200&ssl=1","width":350,"height":200,"srcset":"https:\/\/i0.wp.com\/lasprimeras.com.do\/wp-content\/uploads\/2025\/03\/Yeny-Berenice.jpg?resize=350%2C200&ssl=1 1x, https:\/\/i0.wp.com\/lasprimeras.com.do\/wp-content\/uploads\/2025\/03\/Yeny-Berenice.jpg?resize=525%2C300&ssl=1 1.5x, https:\/\/i0.wp.com\/lasprimeras.com.do\/wp-content\/uploads\/2025\/03\/Yeny-Berenice.jpg?resize=700%2C400&ssl=1 2x"},"classes":[]}],"jetpack_sharing_enabled":true,"_links":{"self":[{"href":"https:\/\/lasprimeras.com.do\/index.php\/wp-json\/wp\/v2\/posts\/92328","targetHints":{"allow":["GET"]}}],"collection":[{"href":"https:\/\/lasprimeras.com.do\/index.php\/wp-json\/wp\/v2\/posts"}],"about":[{"href":"https:\/\/lasprimeras.com.do\/index.php\/wp-json\/wp\/v2\/types\/post"}],"author":[{"embeddable":true,"href":"https:\/\/lasprimeras.com.do\/index.php\/wp-json\/wp\/v2\/users\/2"}],"replies":[{"embeddable":true,"href":"https:\/\/lasprimeras.com.do\/index.php\/wp-json\/wp\/v2\/comments?post=92328"}],"version-history":[{"count":1,"href":"https:\/\/lasprimeras.com.do\/index.php\/wp-json\/wp\/v2\/posts\/92328\/revisions"}],"predecessor-version":[{"id":92330,"href":"https:\/\/lasprimeras.com.do\/index.php\/wp-json\/wp\/v2\/posts\/92328\/revisions\/92330"}],"wp:featuredmedia":[{"embeddable":true,"href":"https:\/\/lasprimeras.com.do\/index.php\/wp-json\/wp\/v2\/media\/92329"}],"wp:attachment":[{"href":"https:\/\/lasprimeras.com.do\/index.php\/wp-json\/wp\/v2\/media?parent=92328"}],"wp:term":[{"taxonomy":"category","embeddable":true,"href":"https:\/\/lasprimeras.com.do\/index.php\/wp-json\/wp\/v2\/categories?post=92328"},{"taxonomy":"post_tag","embeddable":true,"href":"https:\/\/lasprimeras.com.do\/index.php\/wp-json\/wp\/v2\/tags?post=92328"}],"curies":[{"name":"wp","href":"https:\/\/api.w.org\/{rel}","templated":true}]}}