{"id":92335,"date":"2025-01-02T22:51:42","date_gmt":"2025-01-03T02:51:42","guid":{"rendered":"https:\/\/lasprimeras.com.do\/?p=92335"},"modified":"2025-01-02T22:51:43","modified_gmt":"2025-01-03T02:51:43","slug":"el-opositor-venezolano-edmundo-gonzalez-urrutia-viaja-a-argentina","status":"publish","type":"post","link":"https:\/\/lasprimeras.com.do\/index.php\/2025\/01\/02\/el-opositor-venezolano-edmundo-gonzalez-urrutia-viaja-a-argentina\/","title":{"rendered":"El opositor venezolano Edmundo Gonz\u00e1lez Urrutia viaja a Argentina"},"content":{"rendered":"\n<p><strong>Gonz\u00e1lez se exili\u00f3 en Espa\u00f1a en septiembre y ha prometido volver a su pa\u00eds para &#8220;tomar posesi\u00f3n&#8221; el 10 de enero en lugar de Maduro.<\/strong><\/p>\n\n\n\n<p><strong>Buenos Aires, AFP, Europa Press, EFE &#8211;<\/strong> El opositor venezolano Edmundo Gonz\u00e1lez Urrutia, quien reclama el triunfo sobre el presidente Nicol\u00e1s Maduro en las elecciones del 28 de julio, viaja rumbo a Argentina desde su exilio en Madrid, inform\u00f3 este jueves una fuente de la presidencia de ese pa\u00eds.<\/p>\n\n\n\n<p>Gonz\u00e1lez tiene previsto arribar este jueves a Buenos Aires, confirm\u00f3 la fuente a la AFP sin proveer m\u00e1s detalles sobre el l\u00edder opositor, quien se exili\u00f3 en Espa\u00f1a en septiembre y ha prometido volver a su pa\u00eds para &#8220;tomar posesi\u00f3n&#8221; el 10 de enero en lugar de Maduro.<\/p>\n\n\n\n<p>El viaje de Gonz\u00e1lez a Argentina coincide con la publicaci\u00f3n de una orden de arresto en su contra por la Polic\u00eda Nacional Bolivariana de Venezuela (PNBV), en la que se ha fijado una recompensa de 100,000 d\u00f3lares por informaci\u00f3n que facilite la detenci\u00f3n del l\u00edder opositor.<\/p>\n\n\n\n<p>&#8220;Orden de captura contra Edmundo Gonz\u00e1lez Urrutia por los delitos contra la paz de la Rep\u00fablica Bolivariana de Venezuela. Cualquier persona que tenga informaci\u00f3n deber\u00e1 comunicarlo de forma inmediata&#8221;, ha manifestado la Polic\u00eda en su perfil oficial en la red social Instagram, donde ha compartido una fotograf\u00eda de la orden de b\u00fasqueda del veterano disidente.<\/p>\n\n\n\n<p>En el texto se destaca que Gonz\u00e1lez est\u00e1 siendo buscado por la Justicia de Venezuela por los presuntos delitos de &#8220;conspiraci\u00f3n, complicidad en el uso de acto violentos contra la Rep\u00fablica, usurpaci\u00f3n de funciones, forjamiento de documentos, legitimaci\u00f3n de capitales, desconocimiento a las instituciones del Estado, instigaci\u00f3n a la desobediencia de las leyes y asociaci\u00f3n para delinquir, entre otros&#8221;.<\/p>\n\n\n\n<p>Llamado a la unidad venezolana<\/p>\n\n\n\n<p>Horas antes del inicio del a\u00f1o nuevo, Gonz\u00e1lez Urrutia pidi\u00f3 a todos los venezolanos seguir &#8220;juntos con el compromiso de hacer valer ese mandato en el 2025&#8221;, en referencia a las elecciones presidenciales de julio pasado.<\/p>\n\n\n\n<p>&#8220;El 10 de enero, como ustedes saben, es la fecha que pauta la Constituci\u00f3n para que, como presidente electo, asuma las funciones correspondientes&#8221;, escribi\u00f3 en la red social X.<\/p>\n\n\n\n<p>No obstante, el resultado oficial concedi\u00f3 la victoria para un nuevo mandato al actual presidente, Nicol\u00e1s Maduro, entre denuncias de &#8220;fraude masivo&#8221; por parte de la oposici\u00f3n.<\/p>\n\n\n\n<p>El mensaje de texto va acompa\u00f1ado de un video en el que se alternan sus declaraciones con las de la l\u00edder opositora Mar\u00eda Corina Machado.<\/p>\n\n\n\n<p>Gonz\u00e1lez Urrutia, que fue el candidato electoral del principal bloque opositor a Maduro, a\u00f1ade que ese &#8220;debe ser el d\u00eda del abrazo&#8221; en las calles del pa\u00eds &#8220;entre todos los venezolanos sin distinciones ni vendettas, ese d\u00eda es la oportunidad para dejar atr\u00e1s las palabras que promueven el odio y la divisi\u00f3n&#8221;.<\/p>\n\n\n\n<p>Seg\u00fan el opositor, &#8220;es la oportunidad para avanzar unidos, con firmeza y de forma definitiva, por la senda del reencuentro y la unidad nacional&#8221;. Y concluye el texto: &#8220;\u00a1Abrazos y mucha fuerza en este nuevo a\u00f1o! Nos vemos en las calles de nuestro amado pa\u00eds&#8221;.<\/p>\n\n\n\n<p>En el video, Machado recuerda que son &#8220;muchos los venezolanos que tienen ahora a un familiar asilado, exilado o como preso pol\u00edtico injustamente detenido por trabajar para hacer un pa\u00eds mejor&#8221;.<\/p>\n\n\n\n<p>Y Gonz\u00e1lez Urrutia, a quien el Gobierno espa\u00f1ol concedi\u00f3 asilo pol\u00edtico, se refiere a continuaci\u00f3n &#8220;al anhelo de libertad, democracia y prosperidad que el pueblo de Venezuela manifest\u00f3 con absoluta claridad en las elecciones presidenciales&#8221; de 2024.<\/p>\n\n\n\n<p>Venezuela necesita que cada uno &#8220;cumpla con su deber tal y como lo mandan la Constituci\u00f3n y las leyes&#8221;, apostill\u00f3.<\/p>\n","protected":false},"excerpt":{"rendered":"<p>Gonz\u00e1lez se exili\u00f3 en Espa\u00f1a en septiembre y ha prometido volver a su pa\u00eds para &#8220;tomar posesi\u00f3n&#8221; el 10 de enero en lugar de Maduro. Buenos Aires, AFP, Europa Press,&hellip;<\/p>\n","protected":false},"author":2,"featured_media":92336,"comment_status":"open","ping_status":"open","sticky":false,"template":"","format":"standard","meta":{"content-type":"","jetpack_post_was_ever_published":false,"_jetpack_newsletter_access":"","_jetpack_dont_email_post_to_subs":false,"_jetpack_newsletter_tier_id":0,"_jetpack_memberships_contains_paywalled_content":false,"_jetpack_memberships_contains_paid_content":false,"footnotes":""},"categories":[16289],"tags":[3254,14193,3548,3251,279],"class_list":["post-92335","post","type-post","status-publish","format-standard","has-post-thumbnail","hentry","category-internacionales","tag-argentina","tag-edmundo-gonzalez-urrutia","tag-opositor","tag-venezolano","tag-viaja"],"jetpack_featured_media_url":"https:\/\/lasprimeras.com.do\/wp-content\/uploads\/2025\/01\/Edmundo-Gonzalez-Urrutia.jpg","jetpack-related-posts":[{"id":88834,"url":"https:\/\/lasprimeras.com.do\/index.php\/2024\/09\/08\/oea-acusa-a-maduro-de-forzar-el-exilio-del-opositor-venezolano-edmundo-gonzalez-urrutia\/","url_meta":{"origin":92335,"position":0},"title":"OEA acusa a Maduro de forzar el exilio del opositor venezolano Edmundo Gonz\u00e1lez Urrutia","author":"Nelson Feliz","date":"8 de septiembre de 2024","format":false,"excerpt":"Washington, (EFE).- La Organizaci\u00f3n de los Estados Americanos (OEA) acus\u00f3 este domingo al \"r\u00e9gimen autoritario\" venezolano de haber \"forzado el exilio\" del opositor Edmundo Gonz\u00e1lez Urrutia, al que el organismo considera el ganador de las elecciones presidenciales que se celebraron en el pa\u00eds suramericano el pasado 28 de julio. \"El\u2026","rel":"","context":"En \u00abSin categor\u00eda\u00bb","block_context":{"text":"Sin categor\u00eda","link":"https:\/\/lasprimeras.com.do\/index.php\/category\/sin-categoria\/"},"img":{"alt_text":"ANTONIO GUTERRES","src":"https:\/\/i0.wp.com\/lasprimeras.com.do\/wp-content\/uploads\/2024\/09\/ANTONIO-GUTERRES.jpg?resize=350%2C200&ssl=1","width":350,"height":200,"srcset":"https:\/\/i0.wp.com\/lasprimeras.com.do\/wp-content\/uploads\/2024\/09\/ANTONIO-GUTERRES.jpg?resize=350%2C200&ssl=1 1x, https:\/\/i0.wp.com\/lasprimeras.com.do\/wp-content\/uploads\/2024\/09\/ANTONIO-GUTERRES.jpg?resize=525%2C300&ssl=1 1.5x"},"classes":[]},{"id":92459,"url":"https:\/\/lasprimeras.com.do\/index.php\/2025\/01\/04\/edmundo-gonzalez-es-reconocido-por-eeuu-como-vencedor-electoral-emprende-gira-internacional\/","url_meta":{"origin":92335,"position":1},"title":"Edmundo Gonz\u00e1lez es reconocido por EEUU como vencedor electoral emprende gira internacional","author":"Nelson Feliz","date":"4 de enero de 2025","format":false,"excerpt":"BUENOS AIRES (AP) \u2014 El excandidato opositor venezolano Edmundo Gonz\u00e1lez, quien reclama ser ganador de las elecciones ante Nicol\u00e1s Maduro y es reconocido por algunos pa\u00edses como leg\u00edtimo presidente electo de Venezuela, inici\u00f3 una gira internacional que lo llevar\u00e1 a Estados Unidos antes de la toma de posesi\u00f3n del nuevo\u2026","rel":"","context":"En \u00abINTERNACIONALES\u00bb","block_context":{"text":"INTERNACIONALES","link":"https:\/\/lasprimeras.com.do\/index.php\/category\/sin-categoria\/internacionales\/"},"img":{"alt_text":"","src":"https:\/\/i0.wp.com\/lasprimeras.com.do\/wp-content\/uploads\/2025\/01\/edmundo-gonzalez-es-reconocido-por-eeuu-como-vencedor-electoral-emprende-gira-internacional.jpg?resize=350%2C200&ssl=1","width":350,"height":200,"srcset":"https:\/\/i0.wp.com\/lasprimeras.com.do\/wp-content\/uploads\/2025\/01\/edmundo-gonzalez-es-reconocido-por-eeuu-como-vencedor-electoral-emprende-gira-internacional.jpg?resize=350%2C200&ssl=1 1x, https:\/\/i0.wp.com\/lasprimeras.com.do\/wp-content\/uploads\/2025\/01\/edmundo-gonzalez-es-reconocido-por-eeuu-como-vencedor-electoral-emprende-gira-internacional.jpg?resize=525%2C300&ssl=1 1.5x, https:\/\/i0.wp.com\/lasprimeras.com.do\/wp-content\/uploads\/2025\/01\/edmundo-gonzalez-es-reconocido-por-eeuu-como-vencedor-electoral-emprende-gira-internacional.jpg?resize=700%2C400&ssl=1 2x"},"classes":[]},{"id":92411,"url":"https:\/\/lasprimeras.com.do\/index.php\/2025\/01\/03\/edmundo-gonzalez-se-reunira-con-luis-abinader-la-proxima-semana\/","url_meta":{"origin":92335,"position":2},"title":"Edmundo Gonz\u00e1lez se reunir\u00e1 con Luis Abinader la pr\u00f3xima semana","author":"Nelson Feliz","date":"3 de enero de 2025","format":false,"excerpt":"La reuni\u00f3n est\u00e1 programada a ocurrir el jueves nueve de enero. El candidato de la mayor coalici\u00f3n opositora de Venezuela, Edmundo Gonz\u00e1lez Urrutia, visitar\u00e1 el pr\u00f3ximo 8 de enero Panam\u00e1 y se reunir\u00e1 con el jefe del Estado, Jos\u00e9 Ra\u00fal Mulino, y al d\u00eda siguiente partir\u00e1 a Rep\u00fablica Dominicana para\u2026","rel":"","context":"En \u00abPOLITICA\u00bb","block_context":{"text":"POLITICA","link":"https:\/\/lasprimeras.com.do\/index.php\/category\/politica\/"},"img":{"alt_text":"Edmundo Gonz\u00e1lez","src":"https:\/\/i0.wp.com\/lasprimeras.com.do\/wp-content\/uploads\/2025\/01\/Edmundo-Gonzalez.jpeg?resize=350%2C200&ssl=1","width":350,"height":200,"srcset":"https:\/\/i0.wp.com\/lasprimeras.com.do\/wp-content\/uploads\/2025\/01\/Edmundo-Gonzalez.jpeg?resize=350%2C200&ssl=1 1x, https:\/\/i0.wp.com\/lasprimeras.com.do\/wp-content\/uploads\/2025\/01\/Edmundo-Gonzalez.jpeg?resize=525%2C300&ssl=1 1.5x, https:\/\/i0.wp.com\/lasprimeras.com.do\/wp-content\/uploads\/2025\/01\/Edmundo-Gonzalez.jpeg?resize=700%2C400&ssl=1 2x"},"classes":[]},{"id":92597,"url":"https:\/\/lasprimeras.com.do\/index.php\/2025\/01\/08\/edmundo-gonzalez-urrutia-arriba-suelo-dominicano-por-el-aila\/","url_meta":{"origin":92335,"position":3},"title":"Edmundo Gonz\u00e1lez Urrutia arriba suelo dominicano por el AILA","author":"Nelson Feliz","date":"8 de enero de 2025","format":false,"excerpt":"Urrutia sostendr\u00e1 una audiencia privada con el presidente Luis Abinader. El opositor venezolano Edmundo Gonz\u00e1lez Urrutia, quien asegura haber ganado las elecciones presidenciales celebradas en su pa\u00eds el 28 de julio pasado, lleg\u00f3 a Rep\u00fablica Dominicana la noche de este mi\u00e9rcoles para sostener ma\u00f1ana jueves un encuentro con el presidente\u2026","rel":"","context":"En \u00abNACIONALES\u00bb","block_context":{"text":"NACIONALES","link":"https:\/\/lasprimeras.com.do\/index.php\/category\/nacionales\/"},"img":{"alt_text":"","src":"https:\/\/i0.wp.com\/lasprimeras.com.do\/wp-content\/uploads\/2025\/01\/Edmundo-Gonzalez-Urrutia-1.jpg?resize=350%2C200&ssl=1","width":350,"height":200,"srcset":"https:\/\/i0.wp.com\/lasprimeras.com.do\/wp-content\/uploads\/2025\/01\/Edmundo-Gonzalez-Urrutia-1.jpg?resize=350%2C200&ssl=1 1x, https:\/\/i0.wp.com\/lasprimeras.com.do\/wp-content\/uploads\/2025\/01\/Edmundo-Gonzalez-Urrutia-1.jpg?resize=525%2C300&ssl=1 1.5x, https:\/\/i0.wp.com\/lasprimeras.com.do\/wp-content\/uploads\/2025\/01\/Edmundo-Gonzalez-Urrutia-1.jpg?resize=700%2C400&ssl=1 2x"},"classes":[]},{"id":86572,"url":"https:\/\/lasprimeras.com.do\/index.php\/2024\/07\/28\/edmundo-gonzalez-inesperado-candidato-opositor-que-pretende-sacar-a-maduro-del-poder-en-venezuela\/","url_meta":{"origin":92335,"position":4},"title":"Edmundo Gonz\u00e1lez, inesperado candidato opositor que pretende sacar a Maduro del poder en Venezuela","author":"Nelson Feliz","date":"28 de julio de 2024","format":false,"excerpt":"BY JORGE RUEDA CARACAS (AP) \u2014 Apenas tres meses antes de la fecha prevista para las elecciones de Venezuela, Edmundo Gonz\u00e1lez Urrutia recibi\u00f3 una encomienda que jam\u00e1s busc\u00f3: ser el candidato de la principal coalici\u00f3n opositora que pretender sacar a Nicol\u00e1s Maduro del poder, tras 25 a\u00f1os de gobiernos socialistas.\u2026","rel":"","context":"En \u00abPORTADA\u00bb","block_context":{"text":"PORTADA","link":"https:\/\/lasprimeras.com.do\/index.php\/category\/portada\/"},"img":{"alt_text":"","src":"https:\/\/i0.wp.com\/lasprimeras.com.do\/wp-content\/uploads\/2024\/07\/Edmundo-Gonzalez-Urrutia-1.png?resize=350%2C200&ssl=1","width":350,"height":200,"srcset":"https:\/\/i0.wp.com\/lasprimeras.com.do\/wp-content\/uploads\/2024\/07\/Edmundo-Gonzalez-Urrutia-1.png?resize=350%2C200&ssl=1 1x, https:\/\/i0.wp.com\/lasprimeras.com.do\/wp-content\/uploads\/2024\/07\/Edmundo-Gonzalez-Urrutia-1.png?resize=525%2C300&ssl=1 1.5x, https:\/\/i0.wp.com\/lasprimeras.com.do\/wp-content\/uploads\/2024\/07\/Edmundo-Gonzalez-Urrutia-1.png?resize=700%2C400&ssl=1 2x"},"classes":[]},{"id":92635,"url":"https:\/\/lasprimeras.com.do\/index.php\/2025\/01\/10\/presidente-de-cuba-llega-a-venezuela-para-la-toma-de-posesion-de-la-presidencia-de-nicolas-maduro\/","url_meta":{"origin":92335,"position":5},"title":"Presidente de Cuba llega a Venezuela para la toma de posesi\u00f3n de la Presidencia de Nicol\u00e1s Maduro","author":"Nelson Feliz","date":"10 de enero de 2025","format":false,"excerpt":"Caracas, (EFE).- El presidente de Cuba, Miguel D\u00edaz-Canel, lleg\u00f3 este viernes a Venezuela para asistir al acto de investidura de la Presidencia, que tanto Nicol\u00e1s Maduro como el opositor Edmundo Gonz\u00e1lez Urrutia prometen asumir. El mandatario cubano arrib\u00f3 a la naci\u00f3n petrolera sobre las 08.20 hora local (12.20 GMT) y\u2026","rel":"","context":"En \u00abINTERNACIONALES\u00bb","block_context":{"text":"INTERNACIONALES","link":"https:\/\/lasprimeras.com.do\/index.php\/category\/sin-categoria\/internacionales\/"},"img":{"alt_text":"","src":"https:\/\/i0.wp.com\/lasprimeras.com.do\/wp-content\/uploads\/2025\/01\/diaz-canel.jpg?resize=350%2C200&ssl=1","width":350,"height":200,"srcset":"https:\/\/i0.wp.com\/lasprimeras.com.do\/wp-content\/uploads\/2025\/01\/diaz-canel.jpg?resize=350%2C200&ssl=1 1x, https:\/\/i0.wp.com\/lasprimeras.com.do\/wp-content\/uploads\/2025\/01\/diaz-canel.jpg?resize=525%2C300&ssl=1 1.5x"},"classes":[]}],"jetpack_sharing_enabled":true,"_links":{"self":[{"href":"https:\/\/lasprimeras.com.do\/index.php\/wp-json\/wp\/v2\/posts\/92335","targetHints":{"allow":["GET"]}}],"collection":[{"href":"https:\/\/lasprimeras.com.do\/index.php\/wp-json\/wp\/v2\/posts"}],"about":[{"href":"https:\/\/lasprimeras.com.do\/index.php\/wp-json\/wp\/v2\/types\/post"}],"author":[{"embeddable":true,"href":"https:\/\/lasprimeras.com.do\/index.php\/wp-json\/wp\/v2\/users\/2"}],"replies":[{"embeddable":true,"href":"https:\/\/lasprimeras.com.do\/index.php\/wp-json\/wp\/v2\/comments?post=92335"}],"version-history":[{"count":1,"href":"https:\/\/lasprimeras.com.do\/index.php\/wp-json\/wp\/v2\/posts\/92335\/revisions"}],"predecessor-version":[{"id":92337,"href":"https:\/\/lasprimeras.com.do\/index.php\/wp-json\/wp\/v2\/posts\/92335\/revisions\/92337"}],"wp:featuredmedia":[{"embeddable":true,"href":"https:\/\/lasprimeras.com.do\/index.php\/wp-json\/wp\/v2\/media\/92336"}],"wp:attachment":[{"href":"https:\/\/lasprimeras.com.do\/index.php\/wp-json\/wp\/v2\/media?parent=92335"}],"wp:term":[{"taxonomy":"category","embeddable":true,"href":"https:\/\/lasprimeras.com.do\/index.php\/wp-json\/wp\/v2\/categories?post=92335"},{"taxonomy":"post_tag","embeddable":true,"href":"https:\/\/lasprimeras.com.do\/index.php\/wp-json\/wp\/v2\/tags?post=92335"}],"curies":[{"name":"wp","href":"https:\/\/api.w.org\/{rel}","templated":true}]}}