{"id":92369,"date":"2024-12-26T12:38:59","date_gmt":"2024-12-26T16:38:59","guid":{"rendered":"https:\/\/lasprimeras.com.do\/?p=92369"},"modified":"2025-01-03T12:42:15","modified_gmt":"2025-01-03T16:42:15","slug":"muere-el-locutor-romel-roque-guillen-tras-rina-por-roce-vehicular-en-santiago","status":"publish","type":"post","link":"https:\/\/lasprimeras.com.do\/index.php\/2024\/12\/26\/muere-el-locutor-romel-roque-guillen-tras-rina-por-roce-vehicular-en-santiago\/","title":{"rendered":"Muere el locutor Romel Roque Guill\u00e9n tras ri\u00f1a por roce vehicular en Santiago"},"content":{"rendered":"\n<p><strong>Durante la pelea, Romel recibi\u00f3 un golpe en la nariz que lo hizo caer al pavimento.<\/strong><\/p>\n\n\n\n<p>Un lamentable suceso se evidenci\u00f3 este jueves en la autopista Joaqu\u00edn Balaguer, en el municipio de Villa Gonz\u00e1lez en Santiago, donde el locutor Romel Roque Guill\u00e9n perdi\u00f3 la vida tras una discusi\u00f3n con otro conductor relacionada con el roce de sus veh\u00edculos.<\/p>\n\n\n\n<p>Seg\u00fan testigos del incidente, la disputa se torn\u00f3 violenta y culmin\u00f3 en un enfrentamiento f\u00edsico. Durante la pelea, Romel recibi\u00f3 un golpe en la nariz que lo hizo caer al pavimento.<\/p>\n\n\n\n<p>Al caer, sufri\u00f3 un impacto en la parte posterior de la cabeza, lo que result\u00f3 fatal.<\/p>\n\n\n\n<p>El otro conductor, todav\u00eda no identificado, fue detenido detenido y est\u00e1 siendo procesado por las autoridades de Villa Gonz\u00e1lez.<\/p>\n\n\n\n<p>Los agentes contin\u00faan investigando el caso para esclarecer todos los detalles.<\/p>\n\n\n\n<p>Fuente Listin Diario<\/p>\n","protected":false},"excerpt":{"rendered":"<p>Durante la pelea, Romel recibi\u00f3 un golpe en la nariz que lo hizo caer al pavimento. Un lamentable suceso se evidenci\u00f3 este jueves en la autopista Joaqu\u00edn Balaguer, en el&hellip;<\/p>\n","protected":false},"author":2,"featured_media":92370,"comment_status":"open","ping_status":"open","sticky":false,"template":"","format":"standard","meta":{"content-type":"","jetpack_post_was_ever_published":false,"_jetpack_newsletter_access":"","_jetpack_dont_email_post_to_subs":false,"_jetpack_newsletter_tier_id":0,"_jetpack_memberships_contains_paywalled_content":false,"_jetpack_memberships_contains_paid_content":false,"footnotes":""},"categories":[35],"tags":[7960,650,7781,16804,16803,1049],"class_list":["post-92369","post","type-post","status-publish","format-standard","has-post-thumbnail","hentry","category-nacionales","tag-locutor","tag-muere","tag-rina","tag-roce-vehicular","tag-romel-roque-guillen","tag-santiago"],"jetpack_featured_media_url":"https:\/\/lasprimeras.com.do\/wp-content\/uploads\/2025\/01\/Romel-Roque-Guillen-1.jpg","jetpack-related-posts":[{"id":92366,"url":"https:\/\/lasprimeras.com.do\/index.php\/2025\/01\/03\/imponen-un-ano-de-prision-preventiva-contra-homicida-del-locutor-romel-guillen\/","url_meta":{"origin":92369,"position":0},"title":"Imponen un a\u00f1o de prisi\u00f3n preventiva contra homicida del locutor Romel Guill\u00e9n","author":"Nelson Feliz","date":"3 de enero de 2025","format":false,"excerpt":"Contra el imputado Evaristo Luciano \u00c1lvarez se presentaron cargos por homicidio. La Oficina Judicial de Servicios de Atenci\u00f3n Permanente de Santiago impuso 12 meses de prisi\u00f3n preventiva, como medida de coerci\u00f3n, en contra del hombre imputado por el homicidio del locutor Romel Roque Guill\u00e9n Cabrera. El hecho ocurri\u00f3 el 25\u2026","rel":"","context":"En \u00abJUSTICIA\u00bb","block_context":{"text":"JUSTICIA","link":"https:\/\/lasprimeras.com.do\/index.php\/category\/justicia\/"},"img":{"alt_text":"","src":"https:\/\/i0.wp.com\/lasprimeras.com.do\/wp-content\/uploads\/2025\/01\/Romel-Roque-Guillen.jpg?resize=350%2C200&ssl=1","width":350,"height":200,"srcset":"https:\/\/i0.wp.com\/lasprimeras.com.do\/wp-content\/uploads\/2025\/01\/Romel-Roque-Guillen.jpg?resize=350%2C200&ssl=1 1x, https:\/\/i0.wp.com\/lasprimeras.com.do\/wp-content\/uploads\/2025\/01\/Romel-Roque-Guillen.jpg?resize=525%2C300&ssl=1 1.5x"},"classes":[]},{"id":123571,"url":"https:\/\/lasprimeras.com.do\/index.php\/2026\/03\/02\/spm-roce-de-vehiculos-provoca-pelea-entre-motoconchista-y-conductor\/","url_meta":{"origin":92369,"position":1},"title":"SPM: Roce de veh\u00edculos provoca pelea entre motoconchista y conductor","author":"Nelson Feliz","date":"2 de marzo de 2026","format":false,"excerpt":"Un roce de veh\u00edculos ocurrido la ma\u00f1ana de este lunes ocasion\u00f3 una pelea entre un motoconchista y el conductor de un carro en el sector Las 80 en la provincia San Pedro de Macor\u00eds. El hecho ocurri\u00f3 por un presunto roce entre un motorista y un carro marca Hyundai, modelo\u2026","rel":"","context":"En \u00abNACIONALES\u00bb","block_context":{"text":"NACIONALES","link":"https:\/\/lasprimeras.com.do\/index.php\/category\/nacionales\/"},"img":{"alt_text":"","src":"https:\/\/i0.wp.com\/lasprimeras.com.do\/wp-content\/uploads\/2026\/03\/Capture.jpg?resize=350%2C200&ssl=1","width":350,"height":200},"classes":[]},{"id":110943,"url":"https:\/\/lasprimeras.com.do\/index.php\/2025\/10\/02\/mujer-muere-tras-caer-de-un-cuarto-piso-mientras-pintaba-en-bavaro\/","url_meta":{"origin":92369,"position":2},"title":"Mujer muere tras caer de un cuarto piso mientras pintaba en B\u00e1varo","author":"Nelson Feliz","date":"2 de octubre de 2025","format":false,"excerpt":"Una mujer perdi\u00f3 la vida ayer, mi\u00e9rcoles, tras caer desde un cuarto piso mientras pintaba las \u00e1reas acabadas de una obra en construcci\u00f3n, en el sector Los Corales, B\u00e1varo, provincia La Altagracia. La fallecida fue identificada como Ermita Simeon, de 34 a\u00f1os, quien resid\u00eda en la misma zona. Seg\u00fan el\u2026","rel":"","context":"En \u00abNACIONALES\u00bb","block_context":{"text":"NACIONALES","link":"https:\/\/lasprimeras.com.do\/index.php\/category\/nacionales\/"},"img":{"alt_text":"","src":"https:\/\/i0.wp.com\/lasprimeras.com.do\/wp-content\/uploads\/2025\/10\/inacif.jpg?resize=350%2C200&ssl=1","width":350,"height":200,"srcset":"https:\/\/i0.wp.com\/lasprimeras.com.do\/wp-content\/uploads\/2025\/10\/inacif.jpg?resize=350%2C200&ssl=1 1x, https:\/\/i0.wp.com\/lasprimeras.com.do\/wp-content\/uploads\/2025\/10\/inacif.jpg?resize=525%2C300&ssl=1 1.5x, https:\/\/i0.wp.com\/lasprimeras.com.do\/wp-content\/uploads\/2025\/10\/inacif.jpg?resize=700%2C400&ssl=1 2x"},"classes":[]},{"id":128925,"url":"https:\/\/lasprimeras.com.do\/index.php\/2026\/04\/28\/dictan-tres-meses-de-prision-preventiva-a-motoristas-atacaron-conductor-de-camion-en-santiago\/","url_meta":{"origin":92369,"position":3},"title":"Dictan tres meses de prision preventiva a motoristas atacaron conductor de cami\u00f3n en Santiago\u00a0","author":"Nelson Feliz","date":"28 de abril de 2026","format":false,"excerpt":"Los imputados en el crimen son Adony Antonio Ure\u00f1a Ventura, Andr\u00e9s Moncl\u00fa Gonz\u00e1lez, Carlos Andr\u00e9s Roa Mor\u00e1n, Miguel Garc\u00eda Balbuena, Joanfry Joel N\u00fa\u00f1ez, Juan Carlos Soto Ortiz y Kevin Francisco Metz Cruz Los imputados en el crimen son Adony Antonio Ure\u00f1a Ventura, Andr\u00e9s Moncl\u00fa Gonz\u00e1lez, Carlos Andr\u00e9s Roa Mor\u00e1n, Miguel\u2026","rel":"","context":"En \u00abJUSTICIA\u00bb","block_context":{"text":"JUSTICIA","link":"https:\/\/lasprimeras.com.do\/index.php\/category\/justicia\/"},"img":{"alt_text":"","src":"https:\/\/i0.wp.com\/lasprimeras.com.do\/wp-content\/uploads\/2026\/04\/Motoristas.jpeg?resize=350%2C200&ssl=1","width":350,"height":200,"srcset":"https:\/\/i0.wp.com\/lasprimeras.com.do\/wp-content\/uploads\/2026\/04\/Motoristas.jpeg?resize=350%2C200&ssl=1 1x, https:\/\/i0.wp.com\/lasprimeras.com.do\/wp-content\/uploads\/2026\/04\/Motoristas.jpeg?resize=525%2C300&ssl=1 1.5x, https:\/\/i0.wp.com\/lasprimeras.com.do\/wp-content\/uploads\/2026\/04\/Motoristas.jpeg?resize=700%2C400&ssl=1 2x, https:\/\/i0.wp.com\/lasprimeras.com.do\/wp-content\/uploads\/2026\/04\/Motoristas.jpeg?resize=1050%2C600&ssl=1 3x"},"classes":[]},{"id":114095,"url":"https:\/\/lasprimeras.com.do\/index.php\/2025\/11\/10\/grupo-mata-a-joven-a-palos-y-cuchillas-en-santiago-porque-le-rozo-motor-con-su-carro\/","url_meta":{"origin":92369,"position":4},"title":"Grupo mata a joven a palos y cuchillas en Santiago porque le roz\u00f3 motor con su carro","author":"Nelson Feliz","date":"10 de noviembre de 2025","format":false,"excerpt":"Jefry Villanueva, de 31 a\u00f1os, fue rodeado por el grupo tan pronto ocurri\u00f3 el hecho Dej\u00f3 tres hijos en la orfandad, uno de ellos con autismo. Un joven identificado como Jefry Villanueva, de 31 a\u00f1os, perdi\u00f3 la vida la noche del domingo en medio de un violento incidente ocurrido en\u2026","rel":"","context":"En \u00abNACIONALES\u00bb","block_context":{"text":"NACIONALES","link":"https:\/\/lasprimeras.com.do\/index.php\/category\/nacionales\/"},"img":{"alt_text":"","src":"https:\/\/i0.wp.com\/lasprimeras.com.do\/wp-content\/uploads\/2025\/11\/Jefry-Villanueva.jpg?resize=350%2C200&ssl=1","width":350,"height":200,"srcset":"https:\/\/i0.wp.com\/lasprimeras.com.do\/wp-content\/uploads\/2025\/11\/Jefry-Villanueva.jpg?resize=350%2C200&ssl=1 1x, https:\/\/i0.wp.com\/lasprimeras.com.do\/wp-content\/uploads\/2025\/11\/Jefry-Villanueva.jpg?resize=525%2C300&ssl=1 1.5x, https:\/\/i0.wp.com\/lasprimeras.com.do\/wp-content\/uploads\/2025\/11\/Jefry-Villanueva.jpg?resize=700%2C400&ssl=1 2x"},"classes":[]},{"id":110830,"url":"https:\/\/lasprimeras.com.do\/index.php\/2025\/10\/01\/senado-reconoce-al-locutor-jochy-santos-por-50-anos-en-los-medios\/","url_meta":{"origin":92369,"position":5},"title":"Senado reconoce al locutor Jochy Santos por 50 a\u00f1os en los medios","author":"Nelson Feliz","date":"1 de octubre de 2025","format":false,"excerpt":"El Senado de la Rep\u00fablica reconoci\u00f3 este mi\u00e9rcoles al locutor Jos\u00e9 Luis de los Santos Marte (Jochy Santos), por sus 50 a\u00f1os de trayectoria en los medios de comunicaci\u00f3n, y sus aportes al arte y la cultura de la Rep\u00fablica Dominicana. Para reconocer a Jochy Santos, la C\u00e1mara Alta aprob\u00f3\u2026","rel":"","context":"En \u00abENTRETENIMIENTO\u00bb","block_context":{"text":"ENTRETENIMIENTO","link":"https:\/\/lasprimeras.com.do\/index.php\/category\/entretenimiento\/"},"img":{"alt_text":"","src":"https:\/\/i0.wp.com\/lasprimeras.com.do\/wp-content\/uploads\/2025\/10\/Jochy01.jpg?resize=350%2C200&ssl=1","width":350,"height":200,"srcset":"https:\/\/i0.wp.com\/lasprimeras.com.do\/wp-content\/uploads\/2025\/10\/Jochy01.jpg?resize=350%2C200&ssl=1 1x, https:\/\/i0.wp.com\/lasprimeras.com.do\/wp-content\/uploads\/2025\/10\/Jochy01.jpg?resize=525%2C300&ssl=1 1.5x, https:\/\/i0.wp.com\/lasprimeras.com.do\/wp-content\/uploads\/2025\/10\/Jochy01.jpg?resize=700%2C400&ssl=1 2x"},"classes":[]}],"jetpack_sharing_enabled":true,"_links":{"self":[{"href":"https:\/\/lasprimeras.com.do\/index.php\/wp-json\/wp\/v2\/posts\/92369","targetHints":{"allow":["GET"]}}],"collection":[{"href":"https:\/\/lasprimeras.com.do\/index.php\/wp-json\/wp\/v2\/posts"}],"about":[{"href":"https:\/\/lasprimeras.com.do\/index.php\/wp-json\/wp\/v2\/types\/post"}],"author":[{"embeddable":true,"href":"https:\/\/lasprimeras.com.do\/index.php\/wp-json\/wp\/v2\/users\/2"}],"replies":[{"embeddable":true,"href":"https:\/\/lasprimeras.com.do\/index.php\/wp-json\/wp\/v2\/comments?post=92369"}],"version-history":[{"count":1,"href":"https:\/\/lasprimeras.com.do\/index.php\/wp-json\/wp\/v2\/posts\/92369\/revisions"}],"predecessor-version":[{"id":92371,"href":"https:\/\/lasprimeras.com.do\/index.php\/wp-json\/wp\/v2\/posts\/92369\/revisions\/92371"}],"wp:featuredmedia":[{"embeddable":true,"href":"https:\/\/lasprimeras.com.do\/index.php\/wp-json\/wp\/v2\/media\/92370"}],"wp:attachment":[{"href":"https:\/\/lasprimeras.com.do\/index.php\/wp-json\/wp\/v2\/media?parent=92369"}],"wp:term":[{"taxonomy":"category","embeddable":true,"href":"https:\/\/lasprimeras.com.do\/index.php\/wp-json\/wp\/v2\/categories?post=92369"},{"taxonomy":"post_tag","embeddable":true,"href":"https:\/\/lasprimeras.com.do\/index.php\/wp-json\/wp\/v2\/tags?post=92369"}],"curies":[{"name":"wp","href":"https:\/\/api.w.org\/{rel}","templated":true}]}}