{"id":92402,"date":"2025-01-03T22:02:25","date_gmt":"2025-01-04T02:02:25","guid":{"rendered":"https:\/\/lasprimeras.com.do\/?p=92402"},"modified":"2025-01-03T22:02:27","modified_gmt":"2025-01-04T02:02:27","slug":"tres-jovenes-involucrados-en-tiroteo-en-barahona-se-entregan-a-las-autoridades","status":"publish","type":"post","link":"https:\/\/lasprimeras.com.do\/index.php\/2025\/01\/03\/tres-jovenes-involucrados-en-tiroteo-en-barahona-se-entregan-a-las-autoridades\/","title":{"rendered":"Tres j\u00f3venes involucrados en tiroteo en Barahona se entregan a las autoridades"},"content":{"rendered":"\n<p>Por Benny Rodr\u00edguez<\/p>\n\n\n\n<p>Tres personas buscadas por miembros de Investigaciones Criminales (Dicrim), adscritos a la Direcci\u00f3n Regional Sur de la Polic\u00eda Nacional, involucrados en un tiroteo durante las festividades de A\u00f1o Nuevo que dejo una persona muerta en Camboya y La Raqueta, Barahona, se entregaron a las autoridades para responder por la acusaci\u00f3n imputada.<\/p>\n\n\n\n<p>Fernando de la Paz Matos (Pito), Keidys Manuel Urb\u00e1ez y Euri Alberto Pimentel Moreta (Matute), se entregaron la tarde de este viernes, a trav\u00e9s de la Oficina de Abogados G\u00f3mez Rubio y Asociados, as\u00ed como por representantes de los Derechos Humanos en el municipio Barahona.<\/p>\n\n\n\n<p>Por el tiroteo falleci\u00f3 el joven Raymon Matos Ram\u00edrez, de 21 a\u00f1os, cuando era intervenido quir\u00fargicamente. Adem\u00e1s, se encuentran heridos Robinson Ram\u00edrez, de 23 a\u00f1os de edad, y Yordani Savi\u00f1\u00f3n, de 24, quien se debate entre la vida y la muerte.<\/p>\n\n\n\n<p>En la entrega participaron los abogados Yv\u00e1n Ariel G\u00f3mez Rubio, Gilbert Ronaldo Matos, por la oficina de Abogados G\u00f3mez Rubio y Asociados, as\u00ed como por Jos\u00e9 G\u00f3mez, representante de la Fuerza Bienestar Comunidad de los Derechos Humanos.<\/p>\n","protected":false},"excerpt":{"rendered":"<p>Por Benny Rodr\u00edguez Tres personas buscadas por miembros de Investigaciones Criminales (Dicrim), adscritos a la Direcci\u00f3n Regional Sur de la Polic\u00eda Nacional, involucrados en un tiroteo durante las festividades de&hellip;<\/p>\n","protected":false},"author":2,"featured_media":92403,"comment_status":"open","ping_status":"open","sticky":false,"template":"","format":"standard","meta":{"content-type":"","jetpack_post_was_ever_published":false,"_jetpack_newsletter_access":"","_jetpack_dont_email_post_to_subs":false,"_jetpack_newsletter_tier_id":0,"_jetpack_memberships_contains_paywalled_content":false,"_jetpack_memberships_contains_paid_content":false,"footnotes":""},"categories":[35],"tags":[949,265,16822,16824,70,16823],"class_list":["post-92402","post","type-post","status-publish","format-standard","has-post-thumbnail","hentry","category-nacionales","tag-autoridades","tag-barahona","tag-involucrados","tag-se-entregan","tag-tiroteo","tag-tres-jovenes"],"jetpack_featured_media_url":"https:\/\/lasprimeras.com.do\/wp-content\/uploads\/2025\/01\/se-entregan-a-las-autoridades.jpeg","jetpack-related-posts":[{"id":92279,"url":"https:\/\/lasprimeras.com.do\/index.php\/2025\/01\/01\/tiroteo-en-camboya-muere-uno-tres-heridos-y-recien-nacido-asfixiado-en-los-barracones-de-jabid\/","url_meta":{"origin":92402,"position":0},"title":"Tiroteo en Camboya muere uno, tres heridos y reci\u00e9n nacido asfixiado en los barracones de Jabid","author":"Nelson Feliz","date":"1 de enero de 2025","format":false,"excerpt":"-Despidi\u00f3 el reci\u00e9n finalizado a\u00f1o 2024 con violencia e inici\u00f3 con conflictos sociales: temprano en la ma\u00f1ana de este mi\u00e9rcoles primero de enero con al menos dos personas muertas, entre ellas un ni\u00f1o reci\u00e9n nacido que falleci\u00f3 asfixiado en circunstancias hasta el momento no claras. Pasadas las ocho de la\u2026","rel":"","context":"En \u00abNACIONALES\u00bb","block_context":{"text":"NACIONALES","link":"https:\/\/lasprimeras.com.do\/index.php\/category\/nacionales\/"},"img":{"alt_text":"","src":"https:\/\/i0.wp.com\/lasprimeras.com.do\/wp-content\/uploads\/2025\/01\/tiroteo.jpg?resize=350%2C200&ssl=1","width":350,"height":200,"srcset":"https:\/\/i0.wp.com\/lasprimeras.com.do\/wp-content\/uploads\/2025\/01\/tiroteo.jpg?resize=350%2C200&ssl=1 1x, https:\/\/i0.wp.com\/lasprimeras.com.do\/wp-content\/uploads\/2025\/01\/tiroteo.jpg?resize=525%2C300&ssl=1 1.5x, https:\/\/i0.wp.com\/lasprimeras.com.do\/wp-content\/uploads\/2025\/01\/tiroteo.jpg?resize=700%2C400&ssl=1 2x"},"classes":[]},{"id":83707,"url":"https:\/\/lasprimeras.com.do\/index.php\/2024\/05\/23\/son-dominicanos-los-dos-muertos-en-tiroteo-en-lavanderia-de-pensilvania\/","url_meta":{"origin":92402,"position":1},"title":"Son dominicanos los dos muertos en tiroteo en lavander\u00eda de Pensilvania","author":"Nelson Feliz","date":"23 de mayo de 2024","format":false,"excerpt":"Tiroteo fatal en lavander\u00eda de Pensilvania con v\u00edctimas dominicanas Dos j\u00f3venes oriundos de\u00a0Jamao\u00a0al Norte en la provincia\u00a0Espaillat, son las dos\u00a0v\u00edctimas\u00a0mortales de un\u00a0tiroteo\u00a0que ocurri\u00f3 la ma\u00f1ana de este mi\u00e9rcoles en una\u00a0lavander\u00eda\u00a0de Pensilvania. La informaci\u00f3n fue confirmada por Jairo Morillo, el\u00a0alcalde\u00a0de la mencionada provincia ubicada en el norte de Rep\u00fablica Dominicana. \"Buenos\u2026","rel":"","context":"En \u00abPORTADA\u00bb","block_context":{"text":"PORTADA","link":"https:\/\/lasprimeras.com.do\/index.php\/category\/portada\/"},"img":{"alt_text":"tiroteo","src":"https:\/\/i0.wp.com\/lasprimeras.com.do\/wp-content\/uploads\/2024\/05\/Copia-de-Portada-Pagina-WEB-3-41.jpeg?resize=350%2C200&ssl=1","width":350,"height":200,"srcset":"https:\/\/i0.wp.com\/lasprimeras.com.do\/wp-content\/uploads\/2024\/05\/Copia-de-Portada-Pagina-WEB-3-41.jpeg?resize=350%2C200&ssl=1 1x, https:\/\/i0.wp.com\/lasprimeras.com.do\/wp-content\/uploads\/2024\/05\/Copia-de-Portada-Pagina-WEB-3-41.jpeg?resize=525%2C300&ssl=1 1.5x, https:\/\/i0.wp.com\/lasprimeras.com.do\/wp-content\/uploads\/2024\/05\/Copia-de-Portada-Pagina-WEB-3-41.jpeg?resize=700%2C400&ssl=1 2x, https:\/\/i0.wp.com\/lasprimeras.com.do\/wp-content\/uploads\/2024\/05\/Copia-de-Portada-Pagina-WEB-3-41.jpeg?resize=1050%2C600&ssl=1 3x, https:\/\/i0.wp.com\/lasprimeras.com.do\/wp-content\/uploads\/2024\/05\/Copia-de-Portada-Pagina-WEB-3-41.jpeg?resize=1400%2C800&ssl=1 4x"},"classes":[]},{"id":51438,"url":"https:\/\/lasprimeras.com.do\/index.php\/2023\/05\/31\/acusado-de-matar-a-su-hermano-en-barahona-se-entrega-a-las-autoridades\/","url_meta":{"origin":92402,"position":2},"title":"Acusado de matar a su hermano en Barahona se entrega a las autoridades","author":"prenxa100","date":"31 de mayo de 2023","format":false,"excerpt":"Barahona, RD \u2013 Tras un llamado policial, Rogelio Mej\u00eda L\u00f3pez, se\u00f1alado como el presunto responsable del homicidio de su hermano, Luis David P\u00e9rez, se entreg\u00f3 al departamento de homicidio de Barahona. La entrega se realiz\u00f3 a trav\u00e9s del colegio de periodistas filial Barahona y el pastor evang\u00e9lico Manuel de Jes\u00fas\u2026","rel":"","context":"En \u00abNACIONALES\u00bb","block_context":{"text":"NACIONALES","link":"https:\/\/lasprimeras.com.do\/index.php\/category\/nacionales\/"},"img":{"alt_text":"","src":"","width":0,"height":0},"classes":[]},{"id":65170,"url":"https:\/\/lasprimeras.com.do\/index.php\/2023\/10\/26\/buscan-a-robert-card-el-reservista-del-ejercito-involucrado-en-el-tiroteo-masivo-de-maine\/","url_meta":{"origin":92402,"position":3},"title":"Buscan a Robert Card, el reservista del ej\u00e9rcito involucrado en el tiroteo masivo de Maine","author":"Nelson Feliz","date":"26 de octubre de 2023","format":false,"excerpt":"-Las matanzas ocurrieron la noche del mi\u00e9rcoles en la ciudad de Lewiston, la segunda del Estado de Maine, donde se inst\u00f3 a la poblaci\u00f3n a permanecer en sus casas. -Estados Unidos tiene m\u00e1s armas que habitantes. Maine, EFE.-. Las autoridades siguen buscando intensamente este jueves a un reservista del ej\u00e9rcito\u2026","rel":"","context":"En \u00abSin categor\u00eda\u00bb","block_context":{"text":"Sin categor\u00eda","link":"https:\/\/lasprimeras.com.do\/index.php\/category\/sin-categoria\/"},"img":{"alt_text":"","src":"https:\/\/i0.wp.com\/lasprimeras.com.do\/wp-content\/uploads\/2023\/10\/ROBERT-CARD.jpeg?resize=350%2C200&ssl=1","width":350,"height":200,"srcset":"https:\/\/i0.wp.com\/lasprimeras.com.do\/wp-content\/uploads\/2023\/10\/ROBERT-CARD.jpeg?resize=350%2C200&ssl=1 1x, https:\/\/i0.wp.com\/lasprimeras.com.do\/wp-content\/uploads\/2023\/10\/ROBERT-CARD.jpeg?resize=525%2C300&ssl=1 1.5x, https:\/\/i0.wp.com\/lasprimeras.com.do\/wp-content\/uploads\/2023\/10\/ROBERT-CARD.jpeg?resize=700%2C400&ssl=1 2x"},"classes":[]},{"id":58462,"url":"https:\/\/lasprimeras.com.do\/index.php\/2023\/08\/24\/un-tiroteo-en-un-bar-de-moteros-de-california-mata-a-4-personas-incluido-el-tirador-y-hiere-a-5-mas\/","url_meta":{"origin":92402,"position":4},"title":"Un tiroteo en un bar de moteros de California mata a 4 personas, incluido el tirador, y hiere a 5 m\u00e1s","author":"Nelson Feliz","date":"24 de agosto de 2023","format":false,"excerpt":"Tres personas murieron y otras cinco resultaron heridas en un tiroteo el mi\u00e9rcoles en un bar de motociclistas en el sur de California, dijo el Departamento del Sheriff del condado de Orange. El pistolero tambi\u00e9n fue asesinado por los agentes. El tiroteo ocurri\u00f3 despu\u00e9s de las 7 pm en Cook's\u2026","rel":"","context":"En \u00abSin categor\u00eda\u00bb","block_context":{"text":"Sin categor\u00eda","link":"https:\/\/lasprimeras.com.do\/index.php\/category\/sin-categoria\/"},"img":{"alt_text":"","src":"https:\/\/i0.wp.com\/lasprimeras.com.do\/wp-content\/uploads\/2023\/08\/bar.jpg?resize=350%2C200&ssl=1","width":350,"height":200,"srcset":"https:\/\/i0.wp.com\/lasprimeras.com.do\/wp-content\/uploads\/2023\/08\/bar.jpg?resize=350%2C200&ssl=1 1x, https:\/\/i0.wp.com\/lasprimeras.com.do\/wp-content\/uploads\/2023\/08\/bar.jpg?resize=525%2C300&ssl=1 1.5x, https:\/\/i0.wp.com\/lasprimeras.com.do\/wp-content\/uploads\/2023\/08\/bar.jpg?resize=700%2C400&ssl=1 2x"},"classes":[]},{"id":77078,"url":"https:\/\/lasprimeras.com.do\/index.php\/2024\/02\/17\/tres-heridos-en-fantino-durante-tiroteo\/","url_meta":{"origin":92402,"position":5},"title":"Tres heridos en Fantino durante tiroteo","author":"Nelson Feliz","date":"17 de febrero de 2024","format":false,"excerpt":"Por Daury Reyes Tres personas resultaron heridas este s\u00e1bado durante un tiroteo de dirigentes pol\u00edticos en el municipio de Fantino, provincia S\u00e1nchez Ram\u00edrez. Hasta el momento se desconocen los motivos del tiroteo. Mientras que el senador de la provincia, Ricardo de los Santos, dijo que los heridos son miembros del\u2026","rel":"","context":"En \u00abNACIONALES\u00bb","block_context":{"text":"NACIONALES","link":"https:\/\/lasprimeras.com.do\/index.php\/category\/nacionales\/"},"img":{"alt_text":"","src":"https:\/\/i0.wp.com\/lasprimeras.com.do\/wp-content\/uploads\/2024\/02\/herido.jpeg?resize=350%2C200&ssl=1","width":350,"height":200,"srcset":"https:\/\/i0.wp.com\/lasprimeras.com.do\/wp-content\/uploads\/2024\/02\/herido.jpeg?resize=350%2C200&ssl=1 1x, https:\/\/i0.wp.com\/lasprimeras.com.do\/wp-content\/uploads\/2024\/02\/herido.jpeg?resize=525%2C300&ssl=1 1.5x, https:\/\/i0.wp.com\/lasprimeras.com.do\/wp-content\/uploads\/2024\/02\/herido.jpeg?resize=700%2C400&ssl=1 2x"},"classes":[]}],"jetpack_sharing_enabled":true,"_links":{"self":[{"href":"https:\/\/lasprimeras.com.do\/index.php\/wp-json\/wp\/v2\/posts\/92402","targetHints":{"allow":["GET"]}}],"collection":[{"href":"https:\/\/lasprimeras.com.do\/index.php\/wp-json\/wp\/v2\/posts"}],"about":[{"href":"https:\/\/lasprimeras.com.do\/index.php\/wp-json\/wp\/v2\/types\/post"}],"author":[{"embeddable":true,"href":"https:\/\/lasprimeras.com.do\/index.php\/wp-json\/wp\/v2\/users\/2"}],"replies":[{"embeddable":true,"href":"https:\/\/lasprimeras.com.do\/index.php\/wp-json\/wp\/v2\/comments?post=92402"}],"version-history":[{"count":1,"href":"https:\/\/lasprimeras.com.do\/index.php\/wp-json\/wp\/v2\/posts\/92402\/revisions"}],"predecessor-version":[{"id":92404,"href":"https:\/\/lasprimeras.com.do\/index.php\/wp-json\/wp\/v2\/posts\/92402\/revisions\/92404"}],"wp:featuredmedia":[{"embeddable":true,"href":"https:\/\/lasprimeras.com.do\/index.php\/wp-json\/wp\/v2\/media\/92403"}],"wp:attachment":[{"href":"https:\/\/lasprimeras.com.do\/index.php\/wp-json\/wp\/v2\/media?parent=92402"}],"wp:term":[{"taxonomy":"category","embeddable":true,"href":"https:\/\/lasprimeras.com.do\/index.php\/wp-json\/wp\/v2\/categories?post=92402"},{"taxonomy":"post_tag","embeddable":true,"href":"https:\/\/lasprimeras.com.do\/index.php\/wp-json\/wp\/v2\/tags?post=92402"}],"curies":[{"name":"wp","href":"https:\/\/api.w.org\/{rel}","templated":true}]}}