{"id":92433,"date":"2025-01-04T20:53:32","date_gmt":"2025-01-05T00:53:32","guid":{"rendered":"https:\/\/lasprimeras.com.do\/?p=92433"},"modified":"2025-01-04T20:53:34","modified_gmt":"2025-01-05T00:53:34","slug":"cmd-dobla-el-pulso-al-gobierno-otra-vez-acuerdan-aumento-salarial-del-25-para-medicos","status":"publish","type":"post","link":"https:\/\/lasprimeras.com.do\/index.php\/2025\/01\/04\/cmd-dobla-el-pulso-al-gobierno-otra-vez-acuerdan-aumento-salarial-del-25-para-medicos\/","title":{"rendered":"CMD dobla el pulso al Gobierno otra vez, acuerdan aumento salarial del 25% para m\u00e9dicos"},"content":{"rendered":"\n<p>La vicepresidenta y presidenta del Gabinete de Salud, Raquel Pe\u00f1a, y el presidente del Colegio M\u00e9dico Dominicano (CMD), Waldo Ariel Suero, acordaron un aumento salarial del 25% para m\u00e9dicos.<\/p>\n\n\n\n<p>El incremento salarial alcanzado entre el Gobierno y el Colegio M\u00e9dico Dominicano ser\u00e1 aplicado a partir de este mes de enero.<\/p>\n\n\n\n<p>Este aumento beneficiar\u00e1 a miles de profesionales de la salud en distintas instituciones p\u00fablicas.<\/p>\n\n\n\n<p>El ajuste salarial se implementar\u00e1 de forma gradual:<\/p>\n\n\n\n<p>10% en enero de 2025.<\/p>\n\n\n\n<p>10% adicional en julio de 2025 sobre el aumento aplicado en enero.<\/p>\n\n\n\n<p>5% final en enero de 2026, sobre el aumento aplicado en julio.<\/p>\n\n\n\n<p>El beneficio ser\u00e1 aplicado a los m\u00e9dicos del Servicio Nacional de Salud (SNS), el Ministerio de Salud P\u00fablica, los Hospitales de Autogesti\u00f3n, el Sistema 911, el CONAPE y a los auditores m\u00e9dicos, siempre que desempe\u00f1en funciones asistenciales, sin importar la cantidad de nombramientos que ostenten.<\/p>\n\n\n\n<p>El pacto se logr\u00f3 despu\u00e9s de d\u00edas de tensi\u00f3n entre el CMD y el SNS. El presidente del CMD, Waldo Ariel Suero, declar\u00f3 una huelga de hambre indefinida el pasado jueves, exigiendo respuestas ante la exclusi\u00f3n de m\u00e1s de 2,000 m\u00e9dicos del aumento salarial.<\/p>\n\n\n\n<p>La situaci\u00f3n oblig\u00f3 al director del SNS, Mario Lama, a reunirse con Suero este s\u00e1bado, lo que permiti\u00f3 destrabar las negociaciones y alcanzar el acuerdo.<\/p>\n\n\n\n<p>El acuerdo fue firmado por la vicepresidenta y presidenta del Gabinete de Salud, Raquel Pe\u00f1a, y el presidente del CMD, Waldo Ariel Suero, en un acto celebrado en el Sal\u00f3n Verde del Palacio Nacional.<\/p>\n","protected":false},"excerpt":{"rendered":"<p>La vicepresidenta y presidenta del Gabinete de Salud, Raquel Pe\u00f1a, y el presidente del Colegio M\u00e9dico Dominicano (CMD), Waldo Ariel Suero, acordaron un aumento salarial del 25% para m\u00e9dicos. El&hellip;<\/p>\n","protected":false},"author":2,"featured_media":92434,"comment_status":"open","ping_status":"open","sticky":false,"template":"","format":"standard","meta":{"content-type":"","jetpack_post_was_ever_published":false,"_jetpack_newsletter_access":"","_jetpack_dont_email_post_to_subs":false,"_jetpack_newsletter_tier_id":0,"_jetpack_memberships_contains_paywalled_content":false,"_jetpack_memberships_contains_paid_content":false,"footnotes":""},"categories":[25,16558],"tags":[1564,467,1057,16836,171,961,16837],"class_list":["post-92433","post","type-post","status-publish","format-standard","has-post-thumbnail","hentry","category-portada","category-salud","tag-acuerdan","tag-aumento-salarial","tag-cmd","tag-dobla","tag-gobierno","tag-medicos","tag-pulso"],"jetpack_featured_media_url":"https:\/\/lasprimeras.com.do\/wp-content\/uploads\/2025\/01\/acuerdo.jpg","jetpack-related-posts":[{"id":118378,"url":"https:\/\/lasprimeras.com.do\/index.php\/2025\/12\/28\/sns-garantiza-aumento-salarial-para-los-medicos-en-enero-proximo\/","url_meta":{"origin":92433,"position":0},"title":"SNS garantiza aumento salarial para los m\u00e9dicos en enero pr\u00f3ximo","author":"Nelson Feliz","date":"28 de diciembre de 2025","format":false,"excerpt":"El presidente del Colegio M\u00e9dico Dominicano (CMD) Doctor Luis Pe\u00f1a N\u00fa\u00f1ez, expres\u00f3 que el Servicio Nacional de Salud (SNS), que el aumento salarial pendiente entre el Gobierno y el CMD ser\u00e1 aplicado en enero pr\u00f3ximo. Este ser\u00eda la tercera y \u00faltima partida del aumento salarial de un 28% acordado en\u2026","rel":"","context":"En \u00abECONOM\u00cdA\u00bb","block_context":{"text":"ECONOM\u00cdA","link":"https:\/\/lasprimeras.com.do\/index.php\/category\/economia\/"},"img":{"alt_text":"","src":"https:\/\/i0.wp.com\/lasprimeras.com.do\/wp-content\/uploads\/2025\/12\/sns-y-cmd.jpg?resize=350%2C200&ssl=1","width":350,"height":200,"srcset":"https:\/\/i0.wp.com\/lasprimeras.com.do\/wp-content\/uploads\/2025\/12\/sns-y-cmd.jpg?resize=350%2C200&ssl=1 1x, https:\/\/i0.wp.com\/lasprimeras.com.do\/wp-content\/uploads\/2025\/12\/sns-y-cmd.jpg?resize=525%2C300&ssl=1 1.5x, https:\/\/i0.wp.com\/lasprimeras.com.do\/wp-content\/uploads\/2025\/12\/sns-y-cmd.jpg?resize=700%2C400&ssl=1 2x"},"classes":[]},{"id":92351,"url":"https:\/\/lasprimeras.com.do\/index.php\/2025\/01\/02\/cmd-acuerda-reunion-para-aumento-salarial-levantan-huelga\/","url_meta":{"origin":92433,"position":1},"title":"CMD acuerda reuni\u00f3n para aumento salarial; levantan huelga","author":"Nelson Feliz","date":"2 de enero de 2025","format":false,"excerpt":"El director del Servicio Nacional de Salud (SNS), Mario Lama, y el presidente del Colegio M\u00e9dico Dominicano (CMD), Waldo Ariel Suero, pactaron reunirse este s\u00e1bado para avanzar en las negociaciones que permitan firmar el acuerdo de aumento salarial. Lama inform\u00f3 que el encuentro se realizar\u00e1 en el Palacio Nacional con\u2026","rel":"","context":"En \u00abNACIONALES\u00bb","block_context":{"text":"NACIONALES","link":"https:\/\/lasprimeras.com.do\/index.php\/category\/nacionales\/"},"img":{"alt_text":"Waldo Ariel Suero, tras retirarse de la Sede del Servicio Nacional de Salud.","src":"https:\/\/i0.wp.com\/lasprimeras.com.do\/wp-content\/uploads\/2025\/01\/Waldo-Ariel-Suero-tras-retirarse-de-la-Sede-del-Servicio-Nacional-de-Salud.jpg?resize=350%2C200&ssl=1","width":350,"height":200,"srcset":"https:\/\/i0.wp.com\/lasprimeras.com.do\/wp-content\/uploads\/2025\/01\/Waldo-Ariel-Suero-tras-retirarse-de-la-Sede-del-Servicio-Nacional-de-Salud.jpg?resize=350%2C200&ssl=1 1x, https:\/\/i0.wp.com\/lasprimeras.com.do\/wp-content\/uploads\/2025\/01\/Waldo-Ariel-Suero-tras-retirarse-de-la-Sede-del-Servicio-Nacional-de-Salud.jpg?resize=525%2C300&ssl=1 1.5x, https:\/\/i0.wp.com\/lasprimeras.com.do\/wp-content\/uploads\/2025\/01\/Waldo-Ariel-Suero-tras-retirarse-de-la-Sede-del-Servicio-Nacional-de-Salud.jpg?resize=700%2C400&ssl=1 2x"},"classes":[]},{"id":110406,"url":"https:\/\/lasprimeras.com.do\/index.php\/2025\/09\/28\/cmd-logra-un-aumento-salarial-de-un-25-a-los-medicos-del-semma\/","url_meta":{"origin":92433,"position":2},"title":"CMD logra un aumento salarial de un 25% a los m\u00e9dicos del SEMMA","author":"Nelson Feliz","date":"28 de septiembre de 2025","format":false,"excerpt":"En un hecho calificado hist\u00f3rico y por vez primera, el Colegio M\u00e9dico Dominicano (CMD) logra un aumento salarial de un 25% para todos los m\u00e9dicos que trabajan con la Administradora de Riesgos de Salud para Maestros (ARS SEMMA). Ciertamente el salario que reciben actualmente los m\u00e9dicos que trabajan en esa\u2026","rel":"","context":"En \u00abECONOM\u00cdA\u00bb","block_context":{"text":"ECONOM\u00cdA","link":"https:\/\/lasprimeras.com.do\/index.php\/category\/economia\/"},"img":{"alt_text":"","src":"https:\/\/i0.wp.com\/lasprimeras.com.do\/wp-content\/uploads\/2025\/09\/Waldo-Ariel-Suero-1.jpg?resize=350%2C200&ssl=1","width":350,"height":200,"srcset":"https:\/\/i0.wp.com\/lasprimeras.com.do\/wp-content\/uploads\/2025\/09\/Waldo-Ariel-Suero-1.jpg?resize=350%2C200&ssl=1 1x, https:\/\/i0.wp.com\/lasprimeras.com.do\/wp-content\/uploads\/2025\/09\/Waldo-Ariel-Suero-1.jpg?resize=525%2C300&ssl=1 1.5x, https:\/\/i0.wp.com\/lasprimeras.com.do\/wp-content\/uploads\/2025\/09\/Waldo-Ariel-Suero-1.jpg?resize=700%2C400&ssl=1 2x"},"classes":[]},{"id":111588,"url":"https:\/\/lasprimeras.com.do\/index.php\/2025\/10\/10\/dgpj-y-el-cmd-iniciaron-trabajos-para-implementar-aumento-salarial-a-medicos-pensionados\/","url_meta":{"origin":92433,"position":3},"title":"DGPJ y el CMD iniciaron trabajos para implementar aumento salarial a m\u00e9dicos pensionados","author":"Nelson Feliz","date":"10 de octubre de 2025","format":false,"excerpt":"El Colegio M\u00e9dico Dominicano (CMD) y el Director de Pensiones y Jubilaciones Juan Rosa; iniciaron los trabajos para implementar el aumento salarial para los m\u00e9dicos pensionados; tal y como fue acordado entre el presidente Luis Abinader, el Colegio M\u00e9dico Dominicano y la Asociaci\u00f3n de M\u00e9dicos Pensionados, Jubilados y en Edad\u2026","rel":"","context":"En \u00abECONOM\u00cdA\u00bb","block_context":{"text":"ECONOM\u00cdA","link":"https:\/\/lasprimeras.com.do\/index.php\/category\/economia\/"},"img":{"alt_text":"","src":"https:\/\/i0.wp.com\/lasprimeras.com.do\/wp-content\/uploads\/2025\/10\/CMD-1.jpg?resize=350%2C200&ssl=1","width":350,"height":200,"srcset":"https:\/\/i0.wp.com\/lasprimeras.com.do\/wp-content\/uploads\/2025\/10\/CMD-1.jpg?resize=350%2C200&ssl=1 1x, https:\/\/i0.wp.com\/lasprimeras.com.do\/wp-content\/uploads\/2025\/10\/CMD-1.jpg?resize=525%2C300&ssl=1 1.5x, https:\/\/i0.wp.com\/lasprimeras.com.do\/wp-content\/uploads\/2025\/10\/CMD-1.jpg?resize=700%2C400&ssl=1 2x"},"classes":[]},{"id":102643,"url":"https:\/\/lasprimeras.com.do\/index.php\/2025\/07\/07\/cmd-informa-medicos-de-la-procuraduria-recibiran-un-aumento-salarial-este-mes\/","url_meta":{"origin":92433,"position":4},"title":"CMD informa m\u00e9dicos de la Procuraduria recibir\u00e1n un aumento salarial este mes","author":"Nelson Feliz","date":"7 de julio de 2025","format":false,"excerpt":"Es la primera vez que el CMD y la Procuradur\u00eda realizan este tipo de convenio. Tras el acuerdo arribado el pasado 7 de marzo de este a\u00f1o, entre la Procuraduria General de la Rep\u00fablica que dirige la Magistrada Yeny Berenice y el Colegio M\u00e9dico Dominicano, presidido por su presidente el\u2026","rel":"","context":"En \u00abPORTADA\u00bb","block_context":{"text":"PORTADA","link":"https:\/\/lasprimeras.com.do\/index.php\/category\/portada\/"},"img":{"alt_text":"","src":"https:\/\/i0.wp.com\/lasprimeras.com.do\/wp-content\/uploads\/2025\/07\/CMD.jpg?resize=350%2C200&ssl=1","width":350,"height":200,"srcset":"https:\/\/i0.wp.com\/lasprimeras.com.do\/wp-content\/uploads\/2025\/07\/CMD.jpg?resize=350%2C200&ssl=1 1x, https:\/\/i0.wp.com\/lasprimeras.com.do\/wp-content\/uploads\/2025\/07\/CMD.jpg?resize=525%2C300&ssl=1 1.5x, https:\/\/i0.wp.com\/lasprimeras.com.do\/wp-content\/uploads\/2025\/07\/CMD.jpg?resize=700%2C400&ssl=1 2x"},"classes":[]},{"id":120591,"url":"https:\/\/lasprimeras.com.do\/index.php\/2026\/01\/26\/cmd-preocupado-por-falta-del-aumento-salarial-para-la-mayoria-de-los-medicos-pensionados\/","url_meta":{"origin":92433,"position":5},"title":"CMD preocupado por falta del aumento salarial para la mayor\u00eda de los m\u00e9dicos pensionados","author":"Nelson Feliz","date":"26 de enero de 2026","format":false,"excerpt":"Dr. Luis Pe\u00f1a N\u00fa\u00f1ez","rel":"","context":"En \u00abECONOM\u00cdA\u00bb","block_context":{"text":"ECONOM\u00cdA","link":"https:\/\/lasprimeras.com.do\/index.php\/category\/economia\/"},"img":{"alt_text":"Dr. Luis Pe\u00f1a N\u00fa\u00f1ez","src":"https:\/\/i0.wp.com\/lasprimeras.com.do\/wp-content\/uploads\/2026\/01\/Dr.-Luis-Pena-Nunez.jpg?resize=350%2C200&ssl=1","width":350,"height":200,"srcset":"https:\/\/i0.wp.com\/lasprimeras.com.do\/wp-content\/uploads\/2026\/01\/Dr.-Luis-Pena-Nunez.jpg?resize=350%2C200&ssl=1 1x, https:\/\/i0.wp.com\/lasprimeras.com.do\/wp-content\/uploads\/2026\/01\/Dr.-Luis-Pena-Nunez.jpg?resize=525%2C300&ssl=1 1.5x, https:\/\/i0.wp.com\/lasprimeras.com.do\/wp-content\/uploads\/2026\/01\/Dr.-Luis-Pena-Nunez.jpg?resize=700%2C400&ssl=1 2x"},"classes":[]}],"jetpack_sharing_enabled":true,"_links":{"self":[{"href":"https:\/\/lasprimeras.com.do\/index.php\/wp-json\/wp\/v2\/posts\/92433","targetHints":{"allow":["GET"]}}],"collection":[{"href":"https:\/\/lasprimeras.com.do\/index.php\/wp-json\/wp\/v2\/posts"}],"about":[{"href":"https:\/\/lasprimeras.com.do\/index.php\/wp-json\/wp\/v2\/types\/post"}],"author":[{"embeddable":true,"href":"https:\/\/lasprimeras.com.do\/index.php\/wp-json\/wp\/v2\/users\/2"}],"replies":[{"embeddable":true,"href":"https:\/\/lasprimeras.com.do\/index.php\/wp-json\/wp\/v2\/comments?post=92433"}],"version-history":[{"count":1,"href":"https:\/\/lasprimeras.com.do\/index.php\/wp-json\/wp\/v2\/posts\/92433\/revisions"}],"predecessor-version":[{"id":92435,"href":"https:\/\/lasprimeras.com.do\/index.php\/wp-json\/wp\/v2\/posts\/92433\/revisions\/92435"}],"wp:featuredmedia":[{"embeddable":true,"href":"https:\/\/lasprimeras.com.do\/index.php\/wp-json\/wp\/v2\/media\/92434"}],"wp:attachment":[{"href":"https:\/\/lasprimeras.com.do\/index.php\/wp-json\/wp\/v2\/media?parent=92433"}],"wp:term":[{"taxonomy":"category","embeddable":true,"href":"https:\/\/lasprimeras.com.do\/index.php\/wp-json\/wp\/v2\/categories?post=92433"},{"taxonomy":"post_tag","embeddable":true,"href":"https:\/\/lasprimeras.com.do\/index.php\/wp-json\/wp\/v2\/tags?post=92433"}],"curies":[{"name":"wp","href":"https:\/\/api.w.org\/{rel}","templated":true}]}}