{"id":92456,"date":"2025-01-04T23:04:36","date_gmt":"2025-01-05T03:04:36","guid":{"rendered":"https:\/\/lasprimeras.com.do\/?p=92456"},"modified":"2025-01-04T23:05:25","modified_gmt":"2025-01-05T03:05:25","slug":"martin-matos-preve-un-tetrico-el-sector-electrico-en-el-2025","status":"publish","type":"post","link":"https:\/\/lasprimeras.com.do\/index.php\/2025\/01\/04\/martin-matos-preve-un-tetrico-el-sector-electrico-en-el-2025\/","title":{"rendered":"Martin Matos prev\u00e9 un t\u00e9trico el sector el\u00e9ctrico en el 2025"},"content":{"rendered":"\n<p>El titular de la Secretar\u00eda de Energ\u00eda y Minas del Partido de la Liberaci\u00f3n Dominicana (PLD), Martin Matos, denunci\u00f3 el alarmante aumento de las p\u00e9rdidas en el sector el\u00e9ctrico que lleva a prever un 2025 t\u00e9trico en esa determinante \u00e1rea de la econom\u00eda.<\/p>\n\n\n\n<p>\u201cEl Sector El\u00e9ctrico Dominicano cierra el 2024 con d\u00e9ficit cercano a los 92 mil millones de pesos (m\u00e1s de 1,500 millones de d\u00f3lares)\u201d, escribi\u00f3 Matos en la red social X, mensaje compartido ampliamente en dicha red social y otras plataformas similares.<\/p>\n\n\n\n<p>El profesional de la ingenier\u00eda y dirigente del PLD denuncia tambi\u00e9n un 45% de p\u00e9rdidas y que no se cuenta con proyecto alguno de ampliaci\u00f3n en generaci\u00f3n de electricidad: \u201c45% de p\u00e9rdidas y cero proyecto de ampliaci\u00f3n en generaci\u00f3n el\u00e9ctrica. \u00a1Nos espera un 2025 t\u00e9trico!\u201d escribi\u00f3.<\/p>\n\n\n\n<p>En un mensaje anterior Martin Matos inform\u00f3 que al mes de Julio 2024, las empresas distribuidoras de electricidad perdieron RD$44,520 millones de pesos o US$742 millones; \u201cesto es una p\u00e9rdida de RD $6,360 millones cada mes\u201d, explic\u00f3.<\/p>\n\n\n\n<p>Dijo que al mes de agosto pasado las p\u00e9rdidas totales ascendieron a 44.5%, que lleva al especialista a reclamar del gobierno y en especial a los gestores del sector, que admitan \u201cque han fracasado\u201d<\/p>\n\n\n\n<p>El titular de la Secretar\u00eda de Energ\u00eda y Minas del PLD insiste en denunciar que el Gobierno del PRM, en lugar de destinar los recursos necesarios para mejorar la infraestructura y reducir las p\u00e9rdidas, una parte considerable del presupuesto nacional se utiliza para cubrir el d\u00e9ficit generado por la mala gesti\u00f3n y las ineficiencias crecientes en el sector.<\/p>\n","protected":false},"excerpt":{"rendered":"<p>El titular de la Secretar\u00eda de Energ\u00eda y Minas del Partido de la Liberaci\u00f3n Dominicana (PLD), Martin Matos, denunci\u00f3 el alarmante aumento de las p\u00e9rdidas en el sector el\u00e9ctrico que&hellip;<\/p>\n","protected":false},"author":2,"featured_media":92457,"comment_status":"open","ping_status":"open","sticky":false,"template":"","format":"standard","meta":{"content-type":"","jetpack_post_was_ever_published":false,"_jetpack_newsletter_access":"","_jetpack_dont_email_post_to_subs":false,"_jetpack_newsletter_tier_id":0,"_jetpack_memberships_contains_paywalled_content":false,"_jetpack_memberships_contains_paid_content":false,"footnotes":""},"categories":[39,25],"tags":[3916,14542,16843,16844,269,10585,6055],"class_list":["post-92456","post","type-post","status-publish","format-standard","has-post-thumbnail","hentry","category-economia","category-portada","tag-deterioro","tag-energia-y-minas","tag-martin-matos","tag-notable","tag-pld","tag-secretaria-2","tag-sector-electrico"],"jetpack_featured_media_url":"https:\/\/lasprimeras.com.do\/wp-content\/uploads\/2025\/01\/Martin-Matos.jpg","jetpack-related-posts":[{"id":92697,"url":"https:\/\/lasprimeras.com.do\/index.php\/2025\/01\/12\/martin-matos-denuncia-apagones-financieros-crea-intranquilidad-en-barrios-y-sectores-productivos-nacionales\/","url_meta":{"origin":92456,"position":0},"title":"Martin Matos denuncia \u201capagones financieros\u201d crea intranquilidad en barrios y sectores productivos nacionales","author":"Nelson Feliz","date":"12 de enero de 2025","format":false,"excerpt":"Energ\u00eda y Minas del Partido de la Liberaci\u00f3n Dominicana denuncia: Crisis en el Sector El\u00e9ctrico, P\u00e9rdidas millonarias y Apagones Financieros. El titular de la Secretar\u00eda de Energ\u00eda y Minas del Partido de la Liberaci\u00f3n Dominicana (PLD), Martin Matos, considera como bastante cr\u00edtica la situaci\u00f3n del sistema el\u00e9ctrico de Rep\u00fablica Dominicana,\u2026","rel":"","context":"En \u00abECONOM\u00cdA\u00bb","block_context":{"text":"ECONOM\u00cdA","link":"https:\/\/lasprimeras.com.do\/index.php\/category\/economia\/"},"img":{"alt_text":"MARTIN MATOS","src":"https:\/\/i0.wp.com\/lasprimeras.com.do\/wp-content\/uploads\/2025\/01\/MARTIN-MATOS-1.jpg?resize=350%2C200&ssl=1","width":350,"height":200,"srcset":"https:\/\/i0.wp.com\/lasprimeras.com.do\/wp-content\/uploads\/2025\/01\/MARTIN-MATOS-1.jpg?resize=350%2C200&ssl=1 1x, https:\/\/i0.wp.com\/lasprimeras.com.do\/wp-content\/uploads\/2025\/01\/MARTIN-MATOS-1.jpg?resize=525%2C300&ssl=1 1.5x, https:\/\/i0.wp.com\/lasprimeras.com.do\/wp-content\/uploads\/2025\/01\/MARTIN-MATOS-1.jpg?resize=700%2C400&ssl=1 2x"},"classes":[]},{"id":106498,"url":"https:\/\/lasprimeras.com.do\/index.php\/2025\/08\/15\/martin-matos-es-critica-la-situacion-electrica-nacional\/","url_meta":{"origin":92456,"position":1},"title":"Martin Matos: Es cr\u00edtica la situaci\u00f3n el\u00e9ctrica nacional","author":"Nelson Feliz","date":"15 de agosto de 2025","format":false,"excerpt":"Martin Matos, Secretario de Energ\u00eda del PLD, atribuye los apagones al deterioro del sistema el\u00e9ctrico y al fracaso de la gesti\u00f3n del PRM. El titular de la Secretar\u00eda de Energ\u00eda y Minas del Partido de la Liberaci\u00f3n Dominicana (PLD), tras lamentar las penurias de la poblaci\u00f3n con los prolongados y\u2026","rel":"","context":"En \u00abPOLITICA\u00bb","block_context":{"text":"POLITICA","link":"https:\/\/lasprimeras.com.do\/index.php\/category\/politica\/"},"img":{"alt_text":"","src":"https:\/\/i0.wp.com\/lasprimeras.com.do\/wp-content\/uploads\/2025\/08\/Martin-Matos.jpg?resize=350%2C200&ssl=1","width":350,"height":200,"srcset":"https:\/\/i0.wp.com\/lasprimeras.com.do\/wp-content\/uploads\/2025\/08\/Martin-Matos.jpg?resize=350%2C200&ssl=1 1x, https:\/\/i0.wp.com\/lasprimeras.com.do\/wp-content\/uploads\/2025\/08\/Martin-Matos.jpg?resize=525%2C300&ssl=1 1.5x, https:\/\/i0.wp.com\/lasprimeras.com.do\/wp-content\/uploads\/2025\/08\/Martin-Matos.jpg?resize=700%2C400&ssl=1 2x"},"classes":[]},{"id":114270,"url":"https:\/\/lasprimeras.com.do\/index.php\/2025\/11\/12\/pld-denuncia-el-caos-energetico-es-por-improvisacion-del-gobierno\/","url_meta":{"origin":92456,"position":2},"title":"PLD denuncia el caos energ\u00e9tico es por improvisaci\u00f3n del Gobierno","author":"Nelson Feliz","date":"12 de noviembre de 2025","format":false,"excerpt":"\u201cOjal\u00e1 que el gobierno comprenda que tiene que ir delante a los problemas y ojal\u00e1 que le d\u00e9 una respuesta al pa\u00eds y le diga qu\u00e9 es lo que est\u00e1 pasando\u201d El Partido de la Liberaci\u00f3n Dominicana (PLD), a trav\u00e9s de sus dirigentes Francisco Javier Garc\u00eda, Charles Mariotti y Mart\u00edn\u2026","rel":"","context":"En \u00abPOLITICA\u00bb","block_context":{"text":"POLITICA","link":"https:\/\/lasprimeras.com.do\/index.php\/category\/politica\/"},"img":{"alt_text":"","src":"https:\/\/i0.wp.com\/lasprimeras.com.do\/wp-content\/uploads\/2025\/11\/Apagon-2.jpg?resize=350%2C200&ssl=1","width":350,"height":200,"srcset":"https:\/\/i0.wp.com\/lasprimeras.com.do\/wp-content\/uploads\/2025\/11\/Apagon-2.jpg?resize=350%2C200&ssl=1 1x, https:\/\/i0.wp.com\/lasprimeras.com.do\/wp-content\/uploads\/2025\/11\/Apagon-2.jpg?resize=525%2C300&ssl=1 1.5x, https:\/\/i0.wp.com\/lasprimeras.com.do\/wp-content\/uploads\/2025\/11\/Apagon-2.jpg?resize=700%2C400&ssl=1 2x"},"classes":[]},{"id":119089,"url":"https:\/\/lasprimeras.com.do\/index.php\/2026\/01\/06\/martin-matos-cuestiona-procedimiento-excepcion-en-el-sector-electrico\/","url_meta":{"origin":92456,"position":3},"title":"Mart\u00edn Matos cuestiona procedimiento excepci\u00f3n en el sector el\u00e9ctrico","author":"Nelson Feliz","date":"6 de enero de 2026","format":false,"excerpt":"Energ\u00eda y Minas del PLD advierte sobre uso discrecional de procedimientos de excepci\u00f3n en el sector el\u00e9ctrico La Secretar\u00eda de Energ\u00eda y Minas del Partido de la Liberaci\u00f3n Dominicana expres\u00f3 su profunda preocupaci\u00f3n ante el uso reiterado y discrecional de los procedimientos de excepci\u00f3n en el sector el\u00e9ctrico nacional, amparados\u2026","rel":"","context":"En \u00abPOLITICA\u00bb","block_context":{"text":"POLITICA","link":"https:\/\/lasprimeras.com.do\/index.php\/category\/politica\/"},"img":{"alt_text":"","src":"https:\/\/i0.wp.com\/lasprimeras.com.do\/wp-content\/uploads\/2026\/01\/Martin-Matos.jpg?resize=350%2C200&ssl=1","width":350,"height":200,"srcset":"https:\/\/i0.wp.com\/lasprimeras.com.do\/wp-content\/uploads\/2026\/01\/Martin-Matos.jpg?resize=350%2C200&ssl=1 1x, https:\/\/i0.wp.com\/lasprimeras.com.do\/wp-content\/uploads\/2026\/01\/Martin-Matos.jpg?resize=525%2C300&ssl=1 1.5x, https:\/\/i0.wp.com\/lasprimeras.com.do\/wp-content\/uploads\/2026\/01\/Martin-Matos.jpg?resize=700%2C400&ssl=1 2x"},"classes":[]},{"id":122324,"url":"https:\/\/lasprimeras.com.do\/index.php\/2026\/02\/16\/gobierno-gasto-mas-cubriendo-perdidas-electricas-que-en-inversion-publica\/","url_meta":{"origin":92456,"position":4},"title":"Gobierno gast\u00f3 m\u00e1s cubriendo p\u00e9rdidas el\u00e9ctricas que en inversi\u00f3n p\u00fablica","author":"Nelson Feliz","date":"16 de febrero de 2026","format":false,"excerpt":"El Partido de la Liberaci\u00f3n Dominicana (PLD) considera una verg\u00fcenza que el gobierno haya gastado en el 2025, cubriendo p\u00e9rdidas el\u00e9ctricas, mucho m\u00e1s que invirtiendo en el futuro del pa\u00eds, con un subsidio el\u00e9ctrico de 1.6% del Producto Interno Bruto y una inversi\u00f3n p\u00fablica total de 1.4 por ciento del\u2026","rel":"","context":"En \u00abPOLITICA\u00bb","block_context":{"text":"POLITICA","link":"https:\/\/lasprimeras.com.do\/index.php\/category\/politica\/"},"img":{"alt_text":"","src":"https:\/\/i0.wp.com\/lasprimeras.com.do\/wp-content\/uploads\/2026\/02\/bc7a70b0-f0c0-475e-bd04-545de8df4f06.jpg?resize=350%2C200&ssl=1","width":350,"height":200,"srcset":"https:\/\/i0.wp.com\/lasprimeras.com.do\/wp-content\/uploads\/2026\/02\/bc7a70b0-f0c0-475e-bd04-545de8df4f06.jpg?resize=350%2C200&ssl=1 1x, https:\/\/i0.wp.com\/lasprimeras.com.do\/wp-content\/uploads\/2026\/02\/bc7a70b0-f0c0-475e-bd04-545de8df4f06.jpg?resize=525%2C300&ssl=1 1.5x, https:\/\/i0.wp.com\/lasprimeras.com.do\/wp-content\/uploads\/2026\/02\/bc7a70b0-f0c0-475e-bd04-545de8df4f06.jpg?resize=700%2C400&ssl=1 2x, https:\/\/i0.wp.com\/lasprimeras.com.do\/wp-content\/uploads\/2026\/02\/bc7a70b0-f0c0-475e-bd04-545de8df4f06.jpg?resize=1050%2C600&ssl=1 3x, https:\/\/i0.wp.com\/lasprimeras.com.do\/wp-content\/uploads\/2026\/02\/bc7a70b0-f0c0-475e-bd04-545de8df4f06.jpg?resize=1400%2C800&ssl=1 4x"},"classes":[]},{"id":122975,"url":"https:\/\/lasprimeras.com.do\/index.php\/2026\/02\/24\/martin-matos-otro-apagon-general-en-menos-de-tres-meses\/","url_meta":{"origin":92456,"position":5},"title":"Mart\u00edn Matos: Otro apag\u00f3n general en menos de tres meses","author":"Nelson Feliz","date":"24 de febrero de 2026","format":false,"excerpt":"El pa\u00eds necesita explicaciones t\u00e9cnicas claras, no excusas, afirm\u00f3 el titular de Energ\u00eda y Minas del PLD al referirse al apag\u00f3n general del lunes. El titular de la Secretar\u00eda de Energ\u00eda y Minas del Partido de la Liberaci\u00f3n Dominicana (PLD) Martin Matos, atribuy\u00f3 a incoordinaciones del sector el\u00e9ctrico, fallas en\u2026","rel":"","context":"En \u00abPOLITICA\u00bb","block_context":{"text":"POLITICA","link":"https:\/\/lasprimeras.com.do\/index.php\/category\/politica\/"},"img":{"alt_text":"","src":"https:\/\/i0.wp.com\/lasprimeras.com.do\/wp-content\/uploads\/2026\/02\/712efbf3-ae30-4c53-909a-0a839c3594b1.jpg?resize=350%2C200&ssl=1","width":350,"height":200,"srcset":"https:\/\/i0.wp.com\/lasprimeras.com.do\/wp-content\/uploads\/2026\/02\/712efbf3-ae30-4c53-909a-0a839c3594b1.jpg?resize=350%2C200&ssl=1 1x, https:\/\/i0.wp.com\/lasprimeras.com.do\/wp-content\/uploads\/2026\/02\/712efbf3-ae30-4c53-909a-0a839c3594b1.jpg?resize=525%2C300&ssl=1 1.5x, https:\/\/i0.wp.com\/lasprimeras.com.do\/wp-content\/uploads\/2026\/02\/712efbf3-ae30-4c53-909a-0a839c3594b1.jpg?resize=700%2C400&ssl=1 2x, https:\/\/i0.wp.com\/lasprimeras.com.do\/wp-content\/uploads\/2026\/02\/712efbf3-ae30-4c53-909a-0a839c3594b1.jpg?resize=1050%2C600&ssl=1 3x, https:\/\/i0.wp.com\/lasprimeras.com.do\/wp-content\/uploads\/2026\/02\/712efbf3-ae30-4c53-909a-0a839c3594b1.jpg?resize=1400%2C800&ssl=1 4x"},"classes":[]}],"jetpack_sharing_enabled":true,"_links":{"self":[{"href":"https:\/\/lasprimeras.com.do\/index.php\/wp-json\/wp\/v2\/posts\/92456","targetHints":{"allow":["GET"]}}],"collection":[{"href":"https:\/\/lasprimeras.com.do\/index.php\/wp-json\/wp\/v2\/posts"}],"about":[{"href":"https:\/\/lasprimeras.com.do\/index.php\/wp-json\/wp\/v2\/types\/post"}],"author":[{"embeddable":true,"href":"https:\/\/lasprimeras.com.do\/index.php\/wp-json\/wp\/v2\/users\/2"}],"replies":[{"embeddable":true,"href":"https:\/\/lasprimeras.com.do\/index.php\/wp-json\/wp\/v2\/comments?post=92456"}],"version-history":[{"count":1,"href":"https:\/\/lasprimeras.com.do\/index.php\/wp-json\/wp\/v2\/posts\/92456\/revisions"}],"predecessor-version":[{"id":92458,"href":"https:\/\/lasprimeras.com.do\/index.php\/wp-json\/wp\/v2\/posts\/92456\/revisions\/92458"}],"wp:featuredmedia":[{"embeddable":true,"href":"https:\/\/lasprimeras.com.do\/index.php\/wp-json\/wp\/v2\/media\/92457"}],"wp:attachment":[{"href":"https:\/\/lasprimeras.com.do\/index.php\/wp-json\/wp\/v2\/media?parent=92456"}],"wp:term":[{"taxonomy":"category","embeddable":true,"href":"https:\/\/lasprimeras.com.do\/index.php\/wp-json\/wp\/v2\/categories?post=92456"},{"taxonomy":"post_tag","embeddable":true,"href":"https:\/\/lasprimeras.com.do\/index.php\/wp-json\/wp\/v2\/tags?post=92456"}],"curies":[{"name":"wp","href":"https:\/\/api.w.org\/{rel}","templated":true}]}}