{"id":92483,"date":"2025-01-05T09:56:26","date_gmt":"2025-01-05T13:56:26","guid":{"rendered":"https:\/\/lasprimeras.com.do\/?p=92483"},"modified":"2025-01-05T09:56:28","modified_gmt":"2025-01-05T13:56:28","slug":"israel-mata-a-un-miembro-de-las-fuerzas-de-seguridad-palestinas-en-cisjordania","status":"publish","type":"post","link":"https:\/\/lasprimeras.com.do\/index.php\/2025\/01\/05\/israel-mata-a-un-miembro-de-las-fuerzas-de-seguridad-palestinas-en-cisjordania\/","title":{"rendered":"Israel mata a un miembro de las fuerzas de seguridad palestinas en Cisjordania"},"content":{"rendered":"\n<p>By SAM MEDNICK and WAFAA SHURAFA<\/p>\n\n\n\n<p>JERUSAL\u00c9N (AP) \u2014 Las fuerzas israel\u00edes mataron a un miembro de los servicios de seguridad palestinos en la ocupada Cisjordania, a quien acusaron de ser un miliciano. Mientras tanto, palestinos con l\u00e1grimas en los ojos enterraron el domingo a seis personas asesinadas el d\u00eda anterior en ataques israel\u00edes en la Franja de Gaza, entre los que hab\u00eda un adolescente.<\/p>\n\n\n\n<p>La Polic\u00eda Fronteriza, un cuerpo paramilitar israel\u00ed, dijo que llev\u00f3 a cabo una operaci\u00f3n en el pueblo de Meithaloun, en Cisjordania, para arrestar a Hassan Rabaiya, al que describi\u00f3 como un miliciano buscado.<\/p>\n\n\n\n<p>Las autoridades israel\u00edes dijeron que hab\u00eda muerto en un tiroteo cuando intentaba escapar, y que las tropas encontraron una escopeta, partes de armas y unos 26.000 d\u00f3lares en efectivo en su casa.<\/p>\n\n\n\n<p>Meithaloun est\u00e1 cerca de la ciudad de Yen\u00edn, en el norte de Cisjordania, un epicentro de la violencia israel\u00ed-palestina en los \u00faltimos a\u00f1os.<\/p>\n\n\n\n<p>Los servicios de seguridad palestinos identificaron a Rabaiya como un primer teniente de su fuerza de Seguridad Preventiva y dijeron que hab\u00eda muerto mientras \u201ccumpl\u00eda con su deber nacional\u201d.<\/p>\n\n\n\n<p>La Autoridad Palestina ha realizado una inusual campa\u00f1a de represi\u00f3n contra milicianos en Yen\u00edn en las \u00faltimas semanas, lo que ha enfurecido a muchos palestinos.<\/p>\n\n\n\n<p>La Autoridad Palestina orden\u00f3 la semana pasada a la televisora Al Jazeera que suspendiera sus operaciones en Cisjordania. Israel tambi\u00e9n ha prohibido la cadena con sede en Qatar, acus\u00e1ndola de servir como portavoz de los milicianos de Ham\u00e1s.<\/p>\n\n\n\n<p>Al Jazeera niega las acusaciones y acusa tanto a Israel como a la Autoridad Palestina de intentar silenciar la cobertura cr\u00edtica.<\/p>\n\n\n\n<p>La Autoridad Palestina, reconocida internacionalmente, ejerce una autonom\u00eda limitada en partes de la Cisjordania ocupada por Israel y coopera con Israel en asuntos de seguridad.<\/p>\n\n\n\n<p>Pero Israel acusa desde hace mucho tiempo a la Autoridad de incitar a la violencia y hacer o\u00eddos sordos ante los militantes, mientras que los cr\u00edticos palestinos la ven como un cuerpo corrupto e ineficaz que ayuda a la ocupaci\u00f3n.<\/p>\n\n\n\n<p>Cisjordania ha registrado un aumento de la violencia desde el ataque del 7 de octubre de 2023 de Ham\u00e1s desde Gaza que desencaden\u00f3 la guerra all\u00ed. Israel captur\u00f3 Gaza y Cisjordania, as\u00ed como Jerusal\u00e9n Oriental, en la Guerra de los Seis D\u00edas de 1967, y los palestinos reclaman los tres territorios para su futuro estado.<\/p>\n\n\n\n<p>En Gaza, los palestinos realizaron oraciones f\u00fanebres ante un hospital despu\u00e9s de que seis personas, incluido un adolescente, fueran asesinadas en dos ataques israel\u00edes la noche anterior.<\/p>\n\n\n\n<p>La madre y la abuela del adolescente fallecido de 15 a\u00f1os retiraron la mortaja blanca y besaron sus mejillas mientras sollozaban. Unas pocas docenas de personas se reunieron luego para las oraciones musulmanas fuera del Hospital de M\u00e1rtires de Al Aqsa en la ciudad central de Deir al Balah.<\/p>\n\n\n\n<p>La guerra comenz\u00f3 cuando milicianos liderados por Ham\u00e1s irrumpieron en el sur de Israel hace casi 15 meses, mataron a unas 1.200 personas, en su mayor\u00eda civiles, y secuestraron a unas 250. Unos 100 rehenes siguen dentro de Gaza, al menos un tercio de los cuales se cree que est\u00e1n muertos.<\/p>\n\n\n\n<p>La ofensiva de Israel ha matado a m\u00e1s de 45.800 palestinos en Gaza, seg\u00fan funcionarios locales de salud. Las mujeres y los ni\u00f1os constituyen m\u00e1s de la mitad de los fallecidos, seg\u00fan las autoridades de salud, que no distinguen entre civiles y combatientes en su recuento. Israel dice que ha matado a m\u00e1s de 17.000 milicianos, sin proporcionar pruebas.<\/p>\n\n\n\n<p>La guerra ha causado una destrucci\u00f3n generalizada en Gaza y ha desplazado a alrededor del 90% de la poblaci\u00f3n de 2,3 millones de personas, muchas de las cuales se han visto obligadas a huir varias veces.<\/p>\n","protected":false},"excerpt":{"rendered":"<p>By SAM MEDNICK and WAFAA SHURAFA JERUSAL\u00c9N (AP) \u2014 Las fuerzas israel\u00edes mataron a un miembro de los servicios de seguridad palestinos en la ocupada Cisjordania, a quien acusaron de&hellip;<\/p>\n","protected":false},"author":2,"featured_media":92484,"comment_status":"open","ping_status":"open","sticky":false,"template":"","format":"standard","meta":{"content-type":"","jetpack_post_was_ever_published":false,"_jetpack_newsletter_access":"","_jetpack_dont_email_post_to_subs":false,"_jetpack_newsletter_tier_id":0,"_jetpack_memberships_contains_paywalled_content":false,"_jetpack_memberships_contains_paid_content":false,"footnotes":""},"categories":[16289],"tags":[15327,1255,3499,755,3166,16855,76],"class_list":["post-92483","post","type-post","status-publish","format-standard","has-post-thumbnail","hentry","category-internacionales","tag-cisjordania","tag-fuerzas","tag-israel","tag-mata","tag-miembro","tag-palestinas","tag-seguridad"],"jetpack_featured_media_url":"https:\/\/lasprimeras.com.do\/wp-content\/uploads\/2025\/01\/palestina.jpg","jetpack-related-posts":[{"id":116522,"url":"https:\/\/lasprimeras.com.do\/index.php\/2025\/12\/02\/tropas-israelies-matan-a-un-hombre-en-gaza-y-a-2-presuntos-atacantes-palestinos-en-cisjordania\/","url_meta":{"origin":92483,"position":0},"title":"Tropas israel\u00edes matan a un hombre en Gaza y a 2 presuntos atacantes palestinos en Cisjordania","author":"Nelson Feliz","date":"2 de diciembre de 2025","format":false,"excerpt":"POR WAFAA SHURAFA, SAMY MAGDY and MEGAN JANETSKY DEIR AL-BALAH, Franja de Gaza (AP) \u2014 Las fuerzas israel\u00edes dispararon y mataron el martes a un hombre cerca de un campo de refugiados en Gaza y a dos presuntos atacantes palestinos buscados por un par de ataques que hirieron a tres\u2026","rel":"","context":"En \u00abINTERNACIONALES\u00bb","block_context":{"text":"INTERNACIONALES","link":"https:\/\/lasprimeras.com.do\/index.php\/category\/sin-categoria\/internacionales\/"},"img":{"alt_text":"","src":"https:\/\/i0.wp.com\/lasprimeras.com.do\/wp-content\/uploads\/2025\/12\/Tropas-israelies.jpg?resize=350%2C200&ssl=1","width":350,"height":200,"srcset":"https:\/\/i0.wp.com\/lasprimeras.com.do\/wp-content\/uploads\/2025\/12\/Tropas-israelies.jpg?resize=350%2C200&ssl=1 1x, https:\/\/i0.wp.com\/lasprimeras.com.do\/wp-content\/uploads\/2025\/12\/Tropas-israelies.jpg?resize=525%2C300&ssl=1 1.5x, https:\/\/i0.wp.com\/lasprimeras.com.do\/wp-content\/uploads\/2025\/12\/Tropas-israelies.jpg?resize=700%2C400&ssl=1 2x"},"classes":[]},{"id":99931,"url":"https:\/\/lasprimeras.com.do\/index.php\/2025\/05\/29\/israel-autoriza-mas-asentamientos-en-la-ocupada-cisjordania\/","url_meta":{"origin":92483,"position":1},"title":"Israel autoriza m\u00e1s asentamientos en la ocupada Cisjordania","author":"Nelson Feliz","date":"29 de mayo de 2025","format":false,"excerpt":"Ataques en Gaza matan a 13 personas JERUSAL\u00c9N (AP) \u2014 Israel anunci\u00f3 el jueves que establecer\u00eda 22 nuevos asentamientos jud\u00edos en la ocupada Cisjordania, lo que inclu\u00eda legalizar puestos avanzados ya construidos sin autorizaci\u00f3n gubernamental. Mientras tanto, ataques israel\u00edes en la Franja de Gaza mataron a 13 personas durante la\u2026","rel":"","context":"En \u00abINTERNACIONALES\u00bb","block_context":{"text":"INTERNACIONALES","link":"https:\/\/lasprimeras.com.do\/index.php\/category\/sin-categoria\/internacionales\/"},"img":{"alt_text":"","src":"https:\/\/i0.wp.com\/lasprimeras.com.do\/wp-content\/uploads\/2025\/05\/Israel-Katz.jpg?resize=350%2C200&ssl=1","width":350,"height":200,"srcset":"https:\/\/i0.wp.com\/lasprimeras.com.do\/wp-content\/uploads\/2025\/05\/Israel-Katz.jpg?resize=350%2C200&ssl=1 1x, https:\/\/i0.wp.com\/lasprimeras.com.do\/wp-content\/uploads\/2025\/05\/Israel-Katz.jpg?resize=525%2C300&ssl=1 1.5x, https:\/\/i0.wp.com\/lasprimeras.com.do\/wp-content\/uploads\/2025\/05\/Israel-Katz.jpg?resize=700%2C400&ssl=1 2x"},"classes":[]},{"id":93901,"url":"https:\/\/lasprimeras.com.do\/index.php\/2025\/02\/23\/israel-la-amplia-ofensiva-en-cisjordania-y-dice-que-sus-tropas-se-quedaran-un-ano-en-algunas-zonas\/","url_meta":{"origin":92483,"position":2},"title":"Israel la ampl\u00eda ofensiva en Cisjordania y dice que sus tropas se quedar\u00e1n un a\u00f1o en algunas zonas","author":"Nelson Feliz","date":"23 de febrero de 2025","format":false,"excerpt":"POR TIA GOLDENBERG and MAJDI MOHAMMED QABATIYA, Cisjordania (AP) \u2014 El ministro israel\u00ed de Defensa, Israel Katz, afirm\u00f3 el domingo que las tropas israel\u00edes permanecer\u00e1n \u201cdurante el pr\u00f3ximo a\u00f1o\u201d en partes de la ocupada Cisjordania, donde comenzaron una ofensiva hace varias semanas, y que evitar\u00e1n que decenas de miles de\u2026","rel":"","context":"En \u00abINTERNACIONALES\u00bb","block_context":{"text":"INTERNACIONALES","link":"https:\/\/lasprimeras.com.do\/index.php\/category\/sin-categoria\/internacionales\/"},"img":{"alt_text":"","src":"https:\/\/i0.wp.com\/lasprimeras.com.do\/wp-content\/uploads\/2025\/02\/ofensiva.jpg?resize=350%2C200&ssl=1","width":350,"height":200,"srcset":"https:\/\/i0.wp.com\/lasprimeras.com.do\/wp-content\/uploads\/2025\/02\/ofensiva.jpg?resize=350%2C200&ssl=1 1x, https:\/\/i0.wp.com\/lasprimeras.com.do\/wp-content\/uploads\/2025\/02\/ofensiva.jpg?resize=525%2C300&ssl=1 1.5x, https:\/\/i0.wp.com\/lasprimeras.com.do\/wp-content\/uploads\/2025\/02\/ofensiva.jpg?resize=700%2C400&ssl=1 2x"},"classes":[]},{"id":99011,"url":"https:\/\/lasprimeras.com.do\/index.php\/2025\/05\/15\/una-mujer-israeli-que-iba-a-dar-a-luz-fue-asesinada-en-un-ataque-en-cisjordania\/","url_meta":{"origin":92483,"position":3},"title":"Una mujer israel\u00ed que iba a dar a luz fue asesinada en un ataque en Cisjordania","author":"Nelson Feliz","date":"15 de mayo de 2025","format":false,"excerpt":"POR TIA GOLDENBERG TEL AVIV, Israel (AP) \u2014 Tzeela Gez se dirig\u00eda al hospital para traer una nueva vida a este mundo cuando la suya fue repentinamente truncada. Mientras su esposo conduc\u00eda por las sinuosas carreteras de la ocupada Cisjordania el mi\u00e9rcoles por la noche, un atacante palestino les dispar\u00f3.En\u2026","rel":"","context":"En \u00abINTERNACIONALES\u00bb","block_context":{"text":"INTERNACIONALES","link":"https:\/\/lasprimeras.com.do\/index.php\/category\/sin-categoria\/internacionales\/"},"img":{"alt_text":"","src":"https:\/\/i0.wp.com\/lasprimeras.com.do\/wp-content\/uploads\/2025\/05\/COLONOS.jpg?resize=350%2C200&ssl=1","width":350,"height":200,"srcset":"https:\/\/i0.wp.com\/lasprimeras.com.do\/wp-content\/uploads\/2025\/05\/COLONOS.jpg?resize=350%2C200&ssl=1 1x, https:\/\/i0.wp.com\/lasprimeras.com.do\/wp-content\/uploads\/2025\/05\/COLONOS.jpg?resize=525%2C300&ssl=1 1.5x, https:\/\/i0.wp.com\/lasprimeras.com.do\/wp-content\/uploads\/2025\/05\/COLONOS.jpg?resize=700%2C400&ssl=1 2x"},"classes":[]},{"id":88905,"url":"https:\/\/lasprimeras.com.do\/index.php\/2024\/09\/08\/tiroteo-en-cruce-fronterizo-entre-jordania-y-cisjordania-deja-3-israelies-muertos\/","url_meta":{"origin":92483,"position":4},"title":"Tiroteo en cruce fronterizo entre Jordania y Cisjordania deja 3 israel\u00edes muertos","author":"Nelson Feliz","date":"8 de septiembre de 2024","format":false,"excerpt":"By MAHMOUD ILLEAN and NATALIE MELZER CRUCE FRONTERIZO ALLENBY, Cisjordania (AP) \u2014 Tres israel\u00edes murieron baleados el domingo en el cruce fronterizo entre Cisjordania y Jordania, informaron funcionarios de Israel, en lo que parece ser un ataque relacionado con la guerra de Gaza que estall\u00f3 hace 11 meses. El ej\u00e9rcito\u2026","rel":"","context":"En \u00abSin categor\u00eda\u00bb","block_context":{"text":"Sin categor\u00eda","link":"https:\/\/lasprimeras.com.do\/index.php\/category\/sin-categoria\/"},"img":{"alt_text":"","src":"https:\/\/i0.wp.com\/lasprimeras.com.do\/wp-content\/uploads\/2024\/09\/tiroteo.jpg?resize=350%2C200&ssl=1","width":350,"height":200,"srcset":"https:\/\/i0.wp.com\/lasprimeras.com.do\/wp-content\/uploads\/2024\/09\/tiroteo.jpg?resize=350%2C200&ssl=1 1x, https:\/\/i0.wp.com\/lasprimeras.com.do\/wp-content\/uploads\/2024\/09\/tiroteo.jpg?resize=525%2C300&ssl=1 1.5x, https:\/\/i0.wp.com\/lasprimeras.com.do\/wp-content\/uploads\/2024\/09\/tiroteo.jpg?resize=700%2C400&ssl=1 2x"},"classes":[]},{"id":85110,"url":"https:\/\/lasprimeras.com.do\/index.php\/2024\/06\/22\/al-menos-39-personas-murieron-en-ataques-israelies-en-el-norte-de-gaza-dicen-las-autoridades\/","url_meta":{"origin":92483,"position":5},"title":"Al menos 39 personas murieron en ataques israel\u00edes en el norte de Gaza, dicen las autoridades","author":"Nelson Feliz","date":"22 de junio de 2024","format":false,"excerpt":"POR JACK JEFFERY Y WAFAA SHURAFA DEIR AL-BALAH, Franja de Gaza (AP) \u2014 Al menos 39 personas murieron el s\u00e1bado por ataques israel\u00edes en el norte de Gaza, mientras los trabajadores de rescate se apresuraban a encontrar sobrevivientes bajo los escombros, seg\u00fan funcionarios palestinos y hospitalarios. Fadel Naem, director del\u2026","rel":"","context":"En \u00abSin categor\u00eda\u00bb","block_context":{"text":"Sin categor\u00eda","link":"https:\/\/lasprimeras.com.do\/index.php\/category\/sin-categoria\/"},"img":{"alt_text":"","src":"https:\/\/i0.wp.com\/lasprimeras.com.do\/wp-content\/uploads\/2024\/06\/muertos.jpg?resize=350%2C200&ssl=1","width":350,"height":200,"srcset":"https:\/\/i0.wp.com\/lasprimeras.com.do\/wp-content\/uploads\/2024\/06\/muertos.jpg?resize=350%2C200&ssl=1 1x, https:\/\/i0.wp.com\/lasprimeras.com.do\/wp-content\/uploads\/2024\/06\/muertos.jpg?resize=525%2C300&ssl=1 1.5x, https:\/\/i0.wp.com\/lasprimeras.com.do\/wp-content\/uploads\/2024\/06\/muertos.jpg?resize=700%2C400&ssl=1 2x"},"classes":[]}],"jetpack_sharing_enabled":true,"_links":{"self":[{"href":"https:\/\/lasprimeras.com.do\/index.php\/wp-json\/wp\/v2\/posts\/92483","targetHints":{"allow":["GET"]}}],"collection":[{"href":"https:\/\/lasprimeras.com.do\/index.php\/wp-json\/wp\/v2\/posts"}],"about":[{"href":"https:\/\/lasprimeras.com.do\/index.php\/wp-json\/wp\/v2\/types\/post"}],"author":[{"embeddable":true,"href":"https:\/\/lasprimeras.com.do\/index.php\/wp-json\/wp\/v2\/users\/2"}],"replies":[{"embeddable":true,"href":"https:\/\/lasprimeras.com.do\/index.php\/wp-json\/wp\/v2\/comments?post=92483"}],"version-history":[{"count":1,"href":"https:\/\/lasprimeras.com.do\/index.php\/wp-json\/wp\/v2\/posts\/92483\/revisions"}],"predecessor-version":[{"id":92485,"href":"https:\/\/lasprimeras.com.do\/index.php\/wp-json\/wp\/v2\/posts\/92483\/revisions\/92485"}],"wp:featuredmedia":[{"embeddable":true,"href":"https:\/\/lasprimeras.com.do\/index.php\/wp-json\/wp\/v2\/media\/92484"}],"wp:attachment":[{"href":"https:\/\/lasprimeras.com.do\/index.php\/wp-json\/wp\/v2\/media?parent=92483"}],"wp:term":[{"taxonomy":"category","embeddable":true,"href":"https:\/\/lasprimeras.com.do\/index.php\/wp-json\/wp\/v2\/categories?post=92483"},{"taxonomy":"post_tag","embeddable":true,"href":"https:\/\/lasprimeras.com.do\/index.php\/wp-json\/wp\/v2\/tags?post=92483"}],"curies":[{"name":"wp","href":"https:\/\/api.w.org\/{rel}","templated":true}]}}