{"id":92489,"date":"2025-01-05T10:07:03","date_gmt":"2025-01-05T14:07:03","guid":{"rendered":"https:\/\/lasprimeras.com.do\/?p=92489"},"modified":"2025-01-05T10:07:05","modified_gmt":"2025-01-05T14:07:05","slug":"lider-de-hezbollah-fue-asesinado-en-la-sala-de-operaciones-belicas-dice-asistente","status":"publish","type":"post","link":"https:\/\/lasprimeras.com.do\/index.php\/2025\/01\/05\/lider-de-hezbollah-fue-asesinado-en-la-sala-de-operaciones-belicas-dice-asistente\/","title":{"rendered":"L\u00edder de Hezbollah fue asesinado en la sala de operaciones b\u00e9licas, dice asistente"},"content":{"rendered":"\n<p>By KAREEM CHEHAYEB<\/p>\n\n\n\n<p>BEIRUT (AP) \u2014 El l\u00edder de Hezbollah Has\u00e1n Nasrala fue asesinado en un ataque a\u00e9reo israel\u00ed el a\u00f1o pasado mientras se encontraba dentro de la sala de operaciones de guerra del grupo militante, seg\u00fan nuevos detalles revelados el domingo por un alto oficial de Hezbollah.<\/p>\n\n\n\n<p>Una serie de ataques a\u00e9reos israel\u00edes destruyeron varios edificios en los suburbios del sur de Beirut el 27 de septiembre de 2023, matando a Nasrala. El Ministerio de Salud liban\u00e9s indic\u00f3 que seis personas fallecieron. Seg\u00fan informes de noticias, Nasrala y otros altos funcionarios estaban reunidos bajo tierra.<\/p>\n\n\n\n<p>El asesinato de Nasrala, quien hab\u00eda liderado Hezbollah durante 32 a\u00f1os, transform\u00f3 meses de ataques de bajo nivel entre Israel y los militantes en una guerra total que devast\u00f3 gran parte del sur y este del L\u00edbano durante dos meses hasta que un alto al fuego mediado por Estados Unidos entr\u00f3 en vigor el 27 de noviembre.<\/p>\n\n\n\n<p>Nasrala \u201csol\u00eda liderar la batalla y la guerra desde esta ubicaci\u00f3n\u201d, dijo el alto oficial de seguridad de Hezbollah, Wafiq Safa, en una conferencia de prensa el domingo cerca del lugar donde Nasrallah fue asesinado. Afirm\u00f3 que Nasrala muri\u00f3 en la sala de operaciones de guerra. No ofreci\u00f3 otros detalles.<\/p>\n\n\n\n<p>Los medios libaneses hab\u00edan informado que Safa fue objetivo de ataques a\u00e9reos israel\u00edes en el centro de Beirut antes del alto al fuego, pero apareci\u00f3 ileso.<\/p>\n\n\n\n<p>Durante la primera fase del alto al fuego, se supone que Hezbollah debe mover a sus combatientes, armas e infraestructura desde el sur del L\u00edbano al norte del r\u00edo Litani, mientras que las tropas israel\u00edes que invadieron el sur del L\u00edbano deben retirarse todas dentro de 60 d\u00edas.<\/p>\n\n\n\n<p>Los soldados del ej\u00e9rcito liban\u00e9s deben desplegarse en gran n\u00famero y junto a los cascos azules de las Naciones Unidas ser la \u00fanica presencia armada en el sur del L\u00edbano.<\/p>\n\n\n\n<p>L\u00edbano y Hezbollah han criticado los continuos ataques y sobrevuelos israel\u00edes en todo el pa\u00eds y por retirarse solo de dos de las docenas de aldeas libanesas que controla.<\/p>\n\n\n\n<p>Israel dice que el ej\u00e9rcito liban\u00e9s no ha hecho su parte en el desmantelamiento de la infraestructura de Hezbollah.<\/p>\n\n\n\n<p>El actual l\u00edder de Hezbollah, Naim Kassem, en un discurso televisado el s\u00e1bado, advirti\u00f3 que sus combatientes podr\u00edan atacar a Israel si las tropas israel\u00edes no abandonan el sur para fin de mes.<\/p>\n\n\n\n<p>Safa dijo que el presidente del Parlamento, Nabih Berri, quien negoci\u00f3 el acuerdo de alto al fuego con Washington, le dijo a Hezbollah que el gobierno se reunir\u00e1 pronto con el enviado estadounidense Amos Hochstein. \u201cY a la luz de lo que suceda, entonces habr\u00e1 una posici\u00f3n\u201d, dijo Safa.<\/p>\n\n\n\n<p>Hochstein hab\u00eda liderado los esfuerzos de diplomacia de ida y vuelta para alcanzar la fr\u00e1gil tregua.<\/p>\n","protected":false},"excerpt":{"rendered":"<p>By KAREEM CHEHAYEB BEIRUT (AP) \u2014 El l\u00edder de Hezbollah Has\u00e1n Nasrala fue asesinado en un ataque a\u00e9reo israel\u00ed el a\u00f1o pasado mientras se encontraba dentro de la sala de&hellip;<\/p>\n","protected":false},"author":2,"featured_media":92490,"comment_status":"open","ping_status":"open","sticky":false,"template":"","format":"standard","meta":{"content-type":"","jetpack_post_was_ever_published":false,"_jetpack_newsletter_access":"","_jetpack_dont_email_post_to_subs":false,"_jetpack_newsletter_tier_id":0,"_jetpack_memberships_contains_paywalled_content":false,"_jetpack_memberships_contains_paid_content":false,"footnotes":""},"categories":[16289],"tags":[4103,14355,2129,16859],"class_list":["post-92489","post","type-post","status-publish","format-standard","has-post-thumbnail","hentry","category-internacionales","tag-asesinado","tag-hezbollah","tag-lider","tag-operaciones-belicas"],"jetpack_featured_media_url":"https:\/\/lasprimeras.com.do\/wp-content\/uploads\/2025\/01\/muerto.jpg","jetpack-related-posts":[{"id":86683,"url":"https:\/\/lasprimeras.com.do\/index.php\/2024\/07\/30\/israel-perpetra-ataque-en-beirut-que-segun-dice-mato-a-un-comandante-de-hezbollah\/","url_meta":{"origin":92489,"position":0},"title":"Israel perpetra ataque en Beirut que, seg\u00fan dice, mat\u00f3 a un comandante de Hezbollah","author":"Nelson Feliz","date":"30 de julio de 2024","format":false,"excerpt":"By BASSEM MROUE and TIA GOLDENBERG BEIRUT (AP) \u2014 Israel llev\u00f3 a cabo el martes un atentado en Beirut que, seg\u00fan inform\u00f3, caus\u00f3 la muerte de un comandante de Hezbollah que presuntamente estuvo detr\u00e1s de un ataque con cohetes perpetrado el fin de semana que dej\u00f3 a 12 j\u00f3venes sin\u2026","rel":"","context":"En \u00abSin categor\u00eda\u00bb","block_context":{"text":"Sin categor\u00eda","link":"https:\/\/lasprimeras.com.do\/index.php\/category\/sin-categoria\/"},"img":{"alt_text":"","src":"https:\/\/i0.wp.com\/lasprimeras.com.do\/wp-content\/uploads\/2024\/07\/ATAQUE-1.png?resize=350%2C200&ssl=1","width":350,"height":200,"srcset":"https:\/\/i0.wp.com\/lasprimeras.com.do\/wp-content\/uploads\/2024\/07\/ATAQUE-1.png?resize=350%2C200&ssl=1 1x, https:\/\/i0.wp.com\/lasprimeras.com.do\/wp-content\/uploads\/2024\/07\/ATAQUE-1.png?resize=525%2C300&ssl=1 1.5x, https:\/\/i0.wp.com\/lasprimeras.com.do\/wp-content\/uploads\/2024\/07\/ATAQUE-1.png?resize=700%2C400&ssl=1 2x"},"classes":[]},{"id":96264,"url":"https:\/\/lasprimeras.com.do\/index.php\/2025\/03\/28\/israel-ataca-beirut-por-1ra-vez-desde-el-alto-el-fuego-que-puso-fin-a-la-ultima-guerra-con-hezbollah\/","url_meta":{"origin":92489,"position":1},"title":"Israel ataca Beirut por 1ra vez desde el alto el fuego que puso fin a la \u00faltima guerra con Hezbollah","author":"Nelson Feliz","date":"28 de marzo de 2025","format":false,"excerpt":"BEIRUT (AP) \u2014 Israel lanz\u00f3 un ataque sobre Beirut por primera vez desde que un alto el fuego puso fin a la guerra m\u00e1s reciente entre Israel y Hezbollah en noviembre. Reporteros de The Associated Press en la capital libanesa escucharon un fuerte estruendo y vieron humo elev\u00e1ndose desde el\u2026","rel":"","context":"En \u00abINTERNACIONALES\u00bb","block_context":{"text":"INTERNACIONALES","link":"https:\/\/lasprimeras.com.do\/index.php\/category\/sin-categoria\/internacionales\/"},"img":{"alt_text":"","src":"https:\/\/i0.wp.com\/lasprimeras.com.do\/wp-content\/uploads\/2025\/03\/israel-ataca-beirut-por-1ra-vez-desde-el-alto-el-fuego-que-puso-fin-a-la-ultima-guerra-con-hezbollah.webp?resize=350%2C200&ssl=1","width":350,"height":200,"srcset":"https:\/\/i0.wp.com\/lasprimeras.com.do\/wp-content\/uploads\/2025\/03\/israel-ataca-beirut-por-1ra-vez-desde-el-alto-el-fuego-que-puso-fin-a-la-ultima-guerra-con-hezbollah.webp?resize=350%2C200&ssl=1 1x, https:\/\/i0.wp.com\/lasprimeras.com.do\/wp-content\/uploads\/2025\/03\/israel-ataca-beirut-por-1ra-vez-desde-el-alto-el-fuego-que-puso-fin-a-la-ultima-guerra-con-hezbollah.webp?resize=525%2C300&ssl=1 1.5x"},"classes":[]},{"id":89593,"url":"https:\/\/lasprimeras.com.do\/index.php\/2024\/09\/29\/biden-considera-que-el-ataque-israeli-donde-murio-al-dirigente-de-hezbollah-fue-medida-de-justicia\/","url_meta":{"origin":92489,"position":2},"title":"Biden considera que el ataque israel\u00ed d\u00f3nde muri\u00f3 al dirigente de Hezbollah fue \u201cmedida de justicia\u201d","author":"Nelson Feliz","date":"29 de septiembre de 2024","format":false,"excerpt":"AAMER MADHANI y MATTHEW LEE REHOBOTH BEACH, Delaware, EE.UU. (AP) \u2014 El ataque israel\u00ed que mat\u00f3 a Hassan Nasrallah, dirigente del grupo pol\u00edtico-paramilitar Hezbollah, fue una \u201cmedida de justicia\u201d para las v\u00edctimas por su \u201creinado de terror\u201d de cuatro d\u00e9cadas, se\u00f1al\u00f3 el s\u00e1bado el presidente estadounidense Joe Biden. Los comentarios\u2026","rel":"","context":"En \u00abSin categor\u00eda\u00bb","block_context":{"text":"Sin categor\u00eda","link":"https:\/\/lasprimeras.com.do\/index.php\/category\/sin-categoria\/"},"img":{"alt_text":"Joe Biden","src":"https:\/\/i0.wp.com\/lasprimeras.com.do\/wp-content\/uploads\/2024\/09\/Joe-Biden.jpg?resize=350%2C200&ssl=1","width":350,"height":200,"srcset":"https:\/\/i0.wp.com\/lasprimeras.com.do\/wp-content\/uploads\/2024\/09\/Joe-Biden.jpg?resize=350%2C200&ssl=1 1x, https:\/\/i0.wp.com\/lasprimeras.com.do\/wp-content\/uploads\/2024\/09\/Joe-Biden.jpg?resize=525%2C300&ssl=1 1.5x, https:\/\/i0.wp.com\/lasprimeras.com.do\/wp-content\/uploads\/2024\/09\/Joe-Biden.jpg?resize=700%2C400&ssl=1 2x"},"classes":[]},{"id":127210,"url":"https:\/\/lasprimeras.com.do\/index.php\/2026\/04\/09\/israel-bombardea-beirut-y-mata-a-182-personas-alega-que-tregua-con-iran-no-es-valida-para-libano\/","url_meta":{"origin":92489,"position":3},"title":"Israel bombardea Beirut y mata a 182 personas; alega que tregua con Ir\u00e1n no es v\u00e1lida para L\u00edbano","author":"Nelson Feliz","date":"9 de abril de 2026","format":false,"excerpt":"POR KAREEM CHEHAYEB and ABBY SEWELL BEIRUT (AP) \u2014 Israel bombarde\u00f3 el mi\u00e9rcoles varias zonas densamente pobladas en el centro de Beirut, horas despu\u00e9s de que se anunciara un alto al fuego en la guerra entre Estados Unidos e Israel con Ir\u00e1n. El L\u00edbano dijo que al menos 182 personas\u2026","rel":"","context":"En \u00abINTERNACIONALES\u00bb","block_context":{"text":"INTERNACIONALES","link":"https:\/\/lasprimeras.com.do\/index.php\/category\/sin-categoria\/internacionales\/"},"img":{"alt_text":"","src":"https:\/\/i0.wp.com\/lasprimeras.com.do\/wp-content\/uploads\/2026\/04\/bombardeos.jpg?resize=350%2C200&ssl=1","width":350,"height":200,"srcset":"https:\/\/i0.wp.com\/lasprimeras.com.do\/wp-content\/uploads\/2026\/04\/bombardeos.jpg?resize=350%2C200&ssl=1 1x, https:\/\/i0.wp.com\/lasprimeras.com.do\/wp-content\/uploads\/2026\/04\/bombardeos.jpg?resize=525%2C300&ssl=1 1.5x, https:\/\/i0.wp.com\/lasprimeras.com.do\/wp-content\/uploads\/2026\/04\/bombardeos.jpg?resize=700%2C400&ssl=1 2x"},"classes":[]},{"id":86575,"url":"https:\/\/lasprimeras.com.do\/index.php\/2024\/07\/28\/un-ataque-desde-libano-mata-a-12-jovenes\/","url_meta":{"origin":92489,"position":4},"title":"Un ataque desde L\u00edbano mata a 12 j\u00f3venes","author":"Nelson Feliz","date":"28 de julio de 2024","format":false,"excerpt":"\u00bfPuede esa chispa iniciar una guerra Israel-Hezbollah? BY MELANIE LIDMAN AND SAMY MAGDY TEL AVIV, Israel (AP) \u2014 Oriente Medio se preparaba el domingo para una posible escalada en la violencia despu\u00e9s de que las autoridades israel\u00edes dijeran que un cohete procedente de L\u00edbano hab\u00eda golpeado un campo de f\u00fatbol\u2026","rel":"","context":"En \u00abSin categor\u00eda\u00bb","block_context":{"text":"Sin categor\u00eda","link":"https:\/\/lasprimeras.com.do\/index.php\/category\/sin-categoria\/"},"img":{"alt_text":"","src":"https:\/\/i0.wp.com\/lasprimeras.com.do\/wp-content\/uploads\/2024\/07\/Guerra.png?resize=350%2C200&ssl=1","width":350,"height":200,"srcset":"https:\/\/i0.wp.com\/lasprimeras.com.do\/wp-content\/uploads\/2024\/07\/Guerra.png?resize=350%2C200&ssl=1 1x, https:\/\/i0.wp.com\/lasprimeras.com.do\/wp-content\/uploads\/2024\/07\/Guerra.png?resize=525%2C300&ssl=1 1.5x, https:\/\/i0.wp.com\/lasprimeras.com.do\/wp-content\/uploads\/2024\/07\/Guerra.png?resize=700%2C400&ssl=1 2x"},"classes":[]},{"id":64753,"url":"https:\/\/lasprimeras.com.do\/index.php\/2023\/10\/23\/israel-ataca-gaza-despues-de-permitir-la-entrada-de-otro-pequeno-convoy-de-ayuda-al-enclave-asediado\/","url_meta":{"origin":92489,"position":5},"title":"Israel ataca Gaza despu\u00e9s de permitir la entrada de otro peque\u00f1o convoy de ayuda al enclave asediado","author":"Nelson Feliz","date":"23 de octubre de 2023","format":false,"excerpt":"POR WAFAA SHURAFA, SAMY MAGDY Y JOSEPH KRAUSS DEIR AL-BALAH, Franja de Gaza (AP) \u2014 Aviones de combate israel\u00edes atacaron objetivos en toda Gaza el lunes, incluso en \u00e1reas donde a los civiles palestinos se les ha dicho que busquen refugio, despu\u00e9s de que se permiti\u00f3 la entrada de otro\u2026","rel":"","context":"En \u00abSin categor\u00eda\u00bb","block_context":{"text":"Sin categor\u00eda","link":"https:\/\/lasprimeras.com.do\/index.php\/category\/sin-categoria\/"},"img":{"alt_text":"bombarde\u00f3","src":"https:\/\/i0.wp.com\/lasprimeras.com.do\/wp-content\/uploads\/2023\/10\/ataques.jpg?resize=350%2C200&ssl=1","width":350,"height":200,"srcset":"https:\/\/i0.wp.com\/lasprimeras.com.do\/wp-content\/uploads\/2023\/10\/ataques.jpg?resize=350%2C200&ssl=1 1x, https:\/\/i0.wp.com\/lasprimeras.com.do\/wp-content\/uploads\/2023\/10\/ataques.jpg?resize=525%2C300&ssl=1 1.5x"},"classes":[]}],"jetpack_sharing_enabled":true,"_links":{"self":[{"href":"https:\/\/lasprimeras.com.do\/index.php\/wp-json\/wp\/v2\/posts\/92489","targetHints":{"allow":["GET"]}}],"collection":[{"href":"https:\/\/lasprimeras.com.do\/index.php\/wp-json\/wp\/v2\/posts"}],"about":[{"href":"https:\/\/lasprimeras.com.do\/index.php\/wp-json\/wp\/v2\/types\/post"}],"author":[{"embeddable":true,"href":"https:\/\/lasprimeras.com.do\/index.php\/wp-json\/wp\/v2\/users\/2"}],"replies":[{"embeddable":true,"href":"https:\/\/lasprimeras.com.do\/index.php\/wp-json\/wp\/v2\/comments?post=92489"}],"version-history":[{"count":1,"href":"https:\/\/lasprimeras.com.do\/index.php\/wp-json\/wp\/v2\/posts\/92489\/revisions"}],"predecessor-version":[{"id":92491,"href":"https:\/\/lasprimeras.com.do\/index.php\/wp-json\/wp\/v2\/posts\/92489\/revisions\/92491"}],"wp:featuredmedia":[{"embeddable":true,"href":"https:\/\/lasprimeras.com.do\/index.php\/wp-json\/wp\/v2\/media\/92490"}],"wp:attachment":[{"href":"https:\/\/lasprimeras.com.do\/index.php\/wp-json\/wp\/v2\/media?parent=92489"}],"wp:term":[{"taxonomy":"category","embeddable":true,"href":"https:\/\/lasprimeras.com.do\/index.php\/wp-json\/wp\/v2\/categories?post=92489"},{"taxonomy":"post_tag","embeddable":true,"href":"https:\/\/lasprimeras.com.do\/index.php\/wp-json\/wp\/v2\/tags?post=92489"}],"curies":[{"name":"wp","href":"https:\/\/api.w.org\/{rel}","templated":true}]}}