{"id":92492,"date":"2025-01-05T10:26:26","date_gmt":"2025-01-05T14:26:26","guid":{"rendered":"https:\/\/lasprimeras.com.do\/?p=92492"},"modified":"2025-01-05T10:26:30","modified_gmt":"2025-01-05T14:26:30","slug":"partido-popular-austriaco-nombra-a-christian-stocker-lider-interino-tras-renuncia-de-nehammer","status":"publish","type":"post","link":"https:\/\/lasprimeras.com.do\/index.php\/2025\/01\/05\/partido-popular-austriaco-nombra-a-christian-stocker-lider-interino-tras-renuncia-de-nehammer\/","title":{"rendered":"Partido Popular Austr\u00edaco nombra a Christian Stocker l\u00edder interino tras renuncia de Nehammer"},"content":{"rendered":"\n<p>By STEPHANIE LIECHTENSTEIN<\/p>\n\n\n\n<p>VIENA (AP) \u2014 El Partido Popular austr\u00edaco nomin\u00f3 el domingo a su secretario general, Christian Stocker, como l\u00edder interino tras la esperada renuncia del canciller Karl Nehammer, inform\u00f3 la agencia de noticias austriaca APA.<\/p>\n\n\n\n<p>Nehammer anunci\u00f3 el s\u00e1bado que renunciar\u00eda en los pr\u00f3ximos d\u00edas despu\u00e9s de que las conversaciones de coalici\u00f3n con los Socialdem\u00f3cratas se derrumbaran.<\/p>\n\n\n\n<p>Stocker, abogado y miembro del Parlamento Austriaco, ha servido como secretario general del Partido Popular desde 2022. Es visto como un comunicador de crisis experimentado y tranquilo que ha aparecido frecuentemente en los medios austriacos para defender decisiones controvertidas.<\/p>\n\n\n\n<p>Protegido por fuerzas especiales de la polic\u00eda, Nehammer camin\u00f3 por la plaza desde la Canciller\u00eda hacia la oficina del presidente en Viena.<\/p>\n\n\n\n<p>\u201cLo que es importante para m\u00ed es que se pueda continuar el camino de la estabilidad y el centro\u201d, dijo.<\/p>\n\n\n\n<p>Nehammer, de 52 a\u00f1os, se convirti\u00f3 en canciller y l\u00edder del partido conservador en 2021, despu\u00e9s de que su predecesor Sebastian Kurz se viera obligado a renunciar tras acusaciones de corrupci\u00f3n.<\/p>\n\n\n\n<p>En abril de 2022, Nehammer se convirti\u00f3 en el primer l\u00edder europeo en visitar Mosc\u00fa y reunirse con el presidente ruso Vladimir Putin desde la invasi\u00f3n de Ucrania en febrero de ese a\u00f1o.<\/p>\n\n\n\n<p>Antes de ir a Mosc\u00fa, tambi\u00e9n se reuni\u00f3 con el presidente ucraniano Volodymyr Zelenskyy en Kiev.<\/p>\n\n\n\n<p>El presidente de Austria, Alexander Van der Bellen, har\u00e1 una declaraci\u00f3n p\u00fablica para anunciar los pr\u00f3ximos pasos una vez que la reuni\u00f3n con Nehammer haya concluido.<\/p>\n\n\n\n<p>Austria cay\u00f3 en turbulencia pol\u00edtica el viernes luego que el partido liberal NEOS abandon\u00f3 las negociaciones con los Socialdem\u00f3cratas y el Partido Popular para formar coalici\u00f3n.<\/p>\n\n\n\n<p>El s\u00e1bado los otros dos partidos, con una m\u00ednima mayor\u00eda en el Parlamento, hicieron otro intento de formar gobierno, pero eso fracas\u00f3 en pocas horas.<\/p>\n\n\n\n<p>Los negociadores dijeron que no pudieron ponerse de acuerdo en cuanto a c\u00f3mo reducir el d\u00e9ficit presupuestario.<\/p>\n","protected":false},"excerpt":{"rendered":"<p>By STEPHANIE LIECHTENSTEIN VIENA (AP) \u2014 El Partido Popular austr\u00edaco nomin\u00f3 el domingo a su secretario general, Christian Stocker, como l\u00edder interino tras la esperada renuncia del canciller Karl Nehammer,&hellip;<\/p>\n","protected":false},"author":2,"featured_media":92493,"comment_status":"open","ping_status":"open","sticky":false,"template":"","format":"standard","meta":{"content-type":"","jetpack_post_was_ever_published":false,"_jetpack_newsletter_access":"","_jetpack_dont_email_post_to_subs":false,"_jetpack_newsletter_tier_id":0,"_jetpack_memberships_contains_paywalled_content":false,"_jetpack_memberships_contains_paid_content":false,"footnotes":""},"categories":[16289],"tags":[16861,16862,16860],"class_list":["post-92492","post","type-post","status-publish","format-standard","has-post-thumbnail","hentry","category-internacionales","tag-christian-stocker","tag-lider-interino","tag-partido-popular-austriaco"],"jetpack_featured_media_url":"https:\/\/lasprimeras.com.do\/wp-content\/uploads\/2025\/01\/Christian-Stocker.jpg","jetpack-related-posts":[{"id":94597,"url":"https:\/\/lasprimeras.com.do\/index.php\/2025\/03\/03\/el-nuevo-gobierno-de-austria-asume-el-cargo-tras-cinco-meses-de-negociaciones\/","url_meta":{"origin":92492,"position":0},"title":"El nuevo gobierno de Austria asume el cargo tras cinco meses de negociaciones","author":"Nelson Feliz","date":"3 de marzo de 2025","format":false,"excerpt":"POR STEPHANIE LIECHTENSTEIN and GEIR MOULSON VIENA (AP) \u2014 El nuevo gobierno de Austria asumi\u00f3 el cargo el lunes, y Christian Stocker tom\u00f3 el mando como canciller al frente de una coalici\u00f3n de tres partidos tras una espera de cinco meses para formar un nuevo ejecutivo. El nuevo gobierno tendr\u00e1\u2026","rel":"","context":"En \u00abINTERNACIONALES\u00bb","block_context":{"text":"INTERNACIONALES","link":"https:\/\/lasprimeras.com.do\/index.php\/category\/sin-categoria\/internacionales\/"},"img":{"alt_text":"","src":"https:\/\/i0.wp.com\/lasprimeras.com.do\/wp-content\/uploads\/2025\/03\/Christian-Stocker.png?resize=350%2C200&ssl=1","width":350,"height":200,"srcset":"https:\/\/i0.wp.com\/lasprimeras.com.do\/wp-content\/uploads\/2025\/03\/Christian-Stocker.png?resize=350%2C200&ssl=1 1x, https:\/\/i0.wp.com\/lasprimeras.com.do\/wp-content\/uploads\/2025\/03\/Christian-Stocker.png?resize=525%2C300&ssl=1 1.5x, https:\/\/i0.wp.com\/lasprimeras.com.do\/wp-content\/uploads\/2025\/03\/Christian-Stocker.png?resize=700%2C400&ssl=1 2x"},"classes":[]},{"id":100670,"url":"https:\/\/lasprimeras.com.do\/index.php\/2025\/06\/10\/al-menos-9-muertos-en-un-tiroteo-en-una-escuela-en-la-ciudad-austriaca-de-graz\/","url_meta":{"origin":92492,"position":1},"title":"Al menos 9 muertos en un tiroteo en una escuela en la ciudad austriaca de Graz","author":"Nelson Feliz","date":"10 de junio de 2025","format":false,"excerpt":"VIENA (AP) \u2014 Al menos nueve personas fueron asesinadas el martes en un tiroteo en una escuela en la ciudad austriaca de Graz, seg\u00fan las autoridades. El presunto tirador tambi\u00e9n falleci\u00f3. La polic\u00eda dijo creer que el agresor actu\u00f3 solo. Diez personas murieron, incluido el tirador, y \u201cvarias\u201d estaban gravemente\u2026","rel":"","context":"En \u00abINTERNACIONALES\u00bb","block_context":{"text":"INTERNACIONALES","link":"https:\/\/lasprimeras.com.do\/index.php\/category\/sin-categoria\/internacionales\/"},"img":{"alt_text":"","src":"https:\/\/i0.wp.com\/lasprimeras.com.do\/wp-content\/uploads\/2025\/06\/tiroteo.jpg?resize=350%2C200&ssl=1","width":350,"height":200,"srcset":"https:\/\/i0.wp.com\/lasprimeras.com.do\/wp-content\/uploads\/2025\/06\/tiroteo.jpg?resize=350%2C200&ssl=1 1x, https:\/\/i0.wp.com\/lasprimeras.com.do\/wp-content\/uploads\/2025\/06\/tiroteo.jpg?resize=525%2C300&ssl=1 1.5x, https:\/\/i0.wp.com\/lasprimeras.com.do\/wp-content\/uploads\/2025\/06\/tiroteo.jpg?resize=700%2C400&ssl=1 2x"},"classes":[]},{"id":87181,"url":"https:\/\/lasprimeras.com.do\/index.php\/2024\/08\/08\/sospechosos-frustran-ataque-a-los-conciertos-de-taylor-swift\/","url_meta":{"origin":92492,"position":2},"title":"Sospechosos frustran ataque a los conciertos de Taylor Swift","author":"Nelson Feliz","date":"8 de agosto de 2024","format":false,"excerpt":"Por PHILIPP-MORITZ JENNE, STEFANIE DAZIO y KIRSTEN GRIESHABER VIENA (AP) \u2014 Los dos sospechosos de un frustrado intento de ataque a los conciertos de Taylor Swift en Viena parec\u00edan estar inspirados por el grupo Estado Isl\u00e1mico y Al Qaeda, dijeron el jueves las autoridades austriacas, y los investigadores encontraron materiales\u2026","rel":"","context":"En \u00abENTRETENIMIENTO\u00bb","block_context":{"text":"ENTRETENIMIENTO","link":"https:\/\/lasprimeras.com.do\/index.php\/category\/entretenimiento\/"},"img":{"alt_text":"Taylor Swift","src":"https:\/\/i0.wp.com\/lasprimeras.com.do\/wp-content\/uploads\/2024\/08\/Taylor-Swift.jpg?resize=350%2C200&ssl=1","width":350,"height":200,"srcset":"https:\/\/i0.wp.com\/lasprimeras.com.do\/wp-content\/uploads\/2024\/08\/Taylor-Swift.jpg?resize=350%2C200&ssl=1 1x, https:\/\/i0.wp.com\/lasprimeras.com.do\/wp-content\/uploads\/2024\/08\/Taylor-Swift.jpg?resize=525%2C300&ssl=1 1.5x, https:\/\/i0.wp.com\/lasprimeras.com.do\/wp-content\/uploads\/2024\/08\/Taylor-Swift.jpg?resize=700%2C400&ssl=1 2x"},"classes":[]},{"id":73043,"url":"https:\/\/lasprimeras.com.do\/index.php\/2024\/01\/05\/red-bull-ira-en-2024-por-el-total-control-formula-uno\/","url_meta":{"origin":92492,"position":3},"title":"Red Bull ir\u00e1 en 2024 por el total control F\u00f3rmula Uno","author":"BIMARY DE JES\u00daS Matos","date":"5 de enero de 2024","format":false,"excerpt":"Par\u00eds, Francia.-La F1 vive uno de sus mejores momentos en cuanto a popularidad, gracias a la ampliaci\u00f3n del mercado, as\u00ed como al alcance de la serie Drive to Survive y la emocionante conclusi\u00f3n de la temporada 2021, cuando Max Verstappen (Red Bull) arrebat\u00f3 el t\u00edtulo a Lewis Hamilton (Mercedes) en\u2026","rel":"","context":"En \u00abSin categor\u00eda\u00bb","block_context":{"text":"Sin categor\u00eda","link":"https:\/\/lasprimeras.com.do\/index.php\/category\/sin-categoria\/"},"img":{"alt_text":"","src":"https:\/\/i0.wp.com\/lasprimeras.com.do\/wp-content\/uploads\/2024\/01\/Noticias-de-energia-2024-01-03T235756.173.webp?resize=350%2C200&ssl=1","width":350,"height":200,"srcset":"https:\/\/i0.wp.com\/lasprimeras.com.do\/wp-content\/uploads\/2024\/01\/Noticias-de-energia-2024-01-03T235756.173.webp?resize=350%2C200&ssl=1 1x, https:\/\/i0.wp.com\/lasprimeras.com.do\/wp-content\/uploads\/2024\/01\/Noticias-de-energia-2024-01-03T235756.173.webp?resize=525%2C300&ssl=1 1.5x"},"classes":[]},{"id":121645,"url":"https:\/\/lasprimeras.com.do\/index.php\/2026\/02\/08\/ledecka-pierde-la-oportunidad-de-lograr-un-triplete-olimpico-pero-otra-checa-se-lleva-el-oro\/","url_meta":{"origin":92492,"position":4},"title":"Ledecka pierde la oportunidad de lograr un triplete ol\u00edmpico, pero otra checa se lleva el oro","author":"Nelson Feliz","date":"8 de febrero de 2026","format":false,"excerpt":"POR EDDIE PELLS LIVIGNO, Italia (AP) \u2014 Los aficionados de la Rep\u00fablica Checa hicieron sonar cencerros y ondearon su bandera tricolor roja, blanca y azul bajo el sol despu\u00e9s de la victoria ol\u00edmpica que simplemente sab\u00edan que llegar\u00eda. Pero no de quien esperaban. Su corredora favorita Ester Ledecka, que buscaba\u2026","rel":"","context":"En \u00abDEPORTES\u00bb","block_context":{"text":"DEPORTES","link":"https:\/\/lasprimeras.com.do\/index.php\/category\/deportes\/"},"img":{"alt_text":"","src":"https:\/\/i0.wp.com\/lasprimeras.com.do\/wp-content\/uploads\/2026\/02\/Ester-Ledeska.webp?resize=350%2C200&ssl=1","width":350,"height":200,"srcset":"https:\/\/i0.wp.com\/lasprimeras.com.do\/wp-content\/uploads\/2026\/02\/Ester-Ledeska.webp?resize=350%2C200&ssl=1 1x, https:\/\/i0.wp.com\/lasprimeras.com.do\/wp-content\/uploads\/2026\/02\/Ester-Ledeska.webp?resize=525%2C300&ssl=1 1.5x, https:\/\/i0.wp.com\/lasprimeras.com.do\/wp-content\/uploads\/2026\/02\/Ester-Ledeska.webp?resize=700%2C400&ssl=1 2x"},"classes":[]},{"id":111518,"url":"https:\/\/lasprimeras.com.do\/index.php\/2025\/10\/10\/lider-del-congreso-jose-jeri-asume-como-presidente-interino-del-peru-tras-destitucion-de-boluarte\/","url_meta":{"origin":92492,"position":5},"title":"L\u00edder del Congreso, Jos\u00e9 Jer\u00ed, asume como presidente interino del Per\u00fa tras destituci\u00f3n de Boluarte","author":"Nelson Feliz","date":"10 de octubre de 2025","format":false,"excerpt":"POR FRANKLIN BRICE\u00d1O LIMA (AP) \u2014 El l\u00edder del Congreso peruano, Jos\u00e9 Jer\u00ed, jurament\u00f3 la madrugada del viernes como el presidente interino de Per\u00fa luego que el Legislativo destituy\u00f3 por \u201cpermanente incapacidad moral\u201d a la mandataria impopular Dina Boluarte en medio de una crisis impulsada por el alza de la\u2026","rel":"","context":"En \u00abINTERNACIONALES\u00bb","block_context":{"text":"INTERNACIONALES","link":"https:\/\/lasprimeras.com.do\/index.php\/category\/sin-categoria\/internacionales\/"},"img":{"alt_text":"","src":"https:\/\/i0.wp.com\/lasprimeras.com.do\/wp-content\/uploads\/2025\/10\/Jose-Jeri.jpg?resize=350%2C200&ssl=1","width":350,"height":200,"srcset":"https:\/\/i0.wp.com\/lasprimeras.com.do\/wp-content\/uploads\/2025\/10\/Jose-Jeri.jpg?resize=350%2C200&ssl=1 1x, https:\/\/i0.wp.com\/lasprimeras.com.do\/wp-content\/uploads\/2025\/10\/Jose-Jeri.jpg?resize=525%2C300&ssl=1 1.5x, https:\/\/i0.wp.com\/lasprimeras.com.do\/wp-content\/uploads\/2025\/10\/Jose-Jeri.jpg?resize=700%2C400&ssl=1 2x"},"classes":[]}],"jetpack_sharing_enabled":true,"_links":{"self":[{"href":"https:\/\/lasprimeras.com.do\/index.php\/wp-json\/wp\/v2\/posts\/92492","targetHints":{"allow":["GET"]}}],"collection":[{"href":"https:\/\/lasprimeras.com.do\/index.php\/wp-json\/wp\/v2\/posts"}],"about":[{"href":"https:\/\/lasprimeras.com.do\/index.php\/wp-json\/wp\/v2\/types\/post"}],"author":[{"embeddable":true,"href":"https:\/\/lasprimeras.com.do\/index.php\/wp-json\/wp\/v2\/users\/2"}],"replies":[{"embeddable":true,"href":"https:\/\/lasprimeras.com.do\/index.php\/wp-json\/wp\/v2\/comments?post=92492"}],"version-history":[{"count":2,"href":"https:\/\/lasprimeras.com.do\/index.php\/wp-json\/wp\/v2\/posts\/92492\/revisions"}],"predecessor-version":[{"id":92495,"href":"https:\/\/lasprimeras.com.do\/index.php\/wp-json\/wp\/v2\/posts\/92492\/revisions\/92495"}],"wp:featuredmedia":[{"embeddable":true,"href":"https:\/\/lasprimeras.com.do\/index.php\/wp-json\/wp\/v2\/media\/92493"}],"wp:attachment":[{"href":"https:\/\/lasprimeras.com.do\/index.php\/wp-json\/wp\/v2\/media?parent=92492"}],"wp:term":[{"taxonomy":"category","embeddable":true,"href":"https:\/\/lasprimeras.com.do\/index.php\/wp-json\/wp\/v2\/categories?post=92492"},{"taxonomy":"post_tag","embeddable":true,"href":"https:\/\/lasprimeras.com.do\/index.php\/wp-json\/wp\/v2\/tags?post=92492"}],"curies":[{"name":"wp","href":"https:\/\/api.w.org\/{rel}","templated":true}]}}