{"id":92517,"date":"2025-01-05T21:27:12","date_gmt":"2025-01-06T01:27:12","guid":{"rendered":"https:\/\/lasprimeras.com.do\/?p=92517"},"modified":"2025-01-05T21:27:12","modified_gmt":"2025-01-06T01:27:12","slug":"johnny-pujols-exhorta-a-miembros-y-dirigentes-a-defender-derechos-del-pueblo","status":"publish","type":"post","link":"https:\/\/lasprimeras.com.do\/index.php\/2025\/01\/05\/johnny-pujols-exhorta-a-miembros-y-dirigentes-a-defender-derechos-del-pueblo\/","title":{"rendered":"Johnny Pujols exhorta a miembros y dirigentes a defender derechos del pueblo"},"content":{"rendered":"\n<p>El Secretario General del Partido de la Liberaci\u00f3n Dominicana (PLD), Johnny Pujols, enumer\u00f3 los retos y compromisos de la organizaci\u00f3n pol\u00edtica, invit\u00f3 a dirigentes y miembros a trabajar en las comunidades llevando el mensaje de esperanza que demanda la poblaci\u00f3n en los actuales momentos de muchas limitaciones.<\/p>\n\n\n\n<p>La exhortaci\u00f3n de Pujols a sus compa\u00f1eros y compa\u00f1eras de Partido se hizo en el marco de un encuentro de confraternidad pelede\u00edsta celebrado en Constanza, La Vega, con la presencia de la representaci\u00f3n de las direcciones provincial, municipal de Constanza y otros municipios veganos.<\/p>\n\n\n\n<p>\u201cAl enumerar los retos y desaf\u00edos que tenemos por delante, el compa\u00f1ero Johnny Pujols nos exhort\u00f3 a visitar a los compa\u00f1eros y compa\u00f1eras, a los amigos y relacionados y trabajar por el fortalecimiento partidario\u201d, explic\u00f3 Rafael Torres, Presidente del PLD en Constanza.<\/p>\n\n\n\n<p>El encuentro de inicio de a\u00f1o fue organizado por la Direcci\u00f3n Municipal del PLD en Constanza y realizado bajo la coordinaci\u00f3n Jos\u00e9 Ram\u00f3n Suriel, miembro del Comit\u00e9 Central.<\/p>\n\n\n\n<p>A Johnny Pujols, le acompa\u00f1aron en la mesa principal Bol\u00edvar Marte, Presidente Provincial, Rafael Torres, Presidente Municipal en Constanza, Hidalgo D\u00edaz, Vicepresidente Provincial, Ambiorix S\u00e1nchez, Yanki Suriel , Jos\u00e9 Alexander Suero, estos \u00faltimos miembros del Comit\u00e9 Central, as\u00ed como Janet Mart\u00ednez, Presidente Municipal de Tireo, Jabelo G\u00f3mez, Presidente Municipal de Jima, tambi\u00e9n Adriano S\u00e1nchez Roa, Secretario Asuntos Agropecuarios y Geovanny Arias, Subsecretario Asuntos Agropecuarios, invitados.<\/p>\n\n\n\n<p>En el encuentro los participantes denunciaron el mal estado de la carretera, la falta de medicamentos e insumos en el hospital de Constanza y los problemas de los productores de all\u00ed entre ellos los de papa, que se quejan de las importaciones masivas y las deudas de los productores de ajo.<\/p>\n\n\n\n<p>\u201cEn el d\u00eda de hoy tuvimos un importante encuentro fraternal para compartir con algunos miembros de nuestro Partido en Constanza, con presidentes de comit\u00e9 de Bases y de intermedios, para fortalecer los lazos de Hermandad Pelede\u00edsta\u201d, explic\u00f3 Rafael Torres.<\/p>\n\n\n\n<p>A nombre de la direcci\u00f3n municipal Torres dijo sentirse agradecido con la distinci\u00f3n de la visita del Secretario General y su mensaje de motivaci\u00f3n para salir a defender los derechos del Pueblo y mantenerse trabajando activamente por el fortalecimiento de nuestro Partido.<\/p>\n","protected":false},"excerpt":{"rendered":"<p>El Secretario General del Partido de la Liberaci\u00f3n Dominicana (PLD), Johnny Pujols, enumer\u00f3 los retos y compromisos de la organizaci\u00f3n pol\u00edtica, invit\u00f3 a dirigentes y miembros a trabajar en las&hellip;<\/p>\n","protected":false},"author":2,"featured_media":92518,"comment_status":"open","ping_status":"open","sticky":false,"template":"","format":"standard","meta":{"content-type":"","jetpack_post_was_ever_published":false,"_jetpack_newsletter_access":"","_jetpack_dont_email_post_to_subs":false,"_jetpack_newsletter_tier_id":0,"_jetpack_memberships_contains_paywalled_content":false,"_jetpack_memberships_contains_paid_content":false,"footnotes":""},"categories":[16559,25],"tags":[13519,154,983,4341,475,1379],"class_list":["post-92517","post","type-post","status-publish","format-standard","has-post-thumbnail","hentry","category-politica","category-portada","tag-defender","tag-derechos","tag-dirigentes","tag-johnny-pujols","tag-miembros","tag-pueblo"],"jetpack_featured_media_url":"https:\/\/lasprimeras.com.do\/wp-content\/uploads\/2025\/01\/Jp-constanza-2.jpg","jetpack-related-posts":[{"id":85825,"url":"https:\/\/lasprimeras.com.do\/index.php\/2024\/07\/09\/johnny-pujols-recibe-apoyo-de-alto-dirigente\/","url_meta":{"origin":92517,"position":0},"title":"Johnny Pujols recibe apoyo de alto dirigente","author":"Nelson Feliz","date":"9 de julio de 2024","format":false,"excerpt":"Llama a la Transformaci\u00f3n y Fortalecimiento del PLD El candidato a la secretar\u00eda general del PLD, Johnny Pujols, ha expresado su profunda gratitud al dirigente Dilen Montero por su apoyo y compromiso, destacando que este es un momento crucial para el Partido de la Liberaci\u00f3n Dominicana (PLD). \"Gracias, Dilen, por\u2026","rel":"","context":"En \u00abSin categor\u00eda\u00bb","block_context":{"text":"Sin categor\u00eda","link":"https:\/\/lasprimeras.com.do\/index.php\/category\/sin-categoria\/"},"img":{"alt_text":"","src":"https:\/\/i0.wp.com\/lasprimeras.com.do\/wp-content\/uploads\/2024\/07\/Johnny-Pujols.jpg?resize=350%2C200&ssl=1","width":350,"height":200,"srcset":"https:\/\/i0.wp.com\/lasprimeras.com.do\/wp-content\/uploads\/2024\/07\/Johnny-Pujols.jpg?resize=350%2C200&ssl=1 1x, https:\/\/i0.wp.com\/lasprimeras.com.do\/wp-content\/uploads\/2024\/07\/Johnny-Pujols.jpg?resize=525%2C300&ssl=1 1.5x, https:\/\/i0.wp.com\/lasprimeras.com.do\/wp-content\/uploads\/2024\/07\/Johnny-Pujols.jpg?resize=700%2C400&ssl=1 2x"},"classes":[]},{"id":105314,"url":"https:\/\/lasprimeras.com.do\/index.php\/2025\/08\/01\/johnny-pujols-valida-su-membresia-de-la-linea-organizativa-y-electoral\/","url_meta":{"origin":92517,"position":1},"title":"Johnny Pujols valida su membres\u00eda de la L\u00ednea Organizativa y Electoral","author":"Nelson Feliz","date":"1 de agosto de 2025","format":false,"excerpt":"Sec. Gral. del PLD, Johnny Pujols, motiva a miembros y dirigentes del PLD a validar su membres\u00eda en la actual fase de Implementaci\u00f3n de la L\u00ednea Organizativa y Electoral. El secretario general del Partido de la Liberaci\u00f3n Dominicana (PLD), Johnny Pujols, exhort\u00f3 a la membres\u00eda de la organizaci\u00f3n pol\u00edtica a\u2026","rel":"","context":"En \u00abPOLITICA\u00bb","block_context":{"text":"POLITICA","link":"https:\/\/lasprimeras.com.do\/index.php\/category\/politica\/"},"img":{"alt_text":"","src":"https:\/\/i0.wp.com\/lasprimeras.com.do\/wp-content\/uploads\/2025\/08\/Johnny-Pujols.jpg?resize=350%2C200&ssl=1","width":350,"height":200,"srcset":"https:\/\/i0.wp.com\/lasprimeras.com.do\/wp-content\/uploads\/2025\/08\/Johnny-Pujols.jpg?resize=350%2C200&ssl=1 1x, https:\/\/i0.wp.com\/lasprimeras.com.do\/wp-content\/uploads\/2025\/08\/Johnny-Pujols.jpg?resize=525%2C300&ssl=1 1.5x, https:\/\/i0.wp.com\/lasprimeras.com.do\/wp-content\/uploads\/2025\/08\/Johnny-Pujols.jpg?resize=700%2C400&ssl=1 2x"},"classes":[]},{"id":101138,"url":"https:\/\/lasprimeras.com.do\/index.php\/2025\/06\/16\/johnny-pujols-califica-de-fallido-al-gobierno-del-prm-y-llama-a-fortalecer-la-unidad-del-pld\/","url_meta":{"origin":92517,"position":2},"title":"Johnny Pujols califica de fallido al gobierno del PRM y llama a fortalecer la unidad del PLD","author":"Nelson Feliz","date":"16 de junio de 2025","format":false,"excerpt":"El secretario general del Partido de la Liberaci\u00f3n Dominicana (PLD), Johnny Pujols, calific\u00f3 de \u201cfallido\u201d al actual gobierno del Partido Revolucionario Moderno (PRM), al considerar que ha permitido el deterioro de sectores clave como la educaci\u00f3n, la agropecuaria y el sistema el\u00e9ctrico, entre otros. \u201cEl dominicano cada d\u00eda vive peor\u2026","rel":"","context":"En \u00abPOLITICA\u00bb","block_context":{"text":"POLITICA","link":"https:\/\/lasprimeras.com.do\/index.php\/category\/politica\/"},"img":{"alt_text":"","src":"https:\/\/i0.wp.com\/lasprimeras.com.do\/wp-content\/uploads\/2025\/06\/Johnny-Pujols-2.jpg?resize=350%2C200&ssl=1","width":350,"height":200,"srcset":"https:\/\/i0.wp.com\/lasprimeras.com.do\/wp-content\/uploads\/2025\/06\/Johnny-Pujols-2.jpg?resize=350%2C200&ssl=1 1x, https:\/\/i0.wp.com\/lasprimeras.com.do\/wp-content\/uploads\/2025\/06\/Johnny-Pujols-2.jpg?resize=525%2C300&ssl=1 1.5x, https:\/\/i0.wp.com\/lasprimeras.com.do\/wp-content\/uploads\/2025\/06\/Johnny-Pujols-2.jpg?resize=700%2C400&ssl=1 2x"},"classes":[]},{"id":90511,"url":"https:\/\/lasprimeras.com.do\/index.php\/2024\/10\/22\/johnny-pujols-inscribe-candidatura-a-secretaria-general-pld\/","url_meta":{"origin":92517,"position":3},"title":"Johnny Pujols inscribe candidatura a Secretar\u00eda General PLD","author":"Nelson Feliz","date":"22 de octubre de 2024","format":false,"excerpt":"El miembro del Comit\u00e9 Pol\u00edtico del Partido de la Liberaci\u00f3n Dominicana (PLD), Johnny Pujols, inscribi\u00f3 oficialmente su candidatura a la Secretar\u00eda General de esa organizaci\u00f3n, acompa\u00f1ado de decenas de dirigentes pol\u00edticos, entre ellos, miembros de los comit\u00e9s Pol\u00edtico y Central. \u201cEsta candidatura consolida las ideas, las propuestas de miles de\u2026","rel":"","context":"En \u00abPORTADA\u00bb","block_context":{"text":"PORTADA","link":"https:\/\/lasprimeras.com.do\/index.php\/category\/portada\/"},"img":{"alt_text":"Johnny Pujols","src":"https:\/\/i0.wp.com\/lasprimeras.com.do\/wp-content\/uploads\/2024\/02\/Johnny-Pujols.jpg?resize=350%2C200&ssl=1","width":350,"height":200,"srcset":"https:\/\/i0.wp.com\/lasprimeras.com.do\/wp-content\/uploads\/2024\/02\/Johnny-Pujols.jpg?resize=350%2C200&ssl=1 1x, https:\/\/i0.wp.com\/lasprimeras.com.do\/wp-content\/uploads\/2024\/02\/Johnny-Pujols.jpg?resize=525%2C300&ssl=1 1.5x"},"classes":[]},{"id":100142,"url":"https:\/\/lasprimeras.com.do\/index.php\/2025\/06\/02\/johnny-pujols-destaca-en-barahona-que-el-pld-sigue-fortaleciendose-para-defender-al-pueblo\/","url_meta":{"origin":92517,"position":4},"title":"Johnny Pujols destaca en Barahona que el PLD sigue fortaleci\u00e9ndose para defender al pueblo","author":"Nelson Feliz","date":"2 de junio de 2025","format":false,"excerpt":"El secretario general del Partido de la Liberaci\u00f3n Dominicana (PLD), Johnny Pujols, asegur\u00f3 que esa organizaci\u00f3n pol\u00edtica se encuentra en un proceso activo de reorganizaci\u00f3n para fortalecer su presencia territorial y prepararse con miras a las elecciones del 2028. Durante una rueda de prensa realizada en la provincia Barahona, como\u2026","rel":"","context":"En \u00abPOLITICA\u00bb","block_context":{"text":"POLITICA","link":"https:\/\/lasprimeras.com.do\/index.php\/category\/politica\/"},"img":{"alt_text":"","src":"https:\/\/i0.wp.com\/lasprimeras.com.do\/wp-content\/uploads\/2025\/06\/Johnny-Pujols.jpg?resize=350%2C200&ssl=1","width":350,"height":200,"srcset":"https:\/\/i0.wp.com\/lasprimeras.com.do\/wp-content\/uploads\/2025\/06\/Johnny-Pujols.jpg?resize=350%2C200&ssl=1 1x, https:\/\/i0.wp.com\/lasprimeras.com.do\/wp-content\/uploads\/2025\/06\/Johnny-Pujols.jpg?resize=525%2C300&ssl=1 1.5x, https:\/\/i0.wp.com\/lasprimeras.com.do\/wp-content\/uploads\/2025\/06\/Johnny-Pujols.jpg?resize=700%2C400&ssl=1 2x"},"classes":[]},{"id":111049,"url":"https:\/\/lasprimeras.com.do\/index.php\/2025\/10\/03\/johnny-pujols-supervision-de-implementacion-de-linea-organizativa-del-pld-en-sdn\/","url_meta":{"origin":92517,"position":5},"title":"Johnny Pujols: Supervisi\u00f3n de Implementaci\u00f3n de L\u00ednea Organizativa del PLD en SDN","author":"Nelson Feliz","date":"3 de octubre de 2025","format":false,"excerpt":"Pujols encabezar\u00e1 reuniones y encuentros este s\u00e1bado en el municipio Santo Domingo Norte. El secretario general del Partido de la Liberaci\u00f3n Dominicana (PLD), Johnny Pujols, agotar\u00e1 este s\u00e1bado una jornada de evaluaci\u00f3n de la implementaci\u00f3n de la L\u00ednea Organizativa y Electoral (LOE) en la Circunscripci\u00f3n Electoral Seis (6) de la\u2026","rel":"","context":"En \u00abPOLITICA\u00bb","block_context":{"text":"POLITICA","link":"https:\/\/lasprimeras.com.do\/index.php\/category\/politica\/"},"img":{"alt_text":"","src":"https:\/\/i0.wp.com\/lasprimeras.com.do\/wp-content\/uploads\/2025\/10\/Johnny-Pujols.jpg?resize=350%2C200&ssl=1","width":350,"height":200,"srcset":"https:\/\/i0.wp.com\/lasprimeras.com.do\/wp-content\/uploads\/2025\/10\/Johnny-Pujols.jpg?resize=350%2C200&ssl=1 1x, https:\/\/i0.wp.com\/lasprimeras.com.do\/wp-content\/uploads\/2025\/10\/Johnny-Pujols.jpg?resize=525%2C300&ssl=1 1.5x, https:\/\/i0.wp.com\/lasprimeras.com.do\/wp-content\/uploads\/2025\/10\/Johnny-Pujols.jpg?resize=700%2C400&ssl=1 2x"},"classes":[]}],"jetpack_sharing_enabled":true,"_links":{"self":[{"href":"https:\/\/lasprimeras.com.do\/index.php\/wp-json\/wp\/v2\/posts\/92517","targetHints":{"allow":["GET"]}}],"collection":[{"href":"https:\/\/lasprimeras.com.do\/index.php\/wp-json\/wp\/v2\/posts"}],"about":[{"href":"https:\/\/lasprimeras.com.do\/index.php\/wp-json\/wp\/v2\/types\/post"}],"author":[{"embeddable":true,"href":"https:\/\/lasprimeras.com.do\/index.php\/wp-json\/wp\/v2\/users\/2"}],"replies":[{"embeddable":true,"href":"https:\/\/lasprimeras.com.do\/index.php\/wp-json\/wp\/v2\/comments?post=92517"}],"version-history":[{"count":1,"href":"https:\/\/lasprimeras.com.do\/index.php\/wp-json\/wp\/v2\/posts\/92517\/revisions"}],"predecessor-version":[{"id":92519,"href":"https:\/\/lasprimeras.com.do\/index.php\/wp-json\/wp\/v2\/posts\/92517\/revisions\/92519"}],"wp:featuredmedia":[{"embeddable":true,"href":"https:\/\/lasprimeras.com.do\/index.php\/wp-json\/wp\/v2\/media\/92518"}],"wp:attachment":[{"href":"https:\/\/lasprimeras.com.do\/index.php\/wp-json\/wp\/v2\/media?parent=92517"}],"wp:term":[{"taxonomy":"category","embeddable":true,"href":"https:\/\/lasprimeras.com.do\/index.php\/wp-json\/wp\/v2\/categories?post=92517"},{"taxonomy":"post_tag","embeddable":true,"href":"https:\/\/lasprimeras.com.do\/index.php\/wp-json\/wp\/v2\/tags?post=92517"}],"curies":[{"name":"wp","href":"https:\/\/api.w.org\/{rel}","templated":true}]}}