{"id":92520,"date":"2025-01-05T21:36:33","date_gmt":"2025-01-06T01:36:33","guid":{"rendered":"https:\/\/lasprimeras.com.do\/?p=92520"},"modified":"2025-01-05T21:36:34","modified_gmt":"2025-01-06T01:36:34","slug":"eleccion-de-titulares-de-secretarias-del-pld-es-mandato-de-su-congreso","status":"publish","type":"post","link":"https:\/\/lasprimeras.com.do\/index.php\/2025\/01\/05\/eleccion-de-titulares-de-secretarias-del-pld-es-mandato-de-su-congreso\/","title":{"rendered":"Elecci\u00f3n de titulares de secretar\u00edas del PLD es mandato de su Congreso"},"content":{"rendered":"\n<p>La integrante del Comit\u00e9 Pol\u00edtico del Partido de la Liberaci\u00f3n Dominicana (PLD), Cristina Lizardo, quien viene de coordinar la Comisi\u00f3n Organizadora del X Congreso Ordinario Reinaldo Pared P\u00e9rez, ser\u00e1 la responsable de la coordinaci\u00f3n de la elecci\u00f3n de las y los titulares de las diferentes secretar\u00edas de la organizaci\u00f3n pol\u00edtica.<\/p>\n\n\n\n<p>As\u00ed lo dio a conocer Johhny Pujols, Secretario General, mediante circular dirigida a los miembros del Comit\u00e9 Central, dirigentes con la facultad de escoger quienes presidir\u00e1n los diferentes \u00f3rganos de trabajo del PLD.<\/p>\n\n\n\n<p>En la reuni\u00f3n del Comit\u00e9 Pol\u00edtico del pasado 19 de diciembre se decidi\u00f3 convocar al Comit\u00e9 Central para el 9 de febrero 2025, con el prop\u00f3sito de elegir los titulares de las secretar\u00edas que integran los secretariados Org\u00e1nicos, de Pol\u00edticas P\u00fablicas y de Relaci\u00f3n Partido Sociedad, dando continuidad as\u00ed a un mandato del pasado Congreso Ordinario.<\/p>\n\n\n\n<p>\u201cLa elecci\u00f3n de los titulares de secretar\u00edas se deriva de los mandatos del X Congreso Ordinario Reinaldo Pared P\u00e9rez, por lo que la comisi\u00f3n responsable de su organizaci\u00f3n y administraci\u00f3n estar\u00e1 coordinada por la compa\u00f1era Cristina Lizardo M\u00e9zquita\u201d, se explica en la circular difundida por intermedio de la Secretar\u00eda de Enlaces y Comunicaci\u00f3n Interna.<\/p>\n\n\n\n<p>Los d\u00edas de la temporada navide\u00f1a fueron aprovechados para adelantar las propuestas del Reglamento e instructivos que guiar\u00e1n la elecci\u00f3n de las y los titulares de Secretar\u00edas del PLD.<\/p>\n","protected":false},"excerpt":{"rendered":"<p>La integrante del Comit\u00e9 Pol\u00edtico del Partido de la Liberaci\u00f3n Dominicana (PLD), Cristina Lizardo, quien viene de coordinar la Comisi\u00f3n Organizadora del X Congreso Ordinario Reinaldo Pared P\u00e9rez, ser\u00e1 la&hellip;<\/p>\n","protected":false},"author":2,"featured_media":92521,"comment_status":"open","ping_status":"open","sticky":false,"template":"","format":"standard","meta":{"content-type":"","jetpack_post_was_ever_published":false,"_jetpack_newsletter_access":"","_jetpack_dont_email_post_to_subs":false,"_jetpack_newsletter_tier_id":0,"_jetpack_memberships_contains_paywalled_content":false,"_jetpack_memberships_contains_paid_content":false,"footnotes":""},"categories":[16559],"tags":[530,4846,4499,11541,269,16875,15339],"class_list":["post-92520","post","type-post","status-publish","format-standard","has-post-thumbnail","hentry","category-politica","tag-congreso","tag-cristina-lizardo","tag-eleccion","tag-mandato","tag-pld","tag-secretarias","tag-titulares"],"jetpack_featured_media_url":"https:\/\/lasprimeras.com.do\/wp-content\/uploads\/2025\/01\/Cristina-Lizardo.jpg","jetpack-related-posts":[{"id":93460,"url":"https:\/\/lasprimeras.com.do\/index.php\/2025\/02\/09\/pld-escoge-titulares-de-las-diferentes-secretarias-de-la-organizacion\/","url_meta":{"origin":92520,"position":0},"title":"PLD escoge titulares de las diferentes secretar\u00edas de la organizaci\u00f3n","author":"Nelson Feliz","date":"9 de febrero de 2025","format":false,"excerpt":"De manera democr\u00e1tica y libre, como lo adelantara el ex presidente Danilo Medina, Presidente del PLD, el Partido de la Liberaci\u00f3n Dominicana escogi\u00f3 las y los titulares de sus secretar\u00edas, que son sus \u00f3rganos de trabajo. Justo a las 2.25 de la tarde de este domingo, Medina tom\u00f3 el juramento\u2026","rel":"","context":"En \u00abPOLITICA\u00bb","block_context":{"text":"POLITICA","link":"https:\/\/lasprimeras.com.do\/index.php\/category\/politica\/"},"img":{"alt_text":"","src":"https:\/\/i0.wp.com\/lasprimeras.com.do\/wp-content\/uploads\/2025\/02\/PLD-2.jpg?resize=350%2C200&ssl=1","width":350,"height":200,"srcset":"https:\/\/i0.wp.com\/lasprimeras.com.do\/wp-content\/uploads\/2025\/02\/PLD-2.jpg?resize=350%2C200&ssl=1 1x, https:\/\/i0.wp.com\/lasprimeras.com.do\/wp-content\/uploads\/2025\/02\/PLD-2.jpg?resize=525%2C300&ssl=1 1.5x"},"classes":[]},{"id":92940,"url":"https:\/\/lasprimeras.com.do\/index.php\/2025\/01\/19\/pld-cierra-plazo-para-registro-de-aspirantes-a-presidir-secretarias\/","url_meta":{"origin":92520,"position":1},"title":"PLD cierra plazo para registro de aspirantes a presidir secretar\u00edas","author":"Nelson Feliz","date":"19 de enero de 2025","format":false,"excerpt":"Alejandrina Germ\u00e1n: \u201cReuni\u00f3n del Comit\u00e9 Central del 9 de febrero es oportunidad para exhibir fortaleza y firmeza del PLD\u201d. La integrante de la Comisi\u00f3n Organizadora para la Elecci\u00f3n de las y los Titulares de Secretar\u00edas del Partido de la Liberaci\u00f3n Dominicana (PLD), Alejandrina Germ\u00e1n, inform\u00f3 que la reuni\u00f3n del Comit\u00e9\u2026","rel":"","context":"En \u00abPOLITICA\u00bb","block_context":{"text":"POLITICA","link":"https:\/\/lasprimeras.com.do\/index.php\/category\/politica\/"},"img":{"alt_text":"Alejandrina Germ\u00e1n","src":"https:\/\/i0.wp.com\/lasprimeras.com.do\/wp-content\/uploads\/2025\/01\/Alejandrina-German.jpg?resize=350%2C200&ssl=1","width":350,"height":200,"srcset":"https:\/\/i0.wp.com\/lasprimeras.com.do\/wp-content\/uploads\/2025\/01\/Alejandrina-German.jpg?resize=350%2C200&ssl=1 1x, https:\/\/i0.wp.com\/lasprimeras.com.do\/wp-content\/uploads\/2025\/01\/Alejandrina-German.jpg?resize=525%2C300&ssl=1 1.5x, https:\/\/i0.wp.com\/lasprimeras.com.do\/wp-content\/uploads\/2025\/01\/Alejandrina-German.jpg?resize=700%2C400&ssl=1 2x"},"classes":[]},{"id":93361,"url":"https:\/\/lasprimeras.com.do\/index.php\/2025\/02\/07\/1629-miembros-conforman-la-matricula-del-comite-central-del-pld\/","url_meta":{"origin":92520,"position":2},"title":"1629 miembros conforman la matr\u00edcula del Comit\u00e9 Central del PLD","author":"Nelson Feliz","date":"7 de febrero de 2025","format":false,"excerpt":"Comisi\u00f3n para elecci\u00f3n de las y los titulares de secretar\u00edas del PLD en sesi\u00f3n permanente con miras a la reuni\u00f3n del Comit\u00e9 Central el pr\u00f3ximo domingo. La Comisi\u00f3n Organizadora del Proceso de Elecci\u00f3n de las y los Titulares de Secretar\u00edas del Partido de la Liberaci\u00f3n Dominicana (PLD), en sesi\u00f3n permanente,\u2026","rel":"","context":"En \u00abPOLITICA\u00bb","block_context":{"text":"POLITICA","link":"https:\/\/lasprimeras.com.do\/index.php\/category\/politica\/"},"img":{"alt_text":"","src":"https:\/\/i0.wp.com\/lasprimeras.com.do\/wp-content\/uploads\/2025\/02\/PLD-1.jpg?resize=350%2C200&ssl=1","width":350,"height":200,"srcset":"https:\/\/i0.wp.com\/lasprimeras.com.do\/wp-content\/uploads\/2025\/02\/PLD-1.jpg?resize=350%2C200&ssl=1 1x, https:\/\/i0.wp.com\/lasprimeras.com.do\/wp-content\/uploads\/2025\/02\/PLD-1.jpg?resize=525%2C300&ssl=1 1.5x"},"classes":[]},{"id":93457,"url":"https:\/\/lasprimeras.com.do\/index.php\/2025\/02\/09\/danilo-medina-juramenta-nuevos-titulares-de-secretarias-del-pld\/","url_meta":{"origin":92520,"position":3},"title":"Danilo Medina juramenta nuevos titulares de secretar\u00edas del PLD","author":"Nelson Feliz","date":"9 de febrero de 2025","format":false,"excerpt":"Danilo Medina destaca el esfuerzo y la dedicaci\u00f3n de todos los participantes en la reuni\u00f3n del Comit\u00e9 Central y las y los titulares de secretar\u00edas que compitieron en un ambiente de respeto y armon\u00eda. El presidente del Partido de la Liberaci\u00f3n Dominicana jurament\u00f3 hoy a los titulares de las secretar\u00edas\u2026","rel":"","context":"En \u00abPOLITICA\u00bb","block_context":{"text":"POLITICA","link":"https:\/\/lasprimeras.com.do\/index.php\/category\/politica\/"},"img":{"alt_text":"Danilo Medina","src":"https:\/\/i0.wp.com\/lasprimeras.com.do\/wp-content\/uploads\/2025\/02\/juramentacion-titulares-8.jpg?resize=350%2C200&ssl=1","width":350,"height":200,"srcset":"https:\/\/i0.wp.com\/lasprimeras.com.do\/wp-content\/uploads\/2025\/02\/juramentacion-titulares-8.jpg?resize=350%2C200&ssl=1 1x, https:\/\/i0.wp.com\/lasprimeras.com.do\/wp-content\/uploads\/2025\/02\/juramentacion-titulares-8.jpg?resize=525%2C300&ssl=1 1.5x, https:\/\/i0.wp.com\/lasprimeras.com.do\/wp-content\/uploads\/2025\/02\/juramentacion-titulares-8.jpg?resize=700%2C400&ssl=1 2x"},"classes":[]},{"id":83898,"url":"https:\/\/lasprimeras.com.do\/index.php\/2024\/05\/27\/apertura-del-x-congreso-del-pld-sera-el-30-de-junio\/","url_meta":{"origin":92520,"position":4},"title":"Apertura del X Congreso del PLD ser\u00e1 el 30 de junio","author":"Nelson Feliz","date":"27 de mayo de 2024","format":false,"excerpt":"El Comit\u00e9 Pol\u00edtico del PLD adelanta la convocatoria del X Congreso Ordinario para el mes de junio. Convoca al Comit\u00e9 Central para el 9 de junio. El Comit\u00e9 Pol\u00edtico del Partido de la Liberaci\u00f3n Dominicana decidi\u00f3 adelantar la celebraci\u00f3n de su congreso ordinario, el n\u00famero diez de esos eventos, para\u2026","rel":"","context":"En \u00abPORTADA\u00bb","block_context":{"text":"PORTADA","link":"https:\/\/lasprimeras.com.do\/index.php\/category\/portada\/"},"img":{"alt_text":"Apertura del X Congreso del PLD ser\u00e1 el 30 de junio","src":"https:\/\/i0.wp.com\/lasprimeras.com.do\/wp-content\/uploads\/2024\/05\/Apertura-del-X-Congreso-del-PLD-sera-el-30-de-junio.jpeg?resize=350%2C200&ssl=1","width":350,"height":200,"srcset":"https:\/\/i0.wp.com\/lasprimeras.com.do\/wp-content\/uploads\/2024\/05\/Apertura-del-X-Congreso-del-PLD-sera-el-30-de-junio.jpeg?resize=350%2C200&ssl=1 1x, https:\/\/i0.wp.com\/lasprimeras.com.do\/wp-content\/uploads\/2024\/05\/Apertura-del-X-Congreso-del-PLD-sera-el-30-de-junio.jpeg?resize=525%2C300&ssl=1 1.5x, https:\/\/i0.wp.com\/lasprimeras.com.do\/wp-content\/uploads\/2024\/05\/Apertura-del-X-Congreso-del-PLD-sera-el-30-de-junio.jpeg?resize=700%2C400&ssl=1 2x"},"classes":[]},{"id":90701,"url":"https:\/\/lasprimeras.com.do\/index.php\/2024\/10\/27\/pld-inicia-eleccion-de-su-presidente-secretario-y-miembros-de-su-comite-politico\/","url_meta":{"origin":92520,"position":5},"title":"PLD inicia elecci\u00f3n de su presidente, secretario y miembros de su Comit\u00e9 Pol\u00edtico","author":"Nelson Feliz","date":"27 de octubre de 2024","format":false,"excerpt":"Presente m\u00e1s del 90% de los miembros del CC El proceso de elecci\u00f3n de la presidencia, secretar\u00eda general y los miembros del Comit\u00e9 Pol\u00edtico del Partido de la Liberaci\u00f3n Dominicana se desarrolla con la asistencia de m\u00e1s de un 90 por ciento de los 1,400 miembros del Comit\u00e9 Central. Para\u2026","rel":"","context":"En \u00abPORTADA\u00bb","block_context":{"text":"PORTADA","link":"https:\/\/lasprimeras.com.do\/index.php\/category\/portada\/"},"img":{"alt_text":"Danilo Medina","src":"https:\/\/i0.wp.com\/lasprimeras.com.do\/wp-content\/uploads\/2024\/10\/Danilo-Medina.jpg?resize=350%2C200&ssl=1","width":350,"height":200,"srcset":"https:\/\/i0.wp.com\/lasprimeras.com.do\/wp-content\/uploads\/2024\/10\/Danilo-Medina.jpg?resize=350%2C200&ssl=1 1x, https:\/\/i0.wp.com\/lasprimeras.com.do\/wp-content\/uploads\/2024\/10\/Danilo-Medina.jpg?resize=525%2C300&ssl=1 1.5x, https:\/\/i0.wp.com\/lasprimeras.com.do\/wp-content\/uploads\/2024\/10\/Danilo-Medina.jpg?resize=700%2C400&ssl=1 2x"},"classes":[]}],"jetpack_sharing_enabled":true,"_links":{"self":[{"href":"https:\/\/lasprimeras.com.do\/index.php\/wp-json\/wp\/v2\/posts\/92520","targetHints":{"allow":["GET"]}}],"collection":[{"href":"https:\/\/lasprimeras.com.do\/index.php\/wp-json\/wp\/v2\/posts"}],"about":[{"href":"https:\/\/lasprimeras.com.do\/index.php\/wp-json\/wp\/v2\/types\/post"}],"author":[{"embeddable":true,"href":"https:\/\/lasprimeras.com.do\/index.php\/wp-json\/wp\/v2\/users\/2"}],"replies":[{"embeddable":true,"href":"https:\/\/lasprimeras.com.do\/index.php\/wp-json\/wp\/v2\/comments?post=92520"}],"version-history":[{"count":1,"href":"https:\/\/lasprimeras.com.do\/index.php\/wp-json\/wp\/v2\/posts\/92520\/revisions"}],"predecessor-version":[{"id":92522,"href":"https:\/\/lasprimeras.com.do\/index.php\/wp-json\/wp\/v2\/posts\/92520\/revisions\/92522"}],"wp:featuredmedia":[{"embeddable":true,"href":"https:\/\/lasprimeras.com.do\/index.php\/wp-json\/wp\/v2\/media\/92521"}],"wp:attachment":[{"href":"https:\/\/lasprimeras.com.do\/index.php\/wp-json\/wp\/v2\/media?parent=92520"}],"wp:term":[{"taxonomy":"category","embeddable":true,"href":"https:\/\/lasprimeras.com.do\/index.php\/wp-json\/wp\/v2\/categories?post=92520"},{"taxonomy":"post_tag","embeddable":true,"href":"https:\/\/lasprimeras.com.do\/index.php\/wp-json\/wp\/v2\/tags?post=92520"}],"curies":[{"name":"wp","href":"https:\/\/api.w.org\/{rel}","templated":true}]}}