{"id":92632,"date":"2025-01-09T11:08:48","date_gmt":"2025-01-09T15:08:48","guid":{"rendered":"https:\/\/lasprimeras.com.do\/?p=92632"},"modified":"2025-01-09T11:08:49","modified_gmt":"2025-01-09T15:08:49","slug":"gobierno-busca-consenso-entre-comunitarios-y-barrick-pueblo-viejo-sobre-presa-de-colas","status":"publish","type":"post","link":"https:\/\/lasprimeras.com.do\/index.php\/2025\/01\/09\/gobierno-busca-consenso-entre-comunitarios-y-barrick-pueblo-viejo-sobre-presa-de-colas\/","title":{"rendered":"Gobierno busca consenso entre comunitarios y Barrick Pueblo Viejo sobre presa de colas"},"content":{"rendered":"\n<p><strong>Joel Santos garantiz\u00f3 el equilibrio entre los derechos de las comunidades y la empresa para evitar p\u00e9rdidas en este proyecto estrat\u00e9gico.<\/strong><\/p>\n\n\n\n<p>El ministro de Energ\u00eda y Minas, Joel Santos, anunci\u00f3 la convocatoria a un di\u00e1logo entre los comunitarios y la empresa Barrick Pueblo Viejo para avanzar en los estudios geol\u00f3gicos necesarios para construir la presa de colas, asegurando una compensaci\u00f3n justa para los afectados.<\/p>\n\n\n\n<p>Santos explic\u00f3 que el proceso incluir\u00e1 al Defensor del Pueblo y representantes de la sociedad para garantizar una mediaci\u00f3n efectiva. Adem\u00e1s, aclar\u00f3 que los hechos violentos que se registraron este mi\u00e9rcoles 8 de enero no se produjeron por un desalojo, sino durante una acci\u00f3n para garantizar el libre tr\u00e1nsito de los equipos t\u00e9cnicos.<\/p>\n\n\n\n<p>El ministro destac\u00f3 la relevancia del sector minero en la estabilidad econ\u00f3mica, la generaci\u00f3n de divisas y su capacidad para impulsar el desarrollo sostenible del pa\u00eds.<\/p>\n\n\n\n<p>Finalmente, reafirm\u00f3 su compromiso con el di\u00e1logo para que el proyecto avance en beneficio del desarrollo econ\u00f3mico y social.<\/p>\n","protected":false},"excerpt":{"rendered":"<p>Joel Santos garantiz\u00f3 el equilibrio entre los derechos de las comunidades y la empresa para evitar p\u00e9rdidas en este proyecto estrat\u00e9gico. El ministro de Energ\u00eda y Minas, Joel Santos, anunci\u00f3&hellip;<\/p>\n","protected":false},"author":2,"featured_media":92634,"comment_status":"open","ping_status":"open","sticky":false,"template":"","format":"standard","meta":{"content-type":"","jetpack_post_was_ever_published":false,"_jetpack_newsletter_access":"","_jetpack_dont_email_post_to_subs":false,"_jetpack_newsletter_tier_id":0,"_jetpack_memberships_contains_paywalled_content":false,"_jetpack_memberships_contains_paid_content":false,"footnotes":""},"categories":[35],"tags":[5629,1013,3037,171,16915],"class_list":["post-92632","post","type-post","status-publish","format-standard","has-post-thumbnail","hentry","category-nacionales","tag-barrick-pueblo-viejo","tag-comunitarios","tag-consenso","tag-gobierno","tag-presa-de-colas"],"jetpack_featured_media_url":"https:\/\/lasprimeras.com.do\/wp-content\/uploads\/2025\/01\/gobierno-busca-consenso-entre-comunitarios-y-barrick-pueblo-viejo-sobre-presa-de-colas.jpg","jetpack-related-posts":[{"id":93227,"url":"https:\/\/lasprimeras.com.do\/index.php\/2025\/01\/27\/abinader-garantiza-seguridad-en-la-construccion-de-la-presa-de-colas-de-barrick-pueblo-viejo\/","url_meta":{"origin":92632,"position":0},"title":"Abinader garantiza seguridad en la construcci\u00f3n de la presa de colas de Barrick Pueblo Viejo","author":"Nelson Feliz","date":"27 de enero de 2025","format":false,"excerpt":"El presidente Luis Abinader afirm\u00f3 este lunes que se han tomado todas las medidas necesarias para garantizar que la construcci\u00f3n de la presa de colas, en la provincia S\u00e1nchez Ram\u00edrez, por parte de la empresa minera Barrick Pueblo Viejo se realice de manera segura, sin poner en riesgo la vida\u2026","rel":"","context":"En \u00abNACIONALES\u00bb","block_context":{"text":"NACIONALES","link":"https:\/\/lasprimeras.com.do\/index.php\/category\/nacionales\/"},"img":{"alt_text":"","src":"https:\/\/i0.wp.com\/lasprimeras.com.do\/wp-content\/uploads\/2024\/11\/Luis-Abinader-C-1.jpg?resize=350%2C200&ssl=1","width":350,"height":200,"srcset":"https:\/\/i0.wp.com\/lasprimeras.com.do\/wp-content\/uploads\/2024\/11\/Luis-Abinader-C-1.jpg?resize=350%2C200&ssl=1 1x, https:\/\/i0.wp.com\/lasprimeras.com.do\/wp-content\/uploads\/2024\/11\/Luis-Abinader-C-1.jpg?resize=525%2C300&ssl=1 1.5x, https:\/\/i0.wp.com\/lasprimeras.com.do\/wp-content\/uploads\/2024\/11\/Luis-Abinader-C-1.jpg?resize=700%2C400&ssl=1 2x"},"classes":[]},{"id":106443,"url":"https:\/\/lasprimeras.com.do\/index.php\/2025\/08\/15\/ministro-joel-santos-reafirma-compromiso-con-la-mineria-responsable-en-pueblo-viejo\/","url_meta":{"origin":92632,"position":1},"title":"Ministro Joel Santos reafirma compromiso con la miner\u00eda responsable en Pueblo Viejo","author":"Nelson Feliz","date":"15 de agosto de 2025","format":false,"excerpt":"El titular de Energ\u00eda y Minas junto a una delegaci\u00f3n del MEM fueron recibidos por el liderazgo de Pueblo Viejo, y el equipo t\u00e9cnico de la empresa para un recorrido por las principales \u00e1reas de la operaci\u00f3n minera. El ministro de Energ\u00eda y Minas, Joel Santos, realiz\u00f3 una visita oficial\u2026","rel":"","context":"En \u00abECONOM\u00cdA\u00bb","block_context":{"text":"ECONOM\u00cdA","link":"https:\/\/lasprimeras.com.do\/index.php\/category\/economia\/"},"img":{"alt_text":"","src":"https:\/\/i0.wp.com\/lasprimeras.com.do\/wp-content\/uploads\/2025\/08\/COMISION-MEM-Y-BPV.jpg?resize=350%2C200&ssl=1","width":350,"height":200,"srcset":"https:\/\/i0.wp.com\/lasprimeras.com.do\/wp-content\/uploads\/2025\/08\/COMISION-MEM-Y-BPV.jpg?resize=350%2C200&ssl=1 1x, https:\/\/i0.wp.com\/lasprimeras.com.do\/wp-content\/uploads\/2025\/08\/COMISION-MEM-Y-BPV.jpg?resize=525%2C300&ssl=1 1.5x, https:\/\/i0.wp.com\/lasprimeras.com.do\/wp-content\/uploads\/2025\/08\/COMISION-MEM-Y-BPV.jpg?resize=700%2C400&ssl=1 2x"},"classes":[]},{"id":92785,"url":"https:\/\/lasprimeras.com.do\/index.php\/2025\/01\/14\/gobierno-busca-solucionar-litis-agricultores-de-sanchez-ramirez-y-barrick-pueblo-viejo\/","url_meta":{"origin":92632,"position":2},"title":"Gobierno busca solucionar litis agricultores de S\u00e1nchez Ram\u00edrez y Barrick Pueblo Viejo","author":"Nelson Feliz","date":"14 de enero de 2025","format":false,"excerpt":"El senador de la provincia S\u00e1nchez Ram\u00edrez, Ricardo de los Santos, se reuni\u00f3 este lunes con representantes del gobierno, la iglesia cat\u00f3lica, y el Defensor del Pueblo para mediar en el conflicto surgido entre la empresa Barrick Pueblo Viejo y agricultores de esa provincia, por la reubicaci\u00f3n de cientos de\u2026","rel":"","context":"En \u00abNACIONALES\u00bb","block_context":{"text":"NACIONALES","link":"https:\/\/lasprimeras.com.do\/index.php\/category\/nacionales\/"},"img":{"alt_text":"","src":"https:\/\/i0.wp.com\/lasprimeras.com.do\/wp-content\/uploads\/2025\/01\/Ricardo-de-los-Santos.jpg?resize=350%2C200&ssl=1","width":350,"height":200,"srcset":"https:\/\/i0.wp.com\/lasprimeras.com.do\/wp-content\/uploads\/2025\/01\/Ricardo-de-los-Santos.jpg?resize=350%2C200&ssl=1 1x, https:\/\/i0.wp.com\/lasprimeras.com.do\/wp-content\/uploads\/2025\/01\/Ricardo-de-los-Santos.jpg?resize=525%2C300&ssl=1 1.5x, https:\/\/i0.wp.com\/lasprimeras.com.do\/wp-content\/uploads\/2025\/01\/Ricardo-de-los-Santos.jpg?resize=700%2C400&ssl=1 2x"},"classes":[]},{"id":102259,"url":"https:\/\/lasprimeras.com.do\/index.php\/2025\/07\/02\/barrick-pueblo-viejo-construye-nueva-presa-de-colas-con-maxima-seguridad-y-proteccion-ambiental\/","url_meta":{"origin":92632,"position":3},"title":"Barrick Pueblo Viejo construye nueva presa de colas con m\u00e1xima seguridad y protecci\u00f3n ambiental","author":"Nelson Feliz","date":"2 de julio de 2025","format":false,"excerpt":"La minera Barrick Pueblo Viejo avanza en la construcci\u00f3n de su nueva presa de colas bajo un dise\u00f1o aguas abajo, priorizando la seguridad estructural y el cumplimiento ambiental. El ingeniero ge\u00f3logo Osiris de Le\u00f3n explic\u00f3 en el programa Gobierno de la Ma\u00f1ana que este dise\u00f1o no responde a un criterio\u2026","rel":"","context":"En \u00abECONOM\u00cdA\u00bb","block_context":{"text":"ECONOM\u00cdA","link":"https:\/\/lasprimeras.com.do\/index.php\/category\/economia\/"},"img":{"alt_text":"","src":"https:\/\/i0.wp.com\/lasprimeras.com.do\/wp-content\/uploads\/2025\/07\/Barrick-Pueblo-Viejo-1.jpg?resize=350%2C200&ssl=1","width":350,"height":200,"srcset":"https:\/\/i0.wp.com\/lasprimeras.com.do\/wp-content\/uploads\/2025\/07\/Barrick-Pueblo-Viejo-1.jpg?resize=350%2C200&ssl=1 1x, https:\/\/i0.wp.com\/lasprimeras.com.do\/wp-content\/uploads\/2025\/07\/Barrick-Pueblo-Viejo-1.jpg?resize=525%2C300&ssl=1 1.5x, https:\/\/i0.wp.com\/lasprimeras.com.do\/wp-content\/uploads\/2025\/07\/Barrick-Pueblo-Viejo-1.jpg?resize=700%2C400&ssl=1 2x"},"classes":[]},{"id":103343,"url":"https:\/\/lasprimeras.com.do\/index.php\/2025\/07\/14\/barrick-pueblo-viejo-avanza-en-trabajos-de-manejo-de-erosion-y-control-de-sedimentos\/","url_meta":{"origin":92632,"position":4},"title":"Barrick Pueblo Viejo avanza en trabajos de manejo de erosi\u00f3n y control de sedimentos","author":"Nelson Feliz","date":"14 de julio de 2025","format":false,"excerpt":"Barrick Pueblo Viejo inform\u00f3 sobre los trabajos que realiza para el manejo adecuado de la erosi\u00f3n y el control de sedimentos en el r\u00edo Naranjo, lo cual constituye uno de los pilares fundamentales en todos los proyectos de construcci\u00f3n, particularmente en aquellos que se realizan en \u00e1reas de alta sensibilidad\u2026","rel":"","context":"En \u00abNACIONALES\u00bb","block_context":{"text":"NACIONALES","link":"https:\/\/lasprimeras.com.do\/index.php\/category\/nacionales\/"},"img":{"alt_text":"","src":"https:\/\/i0.wp.com\/lasprimeras.com.do\/wp-content\/uploads\/2025\/07\/Barrick-Pueblo-Viejo-1-1.jpg?resize=350%2C200&ssl=1","width":350,"height":200,"srcset":"https:\/\/i0.wp.com\/lasprimeras.com.do\/wp-content\/uploads\/2025\/07\/Barrick-Pueblo-Viejo-1-1.jpg?resize=350%2C200&ssl=1 1x, https:\/\/i0.wp.com\/lasprimeras.com.do\/wp-content\/uploads\/2025\/07\/Barrick-Pueblo-Viejo-1-1.jpg?resize=525%2C300&ssl=1 1.5x, https:\/\/i0.wp.com\/lasprimeras.com.do\/wp-content\/uploads\/2025\/07\/Barrick-Pueblo-Viejo-1-1.jpg?resize=700%2C400&ssl=1 2x"},"classes":[]},{"id":92686,"url":"https:\/\/lasprimeras.com.do\/index.php\/2025\/01\/10\/senador-llama-a-la-prudencia-al-conflicto-entre-barrick-y-comunidades-de-sanchez-ramirez\/","url_meta":{"origin":92632,"position":5},"title":"Senador llama a la prudencia al conflicto entre Barrick y comunidades de S\u00e1nchez Ram\u00edrez","author":"Nelson Feliz","date":"10 de enero de 2025","format":false,"excerpt":"Aspira a que las negociaciones entre las partes involucradas avancen de manera satisfactoria. El senador por la provincia de S\u00e1nchez Ram\u00edrez, Ricardo de los Santos, hizo un llamado a continuar las negociaciones entre las partes involucradas, siempre en el marco del respeto mutuo y el compromiso con la paz social,\u2026","rel":"","context":"En \u00abNACIONALES\u00bb","block_context":{"text":"NACIONALES","link":"https:\/\/lasprimeras.com.do\/index.php\/category\/nacionales\/"},"img":{"alt_text":"","src":"https:\/\/i0.wp.com\/lasprimeras.com.do\/wp-content\/uploads\/2025\/01\/ricardo.jpg?resize=350%2C200&ssl=1","width":350,"height":200,"srcset":"https:\/\/i0.wp.com\/lasprimeras.com.do\/wp-content\/uploads\/2025\/01\/ricardo.jpg?resize=350%2C200&ssl=1 1x, https:\/\/i0.wp.com\/lasprimeras.com.do\/wp-content\/uploads\/2025\/01\/ricardo.jpg?resize=525%2C300&ssl=1 1.5x, https:\/\/i0.wp.com\/lasprimeras.com.do\/wp-content\/uploads\/2025\/01\/ricardo.jpg?resize=700%2C400&ssl=1 2x"},"classes":[]}],"jetpack_sharing_enabled":true,"_links":{"self":[{"href":"https:\/\/lasprimeras.com.do\/index.php\/wp-json\/wp\/v2\/posts\/92632","targetHints":{"allow":["GET"]}}],"collection":[{"href":"https:\/\/lasprimeras.com.do\/index.php\/wp-json\/wp\/v2\/posts"}],"about":[{"href":"https:\/\/lasprimeras.com.do\/index.php\/wp-json\/wp\/v2\/types\/post"}],"author":[{"embeddable":true,"href":"https:\/\/lasprimeras.com.do\/index.php\/wp-json\/wp\/v2\/users\/2"}],"replies":[{"embeddable":true,"href":"https:\/\/lasprimeras.com.do\/index.php\/wp-json\/wp\/v2\/comments?post=92632"}],"version-history":[{"count":1,"href":"https:\/\/lasprimeras.com.do\/index.php\/wp-json\/wp\/v2\/posts\/92632\/revisions"}],"predecessor-version":[{"id":92633,"href":"https:\/\/lasprimeras.com.do\/index.php\/wp-json\/wp\/v2\/posts\/92632\/revisions\/92633"}],"wp:featuredmedia":[{"embeddable":true,"href":"https:\/\/lasprimeras.com.do\/index.php\/wp-json\/wp\/v2\/media\/92634"}],"wp:attachment":[{"href":"https:\/\/lasprimeras.com.do\/index.php\/wp-json\/wp\/v2\/media?parent=92632"}],"wp:term":[{"taxonomy":"category","embeddable":true,"href":"https:\/\/lasprimeras.com.do\/index.php\/wp-json\/wp\/v2\/categories?post=92632"},{"taxonomy":"post_tag","embeddable":true,"href":"https:\/\/lasprimeras.com.do\/index.php\/wp-json\/wp\/v2\/tags?post=92632"}],"curies":[{"name":"wp","href":"https:\/\/api.w.org\/{rel}","templated":true}]}}